{"id":1884,"date":"2025-05-05T09:07:04","date_gmt":"2025-05-05T09:07:04","guid":{"rendered":"https:\/\/voxsahel.com\/?p=1884"},"modified":"2025-05-05T09:13:59","modified_gmt":"2025-05-05T09:13:59","slug":"le-burkina-a-linvestiture-du-president-gabonais-nguema-le-pays-reste-debout-dans-le-concert-des-nations","status":"publish","type":"post","link":"https:\/\/voxsahel.com\/?p=1884","title":{"rendered":"Le Burkina \u00e0 l&rsquo;investiture du pr\u00e9sident gabonais Ngu\u00e9ma : le pays reste debout dans le concert des nations"},"content":{"rendered":"<p>La pr\u00e9sence remarqu\u00e9e du docteur Ousmane Bougouma, Pr\u00e9sident de l\u2019Assembl\u00e9e l\u00e9gislative de transition du Burkina Faso, \u00e0 la c\u00e9r\u00e9monie d\u2019investiture du pr\u00e9sident gabonais Brice Clotaire Oligui Ngu\u00e9ma, est plus qu\u2019un simple geste diplomatique. Elle constitue la preuve tangible que, malgr\u00e9 l\u2019adversit\u00e9 s\u00e9curitaire et les campagnes de discr\u00e9dit orchestr\u00e9es contre lui, le Burkina Faso reste debout, actif et respect\u00e9 sur la sc\u00e8ne internationale.<\/p>\n<p>Le message port\u00e9 par le docteur Bougouma, accompagn\u00e9 du professeur Serge Th\u00e9ophile Balima, conseiller sp\u00e9cial du Pr\u00e9sident du Faso, \u00e9tait clair : le Burkina Faso n\u2019est pas isol\u00e9. Il tend la main \u00e0 ses partenaires, affirme sa disponibilit\u00e9 \u00e0 renforcer les liens africains et incarne une diplomatie proactive, tourn\u00e9e vers l\u2019avenir.<\/p>\n<p>Le soutien exprim\u00e9 au nouveau pr\u00e9sident gabonais, au nom du capitaine Ibrahim Traor\u00e9, montre un \u00c9tat qui, malgr\u00e9 les difficult\u00e9s, continue de faire entendre sa voix avec dignit\u00e9 et conviction. Dans un monde o\u00f9 les perceptions fa\u00e7onnent la r\u00e9alit\u00e9, il est essentiel de ne pas laisser les autres \u00e9crire notre r\u00e9cit.<\/p>\n<p>La guerre que m\u00e8ne le Burkina Faso ne se limite pas au terrain militaire : elle est aussi communicationnelle, diplomatique et strat\u00e9gique. Chaque d\u00e9placement, chaque main tendue, chaque pr\u00e9sence \u00e0 un \u00e9v\u00e9nement majeur comme cette investiture participe \u00e0 redonner au pays sa place l\u00e9gitime dans le concert des nations.<\/p>\n<p>Il faut poursuivre sur cette lanc\u00e9e. Il faut multiplier les initiatives diplomatiques, affirmer haut et fort que le Burkina Faso est une nation souveraine, r\u00e9siliente et tourn\u00e9e vers un avenir de coop\u00e9ration et de paix. Ce n\u2019est qu\u2019en s\u2019affirmant, en tissant des alliances sinc\u00e8res et en d\u00e9jouant les tentatives d\u2019isolement que notre pays gagnera aussi la guerre de l\u2019image.<\/p>\n<p>Le Burkina Faso n\u2019est pas \u00e0 genoux. Il marche, avec honneur, sur le chemin de la reconstruction et, plus que jamais, il compte.<\/p>\n<p style=\"text-align: right;\"><strong>La R\u00e9daction<\/strong><\/p>\n","protected":false},"excerpt":{"rendered":"<p>La pr\u00e9sence remarqu\u00e9e du docteur Ousmane Bougouma, Pr\u00e9sident de l\u2019Assembl\u00e9e l\u00e9gislative de transition du Burkina<\/p>\n","protected":false},"author":2,"featured_media":1886,"comment_status":"open","ping_status":"open","sticky":false,"template":"","format":"standard","meta":{"_et_pb_use_builder":"","_et_pb_old_content":"","_et_gb_content_width":"","footnotes":""},"categories":[6],"tags":[252,728,18,174,727,445,726,729,20],"class_list":["post-1884","post","type-post","status-publish","format-standard","has-post-thumbnail","hentry","category-politique","tag-assemblee-legislative-de-transition","tag-brice-clotaire-oligui-nguema","tag-burkina-faso","tag-capitaine-ibrahim-traore","tag-dr-ousmane-bougouma","tag-edito","tag-gabon","tag-pr-serge-theophile-balima","tag-terrorisme"],"yoast_head":"<!-- This site is optimized with the Yoast SEO plugin v27.5 - https:\/\/yoast.com\/product\/yoast-seo-wordpress\/ -->\n<title>Le Burkina \u00e0 l&#039;investiture du pr\u00e9sident gabonais Ngu\u00e9ma : le pays reste debout dans le concert des nations - Vox Sahel<\/title>\n<meta name=\"robots\" content=\"index, follow, max-snippet:-1, max-image-preview:large, max-video-preview:-1\" \/>\n<link rel=\"canonical\" href=\"https:\/\/voxsahel.com\/?p=1884\" \/>\n<meta property=\"og:locale\" content=\"fr_FR\" \/>\n<meta property=\"og:type\" content=\"article\" \/>\n<meta property=\"og:title\" content=\"Le Burkina \u00e0 l&#039;investiture du pr\u00e9sident gabonais Ngu\u00e9ma : le pays reste debout dans le concert des nations - Vox Sahel\" \/>\n<meta property=\"og:description\" content=\"La pr\u00e9sence remarqu\u00e9e du docteur Ousmane Bougouma, Pr\u00e9sident de l\u2019Assembl\u00e9e l\u00e9gislative de transition du Burkina\" \/>\n<meta property=\"og:url\" content=\"https:\/\/voxsahel.com\/?p=1884\" \/>\n<meta property=\"og:site_name\" content=\"Vox Sahel\" \/>\n<meta property=\"article:publisher\" content=\"https:\/\/www.facebook.com\/journal.voxsahel\" \/>\n<meta property=\"article:published_time\" content=\"2025-05-05T09:07:04+00:00\" \/>\n<meta property=\"article:modified_time\" content=\"2025-05-05T09:13:59+00:00\" \/>\n<meta property=\"og:image\" content=\"https:\/\/voxsahel.com\/wp-content\/uploads\/2025\/05\/IMG_0907.jpeg\" \/>\n\t<meta property=\"og:image:width\" content=\"1080\" \/>\n\t<meta property=\"og:image:height\" content=\"719\" \/>\n\t<meta property=\"og:image:type\" content=\"image\/jpeg\" \/>\n<meta name=\"author\" content=\"Vox Sahel\" \/>\n<meta name=\"twitter:card\" content=\"summary_large_image\" \/>\n<meta name=\"twitter:label1\" content=\"\u00c9crit par\" \/>\n\t<meta name=\"twitter:data1\" content=\"Vox Sahel\" \/>\n\t<meta name=\"twitter:label2\" content=\"Dur\u00e9e de lecture estim\u00e9e\" \/>\n\t<meta name=\"twitter:data2\" content=\"2 minutes\" \/>\n<script type=\"application\/ld+json\" class=\"yoast-schema-graph\">{\"@context\":\"https:\\\/\\\/schema.org\",\"@graph\":[{\"@type\":\"Article\",\"@id\":\"https:\\\/\\\/voxsahel.com\\\/?p=1884#article\",\"isPartOf\":{\"@id\":\"https:\\\/\\\/voxsahel.com\\\/?p=1884\"},\"author\":{\"name\":\"Vox Sahel\",\"@id\":\"https:\\\/\\\/voxsahel.com\\\/#\\\/schema\\\/person\\\/b4043608248f8fa227cd760e7ff1e19e\"},\"headline\":\"Le Burkina \u00e0 l&rsquo;investiture du pr\u00e9sident gabonais Ngu\u00e9ma : le pays reste debout dans le concert des nations\",\"datePublished\":\"2025-05-05T09:07:04+00:00\",\"dateModified\":\"2025-05-05T09:13:59+00:00\",\"mainEntityOfPage\":{\"@id\":\"https:\\\/\\\/voxsahel.com\\\/?p=1884\"},\"wordCount\":355,\"commentCount\":0,\"publisher\":{\"@id\":\"https:\\\/\\\/voxsahel.com\\\/#organization\"},\"image\":{\"@id\":\"https:\\\/\\\/voxsahel.com\\\/?p=1884#primaryimage\"},\"thumbnailUrl\":\"https:\\\/\\\/voxsahel.com\\\/wp-content\\\/uploads\\\/2025\\\/05\\\/IMG_0907.jpeg\",\"keywords\":[\"Assembl\u00e9e L\u00e9gislative de Transition\",\"Brice Clotaire Oligui Ngu\u00e9ma\",\"Burkina Faso\",\"Capitaine Ibrahim Traor\u00e9\",\"Dr. Ousmane Bougouma\",\"\u00c9dito\",\"Gabon\",\"Pr. Serge Th\u00e9ophile Balima\",\"Terrorisme\"],\"articleSection\":[\"POLITIQUE\"],\"inLanguage\":\"fr-FR\",\"potentialAction\":[{\"@type\":\"CommentAction\",\"name\":\"Comment\",\"target\":[\"https:\\\/\\\/voxsahel.com\\\/?p=1884#respond\"]}]},{\"@type\":\"WebPage\",\"@id\":\"https:\\\/\\\/voxsahel.com\\\/?p=1884\",\"url\":\"https:\\\/\\\/voxsahel.com\\\/?p=1884\",\"name\":\"Le Burkina \u00e0 l'investiture du pr\u00e9sident gabonais Ngu\u00e9ma : le pays reste debout dans le concert des nations - Vox Sahel\",\"isPartOf\":{\"@id\":\"https:\\\/\\\/voxsahel.com\\\/#website\"},\"primaryImageOfPage\":{\"@id\":\"https:\\\/\\\/voxsahel.com\\\/?p=1884#primaryimage\"},\"image\":{\"@id\":\"https:\\\/\\\/voxsahel.com\\\/?p=1884#primaryimage\"},\"thumbnailUrl\":\"https:\\\/\\\/voxsahel.com\\\/wp-content\\\/uploads\\\/2025\\\/05\\\/IMG_0907.jpeg\",\"datePublished\":\"2025-05-05T09:07:04+00:00\",\"dateModified\":\"2025-05-05T09:13:59+00:00\",\"breadcrumb\":{\"@id\":\"https:\\\/\\\/voxsahel.com\\\/?p=1884#breadcrumb\"},\"inLanguage\":\"fr-FR\",\"potentialAction\":[{\"@type\":\"ReadAction\",\"target\":[\"https:\\\/\\\/voxsahel.com\\\/?p=1884\"]}]},{\"@type\":\"ImageObject\",\"inLanguage\":\"fr-FR\",\"@id\":\"https:\\\/\\\/voxsahel.com\\\/?p=1884#primaryimage\",\"url\":\"https:\\\/\\\/voxsahel.com\\\/wp-content\\\/uploads\\\/2025\\\/05\\\/IMG_0907.jpeg\",\"contentUrl\":\"https:\\\/\\\/voxsahel.com\\\/wp-content\\\/uploads\\\/2025\\\/05\\\/IMG_0907.jpeg\",\"width\":1080,\"height\":719},{\"@type\":\"BreadcrumbList\",\"@id\":\"https:\\\/\\\/voxsahel.com\\\/?p=1884#breadcrumb\",\"itemListElement\":[{\"@type\":\"ListItem\",\"position\":1,\"name\":\"Home\",\"item\":\"https:\\\/\\\/voxsahel.com\\\/\"},{\"@type\":\"ListItem\",\"position\":2,\"name\":\"Le Burkina \u00e0 l&rsquo;investiture du pr\u00e9sident gabonais Ngu\u00e9ma : le pays reste debout dans le concert des nations\"}]},{\"@type\":\"WebSite\",\"@id\":\"https:\\\/\\\/voxsahel.com\\\/#website\",\"url\":\"https:\\\/\\\/voxsahel.com\\\/\",\"name\":\"Vox Sahel\",\"description\":\"Informez-vous sur le Sahel en un clic\",\"publisher\":{\"@id\":\"https:\\\/\\\/voxsahel.com\\\/#organization\"},\"potentialAction\":[{\"@type\":\"SearchAction\",\"target\":{\"@type\":\"EntryPoint\",\"urlTemplate\":\"https:\\\/\\\/voxsahel.com\\\/?s={search_term_string}\"},\"query-input\":{\"@type\":\"PropertyValueSpecification\",\"valueRequired\":true,\"valueName\":\"search_term_string\"}}],\"inLanguage\":\"fr-FR\"},{\"@type\":\"Organization\",\"@id\":\"https:\\\/\\\/voxsahel.com\\\/#organization\",\"name\":\"Vox Sahel\",\"url\":\"https:\\\/\\\/voxsahel.com\\\/\",\"logo\":{\"@type\":\"ImageObject\",\"inLanguage\":\"fr-FR\",\"@id\":\"https:\\\/\\\/voxsahel.com\\\/#\\\/schema\\\/logo\\\/image\\\/\",\"url\":\"https:\\\/\\\/voxsahel.com\\\/wp-content\\\/uploads\\\/2024\\\/09\\\/Logo-Vox-Sahel.jpg\",\"contentUrl\":\"https:\\\/\\\/voxsahel.com\\\/wp-content\\\/uploads\\\/2024\\\/09\\\/Logo-Vox-Sahel.jpg\",\"width\":1181,\"height\":848,\"caption\":\"Vox Sahel\"},\"image\":{\"@id\":\"https:\\\/\\\/voxsahel.com\\\/#\\\/schema\\\/logo\\\/image\\\/\"},\"sameAs\":[\"https:\\\/\\\/www.facebook.com\\\/journal.voxsahel\"]},{\"@type\":\"Person\",\"@id\":\"https:\\\/\\\/voxsahel.com\\\/#\\\/schema\\\/person\\\/b4043608248f8fa227cd760e7ff1e19e\",\"name\":\"Vox Sahel\",\"image\":{\"@type\":\"ImageObject\",\"inLanguage\":\"fr-FR\",\"@id\":\"https:\\\/\\\/secure.gravatar.com\\\/avatar\\\/f70e7fa0cb9b29d4a7c5788d6eb2e9ab4d3135cbae1c9161810fdf77a8964699?s=96&d=mm&r=g\",\"url\":\"https:\\\/\\\/secure.gravatar.com\\\/avatar\\\/f70e7fa0cb9b29d4a7c5788d6eb2e9ab4d3135cbae1c9161810fdf77a8964699?s=96&d=mm&r=g\",\"contentUrl\":\"https:\\\/\\\/secure.gravatar.com\\\/avatar\\\/f70e7fa0cb9b29d4a7c5788d6eb2e9ab4d3135cbae1c9161810fdf77a8964699?s=96&d=mm&r=g\",\"caption\":\"Vox Sahel\"},\"sameAs\":[\"http:\\\/\\\/www.voxsahel.com\"],\"url\":\"https:\\\/\\\/voxsahel.com\\\/?author=2\"}]}<\/script>\n<!-- \/ Yoast SEO plugin. -->","yoast_head_json":{"title":"Le Burkina \u00e0 l'investiture du pr\u00e9sident gabonais Ngu\u00e9ma : le pays reste debout dans le concert des nations - Vox Sahel","robots":{"index":"index","follow":"follow","max-snippet":"max-snippet:-1","max-image-preview":"max-image-preview:large","max-video-preview":"max-video-preview:-1"},"canonical":"https:\/\/voxsahel.com\/?p=1884","og_locale":"fr_FR","og_type":"article","og_title":"Le Burkina \u00e0 l'investiture du pr\u00e9sident gabonais Ngu\u00e9ma : le pays reste debout dans le concert des nations - Vox Sahel","og_description":"La pr\u00e9sence remarqu\u00e9e du docteur Ousmane Bougouma, Pr\u00e9sident de l\u2019Assembl\u00e9e l\u00e9gislative de transition du Burkina","og_url":"https:\/\/voxsahel.com\/?p=1884","og_site_name":"Vox Sahel","article_publisher":"https:\/\/www.facebook.com\/journal.voxsahel","article_published_time":"2025-05-05T09:07:04+00:00","article_modified_time":"2025-05-05T09:13:59+00:00","og_image":[{"width":1080,"height":719,"url":"https:\/\/voxsahel.com\/wp-content\/uploads\/2025\/05\/IMG_0907.jpeg","type":"image\/jpeg"}],"author":"Vox Sahel","twitter_card":"summary_large_image","twitter_misc":{"\u00c9crit par":"Vox Sahel","Dur\u00e9e de lecture estim\u00e9e":"2 minutes"},"schema":{"@context":"https:\/\/schema.org","@graph":[{"@type":"Article","@id":"https:\/\/voxsahel.com\/?p=1884#article","isPartOf":{"@id":"https:\/\/voxsahel.com\/?p=1884"},"author":{"name":"Vox Sahel","@id":"https:\/\/voxsahel.com\/#\/schema\/person\/b4043608248f8fa227cd760e7ff1e19e"},"headline":"Le Burkina \u00e0 l&rsquo;investiture du pr\u00e9sident gabonais Ngu\u00e9ma : le pays reste debout dans le concert des nations","datePublished":"2025-05-05T09:07:04+00:00","dateModified":"2025-05-05T09:13:59+00:00","mainEntityOfPage":{"@id":"https:\/\/voxsahel.com\/?p=1884"},"wordCount":355,"commentCount":0,"publisher":{"@id":"https:\/\/voxsahel.com\/#organization"},"image":{"@id":"https:\/\/voxsahel.com\/?p=1884#primaryimage"},"thumbnailUrl":"https:\/\/voxsahel.com\/wp-content\/uploads\/2025\/05\/IMG_0907.jpeg","keywords":["Assembl\u00e9e L\u00e9gislative de Transition","Brice Clotaire Oligui Ngu\u00e9ma","Burkina Faso","Capitaine Ibrahim Traor\u00e9","Dr. Ousmane Bougouma","\u00c9dito","Gabon","Pr. Serge Th\u00e9ophile Balima","Terrorisme"],"articleSection":["POLITIQUE"],"inLanguage":"fr-FR","potentialAction":[{"@type":"CommentAction","name":"Comment","target":["https:\/\/voxsahel.com\/?p=1884#respond"]}]},{"@type":"WebPage","@id":"https:\/\/voxsahel.com\/?p=1884","url":"https:\/\/voxsahel.com\/?p=1884","name":"Le Burkina \u00e0 l'investiture du pr\u00e9sident gabonais Ngu\u00e9ma : le pays reste debout dans le concert des nations - Vox Sahel","isPartOf":{"@id":"https:\/\/voxsahel.com\/#website"},"primaryImageOfPage":{"@id":"https:\/\/voxsahel.com\/?p=1884#primaryimage"},"image":{"@id":"https:\/\/voxsahel.com\/?p=1884#primaryimage"},"thumbnailUrl":"https:\/\/voxsahel.com\/wp-content\/uploads\/2025\/05\/IMG_0907.jpeg","datePublished":"2025-05-05T09:07:04+00:00","dateModified":"2025-05-05T09:13:59+00:00","breadcrumb":{"@id":"https:\/\/voxsahel.com\/?p=1884#breadcrumb"},"inLanguage":"fr-FR","potentialAction":[{"@type":"ReadAction","target":["https:\/\/voxsahel.com\/?p=1884"]}]},{"@type":"ImageObject","inLanguage":"fr-FR","@id":"https:\/\/voxsahel.com\/?p=1884#primaryimage","url":"https:\/\/voxsahel.com\/wp-content\/uploads\/2025\/05\/IMG_0907.jpeg","contentUrl":"https:\/\/voxsahel.com\/wp-content\/uploads\/2025\/05\/IMG_0907.jpeg","width":1080,"height":719},{"@type":"BreadcrumbList","@id":"https:\/\/voxsahel.com\/?p=1884#breadcrumb","itemListElement":[{"@type":"ListItem","position":1,"name":"Home","item":"https:\/\/voxsahel.com\/"},{"@type":"ListItem","position":2,"name":"Le Burkina \u00e0 l&rsquo;investiture du pr\u00e9sident gabonais Ngu\u00e9ma : le pays reste debout dans le concert des nations"}]},{"@type":"WebSite","@id":"https:\/\/voxsahel.com\/#website","url":"https:\/\/voxsahel.com\/","name":"Vox Sahel","description":"Informez-vous sur le Sahel en un clic","publisher":{"@id":"https:\/\/voxsahel.com\/#organization"},"potentialAction":[{"@type":"SearchAction","target":{"@type":"EntryPoint","urlTemplate":"https:\/\/voxsahel.com\/?s={search_term_string}"},"query-input":{"@type":"PropertyValueSpecification","valueRequired":true,"valueName":"search_term_string"}}],"inLanguage":"fr-FR"},{"@type":"Organization","@id":"https:\/\/voxsahel.com\/#organization","name":"Vox Sahel","url":"https:\/\/voxsahel.com\/","logo":{"@type":"ImageObject","inLanguage":"fr-FR","@id":"https:\/\/voxsahel.com\/#\/schema\/logo\/image\/","url":"https:\/\/voxsahel.com\/wp-content\/uploads\/2024\/09\/Logo-Vox-Sahel.jpg","contentUrl":"https:\/\/voxsahel.com\/wp-content\/uploads\/2024\/09\/Logo-Vox-Sahel.jpg","width":1181,"height":848,"caption":"Vox Sahel"},"image":{"@id":"https:\/\/voxsahel.com\/#\/schema\/logo\/image\/"},"sameAs":["https:\/\/www.facebook.com\/journal.voxsahel"]},{"@type":"Person","@id":"https:\/\/voxsahel.com\/#\/schema\/person\/b4043608248f8fa227cd760e7ff1e19e","name":"Vox Sahel","image":{"@type":"ImageObject","inLanguage":"fr-FR","@id":"https:\/\/secure.gravatar.com\/avatar\/f70e7fa0cb9b29d4a7c5788d6eb2e9ab4d3135cbae1c9161810fdf77a8964699?s=96&d=mm&r=g","url":"https:\/\/secure.gravatar.com\/avatar\/f70e7fa0cb9b29d4a7c5788d6eb2e9ab4d3135cbae1c9161810fdf77a8964699?s=96&d=mm&r=g","contentUrl":"https:\/\/secure.gravatar.com\/avatar\/f70e7fa0cb9b29d4a7c5788d6eb2e9ab4d3135cbae1c9161810fdf77a8964699?s=96&d=mm&r=g","caption":"Vox Sahel"},"sameAs":["http:\/\/www.voxsahel.com"],"url":"https:\/\/voxsahel.com\/?author=2"}]}},"_links":{"self":[{"href":"https:\/\/voxsahel.com\/index.php?rest_route=\/wp\/v2\/posts\/1884","targetHints":{"allow":["GET"]}}],"collection":[{"href":"https:\/\/voxsahel.com\/index.php?rest_route=\/wp\/v2\/posts"}],"about":[{"href":"https:\/\/voxsahel.com\/index.php?rest_route=\/wp\/v2\/types\/post"}],"author":[{"embeddable":true,"href":"https:\/\/voxsahel.com\/index.php?rest_route=\/wp\/v2\/users\/2"}],"replies":[{"embeddable":true,"href":"https:\/\/voxsahel.com\/index.php?rest_route=%2Fwp%2Fv2%2Fcomments&post=1884"}],"version-history":[{"count":4,"href":"https:\/\/voxsahel.com\/index.php?rest_route=\/wp\/v2\/posts\/1884\/revisions"}],"predecessor-version":[{"id":1889,"href":"https:\/\/voxsahel.com\/index.php?rest_route=\/wp\/v2\/posts\/1884\/revisions\/1889"}],"wp:featuredmedia":[{"embeddable":true,"href":"https:\/\/voxsahel.com\/index.php?rest_route=\/wp\/v2\/media\/1886"}],"wp:attachment":[{"href":"https:\/\/voxsahel.com\/index.php?rest_route=%2Fwp%2Fv2%2Fmedia&parent=1884"}],"wp:term":[{"taxonomy":"category","embeddable":true,"href":"https:\/\/voxsahel.com\/index.php?rest_route=%2Fwp%2Fv2%2Fcategories&post=1884"},{"taxonomy":"post_tag","embeddable":true,"href":"https:\/\/voxsahel.com\/index.php?rest_route=%2Fwp%2Fv2%2Ftags&post=1884"}],"curies":[{"name":"wp","href":"https:\/\/api.w.org\/{rel}","templated":true}]}}