{"id":1881,"date":"2025-05-03T20:15:03","date_gmt":"2025-05-03T20:15:03","guid":{"rendered":"https:\/\/voxsahel.com\/?p=1881"},"modified":"2025-05-03T21:20:08","modified_gmt":"2025-05-03T21:20:08","slug":"karate-do-le-burkina-faso-pret-a-defendre-son-titre-au-championnat-dafrique-de-la-region-ouest-2","status":"publish","type":"post","link":"https:\/\/voxsahel.com\/?p=1881","title":{"rendered":"Karat\u00e9-Do : Le Burkina Faso pr\u00eat \u00e0 d\u00e9fendre son titre au Championnat d\u2019Afrique de la R\u00e9gion Ouest 2"},"content":{"rendered":"<p class=\"p1\"><strong>Le Burkina Faso s\u2019appr\u00eate \u00e0 accueillir, du 5 au 11 mai 2025, la 24e \u00e9dition du Championnat d\u2019Afrique de la R\u00e9gion Ouest 2 de Karat\u00e9-Do. Une comp\u00e9tition majeure que les Etalons karat\u00e9kas abordent avec ambition, d\u00e9termination et pr\u00e9paration rigoureuse, dans l\u2019objectif de conserver leur couronne conquise en 2024 \u00e0 Abidjan.<\/strong><\/p>\n<p class=\"p1\"><span class=\"s2\">\u00c0 quelques jours du coup d\u2019envoi, le comit\u00e9 d\u2019organisation se dit pr\u00eat. Selon Souma\u00efla Ou\u00e9draogo, vice-pr\u00e9sident de la F\u00e9d\u00e9ration burkinab\u00e8 de karat\u00e9-Do, l\u2019heure est \u00e0 la mobilisation des pays invit\u00e9s et \u00e0 la finalisation des derniers d\u00e9tails logistiques. \u00ab Huit pays sont membres de la r\u00e9gion, et cinq ont d\u00e9j\u00e0 confirm\u00e9 leur participation : la C\u00f4te d\u2019Ivoire, le Togo, le Ghana, le Nigeria et naturellement le Burkina Faso. Les trois autres \u2013 B\u00e9nin, Niger et Liberia \u2013 ont donn\u00e9 leur accord de principe. Nous attendons d\u00e9sormais leur confirmation \u00bb, a-t-il pr\u00e9cis\u00e9.<\/span><\/p>\n<p class=\"p1\"><span class=\"s2\">Tenant du titre, le Burkina Faso veut faire honneur \u00e0 son statut de pays h\u00f4te et surtout conserver sa premi\u00e8re place au classement g\u00e9n\u00e9ral. Une ambition nourrie par le s\u00e9rieux et le travail rigoureux des athl\u00e8tes et encadreurs. Trois s\u00e9ances d\u2019entra\u00eenement par semaine sont au programme, ainsi qu\u2019un stage de mise au vert de dix jours \u00e0 l\u2019approche de la comp\u00e9tition. \u00ab Il faut cr\u00e9er une vraie symbiose au sein de l\u2019\u00e9quipe pour esp\u00e9rer r\u00e9\u00e9diter l\u2019exploit \u00bb, explique M. Ou\u00e9draogo.<\/span><\/p>\n<p class=\"p1\"><span class=\"s2\">L\u2019ann\u00e9e derni\u00e8re \u00e0 Abidjan, les karat\u00e9kas burkinab\u00e8 ont marqu\u00e9 les esprits en s\u2019imposant largement : 17 m\u00e9dailles d\u2019or, 11 d\u2019argent et 16 de bronze. Une performance exceptionnelle que les Etalons veulent renouveler sur leurs terres, devant leur public. \u00ab Depuis quelque temps, le Burkina Faso est la locomotive du karat\u00e9-do africain gr\u00e2ce \u00e0 son s\u00e9rieux et son d\u00e9vouement. Nous jouerons encore les premiers r\u00f4les, c\u2019est notre engagement \u00bb, a conclu le responsable f\u00e9d\u00e9ral.<\/span><\/p>\n<p class=\"p1\"><span class=\"s2\">Le rendez-vous est donc pris : du 5 au 11 mai, la capitale burkinab\u00e8 vibrera au rythme du karat\u00e9, avec l\u2019ambition bien claire d\u2019une nation de rester au sommet de sa discipline.<\/span><\/p>\n<p style=\"text-align: right;\"><strong>Par Vox Sahel<\/strong><\/p>\n","protected":false},"excerpt":{"rendered":"<p>Le Burkina Faso s\u2019appr\u00eate \u00e0 accueillir, du 5 au 11 mai 2025, la 24e \u00e9dition<\/p>\n","protected":false},"author":2,"featured_media":1882,"comment_status":"open","ping_status":"open","sticky":false,"template":"","format":"standard","meta":{"_et_pb_use_builder":"","_et_pb_old_content":"","_et_gb_content_width":"","footnotes":""},"categories":[12],"tags":[18,724,725,34],"class_list":["post-1881","post","type-post","status-publish","format-standard","has-post-thumbnail","hentry","category-sports","tag-burkina-faso","tag-karate","tag-karate-do","tag-sport"],"yoast_head":"<!-- This site is optimized with the Yoast SEO plugin v27.5 - https:\/\/yoast.com\/product\/yoast-seo-wordpress\/ -->\n<title>Karat\u00e9-Do : Le Burkina Faso pr\u00eat \u00e0 d\u00e9fendre son titre au Championnat d\u2019Afrique de la R\u00e9gion Ouest 2 - Vox Sahel<\/title>\n<meta name=\"robots\" content=\"index, follow, max-snippet:-1, max-image-preview:large, max-video-preview:-1\" \/>\n<link rel=\"canonical\" href=\"https:\/\/voxsahel.com\/?p=1881\" \/>\n<meta property=\"og:locale\" content=\"fr_FR\" \/>\n<meta property=\"og:type\" content=\"article\" \/>\n<meta property=\"og:title\" content=\"Karat\u00e9-Do : Le Burkina Faso pr\u00eat \u00e0 d\u00e9fendre son titre au Championnat d\u2019Afrique de la R\u00e9gion Ouest 2 - Vox Sahel\" \/>\n<meta property=\"og:description\" content=\"Le Burkina Faso s\u2019appr\u00eate \u00e0 accueillir, du 5 au 11 mai 2025, la 24e \u00e9dition\" \/>\n<meta property=\"og:url\" content=\"https:\/\/voxsahel.com\/?p=1881\" \/>\n<meta property=\"og:site_name\" content=\"Vox Sahel\" \/>\n<meta property=\"article:publisher\" content=\"https:\/\/www.facebook.com\/journal.voxsahel\" \/>\n<meta property=\"article:published_time\" content=\"2025-05-03T20:15:03+00:00\" \/>\n<meta property=\"article:modified_time\" content=\"2025-05-03T21:20:08+00:00\" \/>\n<meta property=\"og:image\" content=\"https:\/\/voxsahel.com\/wp-content\/uploads\/2025\/05\/IMG_0552.jpeg\" \/>\n\t<meta property=\"og:image:width\" content=\"1280\" \/>\n\t<meta property=\"og:image:height\" content=\"960\" \/>\n\t<meta property=\"og:image:type\" content=\"image\/jpeg\" \/>\n<meta name=\"author\" content=\"Vox Sahel\" \/>\n<meta name=\"twitter:card\" content=\"summary_large_image\" \/>\n<meta name=\"twitter:label1\" content=\"\u00c9crit par\" \/>\n\t<meta name=\"twitter:data1\" content=\"Vox Sahel\" \/>\n\t<meta name=\"twitter:label2\" content=\"Dur\u00e9e de lecture estim\u00e9e\" \/>\n\t<meta name=\"twitter:data2\" content=\"2 minutes\" \/>\n<script type=\"application\/ld+json\" class=\"yoast-schema-graph\">{\"@context\":\"https:\\\/\\\/schema.org\",\"@graph\":[{\"@type\":\"Article\",\"@id\":\"https:\\\/\\\/voxsahel.com\\\/?p=1881#article\",\"isPartOf\":{\"@id\":\"https:\\\/\\\/voxsahel.com\\\/?p=1881\"},\"author\":{\"name\":\"Vox Sahel\",\"@id\":\"https:\\\/\\\/voxsahel.com\\\/#\\\/schema\\\/person\\\/b4043608248f8fa227cd760e7ff1e19e\"},\"headline\":\"Karat\u00e9-Do : Le Burkina Faso pr\u00eat \u00e0 d\u00e9fendre son titre au Championnat d\u2019Afrique de la R\u00e9gion Ouest 2\",\"datePublished\":\"2025-05-03T20:15:03+00:00\",\"dateModified\":\"2025-05-03T21:20:08+00:00\",\"mainEntityOfPage\":{\"@id\":\"https:\\\/\\\/voxsahel.com\\\/?p=1881\"},\"wordCount\":384,\"commentCount\":0,\"publisher\":{\"@id\":\"https:\\\/\\\/voxsahel.com\\\/#organization\"},\"image\":{\"@id\":\"https:\\\/\\\/voxsahel.com\\\/?p=1881#primaryimage\"},\"thumbnailUrl\":\"https:\\\/\\\/voxsahel.com\\\/wp-content\\\/uploads\\\/2025\\\/05\\\/IMG_0552.jpeg\",\"keywords\":[\"Burkina Faso\",\"Karat\u00e9\",\"Karat\u00e9-do\",\"Sport\"],\"articleSection\":[\"SPORTS\"],\"inLanguage\":\"fr-FR\",\"potentialAction\":[{\"@type\":\"CommentAction\",\"name\":\"Comment\",\"target\":[\"https:\\\/\\\/voxsahel.com\\\/?p=1881#respond\"]}]},{\"@type\":\"WebPage\",\"@id\":\"https:\\\/\\\/voxsahel.com\\\/?p=1881\",\"url\":\"https:\\\/\\\/voxsahel.com\\\/?p=1881\",\"name\":\"Karat\u00e9-Do : Le Burkina Faso pr\u00eat \u00e0 d\u00e9fendre son titre au Championnat d\u2019Afrique de la R\u00e9gion Ouest 2 - Vox Sahel\",\"isPartOf\":{\"@id\":\"https:\\\/\\\/voxsahel.com\\\/#website\"},\"primaryImageOfPage\":{\"@id\":\"https:\\\/\\\/voxsahel.com\\\/?p=1881#primaryimage\"},\"image\":{\"@id\":\"https:\\\/\\\/voxsahel.com\\\/?p=1881#primaryimage\"},\"thumbnailUrl\":\"https:\\\/\\\/voxsahel.com\\\/wp-content\\\/uploads\\\/2025\\\/05\\\/IMG_0552.jpeg\",\"datePublished\":\"2025-05-03T20:15:03+00:00\",\"dateModified\":\"2025-05-03T21:20:08+00:00\",\"breadcrumb\":{\"@id\":\"https:\\\/\\\/voxsahel.com\\\/?p=1881#breadcrumb\"},\"inLanguage\":\"fr-FR\",\"potentialAction\":[{\"@type\":\"ReadAction\",\"target\":[\"https:\\\/\\\/voxsahel.com\\\/?p=1881\"]}]},{\"@type\":\"ImageObject\",\"inLanguage\":\"fr-FR\",\"@id\":\"https:\\\/\\\/voxsahel.com\\\/?p=1881#primaryimage\",\"url\":\"https:\\\/\\\/voxsahel.com\\\/wp-content\\\/uploads\\\/2025\\\/05\\\/IMG_0552.jpeg\",\"contentUrl\":\"https:\\\/\\\/voxsahel.com\\\/wp-content\\\/uploads\\\/2025\\\/05\\\/IMG_0552.jpeg\",\"width\":1280,\"height\":960},{\"@type\":\"BreadcrumbList\",\"@id\":\"https:\\\/\\\/voxsahel.com\\\/?p=1881#breadcrumb\",\"itemListElement\":[{\"@type\":\"ListItem\",\"position\":1,\"name\":\"Home\",\"item\":\"https:\\\/\\\/voxsahel.com\\\/\"},{\"@type\":\"ListItem\",\"position\":2,\"name\":\"Karat\u00e9-Do : Le Burkina Faso pr\u00eat \u00e0 d\u00e9fendre son titre au Championnat d\u2019Afrique de la R\u00e9gion Ouest 2\"}]},{\"@type\":\"WebSite\",\"@id\":\"https:\\\/\\\/voxsahel.com\\\/#website\",\"url\":\"https:\\\/\\\/voxsahel.com\\\/\",\"name\":\"Vox Sahel\",\"description\":\"Informez-vous sur le Sahel en un clic\",\"publisher\":{\"@id\":\"https:\\\/\\\/voxsahel.com\\\/#organization\"},\"potentialAction\":[{\"@type\":\"SearchAction\",\"target\":{\"@type\":\"EntryPoint\",\"urlTemplate\":\"https:\\\/\\\/voxsahel.com\\\/?s={search_term_string}\"},\"query-input\":{\"@type\":\"PropertyValueSpecification\",\"valueRequired\":true,\"valueName\":\"search_term_string\"}}],\"inLanguage\":\"fr-FR\"},{\"@type\":\"Organization\",\"@id\":\"https:\\\/\\\/voxsahel.com\\\/#organization\",\"name\":\"Vox Sahel\",\"url\":\"https:\\\/\\\/voxsahel.com\\\/\",\"logo\":{\"@type\":\"ImageObject\",\"inLanguage\":\"fr-FR\",\"@id\":\"https:\\\/\\\/voxsahel.com\\\/#\\\/schema\\\/logo\\\/image\\\/\",\"url\":\"https:\\\/\\\/voxsahel.com\\\/wp-content\\\/uploads\\\/2024\\\/09\\\/Logo-Vox-Sahel.jpg\",\"contentUrl\":\"https:\\\/\\\/voxsahel.com\\\/wp-content\\\/uploads\\\/2024\\\/09\\\/Logo-Vox-Sahel.jpg\",\"width\":1181,\"height\":848,\"caption\":\"Vox Sahel\"},\"image\":{\"@id\":\"https:\\\/\\\/voxsahel.com\\\/#\\\/schema\\\/logo\\\/image\\\/\"},\"sameAs\":[\"https:\\\/\\\/www.facebook.com\\\/journal.voxsahel\"]},{\"@type\":\"Person\",\"@id\":\"https:\\\/\\\/voxsahel.com\\\/#\\\/schema\\\/person\\\/b4043608248f8fa227cd760e7ff1e19e\",\"name\":\"Vox Sahel\",\"image\":{\"@type\":\"ImageObject\",\"inLanguage\":\"fr-FR\",\"@id\":\"https:\\\/\\\/secure.gravatar.com\\\/avatar\\\/f70e7fa0cb9b29d4a7c5788d6eb2e9ab4d3135cbae1c9161810fdf77a8964699?s=96&d=mm&r=g\",\"url\":\"https:\\\/\\\/secure.gravatar.com\\\/avatar\\\/f70e7fa0cb9b29d4a7c5788d6eb2e9ab4d3135cbae1c9161810fdf77a8964699?s=96&d=mm&r=g\",\"contentUrl\":\"https:\\\/\\\/secure.gravatar.com\\\/avatar\\\/f70e7fa0cb9b29d4a7c5788d6eb2e9ab4d3135cbae1c9161810fdf77a8964699?s=96&d=mm&r=g\",\"caption\":\"Vox Sahel\"},\"sameAs\":[\"http:\\\/\\\/www.voxsahel.com\"],\"url\":\"https:\\\/\\\/voxsahel.com\\\/?author=2\"}]}<\/script>\n<!-- \/ Yoast SEO plugin. -->","yoast_head_json":{"title":"Karat\u00e9-Do : Le Burkina Faso pr\u00eat \u00e0 d\u00e9fendre son titre au Championnat d\u2019Afrique de la R\u00e9gion Ouest 2 - Vox Sahel","robots":{"index":"index","follow":"follow","max-snippet":"max-snippet:-1","max-image-preview":"max-image-preview:large","max-video-preview":"max-video-preview:-1"},"canonical":"https:\/\/voxsahel.com\/?p=1881","og_locale":"fr_FR","og_type":"article","og_title":"Karat\u00e9-Do : Le Burkina Faso pr\u00eat \u00e0 d\u00e9fendre son titre au Championnat d\u2019Afrique de la R\u00e9gion Ouest 2 - Vox Sahel","og_description":"Le Burkina Faso s\u2019appr\u00eate \u00e0 accueillir, du 5 au 11 mai 2025, la 24e \u00e9dition","og_url":"https:\/\/voxsahel.com\/?p=1881","og_site_name":"Vox Sahel","article_publisher":"https:\/\/www.facebook.com\/journal.voxsahel","article_published_time":"2025-05-03T20:15:03+00:00","article_modified_time":"2025-05-03T21:20:08+00:00","og_image":[{"width":1280,"height":960,"url":"https:\/\/voxsahel.com\/wp-content\/uploads\/2025\/05\/IMG_0552.jpeg","type":"image\/jpeg"}],"author":"Vox Sahel","twitter_card":"summary_large_image","twitter_misc":{"\u00c9crit par":"Vox Sahel","Dur\u00e9e de lecture estim\u00e9e":"2 minutes"},"schema":{"@context":"https:\/\/schema.org","@graph":[{"@type":"Article","@id":"https:\/\/voxsahel.com\/?p=1881#article","isPartOf":{"@id":"https:\/\/voxsahel.com\/?p=1881"},"author":{"name":"Vox Sahel","@id":"https:\/\/voxsahel.com\/#\/schema\/person\/b4043608248f8fa227cd760e7ff1e19e"},"headline":"Karat\u00e9-Do : Le Burkina Faso pr\u00eat \u00e0 d\u00e9fendre son titre au Championnat d\u2019Afrique de la R\u00e9gion Ouest 2","datePublished":"2025-05-03T20:15:03+00:00","dateModified":"2025-05-03T21:20:08+00:00","mainEntityOfPage":{"@id":"https:\/\/voxsahel.com\/?p=1881"},"wordCount":384,"commentCount":0,"publisher":{"@id":"https:\/\/voxsahel.com\/#organization"},"image":{"@id":"https:\/\/voxsahel.com\/?p=1881#primaryimage"},"thumbnailUrl":"https:\/\/voxsahel.com\/wp-content\/uploads\/2025\/05\/IMG_0552.jpeg","keywords":["Burkina Faso","Karat\u00e9","Karat\u00e9-do","Sport"],"articleSection":["SPORTS"],"inLanguage":"fr-FR","potentialAction":[{"@type":"CommentAction","name":"Comment","target":["https:\/\/voxsahel.com\/?p=1881#respond"]}]},{"@type":"WebPage","@id":"https:\/\/voxsahel.com\/?p=1881","url":"https:\/\/voxsahel.com\/?p=1881","name":"Karat\u00e9-Do : Le Burkina Faso pr\u00eat \u00e0 d\u00e9fendre son titre au Championnat d\u2019Afrique de la R\u00e9gion Ouest 2 - Vox Sahel","isPartOf":{"@id":"https:\/\/voxsahel.com\/#website"},"primaryImageOfPage":{"@id":"https:\/\/voxsahel.com\/?p=1881#primaryimage"},"image":{"@id":"https:\/\/voxsahel.com\/?p=1881#primaryimage"},"thumbnailUrl":"https:\/\/voxsahel.com\/wp-content\/uploads\/2025\/05\/IMG_0552.jpeg","datePublished":"2025-05-03T20:15:03+00:00","dateModified":"2025-05-03T21:20:08+00:00","breadcrumb":{"@id":"https:\/\/voxsahel.com\/?p=1881#breadcrumb"},"inLanguage":"fr-FR","potentialAction":[{"@type":"ReadAction","target":["https:\/\/voxsahel.com\/?p=1881"]}]},{"@type":"ImageObject","inLanguage":"fr-FR","@id":"https:\/\/voxsahel.com\/?p=1881#primaryimage","url":"https:\/\/voxsahel.com\/wp-content\/uploads\/2025\/05\/IMG_0552.jpeg","contentUrl":"https:\/\/voxsahel.com\/wp-content\/uploads\/2025\/05\/IMG_0552.jpeg","width":1280,"height":960},{"@type":"BreadcrumbList","@id":"https:\/\/voxsahel.com\/?p=1881#breadcrumb","itemListElement":[{"@type":"ListItem","position":1,"name":"Home","item":"https:\/\/voxsahel.com\/"},{"@type":"ListItem","position":2,"name":"Karat\u00e9-Do : Le Burkina Faso pr\u00eat \u00e0 d\u00e9fendre son titre au Championnat d\u2019Afrique de la R\u00e9gion Ouest 2"}]},{"@type":"WebSite","@id":"https:\/\/voxsahel.com\/#website","url":"https:\/\/voxsahel.com\/","name":"Vox Sahel","description":"Informez-vous sur le Sahel en un clic","publisher":{"@id":"https:\/\/voxsahel.com\/#organization"},"potentialAction":[{"@type":"SearchAction","target":{"@type":"EntryPoint","urlTemplate":"https:\/\/voxsahel.com\/?s={search_term_string}"},"query-input":{"@type":"PropertyValueSpecification","valueRequired":true,"valueName":"search_term_string"}}],"inLanguage":"fr-FR"},{"@type":"Organization","@id":"https:\/\/voxsahel.com\/#organization","name":"Vox Sahel","url":"https:\/\/voxsahel.com\/","logo":{"@type":"ImageObject","inLanguage":"fr-FR","@id":"https:\/\/voxsahel.com\/#\/schema\/logo\/image\/","url":"https:\/\/voxsahel.com\/wp-content\/uploads\/2024\/09\/Logo-Vox-Sahel.jpg","contentUrl":"https:\/\/voxsahel.com\/wp-content\/uploads\/2024\/09\/Logo-Vox-Sahel.jpg","width":1181,"height":848,"caption":"Vox Sahel"},"image":{"@id":"https:\/\/voxsahel.com\/#\/schema\/logo\/image\/"},"sameAs":["https:\/\/www.facebook.com\/journal.voxsahel"]},{"@type":"Person","@id":"https:\/\/voxsahel.com\/#\/schema\/person\/b4043608248f8fa227cd760e7ff1e19e","name":"Vox Sahel","image":{"@type":"ImageObject","inLanguage":"fr-FR","@id":"https:\/\/secure.gravatar.com\/avatar\/f70e7fa0cb9b29d4a7c5788d6eb2e9ab4d3135cbae1c9161810fdf77a8964699?s=96&d=mm&r=g","url":"https:\/\/secure.gravatar.com\/avatar\/f70e7fa0cb9b29d4a7c5788d6eb2e9ab4d3135cbae1c9161810fdf77a8964699?s=96&d=mm&r=g","contentUrl":"https:\/\/secure.gravatar.com\/avatar\/f70e7fa0cb9b29d4a7c5788d6eb2e9ab4d3135cbae1c9161810fdf77a8964699?s=96&d=mm&r=g","caption":"Vox Sahel"},"sameAs":["http:\/\/www.voxsahel.com"],"url":"https:\/\/voxsahel.com\/?author=2"}]}},"_links":{"self":[{"href":"https:\/\/voxsahel.com\/index.php?rest_route=\/wp\/v2\/posts\/1881","targetHints":{"allow":["GET"]}}],"collection":[{"href":"https:\/\/voxsahel.com\/index.php?rest_route=\/wp\/v2\/posts"}],"about":[{"href":"https:\/\/voxsahel.com\/index.php?rest_route=\/wp\/v2\/types\/post"}],"author":[{"embeddable":true,"href":"https:\/\/voxsahel.com\/index.php?rest_route=\/wp\/v2\/users\/2"}],"replies":[{"embeddable":true,"href":"https:\/\/voxsahel.com\/index.php?rest_route=%2Fwp%2Fv2%2Fcomments&post=1881"}],"version-history":[{"count":1,"href":"https:\/\/voxsahel.com\/index.php?rest_route=\/wp\/v2\/posts\/1881\/revisions"}],"predecessor-version":[{"id":1883,"href":"https:\/\/voxsahel.com\/index.php?rest_route=\/wp\/v2\/posts\/1881\/revisions\/1883"}],"wp:featuredmedia":[{"embeddable":true,"href":"https:\/\/voxsahel.com\/index.php?rest_route=\/wp\/v2\/media\/1882"}],"wp:attachment":[{"href":"https:\/\/voxsahel.com\/index.php?rest_route=%2Fwp%2Fv2%2Fmedia&parent=1881"}],"wp:term":[{"taxonomy":"category","embeddable":true,"href":"https:\/\/voxsahel.com\/index.php?rest_route=%2Fwp%2Fv2%2Fcategories&post=1881"},{"taxonomy":"post_tag","embeddable":true,"href":"https:\/\/voxsahel.com\/index.php?rest_route=%2Fwp%2Fv2%2Ftags&post=1881"}],"curies":[{"name":"wp","href":"https:\/\/api.w.org\/{rel}","templated":true}]}}