{"id":1877,"date":"2025-05-03T14:57:36","date_gmt":"2025-05-03T14:57:36","guid":{"rendered":"https:\/\/voxsahel.com\/?p=1877"},"modified":"2025-05-03T14:58:31","modified_gmt":"2025-05-03T14:58:31","slug":"guerre-de-communication-idrissa-nogo-met-en-place-le-front-des-journalistes-vdp","status":"publish","type":"post","link":"https:\/\/voxsahel.com\/?p=1877","title":{"rendered":"Guerre de communication: Idrissa Nogo met en place le Front des journalistes VDP"},"content":{"rendered":"<p class=\"p1\"><b>Face \u00e0 ce qu\u2019il qualifie de \u00ab propagande conspirationniste \u00bb men\u00e9e par les ennemis de la Transition burkinab\u00e8, Idrissa Nogo et des amis ont lanc\u00e9 ce samedi 3 mai le Front des Journalistes VDP (FJ\/VDP), appelle la presse nationale \u00e0 une mobilisation sans pr\u00e9c\u00e9dent. \u00a0Il a dress\u00e9 un constat alarmant du r\u00f4le de certains m\u00e9dias \u00e9trangers et de la passivit\u00e9 des m\u00e9dias nationaux face \u00e0 ce qu\u2019il nomme une guerre de l\u2019information contre le Burkina Faso.<\/b><\/p>\n<p class=\"p1\"><span class=\"s1\">\u00a0<\/span><span class=\"s1\">\u00ab Depuis l\u2019accession du Capitaine Ibrahim Traor\u00e9 au pouvoir, nous constatons un d\u00e9ficit de riposte volontariste des m\u00e9dias burkinab\u00e8 face aux attaques m\u00e9diatiques savamment orchestr\u00e9es \u00bb, affirme Idrissa Nogo. <\/span><\/p>\n<p class=\"p1\"><span class=\"s1\">Selon lui, ce vide informationnel a trois cons\u00e9quences majeures : la d\u00e9sinformation aliment\u00e9e par des m\u00e9dias occidentaux, l\u2019instrumentalisation de militaires et civils \u00ab apatrides et factieux \u00bb, et la r\u00e9cup\u00e9ration du contexte de vuln\u00e9rabilit\u00e9 nationale par des puissances \u00e9trang\u00e8res \u00e0 des fins de d\u00e9stabilisation.Le FJ\/VDP ne se veut ni partisan ni propagandiste, mais une plateforme de r\u00e9sistance m\u00e9diatique nationale. \u00ab Il ne s&rsquo;agit pas pour un journaliste de mentir, mais de faire et de gagner la guerre de la communication \u00bb, insiste-t-il.<\/span><\/p>\n<p class=\"p1\"><span class=\"s1\"> L&rsquo;initiative vise notamment \u00e0 structurer des \u201cDesk D\u00e9fense &amp; S\u00e9curit\u00e9\u201d dans les r\u00e9dactions et \u00e0 former des professionnels capables de d\u00e9crypter, d\u00e9mystifier et contrecarrer les messages \u00ab complotistes et subversifs \u00bb qui, selon Nogo, sapent les efforts de la Transition.Dans ses propos, il d\u00e9nonce des publications pr\u00e9cises \u00e9manant de m\u00e9dias fran\u00e7ais. Il cite notamment Le Monde, Lib\u00e9ration ou encore RFI, accus\u00e9s d\u2019avoir diffus\u00e9 des r\u00e9cits \u00ab tronqu\u00e9s, d\u00e9form\u00e9s ou cyniques \u00bb sur les attaques terroristes \u00e0 Barsalogho ou \u00e0 Solhan. <\/span><\/p>\n<p class=\"p1\"><span class=\"s1\">\u00ab Ces m\u00e9dias manipulent et trompent l\u2019opinion publique dans le dessein macabre de d\u00e9stabiliser par procuration le r\u00e9gime du capitaine Ibrahim Traor\u00e9 \u00bb, accuse-t-il.Par ailleurs, Idrissa Nogo alerte sur \u00ab l\u2019ennemi int\u00e9rieur \u00bb : une frange de militaires d\u00e9serteurs et de civils \u00ab ralli\u00e9s \u00e0 la cause des groupes arm\u00e9s terroristes \u00bb. Il cite nomm\u00e9ment plusieurs anciens hauts grad\u00e9s et personnalit\u00e9s politiques, les accusant d\u2019\u00eatre \u00e0 la solde d\u2019\u00ab int\u00e9r\u00eats imp\u00e9rialistes \u00bb. <\/span><\/p>\n<p class=\"p1\"><span class=\"s1\">Selon lui, \u00ab de 2022 \u00e0 aujourd\u2019hui, le pr\u00e9sident du Faso a \u00e9chapp\u00e9 \u00e0 au moins sept tentatives de coups d\u2019\u00c9tat \u00bb.Le FJ\/VDP se donne ainsi pour mission de sensibiliser les professionnels de l\u2019information, mais aussi les populations, \u00e0 ne pas tomber dans le pi\u00e8ge des fakes news, deepfakes et scoops militaires non v\u00e9rifi\u00e9s.<br \/>\n<\/span><\/p>\n<p class=\"p1\"><span class=\"s1\">Il propose une communication rigoureuse, align\u00e9e sur les int\u00e9r\u00eats de la patrie : \u00ab Mettre \u00e0 contribution notre plume, nos micros et nos cam\u00e9ras pour d\u00e9construire les messages des groupes arm\u00e9s terroristes, des militaires factieux et des personnalit\u00e9s civiles \u00e9gar\u00e9es \u00bb.<\/span><\/p>\n<p class=\"p1\"><span class=\"s1\">Idrissa Nogo va jusqu\u2019\u00e0 proposer de \u00ab mettre exceptionnellement en hibernation cette d\u00e9mocratie tragi-comique occidentalis\u00e9e pour se r\u00e9approprier la R\u00e9volution Progressiste Populaire \u00bb, invoquant l\u2019h\u00e9ritage de 1983 comme socle de souverainet\u00e9. Selon lui, \u00ab la R\u00e9volution de 1983 a eu ses journalistes r\u00e9volutionnaires. Pourquoi celle de 2025 ne pourrait-elle pas avoir ses journalistes VDP ? \u00bb.<\/span><\/p>\n<p class=\"p1\"><span class=\"s1\">Le Front des Journalistes VDP se pose comme un rempart face \u00e0 l\u2019\u00ab agression informationnelle \u00bb dont serait victime le Burkina Faso. Sa d\u00e9marche, radicale mais assum\u00e9e, traduit une volont\u00e9 de repositionner la presse burkinab\u00e8 comme acteur cl\u00e9 de la reconqu\u00eate de la souverainet\u00e9 nationale.<\/span><\/p>\n<p class=\"p1\" style=\"text-align: right;\"><strong><span class=\"s1\">Par Amir BAKO<\/span><\/strong><\/p>\n","protected":false},"excerpt":{"rendered":"<p>Face \u00e0 ce qu\u2019il qualifie de \u00ab propagande conspirationniste \u00bb men\u00e9e par les ennemis de<\/p>\n","protected":false},"author":2,"featured_media":1879,"comment_status":"open","ping_status":"open","sticky":false,"template":"","format":"standard","meta":{"_et_pb_use_builder":"","_et_pb_old_content":"","_et_gb_content_width":"","footnotes":""},"categories":[5],"tags":[18,324,723,216,64,44,20],"class_list":["post-1877","post","type-post","status-publish","format-standard","has-post-thumbnail","hentry","category-societe","tag-burkina-faso","tag-communication","tag-guerre-de-communication","tag-insecurite","tag-organisation-de-la-societe-civile","tag-osc","tag-terrorisme"],"yoast_head":"<!-- This site is optimized with the Yoast SEO plugin v27.5 - https:\/\/yoast.com\/product\/yoast-seo-wordpress\/ -->\n<title>Guerre de communication: Idrissa Nogo met en place le Front des journalistes VDP - Vox Sahel<\/title>\n<meta name=\"robots\" content=\"index, follow, max-snippet:-1, max-image-preview:large, max-video-preview:-1\" \/>\n<link rel=\"canonical\" href=\"https:\/\/voxsahel.com\/?p=1877\" \/>\n<meta property=\"og:locale\" content=\"fr_FR\" \/>\n<meta property=\"og:type\" content=\"article\" \/>\n<meta property=\"og:title\" content=\"Guerre de communication: Idrissa Nogo met en place le Front des journalistes VDP - Vox Sahel\" \/>\n<meta property=\"og:description\" content=\"Face \u00e0 ce qu\u2019il qualifie de \u00ab propagande conspirationniste \u00bb men\u00e9e par les ennemis de\" \/>\n<meta property=\"og:url\" content=\"https:\/\/voxsahel.com\/?p=1877\" \/>\n<meta property=\"og:site_name\" content=\"Vox Sahel\" \/>\n<meta property=\"article:publisher\" content=\"https:\/\/www.facebook.com\/journal.voxsahel\" \/>\n<meta property=\"article:published_time\" content=\"2025-05-03T14:57:36+00:00\" \/>\n<meta property=\"article:modified_time\" content=\"2025-05-03T14:58:31+00:00\" \/>\n<meta property=\"og:image\" content=\"https:\/\/voxsahel.com\/wp-content\/uploads\/2025\/05\/6a726ee0-fc57-4bf2-b682-c624fb0d5042.jpeg\" \/>\n\t<meta property=\"og:image:width\" content=\"1020\" \/>\n\t<meta property=\"og:image:height\" content=\"768\" \/>\n\t<meta property=\"og:image:type\" content=\"image\/jpeg\" \/>\n<meta name=\"author\" content=\"Vox Sahel\" \/>\n<meta name=\"twitter:card\" content=\"summary_large_image\" \/>\n<meta name=\"twitter:label1\" content=\"\u00c9crit par\" \/>\n\t<meta name=\"twitter:data1\" content=\"Vox Sahel\" \/>\n\t<meta name=\"twitter:label2\" content=\"Dur\u00e9e de lecture estim\u00e9e\" \/>\n\t<meta name=\"twitter:data2\" content=\"3 minutes\" \/>\n<script type=\"application\/ld+json\" class=\"yoast-schema-graph\">{\"@context\":\"https:\\\/\\\/schema.org\",\"@graph\":[{\"@type\":\"Article\",\"@id\":\"https:\\\/\\\/voxsahel.com\\\/?p=1877#article\",\"isPartOf\":{\"@id\":\"https:\\\/\\\/voxsahel.com\\\/?p=1877\"},\"author\":{\"name\":\"Vox Sahel\",\"@id\":\"https:\\\/\\\/voxsahel.com\\\/#\\\/schema\\\/person\\\/b4043608248f8fa227cd760e7ff1e19e\"},\"headline\":\"Guerre de communication: Idrissa Nogo met en place le Front des journalistes VDP\",\"datePublished\":\"2025-05-03T14:57:36+00:00\",\"dateModified\":\"2025-05-03T14:58:31+00:00\",\"mainEntityOfPage\":{\"@id\":\"https:\\\/\\\/voxsahel.com\\\/?p=1877\"},\"wordCount\":592,\"commentCount\":0,\"publisher\":{\"@id\":\"https:\\\/\\\/voxsahel.com\\\/#organization\"},\"image\":{\"@id\":\"https:\\\/\\\/voxsahel.com\\\/?p=1877#primaryimage\"},\"thumbnailUrl\":\"https:\\\/\\\/voxsahel.com\\\/wp-content\\\/uploads\\\/2025\\\/05\\\/6a726ee0-fc57-4bf2-b682-c624fb0d5042.jpeg\",\"keywords\":[\"Burkina Faso\",\"Communication\",\"Guerre de communication\",\"Ins\u00e9curit\u00e9\",\"Organisation de la Soci\u00e9t\u00e9 Civile\",\"OSC\",\"Terrorisme\"],\"articleSection\":[\"SOCIETE\"],\"inLanguage\":\"fr-FR\",\"potentialAction\":[{\"@type\":\"CommentAction\",\"name\":\"Comment\",\"target\":[\"https:\\\/\\\/voxsahel.com\\\/?p=1877#respond\"]}]},{\"@type\":\"WebPage\",\"@id\":\"https:\\\/\\\/voxsahel.com\\\/?p=1877\",\"url\":\"https:\\\/\\\/voxsahel.com\\\/?p=1877\",\"name\":\"Guerre de communication: Idrissa Nogo met en place le Front des journalistes VDP - Vox Sahel\",\"isPartOf\":{\"@id\":\"https:\\\/\\\/voxsahel.com\\\/#website\"},\"primaryImageOfPage\":{\"@id\":\"https:\\\/\\\/voxsahel.com\\\/?p=1877#primaryimage\"},\"image\":{\"@id\":\"https:\\\/\\\/voxsahel.com\\\/?p=1877#primaryimage\"},\"thumbnailUrl\":\"https:\\\/\\\/voxsahel.com\\\/wp-content\\\/uploads\\\/2025\\\/05\\\/6a726ee0-fc57-4bf2-b682-c624fb0d5042.jpeg\",\"datePublished\":\"2025-05-03T14:57:36+00:00\",\"dateModified\":\"2025-05-03T14:58:31+00:00\",\"breadcrumb\":{\"@id\":\"https:\\\/\\\/voxsahel.com\\\/?p=1877#breadcrumb\"},\"inLanguage\":\"fr-FR\",\"potentialAction\":[{\"@type\":\"ReadAction\",\"target\":[\"https:\\\/\\\/voxsahel.com\\\/?p=1877\"]}]},{\"@type\":\"ImageObject\",\"inLanguage\":\"fr-FR\",\"@id\":\"https:\\\/\\\/voxsahel.com\\\/?p=1877#primaryimage\",\"url\":\"https:\\\/\\\/voxsahel.com\\\/wp-content\\\/uploads\\\/2025\\\/05\\\/6a726ee0-fc57-4bf2-b682-c624fb0d5042.jpeg\",\"contentUrl\":\"https:\\\/\\\/voxsahel.com\\\/wp-content\\\/uploads\\\/2025\\\/05\\\/6a726ee0-fc57-4bf2-b682-c624fb0d5042.jpeg\",\"width\":1020,\"height\":768},{\"@type\":\"BreadcrumbList\",\"@id\":\"https:\\\/\\\/voxsahel.com\\\/?p=1877#breadcrumb\",\"itemListElement\":[{\"@type\":\"ListItem\",\"position\":1,\"name\":\"Home\",\"item\":\"https:\\\/\\\/voxsahel.com\\\/\"},{\"@type\":\"ListItem\",\"position\":2,\"name\":\"Guerre de communication: Idrissa Nogo met en place le Front des journalistes VDP\"}]},{\"@type\":\"WebSite\",\"@id\":\"https:\\\/\\\/voxsahel.com\\\/#website\",\"url\":\"https:\\\/\\\/voxsahel.com\\\/\",\"name\":\"Vox Sahel\",\"description\":\"Informez-vous sur le Sahel en un clic\",\"publisher\":{\"@id\":\"https:\\\/\\\/voxsahel.com\\\/#organization\"},\"potentialAction\":[{\"@type\":\"SearchAction\",\"target\":{\"@type\":\"EntryPoint\",\"urlTemplate\":\"https:\\\/\\\/voxsahel.com\\\/?s={search_term_string}\"},\"query-input\":{\"@type\":\"PropertyValueSpecification\",\"valueRequired\":true,\"valueName\":\"search_term_string\"}}],\"inLanguage\":\"fr-FR\"},{\"@type\":\"Organization\",\"@id\":\"https:\\\/\\\/voxsahel.com\\\/#organization\",\"name\":\"Vox Sahel\",\"url\":\"https:\\\/\\\/voxsahel.com\\\/\",\"logo\":{\"@type\":\"ImageObject\",\"inLanguage\":\"fr-FR\",\"@id\":\"https:\\\/\\\/voxsahel.com\\\/#\\\/schema\\\/logo\\\/image\\\/\",\"url\":\"https:\\\/\\\/voxsahel.com\\\/wp-content\\\/uploads\\\/2024\\\/09\\\/Logo-Vox-Sahel.jpg\",\"contentUrl\":\"https:\\\/\\\/voxsahel.com\\\/wp-content\\\/uploads\\\/2024\\\/09\\\/Logo-Vox-Sahel.jpg\",\"width\":1181,\"height\":848,\"caption\":\"Vox Sahel\"},\"image\":{\"@id\":\"https:\\\/\\\/voxsahel.com\\\/#\\\/schema\\\/logo\\\/image\\\/\"},\"sameAs\":[\"https:\\\/\\\/www.facebook.com\\\/journal.voxsahel\"]},{\"@type\":\"Person\",\"@id\":\"https:\\\/\\\/voxsahel.com\\\/#\\\/schema\\\/person\\\/b4043608248f8fa227cd760e7ff1e19e\",\"name\":\"Vox Sahel\",\"image\":{\"@type\":\"ImageObject\",\"inLanguage\":\"fr-FR\",\"@id\":\"https:\\\/\\\/secure.gravatar.com\\\/avatar\\\/f70e7fa0cb9b29d4a7c5788d6eb2e9ab4d3135cbae1c9161810fdf77a8964699?s=96&d=mm&r=g\",\"url\":\"https:\\\/\\\/secure.gravatar.com\\\/avatar\\\/f70e7fa0cb9b29d4a7c5788d6eb2e9ab4d3135cbae1c9161810fdf77a8964699?s=96&d=mm&r=g\",\"contentUrl\":\"https:\\\/\\\/secure.gravatar.com\\\/avatar\\\/f70e7fa0cb9b29d4a7c5788d6eb2e9ab4d3135cbae1c9161810fdf77a8964699?s=96&d=mm&r=g\",\"caption\":\"Vox Sahel\"},\"sameAs\":[\"http:\\\/\\\/www.voxsahel.com\"],\"url\":\"https:\\\/\\\/voxsahel.com\\\/?author=2\"}]}<\/script>\n<!-- \/ Yoast SEO plugin. -->","yoast_head_json":{"title":"Guerre de communication: Idrissa Nogo met en place le Front des journalistes VDP - Vox Sahel","robots":{"index":"index","follow":"follow","max-snippet":"max-snippet:-1","max-image-preview":"max-image-preview:large","max-video-preview":"max-video-preview:-1"},"canonical":"https:\/\/voxsahel.com\/?p=1877","og_locale":"fr_FR","og_type":"article","og_title":"Guerre de communication: Idrissa Nogo met en place le Front des journalistes VDP - Vox Sahel","og_description":"Face \u00e0 ce qu\u2019il qualifie de \u00ab propagande conspirationniste \u00bb men\u00e9e par les ennemis de","og_url":"https:\/\/voxsahel.com\/?p=1877","og_site_name":"Vox Sahel","article_publisher":"https:\/\/www.facebook.com\/journal.voxsahel","article_published_time":"2025-05-03T14:57:36+00:00","article_modified_time":"2025-05-03T14:58:31+00:00","og_image":[{"width":1020,"height":768,"url":"https:\/\/voxsahel.com\/wp-content\/uploads\/2025\/05\/6a726ee0-fc57-4bf2-b682-c624fb0d5042.jpeg","type":"image\/jpeg"}],"author":"Vox Sahel","twitter_card":"summary_large_image","twitter_misc":{"\u00c9crit par":"Vox Sahel","Dur\u00e9e de lecture estim\u00e9e":"3 minutes"},"schema":{"@context":"https:\/\/schema.org","@graph":[{"@type":"Article","@id":"https:\/\/voxsahel.com\/?p=1877#article","isPartOf":{"@id":"https:\/\/voxsahel.com\/?p=1877"},"author":{"name":"Vox Sahel","@id":"https:\/\/voxsahel.com\/#\/schema\/person\/b4043608248f8fa227cd760e7ff1e19e"},"headline":"Guerre de communication: Idrissa Nogo met en place le Front des journalistes VDP","datePublished":"2025-05-03T14:57:36+00:00","dateModified":"2025-05-03T14:58:31+00:00","mainEntityOfPage":{"@id":"https:\/\/voxsahel.com\/?p=1877"},"wordCount":592,"commentCount":0,"publisher":{"@id":"https:\/\/voxsahel.com\/#organization"},"image":{"@id":"https:\/\/voxsahel.com\/?p=1877#primaryimage"},"thumbnailUrl":"https:\/\/voxsahel.com\/wp-content\/uploads\/2025\/05\/6a726ee0-fc57-4bf2-b682-c624fb0d5042.jpeg","keywords":["Burkina Faso","Communication","Guerre de communication","Ins\u00e9curit\u00e9","Organisation de la Soci\u00e9t\u00e9 Civile","OSC","Terrorisme"],"articleSection":["SOCIETE"],"inLanguage":"fr-FR","potentialAction":[{"@type":"CommentAction","name":"Comment","target":["https:\/\/voxsahel.com\/?p=1877#respond"]}]},{"@type":"WebPage","@id":"https:\/\/voxsahel.com\/?p=1877","url":"https:\/\/voxsahel.com\/?p=1877","name":"Guerre de communication: Idrissa Nogo met en place le Front des journalistes VDP - Vox Sahel","isPartOf":{"@id":"https:\/\/voxsahel.com\/#website"},"primaryImageOfPage":{"@id":"https:\/\/voxsahel.com\/?p=1877#primaryimage"},"image":{"@id":"https:\/\/voxsahel.com\/?p=1877#primaryimage"},"thumbnailUrl":"https:\/\/voxsahel.com\/wp-content\/uploads\/2025\/05\/6a726ee0-fc57-4bf2-b682-c624fb0d5042.jpeg","datePublished":"2025-05-03T14:57:36+00:00","dateModified":"2025-05-03T14:58:31+00:00","breadcrumb":{"@id":"https:\/\/voxsahel.com\/?p=1877#breadcrumb"},"inLanguage":"fr-FR","potentialAction":[{"@type":"ReadAction","target":["https:\/\/voxsahel.com\/?p=1877"]}]},{"@type":"ImageObject","inLanguage":"fr-FR","@id":"https:\/\/voxsahel.com\/?p=1877#primaryimage","url":"https:\/\/voxsahel.com\/wp-content\/uploads\/2025\/05\/6a726ee0-fc57-4bf2-b682-c624fb0d5042.jpeg","contentUrl":"https:\/\/voxsahel.com\/wp-content\/uploads\/2025\/05\/6a726ee0-fc57-4bf2-b682-c624fb0d5042.jpeg","width":1020,"height":768},{"@type":"BreadcrumbList","@id":"https:\/\/voxsahel.com\/?p=1877#breadcrumb","itemListElement":[{"@type":"ListItem","position":1,"name":"Home","item":"https:\/\/voxsahel.com\/"},{"@type":"ListItem","position":2,"name":"Guerre de communication: Idrissa Nogo met en place le Front des journalistes VDP"}]},{"@type":"WebSite","@id":"https:\/\/voxsahel.com\/#website","url":"https:\/\/voxsahel.com\/","name":"Vox Sahel","description":"Informez-vous sur le Sahel en un clic","publisher":{"@id":"https:\/\/voxsahel.com\/#organization"},"potentialAction":[{"@type":"SearchAction","target":{"@type":"EntryPoint","urlTemplate":"https:\/\/voxsahel.com\/?s={search_term_string}"},"query-input":{"@type":"PropertyValueSpecification","valueRequired":true,"valueName":"search_term_string"}}],"inLanguage":"fr-FR"},{"@type":"Organization","@id":"https:\/\/voxsahel.com\/#organization","name":"Vox Sahel","url":"https:\/\/voxsahel.com\/","logo":{"@type":"ImageObject","inLanguage":"fr-FR","@id":"https:\/\/voxsahel.com\/#\/schema\/logo\/image\/","url":"https:\/\/voxsahel.com\/wp-content\/uploads\/2024\/09\/Logo-Vox-Sahel.jpg","contentUrl":"https:\/\/voxsahel.com\/wp-content\/uploads\/2024\/09\/Logo-Vox-Sahel.jpg","width":1181,"height":848,"caption":"Vox Sahel"},"image":{"@id":"https:\/\/voxsahel.com\/#\/schema\/logo\/image\/"},"sameAs":["https:\/\/www.facebook.com\/journal.voxsahel"]},{"@type":"Person","@id":"https:\/\/voxsahel.com\/#\/schema\/person\/b4043608248f8fa227cd760e7ff1e19e","name":"Vox Sahel","image":{"@type":"ImageObject","inLanguage":"fr-FR","@id":"https:\/\/secure.gravatar.com\/avatar\/f70e7fa0cb9b29d4a7c5788d6eb2e9ab4d3135cbae1c9161810fdf77a8964699?s=96&d=mm&r=g","url":"https:\/\/secure.gravatar.com\/avatar\/f70e7fa0cb9b29d4a7c5788d6eb2e9ab4d3135cbae1c9161810fdf77a8964699?s=96&d=mm&r=g","contentUrl":"https:\/\/secure.gravatar.com\/avatar\/f70e7fa0cb9b29d4a7c5788d6eb2e9ab4d3135cbae1c9161810fdf77a8964699?s=96&d=mm&r=g","caption":"Vox Sahel"},"sameAs":["http:\/\/www.voxsahel.com"],"url":"https:\/\/voxsahel.com\/?author=2"}]}},"_links":{"self":[{"href":"https:\/\/voxsahel.com\/index.php?rest_route=\/wp\/v2\/posts\/1877","targetHints":{"allow":["GET"]}}],"collection":[{"href":"https:\/\/voxsahel.com\/index.php?rest_route=\/wp\/v2\/posts"}],"about":[{"href":"https:\/\/voxsahel.com\/index.php?rest_route=\/wp\/v2\/types\/post"}],"author":[{"embeddable":true,"href":"https:\/\/voxsahel.com\/index.php?rest_route=\/wp\/v2\/users\/2"}],"replies":[{"embeddable":true,"href":"https:\/\/voxsahel.com\/index.php?rest_route=%2Fwp%2Fv2%2Fcomments&post=1877"}],"version-history":[{"count":1,"href":"https:\/\/voxsahel.com\/index.php?rest_route=\/wp\/v2\/posts\/1877\/revisions"}],"predecessor-version":[{"id":1880,"href":"https:\/\/voxsahel.com\/index.php?rest_route=\/wp\/v2\/posts\/1877\/revisions\/1880"}],"wp:featuredmedia":[{"embeddable":true,"href":"https:\/\/voxsahel.com\/index.php?rest_route=\/wp\/v2\/media\/1879"}],"wp:attachment":[{"href":"https:\/\/voxsahel.com\/index.php?rest_route=%2Fwp%2Fv2%2Fmedia&parent=1877"}],"wp:term":[{"taxonomy":"category","embeddable":true,"href":"https:\/\/voxsahel.com\/index.php?rest_route=%2Fwp%2Fv2%2Fcategories&post=1877"},{"taxonomy":"post_tag","embeddable":true,"href":"https:\/\/voxsahel.com\/index.php?rest_route=%2Fwp%2Fv2%2Ftags&post=1877"}],"curies":[{"name":"wp","href":"https:\/\/api.w.org\/{rel}","templated":true}]}}