{"id":1874,"date":"2025-05-02T16:23:59","date_gmt":"2025-05-02T16:23:59","guid":{"rendered":"https:\/\/voxsahel.com\/?p=1874"},"modified":"2025-05-02T16:23:59","modified_gmt":"2025-05-02T16:23:59","slug":"conseil-des-ministres-du-2-mai-2025hausse-de-la-mobilisation-des-ressources-internes","status":"publish","type":"post","link":"https:\/\/voxsahel.com\/?p=1874","title":{"rendered":"CONSEIL DES MINISTRES DU 2 MAI 2025:Hausse de la mobilisation des ressources internes"},"content":{"rendered":"<p>&#8211; Immersion patriotique obligatoire pour les \u00e9l\u00e8ves<\/p>\n<p>&#8211; Hausse de la mobilisation des ressources internes<\/p>\n<p>Le Pr\u00e9sident du Faso, Chef de l\u2019\u00c9tat, le Capitaine Ibrahim TRAOR\u00c9 a pr\u00e9sid\u00e9 ce vendredi, l\u2019hebdomadaire Conseil des ministres. Lors du point fait \u00e0 la presse \u00e0 la fin des travaux, le ministre Porte-parole du gouvernement, Pingdwend\u00e9 Gilbert OUEDRAOGO, a indiqu\u00e9 que plusieurs rapports ont \u00e9t\u00e9 adopt\u00e9s et des d\u00e9cisions importantes prises pour le d\u00e9veloppement socio-\u00e9conomique de notre pays.<\/p>\n<p>Au titre de la Pr\u00e9sidence du Faso, le Conseil a adopt\u00e9 un d\u00e9cret portant institution d\u2019une immersion patriotique obligatoire pour les \u00e9l\u00e8ves admis aux examens scolaires. Cette mesure, selon le Porte-parole du Gouvernement, s\u2019inscrit en droite ligne de l\u2019Initiative pr\u00e9sidentielle pour une \u00e9ducation de qualit\u00e9 pour tous qui pr\u00e9voit en sa composante 7, l\u2019organisation de la discipline scolaire et de la propret\u00e9 des \u00e9tablissements.<\/p>\n<p>Cette immersion permettra d\u2019inculquer aux \u00e9l\u00e8ves des valeurs civiques et patriotiques ainsi que des r\u00e9flexes d\u2019autod\u00e9fense \u00e0 travers une formation th\u00e9orique, physique et sportive. \u00ab Elle concernera les \u00e9l\u00e8ves admis au Brevet d\u2019\u00e9tudes du premier cycle (BEPC), au Certificat d\u2019aptitude professionnel (CAP) et au Baccalaur\u00e9at \u00bb, pr\u00e9cise le Porte-parole du Gouvernement.<\/p>\n<p>\u00ab Cette immersion vise \u00e0 la construction de mod\u00e8le de citoyens et de patriotes qui impacteront positivement la vie de la Nation et ce, dans le cadre du processus de la refondation de la soci\u00e9t\u00e9 burkinab\u00e8, du d\u00e9veloppement et de la consolidation de la fibre patriotique \u00bb, indique le ministre Pingdwend\u00e9 Gilbert OUEDRAOGO.<\/p>\n<p>La phase pilote, qui commence cette ann\u00e9e, concernera les \u00e9l\u00e8ves admis au Baccalaur\u00e9at \u00e0 l\u2019issue des prochains examens scolaires et la dur\u00e9e de cette immersion ainsi que les diff\u00e9rentes modalit\u00e9s seront pr\u00e9cis\u00e9es par un arr\u00eat\u00e9.<\/p>\n<p>Hausse de la mobilisation des ressources internes<\/p>\n<p>Au titre du minist\u00e8re de l\u2019\u00c9conomie et des Finances, le Conseil a adopt\u00e9 un rapport relatif \u00e0 un document de programmation budg\u00e9taire et \u00e9conomique pluriannuel 2026-2028. Selon le ministre de l\u2019\u00c9conomie et des Finances, Aboubakar NACANABO, il s\u2019agit d\u2019un document de planification budg\u00e9taire qui permet \u00ab de prendre en compte les priorit\u00e9s du moment, les tendances au niveau de l\u2019\u00e9conomie mondiale et r\u00e9gionale pour aboutir \u00e0 la planification au niveau national \u00bb.<\/p>\n<p>Ce document de programmation budg\u00e9taire et \u00e9conomique a \u00e9t\u00e9 \u00e9labor\u00e9 en tenant compte des priorit\u00e9s notamment la reconqu\u00eate du territoire, l\u2019autosuffisance alimentaire, la construction des infrastructures routi\u00e8res, le d\u00e9veloppement du capital humain, la relance de l\u2019industrie et la bonne gouvernance, soutient le ministre de l\u2019\u00c9conomie et des Finances.<\/p>\n<p>Pour lui, l\u2019\u00e9laboration de ce document a tenu compte aussi d\u2019un certain nombre d\u2019hypoth\u00e8ses relatives \u00e0 la conjoncture internationale beaucoup plus favorable avec un cours de l\u2019or tr\u00e8s \u00e9lev\u00e9, celui du p\u00e9trole en baisse, qui permet de maitriser les importations et un cours du dollar \u00e0 un niveau acceptable.<\/p>\n<p>Le conseil des ministres du jour a salu\u00e9 les efforts fournis dans la mobilisation des ressources internes avec une tr\u00e8s bonne tendance. \u00ab Nous sommes pass\u00e9s de 3 000 milliards FCFA de ressources mobilis\u00e9es en interne \u00e0 3 200 milliards FCFA, de 2024 \u00e0 2025 et en 2026 nous projetons 3 500 milliards FCFA. Cela est le r\u00e9sultat des diff\u00e9rentes reformes que nous avons engag\u00e9es \u00e0 savoir la digitalisation des proc\u00e9dures de recouvrement et la digitalisation du foncier \u00bb, soutient le ministre NACANABO. Le gouvernement entend mettre l\u2019accent sur la collecte et l\u2019optimisation des imp\u00f4ts fonciers en 2026.<\/p>\n<p>Direction de la communication de la Pr\u00e9sidence du Faso<\/p>\n","protected":false},"excerpt":{"rendered":"<p>&#8211; Immersion patriotique obligatoire pour les \u00e9l\u00e8ves &#8211; Hausse de la mobilisation des ressources internes<\/p>\n","protected":false},"author":2,"featured_media":1875,"comment_status":"open","ping_status":"open","sticky":false,"template":"","format":"standard","meta":{"_et_pb_use_builder":"","_et_pb_old_content":"","_et_gb_content_width":"","footnotes":""},"categories":[1],"tags":[18,588],"class_list":["post-1874","post","type-post","status-publish","format-standard","has-post-thumbnail","hentry","category-faits-divers","tag-burkina-faso","tag-mobilisation-de-recettes"],"yoast_head":"<!-- This site is optimized with the Yoast SEO plugin v27.5 - https:\/\/yoast.com\/product\/yoast-seo-wordpress\/ -->\n<title>CONSEIL DES MINISTRES DU 2 MAI 2025:Hausse de la mobilisation des ressources internes - Vox Sahel<\/title>\n<meta name=\"robots\" content=\"index, follow, max-snippet:-1, max-image-preview:large, max-video-preview:-1\" \/>\n<link rel=\"canonical\" href=\"https:\/\/voxsahel.com\/?p=1874\" \/>\n<meta property=\"og:locale\" content=\"fr_FR\" \/>\n<meta property=\"og:type\" content=\"article\" \/>\n<meta property=\"og:title\" content=\"CONSEIL DES MINISTRES DU 2 MAI 2025:Hausse de la mobilisation des ressources internes - Vox Sahel\" \/>\n<meta property=\"og:description\" content=\"&#8211; Immersion patriotique obligatoire pour les \u00e9l\u00e8ves &#8211; Hausse de la mobilisation des ressources internes\" \/>\n<meta property=\"og:url\" content=\"https:\/\/voxsahel.com\/?p=1874\" \/>\n<meta property=\"og:site_name\" content=\"Vox Sahel\" \/>\n<meta property=\"article:publisher\" content=\"https:\/\/www.facebook.com\/journal.voxsahel\" \/>\n<meta property=\"article:published_time\" content=\"2025-05-02T16:23:59+00:00\" \/>\n<meta property=\"og:image\" content=\"https:\/\/voxsahel.com\/wp-content\/uploads\/2025\/05\/bb6ddc64-49c6-4d5f-95ee-e0cf94a567c2.jpeg\" \/>\n\t<meta property=\"og:image:width\" content=\"1600\" \/>\n\t<meta property=\"og:image:height\" content=\"1067\" \/>\n\t<meta property=\"og:image:type\" content=\"image\/jpeg\" \/>\n<meta name=\"author\" content=\"Vox Sahel\" \/>\n<meta name=\"twitter:card\" content=\"summary_large_image\" \/>\n<meta name=\"twitter:label1\" content=\"\u00c9crit par\" \/>\n\t<meta name=\"twitter:data1\" content=\"Vox Sahel\" \/>\n\t<meta name=\"twitter:label2\" content=\"Dur\u00e9e de lecture estim\u00e9e\" \/>\n\t<meta name=\"twitter:data2\" content=\"4 minutes\" \/>\n<script type=\"application\/ld+json\" class=\"yoast-schema-graph\">{\"@context\":\"https:\\\/\\\/schema.org\",\"@graph\":[{\"@type\":\"Article\",\"@id\":\"https:\\\/\\\/voxsahel.com\\\/?p=1874#article\",\"isPartOf\":{\"@id\":\"https:\\\/\\\/voxsahel.com\\\/?p=1874\"},\"author\":{\"name\":\"Vox Sahel\",\"@id\":\"https:\\\/\\\/voxsahel.com\\\/#\\\/schema\\\/person\\\/b4043608248f8fa227cd760e7ff1e19e\"},\"headline\":\"CONSEIL DES MINISTRES DU 2 MAI 2025:Hausse de la mobilisation des ressources internes\",\"datePublished\":\"2025-05-02T16:23:59+00:00\",\"mainEntityOfPage\":{\"@id\":\"https:\\\/\\\/voxsahel.com\\\/?p=1874\"},\"wordCount\":619,\"commentCount\":0,\"publisher\":{\"@id\":\"https:\\\/\\\/voxsahel.com\\\/#organization\"},\"image\":{\"@id\":\"https:\\\/\\\/voxsahel.com\\\/?p=1874#primaryimage\"},\"thumbnailUrl\":\"https:\\\/\\\/voxsahel.com\\\/wp-content\\\/uploads\\\/2025\\\/05\\\/bb6ddc64-49c6-4d5f-95ee-e0cf94a567c2.jpeg\",\"keywords\":[\"Burkina Faso\",\"Mobilisation de recettes\"],\"articleSection\":[\"FAITS DIVERS\"],\"inLanguage\":\"fr-FR\",\"potentialAction\":[{\"@type\":\"CommentAction\",\"name\":\"Comment\",\"target\":[\"https:\\\/\\\/voxsahel.com\\\/?p=1874#respond\"]}]},{\"@type\":\"WebPage\",\"@id\":\"https:\\\/\\\/voxsahel.com\\\/?p=1874\",\"url\":\"https:\\\/\\\/voxsahel.com\\\/?p=1874\",\"name\":\"CONSEIL DES MINISTRES DU 2 MAI 2025:Hausse de la mobilisation des ressources internes - Vox Sahel\",\"isPartOf\":{\"@id\":\"https:\\\/\\\/voxsahel.com\\\/#website\"},\"primaryImageOfPage\":{\"@id\":\"https:\\\/\\\/voxsahel.com\\\/?p=1874#primaryimage\"},\"image\":{\"@id\":\"https:\\\/\\\/voxsahel.com\\\/?p=1874#primaryimage\"},\"thumbnailUrl\":\"https:\\\/\\\/voxsahel.com\\\/wp-content\\\/uploads\\\/2025\\\/05\\\/bb6ddc64-49c6-4d5f-95ee-e0cf94a567c2.jpeg\",\"datePublished\":\"2025-05-02T16:23:59+00:00\",\"breadcrumb\":{\"@id\":\"https:\\\/\\\/voxsahel.com\\\/?p=1874#breadcrumb\"},\"inLanguage\":\"fr-FR\",\"potentialAction\":[{\"@type\":\"ReadAction\",\"target\":[\"https:\\\/\\\/voxsahel.com\\\/?p=1874\"]}]},{\"@type\":\"ImageObject\",\"inLanguage\":\"fr-FR\",\"@id\":\"https:\\\/\\\/voxsahel.com\\\/?p=1874#primaryimage\",\"url\":\"https:\\\/\\\/voxsahel.com\\\/wp-content\\\/uploads\\\/2025\\\/05\\\/bb6ddc64-49c6-4d5f-95ee-e0cf94a567c2.jpeg\",\"contentUrl\":\"https:\\\/\\\/voxsahel.com\\\/wp-content\\\/uploads\\\/2025\\\/05\\\/bb6ddc64-49c6-4d5f-95ee-e0cf94a567c2.jpeg\",\"width\":1600,\"height\":1067},{\"@type\":\"BreadcrumbList\",\"@id\":\"https:\\\/\\\/voxsahel.com\\\/?p=1874#breadcrumb\",\"itemListElement\":[{\"@type\":\"ListItem\",\"position\":1,\"name\":\"Home\",\"item\":\"https:\\\/\\\/voxsahel.com\\\/\"},{\"@type\":\"ListItem\",\"position\":2,\"name\":\"CONSEIL DES MINISTRES DU 2 MAI 2025:Hausse de la mobilisation des ressources internes\"}]},{\"@type\":\"WebSite\",\"@id\":\"https:\\\/\\\/voxsahel.com\\\/#website\",\"url\":\"https:\\\/\\\/voxsahel.com\\\/\",\"name\":\"Vox Sahel\",\"description\":\"Informez-vous sur le Sahel en un clic\",\"publisher\":{\"@id\":\"https:\\\/\\\/voxsahel.com\\\/#organization\"},\"potentialAction\":[{\"@type\":\"SearchAction\",\"target\":{\"@type\":\"EntryPoint\",\"urlTemplate\":\"https:\\\/\\\/voxsahel.com\\\/?s={search_term_string}\"},\"query-input\":{\"@type\":\"PropertyValueSpecification\",\"valueRequired\":true,\"valueName\":\"search_term_string\"}}],\"inLanguage\":\"fr-FR\"},{\"@type\":\"Organization\",\"@id\":\"https:\\\/\\\/voxsahel.com\\\/#organization\",\"name\":\"Vox Sahel\",\"url\":\"https:\\\/\\\/voxsahel.com\\\/\",\"logo\":{\"@type\":\"ImageObject\",\"inLanguage\":\"fr-FR\",\"@id\":\"https:\\\/\\\/voxsahel.com\\\/#\\\/schema\\\/logo\\\/image\\\/\",\"url\":\"https:\\\/\\\/voxsahel.com\\\/wp-content\\\/uploads\\\/2024\\\/09\\\/Logo-Vox-Sahel.jpg\",\"contentUrl\":\"https:\\\/\\\/voxsahel.com\\\/wp-content\\\/uploads\\\/2024\\\/09\\\/Logo-Vox-Sahel.jpg\",\"width\":1181,\"height\":848,\"caption\":\"Vox Sahel\"},\"image\":{\"@id\":\"https:\\\/\\\/voxsahel.com\\\/#\\\/schema\\\/logo\\\/image\\\/\"},\"sameAs\":[\"https:\\\/\\\/www.facebook.com\\\/journal.voxsahel\"]},{\"@type\":\"Person\",\"@id\":\"https:\\\/\\\/voxsahel.com\\\/#\\\/schema\\\/person\\\/b4043608248f8fa227cd760e7ff1e19e\",\"name\":\"Vox Sahel\",\"image\":{\"@type\":\"ImageObject\",\"inLanguage\":\"fr-FR\",\"@id\":\"https:\\\/\\\/secure.gravatar.com\\\/avatar\\\/f70e7fa0cb9b29d4a7c5788d6eb2e9ab4d3135cbae1c9161810fdf77a8964699?s=96&d=mm&r=g\",\"url\":\"https:\\\/\\\/secure.gravatar.com\\\/avatar\\\/f70e7fa0cb9b29d4a7c5788d6eb2e9ab4d3135cbae1c9161810fdf77a8964699?s=96&d=mm&r=g\",\"contentUrl\":\"https:\\\/\\\/secure.gravatar.com\\\/avatar\\\/f70e7fa0cb9b29d4a7c5788d6eb2e9ab4d3135cbae1c9161810fdf77a8964699?s=96&d=mm&r=g\",\"caption\":\"Vox Sahel\"},\"sameAs\":[\"http:\\\/\\\/www.voxsahel.com\"],\"url\":\"https:\\\/\\\/voxsahel.com\\\/?author=2\"}]}<\/script>\n<!-- \/ Yoast SEO plugin. -->","yoast_head_json":{"title":"CONSEIL DES MINISTRES DU 2 MAI 2025:Hausse de la mobilisation des ressources internes - Vox Sahel","robots":{"index":"index","follow":"follow","max-snippet":"max-snippet:-1","max-image-preview":"max-image-preview:large","max-video-preview":"max-video-preview:-1"},"canonical":"https:\/\/voxsahel.com\/?p=1874","og_locale":"fr_FR","og_type":"article","og_title":"CONSEIL DES MINISTRES DU 2 MAI 2025:Hausse de la mobilisation des ressources internes - Vox Sahel","og_description":"&#8211; Immersion patriotique obligatoire pour les \u00e9l\u00e8ves &#8211; Hausse de la mobilisation des ressources internes","og_url":"https:\/\/voxsahel.com\/?p=1874","og_site_name":"Vox Sahel","article_publisher":"https:\/\/www.facebook.com\/journal.voxsahel","article_published_time":"2025-05-02T16:23:59+00:00","og_image":[{"width":1600,"height":1067,"url":"https:\/\/voxsahel.com\/wp-content\/uploads\/2025\/05\/bb6ddc64-49c6-4d5f-95ee-e0cf94a567c2.jpeg","type":"image\/jpeg"}],"author":"Vox Sahel","twitter_card":"summary_large_image","twitter_misc":{"\u00c9crit par":"Vox Sahel","Dur\u00e9e de lecture estim\u00e9e":"4 minutes"},"schema":{"@context":"https:\/\/schema.org","@graph":[{"@type":"Article","@id":"https:\/\/voxsahel.com\/?p=1874#article","isPartOf":{"@id":"https:\/\/voxsahel.com\/?p=1874"},"author":{"name":"Vox Sahel","@id":"https:\/\/voxsahel.com\/#\/schema\/person\/b4043608248f8fa227cd760e7ff1e19e"},"headline":"CONSEIL DES MINISTRES DU 2 MAI 2025:Hausse de la mobilisation des ressources internes","datePublished":"2025-05-02T16:23:59+00:00","mainEntityOfPage":{"@id":"https:\/\/voxsahel.com\/?p=1874"},"wordCount":619,"commentCount":0,"publisher":{"@id":"https:\/\/voxsahel.com\/#organization"},"image":{"@id":"https:\/\/voxsahel.com\/?p=1874#primaryimage"},"thumbnailUrl":"https:\/\/voxsahel.com\/wp-content\/uploads\/2025\/05\/bb6ddc64-49c6-4d5f-95ee-e0cf94a567c2.jpeg","keywords":["Burkina Faso","Mobilisation de recettes"],"articleSection":["FAITS DIVERS"],"inLanguage":"fr-FR","potentialAction":[{"@type":"CommentAction","name":"Comment","target":["https:\/\/voxsahel.com\/?p=1874#respond"]}]},{"@type":"WebPage","@id":"https:\/\/voxsahel.com\/?p=1874","url":"https:\/\/voxsahel.com\/?p=1874","name":"CONSEIL DES MINISTRES DU 2 MAI 2025:Hausse de la mobilisation des ressources internes - Vox Sahel","isPartOf":{"@id":"https:\/\/voxsahel.com\/#website"},"primaryImageOfPage":{"@id":"https:\/\/voxsahel.com\/?p=1874#primaryimage"},"image":{"@id":"https:\/\/voxsahel.com\/?p=1874#primaryimage"},"thumbnailUrl":"https:\/\/voxsahel.com\/wp-content\/uploads\/2025\/05\/bb6ddc64-49c6-4d5f-95ee-e0cf94a567c2.jpeg","datePublished":"2025-05-02T16:23:59+00:00","breadcrumb":{"@id":"https:\/\/voxsahel.com\/?p=1874#breadcrumb"},"inLanguage":"fr-FR","potentialAction":[{"@type":"ReadAction","target":["https:\/\/voxsahel.com\/?p=1874"]}]},{"@type":"ImageObject","inLanguage":"fr-FR","@id":"https:\/\/voxsahel.com\/?p=1874#primaryimage","url":"https:\/\/voxsahel.com\/wp-content\/uploads\/2025\/05\/bb6ddc64-49c6-4d5f-95ee-e0cf94a567c2.jpeg","contentUrl":"https:\/\/voxsahel.com\/wp-content\/uploads\/2025\/05\/bb6ddc64-49c6-4d5f-95ee-e0cf94a567c2.jpeg","width":1600,"height":1067},{"@type":"BreadcrumbList","@id":"https:\/\/voxsahel.com\/?p=1874#breadcrumb","itemListElement":[{"@type":"ListItem","position":1,"name":"Home","item":"https:\/\/voxsahel.com\/"},{"@type":"ListItem","position":2,"name":"CONSEIL DES MINISTRES DU 2 MAI 2025:Hausse de la mobilisation des ressources internes"}]},{"@type":"WebSite","@id":"https:\/\/voxsahel.com\/#website","url":"https:\/\/voxsahel.com\/","name":"Vox Sahel","description":"Informez-vous sur le Sahel en un clic","publisher":{"@id":"https:\/\/voxsahel.com\/#organization"},"potentialAction":[{"@type":"SearchAction","target":{"@type":"EntryPoint","urlTemplate":"https:\/\/voxsahel.com\/?s={search_term_string}"},"query-input":{"@type":"PropertyValueSpecification","valueRequired":true,"valueName":"search_term_string"}}],"inLanguage":"fr-FR"},{"@type":"Organization","@id":"https:\/\/voxsahel.com\/#organization","name":"Vox Sahel","url":"https:\/\/voxsahel.com\/","logo":{"@type":"ImageObject","inLanguage":"fr-FR","@id":"https:\/\/voxsahel.com\/#\/schema\/logo\/image\/","url":"https:\/\/voxsahel.com\/wp-content\/uploads\/2024\/09\/Logo-Vox-Sahel.jpg","contentUrl":"https:\/\/voxsahel.com\/wp-content\/uploads\/2024\/09\/Logo-Vox-Sahel.jpg","width":1181,"height":848,"caption":"Vox Sahel"},"image":{"@id":"https:\/\/voxsahel.com\/#\/schema\/logo\/image\/"},"sameAs":["https:\/\/www.facebook.com\/journal.voxsahel"]},{"@type":"Person","@id":"https:\/\/voxsahel.com\/#\/schema\/person\/b4043608248f8fa227cd760e7ff1e19e","name":"Vox Sahel","image":{"@type":"ImageObject","inLanguage":"fr-FR","@id":"https:\/\/secure.gravatar.com\/avatar\/f70e7fa0cb9b29d4a7c5788d6eb2e9ab4d3135cbae1c9161810fdf77a8964699?s=96&d=mm&r=g","url":"https:\/\/secure.gravatar.com\/avatar\/f70e7fa0cb9b29d4a7c5788d6eb2e9ab4d3135cbae1c9161810fdf77a8964699?s=96&d=mm&r=g","contentUrl":"https:\/\/secure.gravatar.com\/avatar\/f70e7fa0cb9b29d4a7c5788d6eb2e9ab4d3135cbae1c9161810fdf77a8964699?s=96&d=mm&r=g","caption":"Vox Sahel"},"sameAs":["http:\/\/www.voxsahel.com"],"url":"https:\/\/voxsahel.com\/?author=2"}]}},"_links":{"self":[{"href":"https:\/\/voxsahel.com\/index.php?rest_route=\/wp\/v2\/posts\/1874","targetHints":{"allow":["GET"]}}],"collection":[{"href":"https:\/\/voxsahel.com\/index.php?rest_route=\/wp\/v2\/posts"}],"about":[{"href":"https:\/\/voxsahel.com\/index.php?rest_route=\/wp\/v2\/types\/post"}],"author":[{"embeddable":true,"href":"https:\/\/voxsahel.com\/index.php?rest_route=\/wp\/v2\/users\/2"}],"replies":[{"embeddable":true,"href":"https:\/\/voxsahel.com\/index.php?rest_route=%2Fwp%2Fv2%2Fcomments&post=1874"}],"version-history":[{"count":1,"href":"https:\/\/voxsahel.com\/index.php?rest_route=\/wp\/v2\/posts\/1874\/revisions"}],"predecessor-version":[{"id":1876,"href":"https:\/\/voxsahel.com\/index.php?rest_route=\/wp\/v2\/posts\/1874\/revisions\/1876"}],"wp:featuredmedia":[{"embeddable":true,"href":"https:\/\/voxsahel.com\/index.php?rest_route=\/wp\/v2\/media\/1875"}],"wp:attachment":[{"href":"https:\/\/voxsahel.com\/index.php?rest_route=%2Fwp%2Fv2%2Fmedia&parent=1874"}],"wp:term":[{"taxonomy":"category","embeddable":true,"href":"https:\/\/voxsahel.com\/index.php?rest_route=%2Fwp%2Fv2%2Fcategories&post=1874"},{"taxonomy":"post_tag","embeddable":true,"href":"https:\/\/voxsahel.com\/index.php?rest_route=%2Fwp%2Fv2%2Ftags&post=1874"}],"curies":[{"name":"wp","href":"https:\/\/api.w.org\/{rel}","templated":true}]}}