{"id":1871,"date":"2025-05-02T10:36:07","date_gmt":"2025-05-02T10:36:07","guid":{"rendered":"https:\/\/voxsahel.com\/?p=1871"},"modified":"2025-05-02T10:36:07","modified_gmt":"2025-05-02T10:36:07","slug":"decrypt-meeting-du-30-avril-2025-en-soutien-au-capitaine-ibrahim-traore-une-mobilisation-historique-qui-marque-un-tournant-dans-la-conscience-africaine","status":"publish","type":"post","link":"https:\/\/voxsahel.com\/?p=1871","title":{"rendered":"D\u00e9crypt\/Meeting du  30 avril 2025 en soutien au capitaine Ibrahim Traor\u00e9 : Une mobilisation historique qui marque un tournant dans la conscience africaine"},"content":{"rendered":"<p class=\"p1\">Le 30 avril 2025 restera dans les annales, non seulement comme un jour de mobilisation nationale au Burkina Faso, mais surtout comme un moment de rupture historique dans la trajectoire de l\u2019Afrique souveraine. La Place de la R\u00e9volution \u00e0 Ouagadougou, noire de monde, a \u00e9t\u00e9 le th\u00e9\u00e2tre d\u2019un meeting aux allures de soul\u00e8vement populaire, o\u00f9 toutes les couches sociales ont r\u00e9pondu \u00e0 l\u2019appel de la Veille citoyenne.<\/p>\n<p class=\"p1\"><span class=\"s1\">Ce n\u2019\u00e9tait pas qu\u2019une simple manifestation de soutien au Capitaine Ibrahim Traor\u00e9 ; c\u2019\u00e9tait un message puissant, envoy\u00e9 aux quatre coins du monde. Jamais un tel rassemblement n\u2019a autant r\u00e9sonn\u00e9 au-del\u00e0 des fronti\u00e8res nationales. <\/span><\/p>\n<p class=\"p1\"><span class=\"s2\">\u00c0 travers les slogans, les discours et la ferveur patriotique, c\u2019est tout un continent qui a exprim\u00e9 sa soif de libert\u00e9, sa volont\u00e9 de briser les cha\u00eenes de la d\u00e9pendance, et son refus cat\u00e9gorique de toute ing\u00e9rence \u00e9trang\u00e8re<\/span><span class=\"s1\">. <\/span><\/p>\n<p class=\"p1\"><span class=\"s1\">Ce n\u2019est pas exag\u00e9r\u00e9 de dire que ce jour-l\u00e0, l\u2019Afrique a parl\u00e9 d\u2019une seule voix, celle de la dignit\u00e9, de la souverainet\u00e9 retrouv\u00e9e, de l\u2019\u00e9veil des consciences. Ce meeting ne fut pas seulement une d\u00e9monstration de force : il fut une d\u00e9monstration de maturit\u00e9 politique, un signal clair que les peuples africains ne sont plus dispos\u00e9s \u00e0 rester spectateurs de leur propre destin. <\/span><\/p>\n<p class=\"p1\"><span class=\"s1\">Les interventions vibrantes de figures comme Honor\u00e9 Samadoulgou, Bassolma Bazi\u00e9 ou encore le Premier ministre Rimtalba Jean-Emmanuel Ou\u00e9draogo ont donn\u00e9 le ton d\u2019un nouvel ordre panafricain en gestation, incarn\u00e9 par des leaders d\u00e9cid\u00e9s \u00e0 tourner la page du n\u00e9ocolonialisme. En riposte aux propos jug\u00e9s arrogants du g\u00e9n\u00e9ral Michael Langley, la foule a oppos\u00e9 une conscience africaine \u00e9veill\u00e9e, lucide, et d\u00e9termin\u00e9e \u00e0 ne plus plier. <\/span><\/p>\n<p class=\"p1\"><span class=\"s1\">Ce n\u2019est pas un simple \u00e9v\u00e9nement m\u00e9diatique ; c\u2019est un acte fondateur, une lame de fond qui traverse le Sahel et au-del\u00e0. Le 30 avril 2025, l\u2019Histoire s\u2019est \u00e9crite \u00e0 Ouagadougou. Et elle s\u2019est \u00e9crite en lettres de courage, de dignit\u00e9 et d\u2019ind\u00e9pendance.<\/span><\/p>\n<p class=\"p1\" style=\"text-align: right;\"><strong><span class=\"s1\">La R\u00e9daction<\/span><\/strong><\/p>\n","protected":false},"excerpt":{"rendered":"<p>Le 30 avril 2025 restera dans les annales, non seulement comme un jour de mobilisation<\/p>\n","protected":false},"author":2,"featured_media":1872,"comment_status":"open","ping_status":"open","sticky":false,"template":"","format":"standard","meta":{"_et_pb_use_builder":"","_et_pb_old_content":"","_et_gb_content_width":"","footnotes":""},"categories":[6],"tags":[18,174,411,103,491],"class_list":["post-1871","post","type-post","status-publish","format-standard","has-post-thumbnail","hentry","category-politique","tag-burkina-faso","tag-capitaine-ibrahim-traore","tag-commune-de-ouagadougou","tag-ouagadougou","tag-rimtalba-jean-emmanuel-ouedraogo"],"yoast_head":"<!-- This site is optimized with the Yoast SEO plugin v27.5 - https:\/\/yoast.com\/product\/yoast-seo-wordpress\/ -->\n<title>D\u00e9crypt\/Meeting du 30 avril 2025 en soutien au capitaine Ibrahim Traor\u00e9 : Une mobilisation historique qui marque un tournant dans la conscience africaine - Vox Sahel<\/title>\n<meta name=\"robots\" content=\"index, follow, max-snippet:-1, max-image-preview:large, max-video-preview:-1\" \/>\n<link rel=\"canonical\" href=\"https:\/\/voxsahel.com\/?p=1871\" \/>\n<meta property=\"og:locale\" content=\"fr_FR\" \/>\n<meta property=\"og:type\" content=\"article\" \/>\n<meta property=\"og:title\" content=\"D\u00e9crypt\/Meeting du 30 avril 2025 en soutien au capitaine Ibrahim Traor\u00e9 : Une mobilisation historique qui marque un tournant dans la conscience africaine - Vox Sahel\" \/>\n<meta property=\"og:description\" content=\"Le 30 avril 2025 restera dans les annales, non seulement comme un jour de mobilisation\" \/>\n<meta property=\"og:url\" content=\"https:\/\/voxsahel.com\/?p=1871\" \/>\n<meta property=\"og:site_name\" content=\"Vox Sahel\" \/>\n<meta property=\"article:publisher\" content=\"https:\/\/www.facebook.com\/journal.voxsahel\" \/>\n<meta property=\"article:published_time\" content=\"2025-05-02T10:36:07+00:00\" \/>\n<meta property=\"og:image\" content=\"https:\/\/voxsahel.com\/wp-content\/uploads\/2025\/05\/IMG_0073.jpeg\" \/>\n\t<meta property=\"og:image:width\" content=\"2048\" \/>\n\t<meta property=\"og:image:height\" content=\"1320\" \/>\n\t<meta property=\"og:image:type\" content=\"image\/jpeg\" \/>\n<meta name=\"author\" content=\"Vox Sahel\" \/>\n<meta name=\"twitter:card\" content=\"summary_large_image\" \/>\n<meta name=\"twitter:label1\" content=\"\u00c9crit par\" \/>\n\t<meta name=\"twitter:data1\" content=\"Vox Sahel\" \/>\n\t<meta name=\"twitter:label2\" content=\"Dur\u00e9e de lecture estim\u00e9e\" \/>\n\t<meta name=\"twitter:data2\" content=\"2 minutes\" \/>\n<script type=\"application\/ld+json\" class=\"yoast-schema-graph\">{\"@context\":\"https:\\\/\\\/schema.org\",\"@graph\":[{\"@type\":\"Article\",\"@id\":\"https:\\\/\\\/voxsahel.com\\\/?p=1871#article\",\"isPartOf\":{\"@id\":\"https:\\\/\\\/voxsahel.com\\\/?p=1871\"},\"author\":{\"name\":\"Vox Sahel\",\"@id\":\"https:\\\/\\\/voxsahel.com\\\/#\\\/schema\\\/person\\\/b4043608248f8fa227cd760e7ff1e19e\"},\"headline\":\"D\u00e9crypt\\\/Meeting du 30 avril 2025 en soutien au capitaine Ibrahim Traor\u00e9 : Une mobilisation historique qui marque un tournant dans la conscience africaine\",\"datePublished\":\"2025-05-02T10:36:07+00:00\",\"mainEntityOfPage\":{\"@id\":\"https:\\\/\\\/voxsahel.com\\\/?p=1871\"},\"wordCount\":368,\"commentCount\":0,\"publisher\":{\"@id\":\"https:\\\/\\\/voxsahel.com\\\/#organization\"},\"image\":{\"@id\":\"https:\\\/\\\/voxsahel.com\\\/?p=1871#primaryimage\"},\"thumbnailUrl\":\"https:\\\/\\\/voxsahel.com\\\/wp-content\\\/uploads\\\/2025\\\/05\\\/IMG_0073.jpeg\",\"keywords\":[\"Burkina Faso\",\"Capitaine Ibrahim Traor\u00e9\",\"Commune de Ouagadougou\",\"Ouagadougou\",\"Rimtalba Jean Emmanuel Ou\u00e9draogo\"],\"articleSection\":[\"POLITIQUE\"],\"inLanguage\":\"fr-FR\",\"potentialAction\":[{\"@type\":\"CommentAction\",\"name\":\"Comment\",\"target\":[\"https:\\\/\\\/voxsahel.com\\\/?p=1871#respond\"]}]},{\"@type\":\"WebPage\",\"@id\":\"https:\\\/\\\/voxsahel.com\\\/?p=1871\",\"url\":\"https:\\\/\\\/voxsahel.com\\\/?p=1871\",\"name\":\"D\u00e9crypt\\\/Meeting du 30 avril 2025 en soutien au capitaine Ibrahim Traor\u00e9 : Une mobilisation historique qui marque un tournant dans la conscience africaine - Vox Sahel\",\"isPartOf\":{\"@id\":\"https:\\\/\\\/voxsahel.com\\\/#website\"},\"primaryImageOfPage\":{\"@id\":\"https:\\\/\\\/voxsahel.com\\\/?p=1871#primaryimage\"},\"image\":{\"@id\":\"https:\\\/\\\/voxsahel.com\\\/?p=1871#primaryimage\"},\"thumbnailUrl\":\"https:\\\/\\\/voxsahel.com\\\/wp-content\\\/uploads\\\/2025\\\/05\\\/IMG_0073.jpeg\",\"datePublished\":\"2025-05-02T10:36:07+00:00\",\"breadcrumb\":{\"@id\":\"https:\\\/\\\/voxsahel.com\\\/?p=1871#breadcrumb\"},\"inLanguage\":\"fr-FR\",\"potentialAction\":[{\"@type\":\"ReadAction\",\"target\":[\"https:\\\/\\\/voxsahel.com\\\/?p=1871\"]}]},{\"@type\":\"ImageObject\",\"inLanguage\":\"fr-FR\",\"@id\":\"https:\\\/\\\/voxsahel.com\\\/?p=1871#primaryimage\",\"url\":\"https:\\\/\\\/voxsahel.com\\\/wp-content\\\/uploads\\\/2025\\\/05\\\/IMG_0073.jpeg\",\"contentUrl\":\"https:\\\/\\\/voxsahel.com\\\/wp-content\\\/uploads\\\/2025\\\/05\\\/IMG_0073.jpeg\",\"width\":2048,\"height\":1320},{\"@type\":\"BreadcrumbList\",\"@id\":\"https:\\\/\\\/voxsahel.com\\\/?p=1871#breadcrumb\",\"itemListElement\":[{\"@type\":\"ListItem\",\"position\":1,\"name\":\"Home\",\"item\":\"https:\\\/\\\/voxsahel.com\\\/\"},{\"@type\":\"ListItem\",\"position\":2,\"name\":\"D\u00e9crypt\\\/Meeting du 30 avril 2025 en soutien au capitaine Ibrahim Traor\u00e9 : Une mobilisation historique qui marque un tournant dans la conscience africaine\"}]},{\"@type\":\"WebSite\",\"@id\":\"https:\\\/\\\/voxsahel.com\\\/#website\",\"url\":\"https:\\\/\\\/voxsahel.com\\\/\",\"name\":\"Vox Sahel\",\"description\":\"Informez-vous sur le Sahel en un clic\",\"publisher\":{\"@id\":\"https:\\\/\\\/voxsahel.com\\\/#organization\"},\"potentialAction\":[{\"@type\":\"SearchAction\",\"target\":{\"@type\":\"EntryPoint\",\"urlTemplate\":\"https:\\\/\\\/voxsahel.com\\\/?s={search_term_string}\"},\"query-input\":{\"@type\":\"PropertyValueSpecification\",\"valueRequired\":true,\"valueName\":\"search_term_string\"}}],\"inLanguage\":\"fr-FR\"},{\"@type\":\"Organization\",\"@id\":\"https:\\\/\\\/voxsahel.com\\\/#organization\",\"name\":\"Vox Sahel\",\"url\":\"https:\\\/\\\/voxsahel.com\\\/\",\"logo\":{\"@type\":\"ImageObject\",\"inLanguage\":\"fr-FR\",\"@id\":\"https:\\\/\\\/voxsahel.com\\\/#\\\/schema\\\/logo\\\/image\\\/\",\"url\":\"https:\\\/\\\/voxsahel.com\\\/wp-content\\\/uploads\\\/2024\\\/09\\\/Logo-Vox-Sahel.jpg\",\"contentUrl\":\"https:\\\/\\\/voxsahel.com\\\/wp-content\\\/uploads\\\/2024\\\/09\\\/Logo-Vox-Sahel.jpg\",\"width\":1181,\"height\":848,\"caption\":\"Vox Sahel\"},\"image\":{\"@id\":\"https:\\\/\\\/voxsahel.com\\\/#\\\/schema\\\/logo\\\/image\\\/\"},\"sameAs\":[\"https:\\\/\\\/www.facebook.com\\\/journal.voxsahel\"]},{\"@type\":\"Person\",\"@id\":\"https:\\\/\\\/voxsahel.com\\\/#\\\/schema\\\/person\\\/b4043608248f8fa227cd760e7ff1e19e\",\"name\":\"Vox Sahel\",\"image\":{\"@type\":\"ImageObject\",\"inLanguage\":\"fr-FR\",\"@id\":\"https:\\\/\\\/secure.gravatar.com\\\/avatar\\\/f70e7fa0cb9b29d4a7c5788d6eb2e9ab4d3135cbae1c9161810fdf77a8964699?s=96&d=mm&r=g\",\"url\":\"https:\\\/\\\/secure.gravatar.com\\\/avatar\\\/f70e7fa0cb9b29d4a7c5788d6eb2e9ab4d3135cbae1c9161810fdf77a8964699?s=96&d=mm&r=g\",\"contentUrl\":\"https:\\\/\\\/secure.gravatar.com\\\/avatar\\\/f70e7fa0cb9b29d4a7c5788d6eb2e9ab4d3135cbae1c9161810fdf77a8964699?s=96&d=mm&r=g\",\"caption\":\"Vox Sahel\"},\"sameAs\":[\"http:\\\/\\\/www.voxsahel.com\"],\"url\":\"https:\\\/\\\/voxsahel.com\\\/?author=2\"}]}<\/script>\n<!-- \/ Yoast SEO plugin. -->","yoast_head_json":{"title":"D\u00e9crypt\/Meeting du 30 avril 2025 en soutien au capitaine Ibrahim Traor\u00e9 : Une mobilisation historique qui marque un tournant dans la conscience africaine - Vox Sahel","robots":{"index":"index","follow":"follow","max-snippet":"max-snippet:-1","max-image-preview":"max-image-preview:large","max-video-preview":"max-video-preview:-1"},"canonical":"https:\/\/voxsahel.com\/?p=1871","og_locale":"fr_FR","og_type":"article","og_title":"D\u00e9crypt\/Meeting du 30 avril 2025 en soutien au capitaine Ibrahim Traor\u00e9 : Une mobilisation historique qui marque un tournant dans la conscience africaine - Vox Sahel","og_description":"Le 30 avril 2025 restera dans les annales, non seulement comme un jour de mobilisation","og_url":"https:\/\/voxsahel.com\/?p=1871","og_site_name":"Vox Sahel","article_publisher":"https:\/\/www.facebook.com\/journal.voxsahel","article_published_time":"2025-05-02T10:36:07+00:00","og_image":[{"width":2048,"height":1320,"url":"https:\/\/voxsahel.com\/wp-content\/uploads\/2025\/05\/IMG_0073.jpeg","type":"image\/jpeg"}],"author":"Vox Sahel","twitter_card":"summary_large_image","twitter_misc":{"\u00c9crit par":"Vox Sahel","Dur\u00e9e de lecture estim\u00e9e":"2 minutes"},"schema":{"@context":"https:\/\/schema.org","@graph":[{"@type":"Article","@id":"https:\/\/voxsahel.com\/?p=1871#article","isPartOf":{"@id":"https:\/\/voxsahel.com\/?p=1871"},"author":{"name":"Vox Sahel","@id":"https:\/\/voxsahel.com\/#\/schema\/person\/b4043608248f8fa227cd760e7ff1e19e"},"headline":"D\u00e9crypt\/Meeting du 30 avril 2025 en soutien au capitaine Ibrahim Traor\u00e9 : Une mobilisation historique qui marque un tournant dans la conscience africaine","datePublished":"2025-05-02T10:36:07+00:00","mainEntityOfPage":{"@id":"https:\/\/voxsahel.com\/?p=1871"},"wordCount":368,"commentCount":0,"publisher":{"@id":"https:\/\/voxsahel.com\/#organization"},"image":{"@id":"https:\/\/voxsahel.com\/?p=1871#primaryimage"},"thumbnailUrl":"https:\/\/voxsahel.com\/wp-content\/uploads\/2025\/05\/IMG_0073.jpeg","keywords":["Burkina Faso","Capitaine Ibrahim Traor\u00e9","Commune de Ouagadougou","Ouagadougou","Rimtalba Jean Emmanuel Ou\u00e9draogo"],"articleSection":["POLITIQUE"],"inLanguage":"fr-FR","potentialAction":[{"@type":"CommentAction","name":"Comment","target":["https:\/\/voxsahel.com\/?p=1871#respond"]}]},{"@type":"WebPage","@id":"https:\/\/voxsahel.com\/?p=1871","url":"https:\/\/voxsahel.com\/?p=1871","name":"D\u00e9crypt\/Meeting du 30 avril 2025 en soutien au capitaine Ibrahim Traor\u00e9 : Une mobilisation historique qui marque un tournant dans la conscience africaine - Vox Sahel","isPartOf":{"@id":"https:\/\/voxsahel.com\/#website"},"primaryImageOfPage":{"@id":"https:\/\/voxsahel.com\/?p=1871#primaryimage"},"image":{"@id":"https:\/\/voxsahel.com\/?p=1871#primaryimage"},"thumbnailUrl":"https:\/\/voxsahel.com\/wp-content\/uploads\/2025\/05\/IMG_0073.jpeg","datePublished":"2025-05-02T10:36:07+00:00","breadcrumb":{"@id":"https:\/\/voxsahel.com\/?p=1871#breadcrumb"},"inLanguage":"fr-FR","potentialAction":[{"@type":"ReadAction","target":["https:\/\/voxsahel.com\/?p=1871"]}]},{"@type":"ImageObject","inLanguage":"fr-FR","@id":"https:\/\/voxsahel.com\/?p=1871#primaryimage","url":"https:\/\/voxsahel.com\/wp-content\/uploads\/2025\/05\/IMG_0073.jpeg","contentUrl":"https:\/\/voxsahel.com\/wp-content\/uploads\/2025\/05\/IMG_0073.jpeg","width":2048,"height":1320},{"@type":"BreadcrumbList","@id":"https:\/\/voxsahel.com\/?p=1871#breadcrumb","itemListElement":[{"@type":"ListItem","position":1,"name":"Home","item":"https:\/\/voxsahel.com\/"},{"@type":"ListItem","position":2,"name":"D\u00e9crypt\/Meeting du 30 avril 2025 en soutien au capitaine Ibrahim Traor\u00e9 : Une mobilisation historique qui marque un tournant dans la conscience africaine"}]},{"@type":"WebSite","@id":"https:\/\/voxsahel.com\/#website","url":"https:\/\/voxsahel.com\/","name":"Vox Sahel","description":"Informez-vous sur le Sahel en un clic","publisher":{"@id":"https:\/\/voxsahel.com\/#organization"},"potentialAction":[{"@type":"SearchAction","target":{"@type":"EntryPoint","urlTemplate":"https:\/\/voxsahel.com\/?s={search_term_string}"},"query-input":{"@type":"PropertyValueSpecification","valueRequired":true,"valueName":"search_term_string"}}],"inLanguage":"fr-FR"},{"@type":"Organization","@id":"https:\/\/voxsahel.com\/#organization","name":"Vox Sahel","url":"https:\/\/voxsahel.com\/","logo":{"@type":"ImageObject","inLanguage":"fr-FR","@id":"https:\/\/voxsahel.com\/#\/schema\/logo\/image\/","url":"https:\/\/voxsahel.com\/wp-content\/uploads\/2024\/09\/Logo-Vox-Sahel.jpg","contentUrl":"https:\/\/voxsahel.com\/wp-content\/uploads\/2024\/09\/Logo-Vox-Sahel.jpg","width":1181,"height":848,"caption":"Vox Sahel"},"image":{"@id":"https:\/\/voxsahel.com\/#\/schema\/logo\/image\/"},"sameAs":["https:\/\/www.facebook.com\/journal.voxsahel"]},{"@type":"Person","@id":"https:\/\/voxsahel.com\/#\/schema\/person\/b4043608248f8fa227cd760e7ff1e19e","name":"Vox Sahel","image":{"@type":"ImageObject","inLanguage":"fr-FR","@id":"https:\/\/secure.gravatar.com\/avatar\/f70e7fa0cb9b29d4a7c5788d6eb2e9ab4d3135cbae1c9161810fdf77a8964699?s=96&d=mm&r=g","url":"https:\/\/secure.gravatar.com\/avatar\/f70e7fa0cb9b29d4a7c5788d6eb2e9ab4d3135cbae1c9161810fdf77a8964699?s=96&d=mm&r=g","contentUrl":"https:\/\/secure.gravatar.com\/avatar\/f70e7fa0cb9b29d4a7c5788d6eb2e9ab4d3135cbae1c9161810fdf77a8964699?s=96&d=mm&r=g","caption":"Vox Sahel"},"sameAs":["http:\/\/www.voxsahel.com"],"url":"https:\/\/voxsahel.com\/?author=2"}]}},"_links":{"self":[{"href":"https:\/\/voxsahel.com\/index.php?rest_route=\/wp\/v2\/posts\/1871","targetHints":{"allow":["GET"]}}],"collection":[{"href":"https:\/\/voxsahel.com\/index.php?rest_route=\/wp\/v2\/posts"}],"about":[{"href":"https:\/\/voxsahel.com\/index.php?rest_route=\/wp\/v2\/types\/post"}],"author":[{"embeddable":true,"href":"https:\/\/voxsahel.com\/index.php?rest_route=\/wp\/v2\/users\/2"}],"replies":[{"embeddable":true,"href":"https:\/\/voxsahel.com\/index.php?rest_route=%2Fwp%2Fv2%2Fcomments&post=1871"}],"version-history":[{"count":1,"href":"https:\/\/voxsahel.com\/index.php?rest_route=\/wp\/v2\/posts\/1871\/revisions"}],"predecessor-version":[{"id":1873,"href":"https:\/\/voxsahel.com\/index.php?rest_route=\/wp\/v2\/posts\/1871\/revisions\/1873"}],"wp:featuredmedia":[{"embeddable":true,"href":"https:\/\/voxsahel.com\/index.php?rest_route=\/wp\/v2\/media\/1872"}],"wp:attachment":[{"href":"https:\/\/voxsahel.com\/index.php?rest_route=%2Fwp%2Fv2%2Fmedia&parent=1871"}],"wp:term":[{"taxonomy":"category","embeddable":true,"href":"https:\/\/voxsahel.com\/index.php?rest_route=%2Fwp%2Fv2%2Fcategories&post=1871"},{"taxonomy":"post_tag","embeddable":true,"href":"https:\/\/voxsahel.com\/index.php?rest_route=%2Fwp%2Fv2%2Ftags&post=1871"}],"curies":[{"name":"wp","href":"https:\/\/api.w.org\/{rel}","templated":true}]}}