{"id":1867,"date":"2025-05-01T23:11:46","date_gmt":"2025-05-01T23:11:46","guid":{"rendered":"https:\/\/voxsahel.com\/?p=1867"},"modified":"2025-05-01T23:11:46","modified_gmt":"2025-05-01T23:11:46","slug":"1er-mai-2025-au-burkina-faso-lunite-daction-syndicale-eleve-la-voix-avec-une-plateforme-revendicative-musclee","status":"publish","type":"post","link":"https:\/\/voxsahel.com\/?p=1867","title":{"rendered":"1er mai 2025 au Burkina Faso : L\u2019Unit\u00e9 d\u2019Action Syndicale \u00e9l\u00e8ve la voix avec une plateforme revendicative muscl\u00e9e"},"content":{"rendered":"<p class=\"p1\"><span class=\"s2\">Ce 1er mai 2025, \u00e0 l\u2019occasion de la Journ\u00e9e internationale des travailleurs, l\u2019Unit\u00e9 d\u2019Action Syndicale (UAS), forte de ses centrales syndicales et de ses syndicats autonomes, a d\u00e9voil\u00e9 une plateforme revendicative ambitieuse. Elle r\u00e9affirme les pr\u00e9occupations des ann\u00e9es pr\u00e9c\u00e9dentes, encore non satisfaites, et y ajoute de nouvelles revendications en lien avec l\u2019actualit\u00e9 nationale.<\/span><\/p>\n<p class=\"p1\"><span class=\"s3\">Sous le mot d\u2019ordre de la <\/span><span class=\"s1\">justice sociale, de la s\u00e9curit\u00e9 et de la dignit\u00e9 pour les travailleurs<\/span><span class=\"s3\">, les syndicats unissent leurs voix pour interpeller les autorit\u00e9s sur des enjeux cruciaux : s\u00e9curit\u00e9 nationale, libert\u00e9s fondamentales, gouvernance, et conditions de vie des citoyens.<\/span><\/p>\n<p class=\"p1\"><span class=\"s3\">La plateforme insiste d\u2019abord sur la <\/span><span class=\"s1\">garantie de la s\u00e9curit\u00e9 des populations et des biens sur tout le territoire<\/span><span class=\"s3\">, en appelant au <\/span><span class=\"s1\">retour s\u00e9curis\u00e9 des personnes d\u00e9plac\u00e9es internes (PDI)<\/span><span class=\"s3\">. Elle exige \u00e9galement une <\/span><span class=\"s1\">prise en charge effective des victimes du terrorisme<\/span><span class=\"s3\">, y compris les ayants droits des Forces de D\u00e9fense et de S\u00e9curit\u00e9 (FDS) et des Volontaires pour la D\u00e9fense de la Patrie (VDP).<\/span><\/p>\n<p class=\"p1\"><span class=\"s3\">Les syndicats demandent des <\/span><span class=\"s1\">conditions s\u00fbres de travail<\/span><span class=\"s3\"> dans les zones \u00e0 haut risque, et d\u00e9noncent la pr\u00e9sence de forces \u00e9trang\u00e8res sur le sol burkinab\u00e8, r\u00e9clamant leur d\u00e9part.<\/span><\/p>\n<p class=\"p1\"><span class=\"s3\">L\u2019UAS appelle au <\/span><span class=\"s1\">respect des libert\u00e9s d\u2019association et de manifestation<\/span><span class=\"s3\">, ainsi qu\u2019\u00e0 la <\/span><span class=\"s1\">lib\u00e9ration des d\u00e9tenus jug\u00e9s arbitraires<\/span><span class=\"s3\">. Le cas du secr\u00e9taire g\u00e9n\u00e9ral de la CGT-B, licenci\u00e9 dans un contexte de tensions politiques, est mis en avant, les syndicats exigeant l\u2019annulation de ce qu\u2019ils qualifient de sanction injuste.<\/span><\/p>\n<p class=\"p1\"><span class=\"s3\">Ils plaident \u00e9galement pour une <\/span><span class=\"s1\">relecture du code p\u00e9nal<\/span><span class=\"s3\">, afin de garantir le droit \u00e0 l\u2019information et <\/span><span class=\"s1\">d\u00e9criminaliser l\u2019insurrection<\/span><span class=\"s3\">, tout en demandant l\u2019am\u00e9lioration des infrastructures syndicales, notamment \u00e0 Tenkodogo.<\/span><\/p>\n<p class=\"p1\"><span class=\"s3\">La plateforme demande la <\/span><span class=\"s1\">judiciarisation des audits<\/span><span class=\"s3\"> dans les minist\u00e8res et grandes soci\u00e9t\u00e9s d\u2019\u00c9tat comme la SONABEL, la SONABHY, l\u2019ONEA ou la LONAB. Les syndicats r\u00e9clament \u00e9galement la <\/span><span class=\"s1\">publication des accords militaires, \u00e9conomiques et culturels<\/span><span class=\"s3\">, dans un souci de transparence.<\/span><\/p>\n<p class=\"p1\"><span class=\"s3\">Ils s\u2019opposent \u00e0 toute <\/span><span class=\"s1\">ing\u00e9rence de l\u2019\u00c9tat dans les caisses de pr\u00e9voyance sociale<\/span><span class=\"s3\"> (CARFO, CNSS) et exigent l\u2019arr\u00eat des ponctions jug\u00e9es abusives.<\/span><\/p>\n<p class=\"p3\"><span class=\"s3\">Face \u00e0 la vie ch\u00e8re, les syndicats appellent \u00e0 une <\/span><span class=\"s1\">revalorisation des pensions<\/span><span class=\"s3\">, une <\/span><span class=\"s1\">instauration d\u2019une assurance-ch\u00f4mage<\/span><span class=\"s3\">, et une <\/span><span class=\"s1\">augmentation du SMIG<\/span><span class=\"s3\">, avec impact sur les salaires du secteur priv\u00e9.<\/span><\/p>\n<p class=\"p1\"><span class=\"s3\">Ils demandent aussi une <\/span><span class=\"s1\">r\u00e9vision des d\u00e9crets encadrant les r\u00e9mun\u00e9rations et indemnit\u00e9s<\/span><span class=\"s3\">, ainsi que la <\/span><span class=\"s1\">r\u00e9glementation des loyers et du prix des parcelles<\/span><span class=\"s3\">, pour garantir un minimum de justice sociale.<\/span><\/p>\n<p class=\"p1\"><span class=\"s3\">Le texte fait \u00e9galement mention de revendications pr\u00e9cises, comme la <\/span><span class=\"s1\">ratification de conventions internationales<\/span><span class=\"s3\"> sur la s\u00e9curit\u00e9 au travail, la <\/span><span class=\"s1\">relecture du Code du travail<\/span><span class=\"s3\">, ou encore la <\/span><span class=\"s1\">prise en compte des recommandations de l\u2019UAS<\/span><span class=\"s3\"> dans l\u2019impl\u00e9mentation de l\u2019Assurance Maladie Universelle (AMU).<\/span><\/p>\n<p class=\"p1\"><span class=\"s3\">Malgr\u00e9 les difficult\u00e9s et un contexte national tendu, l\u2019UAS affiche sa d\u00e9termination \u00e0 d\u00e9fendre les droits des travailleurs. Cette plateforme revendicative se veut un <\/span><span class=\"s1\">rappel fort \u00e0 l\u2019\u00c9tat<\/span><span class=\"s3\">, soulignant l\u2019urgence d\u2019agir sur des probl\u00e9matiques qui, selon les syndicats, mettent en p\u00e9ril <\/span><span class=\"s1\">la coh\u00e9sion sociale, la justice et le d\u00e9veloppement \u00e9quitable<\/span><span class=\"s3\"> du pays.<\/span><\/p>\n","protected":false},"excerpt":{"rendered":"<p>Ce 1er mai 2025, \u00e0 l\u2019occasion de la Journ\u00e9e internationale des travailleurs, l\u2019Unit\u00e9 d\u2019Action Syndicale<\/p>\n","protected":false},"author":2,"featured_media":1868,"comment_status":"open","ping_status":"open","sticky":false,"template":"","format":"standard","meta":{"_et_pb_use_builder":"","_et_pb_old_content":"","_et_gb_content_width":"","footnotes":""},"categories":[1],"tags":[43,18,721,64,605,720,722],"class_list":["post-1867","post","type-post","status-publish","format-standard","has-post-thumbnail","hentry","category-faits-divers","tag-association","tag-burkina-faso","tag-cgt-b","tag-organisation-de-la-societe-civile","tag-syndicat","tag-uas","tag-unite-daction-syndicale"],"yoast_head":"<!-- This site is optimized with the Yoast SEO plugin v27.5 - https:\/\/yoast.com\/product\/yoast-seo-wordpress\/ -->\n<title>1er mai 2025 au Burkina Faso : L\u2019Unit\u00e9 d\u2019Action Syndicale \u00e9l\u00e8ve la voix avec une plateforme revendicative muscl\u00e9e - Vox Sahel<\/title>\n<meta name=\"robots\" content=\"index, follow, max-snippet:-1, max-image-preview:large, max-video-preview:-1\" \/>\n<link rel=\"canonical\" href=\"https:\/\/voxsahel.com\/?p=1867\" \/>\n<meta property=\"og:locale\" content=\"fr_FR\" \/>\n<meta property=\"og:type\" content=\"article\" \/>\n<meta property=\"og:title\" content=\"1er mai 2025 au Burkina Faso : L\u2019Unit\u00e9 d\u2019Action Syndicale \u00e9l\u00e8ve la voix avec une plateforme revendicative muscl\u00e9e - Vox Sahel\" \/>\n<meta property=\"og:description\" content=\"Ce 1er mai 2025, \u00e0 l\u2019occasion de la Journ\u00e9e internationale des travailleurs, l\u2019Unit\u00e9 d\u2019Action Syndicale\" \/>\n<meta property=\"og:url\" content=\"https:\/\/voxsahel.com\/?p=1867\" \/>\n<meta property=\"og:site_name\" content=\"Vox Sahel\" \/>\n<meta property=\"article:publisher\" content=\"https:\/\/www.facebook.com\/journal.voxsahel\" \/>\n<meta property=\"article:published_time\" content=\"2025-05-01T23:11:46+00:00\" \/>\n<meta property=\"og:image\" content=\"https:\/\/voxsahel.com\/wp-content\/uploads\/2025\/05\/IMG_9825.jpeg\" \/>\n\t<meta property=\"og:image:width\" content=\"2048\" \/>\n\t<meta property=\"og:image:height\" content=\"1536\" \/>\n\t<meta property=\"og:image:type\" content=\"image\/jpeg\" \/>\n<meta name=\"author\" content=\"Vox Sahel\" \/>\n<meta name=\"twitter:card\" content=\"summary_large_image\" \/>\n<meta name=\"twitter:label1\" content=\"\u00c9crit par\" \/>\n\t<meta name=\"twitter:data1\" content=\"Vox Sahel\" \/>\n\t<meta name=\"twitter:label2\" content=\"Dur\u00e9e de lecture estim\u00e9e\" \/>\n\t<meta name=\"twitter:data2\" content=\"3 minutes\" \/>\n<script type=\"application\/ld+json\" class=\"yoast-schema-graph\">{\"@context\":\"https:\\\/\\\/schema.org\",\"@graph\":[{\"@type\":\"Article\",\"@id\":\"https:\\\/\\\/voxsahel.com\\\/?p=1867#article\",\"isPartOf\":{\"@id\":\"https:\\\/\\\/voxsahel.com\\\/?p=1867\"},\"author\":{\"name\":\"Vox Sahel\",\"@id\":\"https:\\\/\\\/voxsahel.com\\\/#\\\/schema\\\/person\\\/b4043608248f8fa227cd760e7ff1e19e\"},\"headline\":\"1er mai 2025 au Burkina Faso : L\u2019Unit\u00e9 d\u2019Action Syndicale \u00e9l\u00e8ve la voix avec une plateforme revendicative muscl\u00e9e\",\"datePublished\":\"2025-05-01T23:11:46+00:00\",\"mainEntityOfPage\":{\"@id\":\"https:\\\/\\\/voxsahel.com\\\/?p=1867\"},\"wordCount\":576,\"commentCount\":0,\"publisher\":{\"@id\":\"https:\\\/\\\/voxsahel.com\\\/#organization\"},\"image\":{\"@id\":\"https:\\\/\\\/voxsahel.com\\\/?p=1867#primaryimage\"},\"thumbnailUrl\":\"https:\\\/\\\/voxsahel.com\\\/wp-content\\\/uploads\\\/2025\\\/05\\\/IMG_9825.jpeg\",\"keywords\":[\"Association\",\"Burkina Faso\",\"CGT-B\",\"Organisation de la Soci\u00e9t\u00e9 Civile\",\"Syndicat\",\"UAS\",\"Unit\u00e9 d\u2019Action Syndicale\"],\"articleSection\":[\"FAITS DIVERS\"],\"inLanguage\":\"fr-FR\",\"potentialAction\":[{\"@type\":\"CommentAction\",\"name\":\"Comment\",\"target\":[\"https:\\\/\\\/voxsahel.com\\\/?p=1867#respond\"]}]},{\"@type\":\"WebPage\",\"@id\":\"https:\\\/\\\/voxsahel.com\\\/?p=1867\",\"url\":\"https:\\\/\\\/voxsahel.com\\\/?p=1867\",\"name\":\"1er mai 2025 au Burkina Faso : L\u2019Unit\u00e9 d\u2019Action Syndicale \u00e9l\u00e8ve la voix avec une plateforme revendicative muscl\u00e9e - Vox Sahel\",\"isPartOf\":{\"@id\":\"https:\\\/\\\/voxsahel.com\\\/#website\"},\"primaryImageOfPage\":{\"@id\":\"https:\\\/\\\/voxsahel.com\\\/?p=1867#primaryimage\"},\"image\":{\"@id\":\"https:\\\/\\\/voxsahel.com\\\/?p=1867#primaryimage\"},\"thumbnailUrl\":\"https:\\\/\\\/voxsahel.com\\\/wp-content\\\/uploads\\\/2025\\\/05\\\/IMG_9825.jpeg\",\"datePublished\":\"2025-05-01T23:11:46+00:00\",\"breadcrumb\":{\"@id\":\"https:\\\/\\\/voxsahel.com\\\/?p=1867#breadcrumb\"},\"inLanguage\":\"fr-FR\",\"potentialAction\":[{\"@type\":\"ReadAction\",\"target\":[\"https:\\\/\\\/voxsahel.com\\\/?p=1867\"]}]},{\"@type\":\"ImageObject\",\"inLanguage\":\"fr-FR\",\"@id\":\"https:\\\/\\\/voxsahel.com\\\/?p=1867#primaryimage\",\"url\":\"https:\\\/\\\/voxsahel.com\\\/wp-content\\\/uploads\\\/2025\\\/05\\\/IMG_9825.jpeg\",\"contentUrl\":\"https:\\\/\\\/voxsahel.com\\\/wp-content\\\/uploads\\\/2025\\\/05\\\/IMG_9825.jpeg\",\"width\":2048,\"height\":1536},{\"@type\":\"BreadcrumbList\",\"@id\":\"https:\\\/\\\/voxsahel.com\\\/?p=1867#breadcrumb\",\"itemListElement\":[{\"@type\":\"ListItem\",\"position\":1,\"name\":\"Home\",\"item\":\"https:\\\/\\\/voxsahel.com\\\/\"},{\"@type\":\"ListItem\",\"position\":2,\"name\":\"1er mai 2025 au Burkina Faso : L\u2019Unit\u00e9 d\u2019Action Syndicale \u00e9l\u00e8ve la voix avec une plateforme revendicative muscl\u00e9e\"}]},{\"@type\":\"WebSite\",\"@id\":\"https:\\\/\\\/voxsahel.com\\\/#website\",\"url\":\"https:\\\/\\\/voxsahel.com\\\/\",\"name\":\"Vox Sahel\",\"description\":\"Informez-vous sur le Sahel en un clic\",\"publisher\":{\"@id\":\"https:\\\/\\\/voxsahel.com\\\/#organization\"},\"potentialAction\":[{\"@type\":\"SearchAction\",\"target\":{\"@type\":\"EntryPoint\",\"urlTemplate\":\"https:\\\/\\\/voxsahel.com\\\/?s={search_term_string}\"},\"query-input\":{\"@type\":\"PropertyValueSpecification\",\"valueRequired\":true,\"valueName\":\"search_term_string\"}}],\"inLanguage\":\"fr-FR\"},{\"@type\":\"Organization\",\"@id\":\"https:\\\/\\\/voxsahel.com\\\/#organization\",\"name\":\"Vox Sahel\",\"url\":\"https:\\\/\\\/voxsahel.com\\\/\",\"logo\":{\"@type\":\"ImageObject\",\"inLanguage\":\"fr-FR\",\"@id\":\"https:\\\/\\\/voxsahel.com\\\/#\\\/schema\\\/logo\\\/image\\\/\",\"url\":\"https:\\\/\\\/voxsahel.com\\\/wp-content\\\/uploads\\\/2024\\\/09\\\/Logo-Vox-Sahel.jpg\",\"contentUrl\":\"https:\\\/\\\/voxsahel.com\\\/wp-content\\\/uploads\\\/2024\\\/09\\\/Logo-Vox-Sahel.jpg\",\"width\":1181,\"height\":848,\"caption\":\"Vox Sahel\"},\"image\":{\"@id\":\"https:\\\/\\\/voxsahel.com\\\/#\\\/schema\\\/logo\\\/image\\\/\"},\"sameAs\":[\"https:\\\/\\\/www.facebook.com\\\/journal.voxsahel\"]},{\"@type\":\"Person\",\"@id\":\"https:\\\/\\\/voxsahel.com\\\/#\\\/schema\\\/person\\\/b4043608248f8fa227cd760e7ff1e19e\",\"name\":\"Vox Sahel\",\"image\":{\"@type\":\"ImageObject\",\"inLanguage\":\"fr-FR\",\"@id\":\"https:\\\/\\\/secure.gravatar.com\\\/avatar\\\/f70e7fa0cb9b29d4a7c5788d6eb2e9ab4d3135cbae1c9161810fdf77a8964699?s=96&d=mm&r=g\",\"url\":\"https:\\\/\\\/secure.gravatar.com\\\/avatar\\\/f70e7fa0cb9b29d4a7c5788d6eb2e9ab4d3135cbae1c9161810fdf77a8964699?s=96&d=mm&r=g\",\"contentUrl\":\"https:\\\/\\\/secure.gravatar.com\\\/avatar\\\/f70e7fa0cb9b29d4a7c5788d6eb2e9ab4d3135cbae1c9161810fdf77a8964699?s=96&d=mm&r=g\",\"caption\":\"Vox Sahel\"},\"sameAs\":[\"http:\\\/\\\/www.voxsahel.com\"],\"url\":\"https:\\\/\\\/voxsahel.com\\\/?author=2\"}]}<\/script>\n<!-- \/ Yoast SEO plugin. -->","yoast_head_json":{"title":"1er mai 2025 au Burkina Faso : L\u2019Unit\u00e9 d\u2019Action Syndicale \u00e9l\u00e8ve la voix avec une plateforme revendicative muscl\u00e9e - Vox Sahel","robots":{"index":"index","follow":"follow","max-snippet":"max-snippet:-1","max-image-preview":"max-image-preview:large","max-video-preview":"max-video-preview:-1"},"canonical":"https:\/\/voxsahel.com\/?p=1867","og_locale":"fr_FR","og_type":"article","og_title":"1er mai 2025 au Burkina Faso : L\u2019Unit\u00e9 d\u2019Action Syndicale \u00e9l\u00e8ve la voix avec une plateforme revendicative muscl\u00e9e - Vox Sahel","og_description":"Ce 1er mai 2025, \u00e0 l\u2019occasion de la Journ\u00e9e internationale des travailleurs, l\u2019Unit\u00e9 d\u2019Action Syndicale","og_url":"https:\/\/voxsahel.com\/?p=1867","og_site_name":"Vox Sahel","article_publisher":"https:\/\/www.facebook.com\/journal.voxsahel","article_published_time":"2025-05-01T23:11:46+00:00","og_image":[{"width":2048,"height":1536,"url":"https:\/\/voxsahel.com\/wp-content\/uploads\/2025\/05\/IMG_9825.jpeg","type":"image\/jpeg"}],"author":"Vox Sahel","twitter_card":"summary_large_image","twitter_misc":{"\u00c9crit par":"Vox Sahel","Dur\u00e9e de lecture estim\u00e9e":"3 minutes"},"schema":{"@context":"https:\/\/schema.org","@graph":[{"@type":"Article","@id":"https:\/\/voxsahel.com\/?p=1867#article","isPartOf":{"@id":"https:\/\/voxsahel.com\/?p=1867"},"author":{"name":"Vox Sahel","@id":"https:\/\/voxsahel.com\/#\/schema\/person\/b4043608248f8fa227cd760e7ff1e19e"},"headline":"1er mai 2025 au Burkina Faso : L\u2019Unit\u00e9 d\u2019Action Syndicale \u00e9l\u00e8ve la voix avec une plateforme revendicative muscl\u00e9e","datePublished":"2025-05-01T23:11:46+00:00","mainEntityOfPage":{"@id":"https:\/\/voxsahel.com\/?p=1867"},"wordCount":576,"commentCount":0,"publisher":{"@id":"https:\/\/voxsahel.com\/#organization"},"image":{"@id":"https:\/\/voxsahel.com\/?p=1867#primaryimage"},"thumbnailUrl":"https:\/\/voxsahel.com\/wp-content\/uploads\/2025\/05\/IMG_9825.jpeg","keywords":["Association","Burkina Faso","CGT-B","Organisation de la Soci\u00e9t\u00e9 Civile","Syndicat","UAS","Unit\u00e9 d\u2019Action Syndicale"],"articleSection":["FAITS DIVERS"],"inLanguage":"fr-FR","potentialAction":[{"@type":"CommentAction","name":"Comment","target":["https:\/\/voxsahel.com\/?p=1867#respond"]}]},{"@type":"WebPage","@id":"https:\/\/voxsahel.com\/?p=1867","url":"https:\/\/voxsahel.com\/?p=1867","name":"1er mai 2025 au Burkina Faso : L\u2019Unit\u00e9 d\u2019Action Syndicale \u00e9l\u00e8ve la voix avec une plateforme revendicative muscl\u00e9e - Vox Sahel","isPartOf":{"@id":"https:\/\/voxsahel.com\/#website"},"primaryImageOfPage":{"@id":"https:\/\/voxsahel.com\/?p=1867#primaryimage"},"image":{"@id":"https:\/\/voxsahel.com\/?p=1867#primaryimage"},"thumbnailUrl":"https:\/\/voxsahel.com\/wp-content\/uploads\/2025\/05\/IMG_9825.jpeg","datePublished":"2025-05-01T23:11:46+00:00","breadcrumb":{"@id":"https:\/\/voxsahel.com\/?p=1867#breadcrumb"},"inLanguage":"fr-FR","potentialAction":[{"@type":"ReadAction","target":["https:\/\/voxsahel.com\/?p=1867"]}]},{"@type":"ImageObject","inLanguage":"fr-FR","@id":"https:\/\/voxsahel.com\/?p=1867#primaryimage","url":"https:\/\/voxsahel.com\/wp-content\/uploads\/2025\/05\/IMG_9825.jpeg","contentUrl":"https:\/\/voxsahel.com\/wp-content\/uploads\/2025\/05\/IMG_9825.jpeg","width":2048,"height":1536},{"@type":"BreadcrumbList","@id":"https:\/\/voxsahel.com\/?p=1867#breadcrumb","itemListElement":[{"@type":"ListItem","position":1,"name":"Home","item":"https:\/\/voxsahel.com\/"},{"@type":"ListItem","position":2,"name":"1er mai 2025 au Burkina Faso : L\u2019Unit\u00e9 d\u2019Action Syndicale \u00e9l\u00e8ve la voix avec une plateforme revendicative muscl\u00e9e"}]},{"@type":"WebSite","@id":"https:\/\/voxsahel.com\/#website","url":"https:\/\/voxsahel.com\/","name":"Vox Sahel","description":"Informez-vous sur le Sahel en un clic","publisher":{"@id":"https:\/\/voxsahel.com\/#organization"},"potentialAction":[{"@type":"SearchAction","target":{"@type":"EntryPoint","urlTemplate":"https:\/\/voxsahel.com\/?s={search_term_string}"},"query-input":{"@type":"PropertyValueSpecification","valueRequired":true,"valueName":"search_term_string"}}],"inLanguage":"fr-FR"},{"@type":"Organization","@id":"https:\/\/voxsahel.com\/#organization","name":"Vox Sahel","url":"https:\/\/voxsahel.com\/","logo":{"@type":"ImageObject","inLanguage":"fr-FR","@id":"https:\/\/voxsahel.com\/#\/schema\/logo\/image\/","url":"https:\/\/voxsahel.com\/wp-content\/uploads\/2024\/09\/Logo-Vox-Sahel.jpg","contentUrl":"https:\/\/voxsahel.com\/wp-content\/uploads\/2024\/09\/Logo-Vox-Sahel.jpg","width":1181,"height":848,"caption":"Vox Sahel"},"image":{"@id":"https:\/\/voxsahel.com\/#\/schema\/logo\/image\/"},"sameAs":["https:\/\/www.facebook.com\/journal.voxsahel"]},{"@type":"Person","@id":"https:\/\/voxsahel.com\/#\/schema\/person\/b4043608248f8fa227cd760e7ff1e19e","name":"Vox Sahel","image":{"@type":"ImageObject","inLanguage":"fr-FR","@id":"https:\/\/secure.gravatar.com\/avatar\/f70e7fa0cb9b29d4a7c5788d6eb2e9ab4d3135cbae1c9161810fdf77a8964699?s=96&d=mm&r=g","url":"https:\/\/secure.gravatar.com\/avatar\/f70e7fa0cb9b29d4a7c5788d6eb2e9ab4d3135cbae1c9161810fdf77a8964699?s=96&d=mm&r=g","contentUrl":"https:\/\/secure.gravatar.com\/avatar\/f70e7fa0cb9b29d4a7c5788d6eb2e9ab4d3135cbae1c9161810fdf77a8964699?s=96&d=mm&r=g","caption":"Vox Sahel"},"sameAs":["http:\/\/www.voxsahel.com"],"url":"https:\/\/voxsahel.com\/?author=2"}]}},"_links":{"self":[{"href":"https:\/\/voxsahel.com\/index.php?rest_route=\/wp\/v2\/posts\/1867","targetHints":{"allow":["GET"]}}],"collection":[{"href":"https:\/\/voxsahel.com\/index.php?rest_route=\/wp\/v2\/posts"}],"about":[{"href":"https:\/\/voxsahel.com\/index.php?rest_route=\/wp\/v2\/types\/post"}],"author":[{"embeddable":true,"href":"https:\/\/voxsahel.com\/index.php?rest_route=\/wp\/v2\/users\/2"}],"replies":[{"embeddable":true,"href":"https:\/\/voxsahel.com\/index.php?rest_route=%2Fwp%2Fv2%2Fcomments&post=1867"}],"version-history":[{"count":1,"href":"https:\/\/voxsahel.com\/index.php?rest_route=\/wp\/v2\/posts\/1867\/revisions"}],"predecessor-version":[{"id":1869,"href":"https:\/\/voxsahel.com\/index.php?rest_route=\/wp\/v2\/posts\/1867\/revisions\/1869"}],"wp:featuredmedia":[{"embeddable":true,"href":"https:\/\/voxsahel.com\/index.php?rest_route=\/wp\/v2\/media\/1868"}],"wp:attachment":[{"href":"https:\/\/voxsahel.com\/index.php?rest_route=%2Fwp%2Fv2%2Fmedia&parent=1867"}],"wp:term":[{"taxonomy":"category","embeddable":true,"href":"https:\/\/voxsahel.com\/index.php?rest_route=%2Fwp%2Fv2%2Fcategories&post=1867"},{"taxonomy":"post_tag","embeddable":true,"href":"https:\/\/voxsahel.com\/index.php?rest_route=%2Fwp%2Fv2%2Ftags&post=1867"}],"curies":[{"name":"wp","href":"https:\/\/api.w.org\/{rel}","templated":true}]}}