{"id":1858,"date":"2025-05-01T19:06:39","date_gmt":"2025-05-01T19:06:39","guid":{"rendered":"https:\/\/voxsahel.com\/?p=1858"},"modified":"2025-05-01T19:06:39","modified_gmt":"2025-05-01T19:06:39","slug":"site-maraicher-du-8-mars-des-femmes-du-village-de-zongo-la-concretisation-dune-promesse-du-chef-de-letat","status":"publish","type":"post","link":"https:\/\/voxsahel.com\/?p=1858","title":{"rendered":"Site mara\u00eecher du 8-Mars des femmes du village de Zongo : la concr\u00e9tisation d\u2019une promesse du Chef de l\u2019\u00c9tat"},"content":{"rendered":"<p>Le Directeur de cabinet du Pr\u00e9sident du Faso, le Capitaine Martha C\u00e9leste Anderson Dekomwin MEDAH a proc\u00e9d\u00e9, ce jeudi \u00e0 la r\u00e9ception officielle des travaux d\u2019am\u00e9nagement du site mara\u00eecher du 8-Mars des femmes du village de Zongo, dans la commune de Loumbila, r\u00e9gion du Plateau-Central.<\/p>\n<figure id=\"attachment_1859\" aria-describedby=\"caption-attachment-1859\" style=\"width: 640px\" class=\"wp-caption aligncenter\"><img loading=\"lazy\" decoding=\"async\" class=\"size-large wp-image-1859\" src=\"https:\/\/voxsahel.com\/wp-content\/uploads\/2025\/05\/WhatsApp-Image-2025-05-01-at-16.56.35-1024x683.jpeg\" alt=\"Le Directeur de Cabinet du Pr\u00e9sident du Faso, le Capitaine Martha C\u00e9leste Anderson Dekomwin MEDAH, actionnant le dispositif de remplissage d\u2019un bassin d\u2019irrigation\" width=\"640\" height=\"427\" srcset=\"https:\/\/voxsahel.com\/wp-content\/uploads\/2025\/05\/WhatsApp-Image-2025-05-01-at-16.56.35-1024x683.jpeg 1024w, https:\/\/voxsahel.com\/wp-content\/uploads\/2025\/05\/WhatsApp-Image-2025-05-01-at-16.56.35-300x200.jpeg 300w, https:\/\/voxsahel.com\/wp-content\/uploads\/2025\/05\/WhatsApp-Image-2025-05-01-at-16.56.35-768x512.jpeg 768w, https:\/\/voxsahel.com\/wp-content\/uploads\/2025\/05\/WhatsApp-Image-2025-05-01-at-16.56.35-1536x1024.jpeg 1536w, https:\/\/voxsahel.com\/wp-content\/uploads\/2025\/05\/WhatsApp-Image-2025-05-01-at-16.56.35-2048x1365.jpeg 2048w, https:\/\/voxsahel.com\/wp-content\/uploads\/2025\/05\/WhatsApp-Image-2025-05-01-at-16.56.35-1080x720.jpeg 1080w, https:\/\/voxsahel.com\/wp-content\/uploads\/2025\/05\/WhatsApp-Image-2025-05-01-at-16.56.35-610x407.jpeg 610w\" sizes=\"(max-width: 640px) 100vw, 640px\" \/><figcaption id=\"caption-attachment-1859\" class=\"wp-caption-text\"><strong>Le Directeur de Cabinet du Pr\u00e9sident du Faso, le Capitaine Martha C\u00e9leste Anderson Dekomwin MEDAH, actionnant le dispositif de remplissage d\u2019un bassin d\u2019irrigation<\/strong><\/figcaption><\/figure>\n<p>D\u2019une superficie de 3,76 hectares, le site a \u00e9t\u00e9 cl\u00f4tur\u00e9. Il y a d\u00e9sormais deux forages, un ch\u00e2teau d\u2019eau et 15 bassins qui y sont r\u00e9alis\u00e9s. C\u2019est la concr\u00e9tisation d\u2019une promesse faite par le Pr\u00e9sident du Faso, Chef de l\u2019\u00c9tat, le Capitaine Ibrahim TRAOR\u00c9 lors d\u2019une visite inopin\u00e9e le 6 mars 2025 dans le cadre de la journ\u00e9e internationale des droits de la femme.<\/p>\n<p>Et ce sont des b\u00e9n\u00e9ficiaires en liesse et visiblement satisfaites avec \u00e0 leur t\u00eate le Gouverneur de la r\u00e9gion du Plateau-Central qui ont r\u00e9serv\u00e9 un accueil \u00e0 la hauteur de leur joie au Directeur de cabinet du Pr\u00e9sident du Faso qui a proc\u00e9d\u00e9 \u00e0 la mise en eau officielle du dispositif d\u2019irrigation. Il a remis par la m\u00eame occasion, des intrants notamment de l\u2019engrais, des semences et des outils agricoles aux femmes qui exploitent le site.<\/p>\n<figure id=\"attachment_1860\" aria-describedby=\"caption-attachment-1860\" style=\"width: 640px\" class=\"wp-caption aligncenter\"><img loading=\"lazy\" decoding=\"async\" class=\"wp-image-1860 size-large\" src=\"https:\/\/voxsahel.com\/wp-content\/uploads\/2025\/05\/WhatsApp-Image-2025-05-01-at-16.57.39-1024x683.jpeg\" alt=\"\u00ab C\u2019est par le travail que nous nous \u00e9mancipons, c\u2019est par le travail que nous restons loin des vices, c\u2019est par le travail que nous d\u00e9veloppons une Nation \u00bb, soutient le Capitaine Martha, C\u00e9leste Anderson Dekomwin MEDAH\" width=\"640\" height=\"427\" srcset=\"https:\/\/voxsahel.com\/wp-content\/uploads\/2025\/05\/WhatsApp-Image-2025-05-01-at-16.57.39-1024x683.jpeg 1024w, https:\/\/voxsahel.com\/wp-content\/uploads\/2025\/05\/WhatsApp-Image-2025-05-01-at-16.57.39-300x200.jpeg 300w, https:\/\/voxsahel.com\/wp-content\/uploads\/2025\/05\/WhatsApp-Image-2025-05-01-at-16.57.39-768x512.jpeg 768w, https:\/\/voxsahel.com\/wp-content\/uploads\/2025\/05\/WhatsApp-Image-2025-05-01-at-16.57.39-1536x1024.jpeg 1536w, https:\/\/voxsahel.com\/wp-content\/uploads\/2025\/05\/WhatsApp-Image-2025-05-01-at-16.57.39-2048x1365.jpeg 2048w, https:\/\/voxsahel.com\/wp-content\/uploads\/2025\/05\/WhatsApp-Image-2025-05-01-at-16.57.39-1080x720.jpeg 1080w, https:\/\/voxsahel.com\/wp-content\/uploads\/2025\/05\/WhatsApp-Image-2025-05-01-at-16.57.39-610x407.jpeg 610w\" sizes=\"(max-width: 640px) 100vw, 640px\" \/><figcaption id=\"caption-attachment-1860\" class=\"wp-caption-text\"><strong><em>\u00ab C\u2019est par le travail que nous nous \u00e9mancipons, c\u2019est par le travail que nous restons loin des vices, c\u2019est par le travail que nous d\u00e9veloppons une Nation \u00bb<\/em>, soutient le Capitaine Martha, C\u00e9leste Anderson Dekomwin MEDAH<\/strong><\/figcaption><\/figure>\n<p>Le Directeur de cabinet a tenu \u00e0 rassurer l\u2019ensemble de la population sur l\u2019engagement et la d\u00e9termination du Chef de l\u2019\u00c9tat, le Capitaine Ibrahim TRAOR\u00c9, \u00e0 travailler toujours avec le peuple pour pr\u00e9server les int\u00e9r\u00eats du Burkina Faso. \u00ab Le Chef de l\u2019\u00c9tat porte chaque Burkinab\u00e8 dans son c\u0153ur et il est important que nous puissions faire corps avec lui, que nous puissions avoir cette vision commune du Burkina que nous souhaitons \u00bb a-t-il soulign\u00e9.<\/p>\n<figure id=\"attachment_1861\" aria-describedby=\"caption-attachment-1861\" style=\"width: 640px\" class=\"wp-caption aligncenter\"><img loading=\"lazy\" decoding=\"async\" class=\"size-large wp-image-1861\" src=\"https:\/\/voxsahel.com\/wp-content\/uploads\/2025\/05\/WhatsApp-Image-2025-05-01-at-16.57.54-1024x683.jpeg\" alt=\"\u00ab Nous avons un Chef d\u2019\u00c9tat qui aime ses concitoyens, qui aime le travail et qui aime un peuple qui se bat pour l\u2019autosuffisance alimentaire \u00bb, indique Elise OUEDRAOGO, la repr\u00e9sentante des b\u00e9n\u00e9ficiaires.\" width=\"640\" height=\"427\" srcset=\"https:\/\/voxsahel.com\/wp-content\/uploads\/2025\/05\/WhatsApp-Image-2025-05-01-at-16.57.54-1024x683.jpeg 1024w, https:\/\/voxsahel.com\/wp-content\/uploads\/2025\/05\/WhatsApp-Image-2025-05-01-at-16.57.54-300x200.jpeg 300w, https:\/\/voxsahel.com\/wp-content\/uploads\/2025\/05\/WhatsApp-Image-2025-05-01-at-16.57.54-768x512.jpeg 768w, https:\/\/voxsahel.com\/wp-content\/uploads\/2025\/05\/WhatsApp-Image-2025-05-01-at-16.57.54-1536x1024.jpeg 1536w, https:\/\/voxsahel.com\/wp-content\/uploads\/2025\/05\/WhatsApp-Image-2025-05-01-at-16.57.54-2048x1365.jpeg 2048w, https:\/\/voxsahel.com\/wp-content\/uploads\/2025\/05\/WhatsApp-Image-2025-05-01-at-16.57.54-1080x720.jpeg 1080w, https:\/\/voxsahel.com\/wp-content\/uploads\/2025\/05\/WhatsApp-Image-2025-05-01-at-16.57.54-610x407.jpeg 610w\" sizes=\"(max-width: 640px) 100vw, 640px\" \/><figcaption id=\"caption-attachment-1861\" class=\"wp-caption-text\"><strong><em>\u00ab Nous avons un Chef d\u2019\u00c9tat qui aime ses concitoyens, qui aime le travail et qui aime un peuple qui se bat pour l\u2019autosuffisance alimentaire \u00bb,<\/em> indique Elise OUEDRAOGO, la repr\u00e9sentante des b\u00e9n\u00e9ficiaires.<\/strong><\/figcaption><\/figure>\n<p>La repr\u00e9sentante des b\u00e9n\u00e9ficiaires, Mme Elise OUEDRAOGO a exprim\u00e9 la gratitude de toutes les femmes du village au Chef de l\u2019\u00c9tat pour cette r\u00e9alisation. Selon elle, cette infrastructure, au-del\u00e0 des femmes, va profiter \u00e0 toute la communaut\u00e9 : <strong><em>\u00ab Nous sommes vraiment contentes de ce que le Pr\u00e9sident du Faso a fait pour nous. Nous avons un Chef d\u2019\u00c9tat qui aime ses concitoyens, qui aime le travail et qui aime un peuple qui se bat pour l\u2019autosuffisance alimentaire \u00bb<\/em>.<\/strong><\/p>\n<p>Le Directeur de cabinet du Pr\u00e9sident du Faso a, enfin, invit\u00e9 les responsables administratifs de la r\u00e9gion \u00e0 prendre <strong><em>\u00ab les dispositions pour suivre avec les populations, l\u2019utilisation du p\u00e9rim\u00e8tre et la pr\u00e9servation des installations r\u00e9alis\u00e9es \u00bb.<\/em><\/strong><\/p>\n<p style=\"text-align: right;\"><strong>Direction de la communication de la Pr\u00e9sidence du Faso<\/strong><\/p>\n","protected":false},"excerpt":{"rendered":"<p>Le Directeur de cabinet du Pr\u00e9sident du Faso, le Capitaine Martha C\u00e9leste Anderson Dekomwin MEDAH<\/p>\n","protected":false},"author":2,"featured_media":1862,"comment_status":"open","ping_status":"open","sticky":false,"template":"","format":"standard","meta":{"_et_pb_use_builder":"","_et_pb_old_content":"","_et_gb_content_width":"","footnotes":""},"categories":[5],"tags":[18,717,160],"class_list":["post-1858","post","type-post","status-publish","format-standard","has-post-thumbnail","hentry","category-societe","tag-burkina-faso","tag-loumbila","tag-securite-alimentaire"],"yoast_head":"<!-- This site is optimized with the Yoast SEO plugin v27.5 - https:\/\/yoast.com\/product\/yoast-seo-wordpress\/ -->\n<title>Site mara\u00eecher du 8-Mars des femmes du village de Zongo : la concr\u00e9tisation d\u2019une promesse du Chef de l\u2019\u00c9tat - Vox Sahel<\/title>\n<meta name=\"robots\" content=\"index, follow, max-snippet:-1, max-image-preview:large, max-video-preview:-1\" \/>\n<link rel=\"canonical\" href=\"https:\/\/voxsahel.com\/?p=1858\" \/>\n<meta property=\"og:locale\" content=\"fr_FR\" \/>\n<meta property=\"og:type\" content=\"article\" \/>\n<meta property=\"og:title\" content=\"Site mara\u00eecher du 8-Mars des femmes du village de Zongo : la concr\u00e9tisation d\u2019une promesse du Chef de l\u2019\u00c9tat - Vox Sahel\" \/>\n<meta property=\"og:description\" content=\"Le Directeur de cabinet du Pr\u00e9sident du Faso, le Capitaine Martha C\u00e9leste Anderson Dekomwin MEDAH\" \/>\n<meta property=\"og:url\" content=\"https:\/\/voxsahel.com\/?p=1858\" \/>\n<meta property=\"og:site_name\" content=\"Vox Sahel\" \/>\n<meta property=\"article:publisher\" content=\"https:\/\/www.facebook.com\/journal.voxsahel\" \/>\n<meta property=\"article:published_time\" content=\"2025-05-01T19:06:39+00:00\" \/>\n<meta property=\"og:image\" content=\"https:\/\/voxsahel.com\/wp-content\/uploads\/2025\/05\/WhatsApp-Image-2025-05-01-at-16.56.14-scaled.jpeg\" \/>\n\t<meta property=\"og:image:width\" content=\"2560\" \/>\n\t<meta property=\"og:image:height\" content=\"1826\" \/>\n\t<meta property=\"og:image:type\" content=\"image\/jpeg\" \/>\n<meta name=\"author\" content=\"Vox Sahel\" \/>\n<meta name=\"twitter:card\" content=\"summary_large_image\" \/>\n<meta name=\"twitter:label1\" content=\"\u00c9crit par\" \/>\n\t<meta name=\"twitter:data1\" content=\"Vox Sahel\" \/>\n\t<meta name=\"twitter:label2\" content=\"Dur\u00e9e de lecture estim\u00e9e\" \/>\n\t<meta name=\"twitter:data2\" content=\"4 minutes\" \/>\n<script type=\"application\/ld+json\" class=\"yoast-schema-graph\">{\"@context\":\"https:\\\/\\\/schema.org\",\"@graph\":[{\"@type\":\"Article\",\"@id\":\"https:\\\/\\\/voxsahel.com\\\/?p=1858#article\",\"isPartOf\":{\"@id\":\"https:\\\/\\\/voxsahel.com\\\/?p=1858\"},\"author\":{\"name\":\"Vox Sahel\",\"@id\":\"https:\\\/\\\/voxsahel.com\\\/#\\\/schema\\\/person\\\/b4043608248f8fa227cd760e7ff1e19e\"},\"headline\":\"Site mara\u00eecher du 8-Mars des femmes du village de Zongo : la concr\u00e9tisation d\u2019une promesse du Chef de l\u2019\u00c9tat\",\"datePublished\":\"2025-05-01T19:06:39+00:00\",\"mainEntityOfPage\":{\"@id\":\"https:\\\/\\\/voxsahel.com\\\/?p=1858\"},\"wordCount\":571,\"commentCount\":0,\"publisher\":{\"@id\":\"https:\\\/\\\/voxsahel.com\\\/#organization\"},\"image\":{\"@id\":\"https:\\\/\\\/voxsahel.com\\\/?p=1858#primaryimage\"},\"thumbnailUrl\":\"https:\\\/\\\/voxsahel.com\\\/wp-content\\\/uploads\\\/2025\\\/05\\\/WhatsApp-Image-2025-05-01-at-16.56.14-scaled.jpeg\",\"keywords\":[\"Burkina Faso\",\"Loumbila\",\"S\u00e9curit\u00e9 alimentaire\"],\"articleSection\":[\"SOCIETE\"],\"inLanguage\":\"fr-FR\",\"potentialAction\":[{\"@type\":\"CommentAction\",\"name\":\"Comment\",\"target\":[\"https:\\\/\\\/voxsahel.com\\\/?p=1858#respond\"]}]},{\"@type\":\"WebPage\",\"@id\":\"https:\\\/\\\/voxsahel.com\\\/?p=1858\",\"url\":\"https:\\\/\\\/voxsahel.com\\\/?p=1858\",\"name\":\"Site mara\u00eecher du 8-Mars des femmes du village de Zongo : la concr\u00e9tisation d\u2019une promesse du Chef de l\u2019\u00c9tat - Vox Sahel\",\"isPartOf\":{\"@id\":\"https:\\\/\\\/voxsahel.com\\\/#website\"},\"primaryImageOfPage\":{\"@id\":\"https:\\\/\\\/voxsahel.com\\\/?p=1858#primaryimage\"},\"image\":{\"@id\":\"https:\\\/\\\/voxsahel.com\\\/?p=1858#primaryimage\"},\"thumbnailUrl\":\"https:\\\/\\\/voxsahel.com\\\/wp-content\\\/uploads\\\/2025\\\/05\\\/WhatsApp-Image-2025-05-01-at-16.56.14-scaled.jpeg\",\"datePublished\":\"2025-05-01T19:06:39+00:00\",\"breadcrumb\":{\"@id\":\"https:\\\/\\\/voxsahel.com\\\/?p=1858#breadcrumb\"},\"inLanguage\":\"fr-FR\",\"potentialAction\":[{\"@type\":\"ReadAction\",\"target\":[\"https:\\\/\\\/voxsahel.com\\\/?p=1858\"]}]},{\"@type\":\"ImageObject\",\"inLanguage\":\"fr-FR\",\"@id\":\"https:\\\/\\\/voxsahel.com\\\/?p=1858#primaryimage\",\"url\":\"https:\\\/\\\/voxsahel.com\\\/wp-content\\\/uploads\\\/2025\\\/05\\\/WhatsApp-Image-2025-05-01-at-16.56.14-scaled.jpeg\",\"contentUrl\":\"https:\\\/\\\/voxsahel.com\\\/wp-content\\\/uploads\\\/2025\\\/05\\\/WhatsApp-Image-2025-05-01-at-16.56.14-scaled.jpeg\",\"width\":2560,\"height\":1826},{\"@type\":\"BreadcrumbList\",\"@id\":\"https:\\\/\\\/voxsahel.com\\\/?p=1858#breadcrumb\",\"itemListElement\":[{\"@type\":\"ListItem\",\"position\":1,\"name\":\"Home\",\"item\":\"https:\\\/\\\/voxsahel.com\\\/\"},{\"@type\":\"ListItem\",\"position\":2,\"name\":\"Site mara\u00eecher du 8-Mars des femmes du village de Zongo : la concr\u00e9tisation d\u2019une promesse du Chef de l\u2019\u00c9tat\"}]},{\"@type\":\"WebSite\",\"@id\":\"https:\\\/\\\/voxsahel.com\\\/#website\",\"url\":\"https:\\\/\\\/voxsahel.com\\\/\",\"name\":\"Vox Sahel\",\"description\":\"Informez-vous sur le Sahel en un clic\",\"publisher\":{\"@id\":\"https:\\\/\\\/voxsahel.com\\\/#organization\"},\"potentialAction\":[{\"@type\":\"SearchAction\",\"target\":{\"@type\":\"EntryPoint\",\"urlTemplate\":\"https:\\\/\\\/voxsahel.com\\\/?s={search_term_string}\"},\"query-input\":{\"@type\":\"PropertyValueSpecification\",\"valueRequired\":true,\"valueName\":\"search_term_string\"}}],\"inLanguage\":\"fr-FR\"},{\"@type\":\"Organization\",\"@id\":\"https:\\\/\\\/voxsahel.com\\\/#organization\",\"name\":\"Vox Sahel\",\"url\":\"https:\\\/\\\/voxsahel.com\\\/\",\"logo\":{\"@type\":\"ImageObject\",\"inLanguage\":\"fr-FR\",\"@id\":\"https:\\\/\\\/voxsahel.com\\\/#\\\/schema\\\/logo\\\/image\\\/\",\"url\":\"https:\\\/\\\/voxsahel.com\\\/wp-content\\\/uploads\\\/2024\\\/09\\\/Logo-Vox-Sahel.jpg\",\"contentUrl\":\"https:\\\/\\\/voxsahel.com\\\/wp-content\\\/uploads\\\/2024\\\/09\\\/Logo-Vox-Sahel.jpg\",\"width\":1181,\"height\":848,\"caption\":\"Vox Sahel\"},\"image\":{\"@id\":\"https:\\\/\\\/voxsahel.com\\\/#\\\/schema\\\/logo\\\/image\\\/\"},\"sameAs\":[\"https:\\\/\\\/www.facebook.com\\\/journal.voxsahel\"]},{\"@type\":\"Person\",\"@id\":\"https:\\\/\\\/voxsahel.com\\\/#\\\/schema\\\/person\\\/b4043608248f8fa227cd760e7ff1e19e\",\"name\":\"Vox Sahel\",\"image\":{\"@type\":\"ImageObject\",\"inLanguage\":\"fr-FR\",\"@id\":\"https:\\\/\\\/secure.gravatar.com\\\/avatar\\\/f70e7fa0cb9b29d4a7c5788d6eb2e9ab4d3135cbae1c9161810fdf77a8964699?s=96&d=mm&r=g\",\"url\":\"https:\\\/\\\/secure.gravatar.com\\\/avatar\\\/f70e7fa0cb9b29d4a7c5788d6eb2e9ab4d3135cbae1c9161810fdf77a8964699?s=96&d=mm&r=g\",\"contentUrl\":\"https:\\\/\\\/secure.gravatar.com\\\/avatar\\\/f70e7fa0cb9b29d4a7c5788d6eb2e9ab4d3135cbae1c9161810fdf77a8964699?s=96&d=mm&r=g\",\"caption\":\"Vox Sahel\"},\"sameAs\":[\"http:\\\/\\\/www.voxsahel.com\"],\"url\":\"https:\\\/\\\/voxsahel.com\\\/?author=2\"}]}<\/script>\n<!-- \/ Yoast SEO plugin. -->","yoast_head_json":{"title":"Site mara\u00eecher du 8-Mars des femmes du village de Zongo : la concr\u00e9tisation d\u2019une promesse du Chef de l\u2019\u00c9tat - Vox Sahel","robots":{"index":"index","follow":"follow","max-snippet":"max-snippet:-1","max-image-preview":"max-image-preview:large","max-video-preview":"max-video-preview:-1"},"canonical":"https:\/\/voxsahel.com\/?p=1858","og_locale":"fr_FR","og_type":"article","og_title":"Site mara\u00eecher du 8-Mars des femmes du village de Zongo : la concr\u00e9tisation d\u2019une promesse du Chef de l\u2019\u00c9tat - Vox Sahel","og_description":"Le Directeur de cabinet du Pr\u00e9sident du Faso, le Capitaine Martha C\u00e9leste Anderson Dekomwin MEDAH","og_url":"https:\/\/voxsahel.com\/?p=1858","og_site_name":"Vox Sahel","article_publisher":"https:\/\/www.facebook.com\/journal.voxsahel","article_published_time":"2025-05-01T19:06:39+00:00","og_image":[{"width":2560,"height":1826,"url":"https:\/\/voxsahel.com\/wp-content\/uploads\/2025\/05\/WhatsApp-Image-2025-05-01-at-16.56.14-scaled.jpeg","type":"image\/jpeg"}],"author":"Vox Sahel","twitter_card":"summary_large_image","twitter_misc":{"\u00c9crit par":"Vox Sahel","Dur\u00e9e de lecture estim\u00e9e":"4 minutes"},"schema":{"@context":"https:\/\/schema.org","@graph":[{"@type":"Article","@id":"https:\/\/voxsahel.com\/?p=1858#article","isPartOf":{"@id":"https:\/\/voxsahel.com\/?p=1858"},"author":{"name":"Vox Sahel","@id":"https:\/\/voxsahel.com\/#\/schema\/person\/b4043608248f8fa227cd760e7ff1e19e"},"headline":"Site mara\u00eecher du 8-Mars des femmes du village de Zongo : la concr\u00e9tisation d\u2019une promesse du Chef de l\u2019\u00c9tat","datePublished":"2025-05-01T19:06:39+00:00","mainEntityOfPage":{"@id":"https:\/\/voxsahel.com\/?p=1858"},"wordCount":571,"commentCount":0,"publisher":{"@id":"https:\/\/voxsahel.com\/#organization"},"image":{"@id":"https:\/\/voxsahel.com\/?p=1858#primaryimage"},"thumbnailUrl":"https:\/\/voxsahel.com\/wp-content\/uploads\/2025\/05\/WhatsApp-Image-2025-05-01-at-16.56.14-scaled.jpeg","keywords":["Burkina Faso","Loumbila","S\u00e9curit\u00e9 alimentaire"],"articleSection":["SOCIETE"],"inLanguage":"fr-FR","potentialAction":[{"@type":"CommentAction","name":"Comment","target":["https:\/\/voxsahel.com\/?p=1858#respond"]}]},{"@type":"WebPage","@id":"https:\/\/voxsahel.com\/?p=1858","url":"https:\/\/voxsahel.com\/?p=1858","name":"Site mara\u00eecher du 8-Mars des femmes du village de Zongo : la concr\u00e9tisation d\u2019une promesse du Chef de l\u2019\u00c9tat - Vox Sahel","isPartOf":{"@id":"https:\/\/voxsahel.com\/#website"},"primaryImageOfPage":{"@id":"https:\/\/voxsahel.com\/?p=1858#primaryimage"},"image":{"@id":"https:\/\/voxsahel.com\/?p=1858#primaryimage"},"thumbnailUrl":"https:\/\/voxsahel.com\/wp-content\/uploads\/2025\/05\/WhatsApp-Image-2025-05-01-at-16.56.14-scaled.jpeg","datePublished":"2025-05-01T19:06:39+00:00","breadcrumb":{"@id":"https:\/\/voxsahel.com\/?p=1858#breadcrumb"},"inLanguage":"fr-FR","potentialAction":[{"@type":"ReadAction","target":["https:\/\/voxsahel.com\/?p=1858"]}]},{"@type":"ImageObject","inLanguage":"fr-FR","@id":"https:\/\/voxsahel.com\/?p=1858#primaryimage","url":"https:\/\/voxsahel.com\/wp-content\/uploads\/2025\/05\/WhatsApp-Image-2025-05-01-at-16.56.14-scaled.jpeg","contentUrl":"https:\/\/voxsahel.com\/wp-content\/uploads\/2025\/05\/WhatsApp-Image-2025-05-01-at-16.56.14-scaled.jpeg","width":2560,"height":1826},{"@type":"BreadcrumbList","@id":"https:\/\/voxsahel.com\/?p=1858#breadcrumb","itemListElement":[{"@type":"ListItem","position":1,"name":"Home","item":"https:\/\/voxsahel.com\/"},{"@type":"ListItem","position":2,"name":"Site mara\u00eecher du 8-Mars des femmes du village de Zongo : la concr\u00e9tisation d\u2019une promesse du Chef de l\u2019\u00c9tat"}]},{"@type":"WebSite","@id":"https:\/\/voxsahel.com\/#website","url":"https:\/\/voxsahel.com\/","name":"Vox Sahel","description":"Informez-vous sur le Sahel en un clic","publisher":{"@id":"https:\/\/voxsahel.com\/#organization"},"potentialAction":[{"@type":"SearchAction","target":{"@type":"EntryPoint","urlTemplate":"https:\/\/voxsahel.com\/?s={search_term_string}"},"query-input":{"@type":"PropertyValueSpecification","valueRequired":true,"valueName":"search_term_string"}}],"inLanguage":"fr-FR"},{"@type":"Organization","@id":"https:\/\/voxsahel.com\/#organization","name":"Vox Sahel","url":"https:\/\/voxsahel.com\/","logo":{"@type":"ImageObject","inLanguage":"fr-FR","@id":"https:\/\/voxsahel.com\/#\/schema\/logo\/image\/","url":"https:\/\/voxsahel.com\/wp-content\/uploads\/2024\/09\/Logo-Vox-Sahel.jpg","contentUrl":"https:\/\/voxsahel.com\/wp-content\/uploads\/2024\/09\/Logo-Vox-Sahel.jpg","width":1181,"height":848,"caption":"Vox Sahel"},"image":{"@id":"https:\/\/voxsahel.com\/#\/schema\/logo\/image\/"},"sameAs":["https:\/\/www.facebook.com\/journal.voxsahel"]},{"@type":"Person","@id":"https:\/\/voxsahel.com\/#\/schema\/person\/b4043608248f8fa227cd760e7ff1e19e","name":"Vox Sahel","image":{"@type":"ImageObject","inLanguage":"fr-FR","@id":"https:\/\/secure.gravatar.com\/avatar\/f70e7fa0cb9b29d4a7c5788d6eb2e9ab4d3135cbae1c9161810fdf77a8964699?s=96&d=mm&r=g","url":"https:\/\/secure.gravatar.com\/avatar\/f70e7fa0cb9b29d4a7c5788d6eb2e9ab4d3135cbae1c9161810fdf77a8964699?s=96&d=mm&r=g","contentUrl":"https:\/\/secure.gravatar.com\/avatar\/f70e7fa0cb9b29d4a7c5788d6eb2e9ab4d3135cbae1c9161810fdf77a8964699?s=96&d=mm&r=g","caption":"Vox Sahel"},"sameAs":["http:\/\/www.voxsahel.com"],"url":"https:\/\/voxsahel.com\/?author=2"}]}},"_links":{"self":[{"href":"https:\/\/voxsahel.com\/index.php?rest_route=\/wp\/v2\/posts\/1858","targetHints":{"allow":["GET"]}}],"collection":[{"href":"https:\/\/voxsahel.com\/index.php?rest_route=\/wp\/v2\/posts"}],"about":[{"href":"https:\/\/voxsahel.com\/index.php?rest_route=\/wp\/v2\/types\/post"}],"author":[{"embeddable":true,"href":"https:\/\/voxsahel.com\/index.php?rest_route=\/wp\/v2\/users\/2"}],"replies":[{"embeddable":true,"href":"https:\/\/voxsahel.com\/index.php?rest_route=%2Fwp%2Fv2%2Fcomments&post=1858"}],"version-history":[{"count":1,"href":"https:\/\/voxsahel.com\/index.php?rest_route=\/wp\/v2\/posts\/1858\/revisions"}],"predecessor-version":[{"id":1863,"href":"https:\/\/voxsahel.com\/index.php?rest_route=\/wp\/v2\/posts\/1858\/revisions\/1863"}],"wp:featuredmedia":[{"embeddable":true,"href":"https:\/\/voxsahel.com\/index.php?rest_route=\/wp\/v2\/media\/1862"}],"wp:attachment":[{"href":"https:\/\/voxsahel.com\/index.php?rest_route=%2Fwp%2Fv2%2Fmedia&parent=1858"}],"wp:term":[{"taxonomy":"category","embeddable":true,"href":"https:\/\/voxsahel.com\/index.php?rest_route=%2Fwp%2Fv2%2Fcategories&post=1858"},{"taxonomy":"post_tag","embeddable":true,"href":"https:\/\/voxsahel.com\/index.php?rest_route=%2Fwp%2Fv2%2Ftags&post=1858"}],"curies":[{"name":"wp","href":"https:\/\/api.w.org\/{rel}","templated":true}]}}