{"id":1845,"date":"2025-05-01T16:24:18","date_gmt":"2025-05-01T16:24:18","guid":{"rendered":"https:\/\/voxsahel.com\/?p=1845"},"modified":"2025-05-01T23:20:32","modified_gmt":"2025-05-01T23:20:32","slug":"journee-mondiale-de-lutte-contre-le-paludisme-lirss-fait-le-point-des-avancees-du-projet-target-malaria","status":"publish","type":"post","link":"https:\/\/voxsahel.com\/?p=1845","title":{"rendered":"Journ\u00e9e mondiale de lutte contre le paludisme\u00a0: L\u2019IRSS fait le point des avanc\u00e9es du projet Target Malaria"},"content":{"rendered":"<p>Les investigateurs du projet Target malaria ont pr\u00e9sent\u00e9 \u00e0 Bobo-Dioulasso, le 25 avril 2025 \u00e0 l\u2019occasion de la journ\u00e9e mondiale de lutte contre le paludisme, les avanc\u00e9es des recherches dans la lutte contre le paludisme. La rencontre a r\u00e9uni des journalistes, communicateurs et des communaut\u00e9s h\u00f4tes du projet.<\/p>\n<p><img loading=\"lazy\" decoding=\"async\" class=\"aligncenter wp-image-1848 size-full\" src=\"https:\/\/voxsahel.com\/wp-content\/uploads\/2025\/05\/IMG-20250501-WA0004.jpg\" alt=\"\" width=\"1020\" height=\"768\" srcset=\"https:\/\/voxsahel.com\/wp-content\/uploads\/2025\/05\/IMG-20250501-WA0004.jpg 1020w, https:\/\/voxsahel.com\/wp-content\/uploads\/2025\/05\/IMG-20250501-WA0004-300x226.jpg 300w, https:\/\/voxsahel.com\/wp-content\/uploads\/2025\/05\/IMG-20250501-WA0004-768x578.jpg 768w, https:\/\/voxsahel.com\/wp-content\/uploads\/2025\/05\/IMG-20250501-WA0004-610x459.jpg 610w\" sizes=\"(max-width: 1020px) 100vw, 1020px\" \/><\/p>\n<p>\u00ab\u00a0Chaque minute, le paludisme fait une nouvelle victime\u00a0\u00bb dans le monde. Et les 95% de d\u00e9c\u00e8s dus au paludisme ont lieu en Afrique. Cette alerte est donn\u00e9e par Hamidou Maiga, Entomologiste m\u00e9dical, au Centre National de la Recherche Scientifique et Technologique de l&rsquo;institut de Recherche en Sciences de la sant\u00e9 (CNRST\/IRSS). L\u2019Organisation mondiale de la sant\u00e9 (OMS), poursuit-il, a d\u00e9clar\u00e9 que la prochaine pand\u00e9mie pourrait \u00eatre due au moustique.<\/p>\n<p><img loading=\"lazy\" decoding=\"async\" class=\"size-medium wp-image-1849 alignleft\" src=\"https:\/\/voxsahel.com\/wp-content\/uploads\/2025\/05\/IMG-20250501-WA0005-300x226.jpg\" alt=\"\" width=\"300\" height=\"226\" srcset=\"https:\/\/voxsahel.com\/wp-content\/uploads\/2025\/05\/IMG-20250501-WA0005-300x226.jpg 300w, https:\/\/voxsahel.com\/wp-content\/uploads\/2025\/05\/IMG-20250501-WA0005-768x578.jpg 768w, https:\/\/voxsahel.com\/wp-content\/uploads\/2025\/05\/IMG-20250501-WA0005-510x382.jpg 510w, https:\/\/voxsahel.com\/wp-content\/uploads\/2025\/05\/IMG-20250501-WA0005-610x459.jpg 610w, https:\/\/voxsahel.com\/wp-content\/uploads\/2025\/05\/IMG-20250501-WA0005-720x540.jpg 720w, https:\/\/voxsahel.com\/wp-content\/uploads\/2025\/05\/IMG-20250501-WA0005.jpg 1020w\" sizes=\"(max-width: 300px) 100vw, 300px\" \/><\/p>\n<p>\u00ab\u00a0Le nombre de d\u00e9c\u00e8s que nous avons eu avec la COVID-19 est largement inf\u00e9rieur au nombre de d\u00e9c\u00e8s d\u00fb au paludisme\u00a0\u00bb, appuie Dr. L\u00e9a Par\u00e9\/To\u00e9, investigateur sur le projet Target malaria. Pour elle, il est inadmissible qu\u2019aujourd\u2019hui, le paludisme continue de faire autant de d\u00e9g\u00e2ts en Afrique, alors que le continent regorge des grands chercheurs. \u00ab\u00a0Le paludisme n\u2019est pas plus fort que les scientifiques de ce pays, encore moins que nos communaut\u00e9s\u00a0\u00bb, lance-t-elle, avant d\u2019inviter les chercheurs, les diff\u00e9rentes communaut\u00e9s et les populations en g\u00e9n\u00e9ral, \u00e0 \u00ab\u00a0passer de la passivit\u00e9 \u00e0 la rage de finir avec cette maladie\u00a0\u00bb. \u00ab Ce n\u2019est pas seulement l\u2019affaire des chercheurs ou des communaut\u00e9s. Chacun doit agir. \u00bb, a-t-elle ajout\u00e9.<\/p>\n<p>L\u2019Afrique \u00e9tant la plus touch\u00e9e par le paludisme, la lutte contre cette maladie devra \u00eatre men\u00e9e en grande partie par les Africains. C\u2019est la conviction des chercheurs de l\u2019IRSS. Ainsi, apr\u00e8s avoir relev\u00e9 des limites dans les autres solutions obtenues contre le paludisme, lesquelles solutions d\u00e9veloppant des r\u00e9sistances chez les moustiques, les chercheurs de l\u2019IRSS ont estim\u00e9 qu\u2019il \u00e9tait n\u00e9cessaire, voire primordial, d\u2019adopter des innovations dans la lutte contre cette maladie. Ils pensent d\u2019ailleurs que pour y arriver, \u00ab\u00a0il faut approfondir les comp\u00e9tences scientifiques des africains en techniques mol\u00e9culaires et g\u00e9n\u00e9tiques et former une cohorte de jeunes africains qualifi\u00e9s pour d\u00e9velopper cet outil g\u00e9n\u00e9tique de lutte contre les vecteurs\u00a0\u00bb.<\/p>\n<p><img loading=\"lazy\" decoding=\"async\" class=\"aligncenter wp-image-1847 size-full\" src=\"https:\/\/voxsahel.com\/wp-content\/uploads\/2025\/05\/IMG-20250501-WA0006.jpg\" alt=\"\" width=\"1020\" height=\"768\" srcset=\"https:\/\/voxsahel.com\/wp-content\/uploads\/2025\/05\/IMG-20250501-WA0006.jpg 1020w, https:\/\/voxsahel.com\/wp-content\/uploads\/2025\/05\/IMG-20250501-WA0006-300x226.jpg 300w, https:\/\/voxsahel.com\/wp-content\/uploads\/2025\/05\/IMG-20250501-WA0006-768x578.jpg 768w, https:\/\/voxsahel.com\/wp-content\/uploads\/2025\/05\/IMG-20250501-WA0006-610x459.jpg 610w\" sizes=\"(max-width: 1020px) 100vw, 1020px\" \/><\/p>\n<p>&nbsp;<\/p>\n<p>Target malaria, une innovation dans la lutte contre le palu<\/p>\n<p>L\u2019IRSS a d\u00e9cid\u00e9 d\u2019innover dans la lutte contre le paludisme. \u00ab\u00a0Nous avons d\u00e9cid\u00e9 d\u2019innover, en impliquant les communaut\u00e9s b\u00e9n\u00e9ficiaires. Les moustiques g\u00e9n\u00e9tiquement modifi\u00e9s, c\u2019est une recherche innovante. L\u2019implication des communaut\u00e9s et des communicateurs est aussi une innovation. Nous voulons les impliquer de sorte qu\u2019\u00e0 la fin, chacun se reconnaisse dans les r\u00e9sultats\u00a0\u00bb, a soutenu Dr Par\u00e9. Target Malaria est donc un \u00ab\u00a0projet innovant\u00a0\u00bb visant \u00e0 r\u00e9duire la population de moustiques vecteurs du paludisme en Afrique subsaharienne. Pour les investigateurs dudit projet, c\u2019est en r\u00e9duisant la population de moustiques vecteurs du paludisme, que l\u2019on arrivera \u00e0 r\u00e9duire la transmission de la maladie.<\/p>\n<p>C\u2019est pour mieux expliquer les enjeux du projet, que l\u2019IRSS a donc d\u00e9cid\u00e9 de convier des journalistes, des communicateurs et plusieurs communaut\u00e9s concern\u00e9es par le projet, \u00e0 une rencontre d\u2019information. Cette rencontre a permis aux diff\u00e9rents participants de poser toutes les questions sur le projet en vue de mieux le comprendre pour en \u00eatre des relais au sein de leurs diff\u00e9rentes communaut\u00e9s. Les repr\u00e9sentants des communaut\u00e9s \u00e9tant impliqu\u00e9s dans le projet depuis le d\u00e9but, ont r\u00e9affirm\u00e9 leur volont\u00e9 de voir le projet se poursuivre convenablement en vue d\u2019atteindre les r\u00e9sultats escompt\u00e9s, \u00e0 savoir bouter le paludisme hors de nos fronti\u00e8res.<\/p>\n<p>Le moustique du paludisme ne transmet pas la dengue<\/p>\n<p>Ces derni\u00e8res ann\u00e9es, au Burkina Faso, la dengue, une maladie transmise \u00e0 l\u2019homme par le moustique Aedes, a fait plusieurs victimes au sein des populations. Depuis lors, plusieurs personnes ont fait le lien avec le l\u00e2cher de moustiques m\u00e2les st\u00e9riles, en juillet 2019, \u00e0 Bana, par les investigateurs du projet Target Malaria. \u00ab\u00a0Le l\u00e2cher a concern\u00e9 les moustiques m\u00e2les. Alors que le paludisme est transmis par le moustique femelle, l\u2019anoph\u00e8le. Ce sont deux moustiques diff\u00e9rents. Celui de la dengue pique la journ\u00e9e et celui du paludisme, la plupart du temps, pique la nuit. Le moustique vecteur du paludisme ne peut pas d\u00e9velopper des g\u00e8nes de la dengue, et vice-versa. Le moustique de la dengue ne peut pas transmettre le paludisme\u00a0\u00bb, a tranch\u00e9 Dr. L\u00e9a Par\u00e9. A l\u2019en croire, l\u2019Afrique regorge plus de 800 esp\u00e8ces de moustiques. Mais chaque esp\u00e8ce ne s\u2019accouple pas avec une autre diff\u00e9rente d\u2019elle. \u00ab\u00a0Moustiques n\u2019est pas moustiques\u00a0\u00bb, dira L\u00e9a Par\u00e9, pour pr\u00e9ciser que les diff\u00e9rentes esp\u00e8ces sont \u00e9galement diff\u00e9rentes dans leurs interventions. Ces moustiques \u00e9tant diff\u00e9rents, l\u2019accouplement se fera \u00e9galement entre ceux de la m\u00eame esp\u00e8ce. \u00ab\u00a0Si on enferme des chiens, des moutons, des \u00e2nes dans un m\u00eame enclos, aucun animal ne va s\u2019accoupler avec une autre d\u2019esp\u00e8ce diff\u00e9rente\u00a0\u00bb, a-t-elle caricatur\u00e9.<\/p>\n<p>Dr. Hamidou Ma\u00efga a ajout\u00e9 que les chercheurs sont aussi des Burkinab\u00e8 et ont leurs familles qui vivent ici au Burkina Faso, et qu\u2019ils ne m\u00e8neront aucune recherche qui pourrait nuire \u00e0 la vie des Burkinab\u00e8. Il a confi\u00e9 que sa femme, ses enfants et lui-m\u00eame, ont \u00e9t\u00e9 touch\u00e9s par la dengue. \u00ab Ma femme allait m\u00eame y rester \u00bb, confie-t-il, avant de rappeler que les recherches du projet Target Malaria sont faites en collaboration avec le minist\u00e8re de la sant\u00e9, et sous l\u2019\u0153il vigilant de l\u2019Agence Nationale de Bios\u00e9curit\u00e9 (ANB). \u00ab Personne ne va travailler contre sa propre population \u00bb, ajoute Dr. Ma\u00efga. \u00ab Tout ce qui est fait, c\u2019est avec toutes les pr\u00e9cautions possibles \u00bb, conclura Dr. Fr\u00e9d\u00e9ric Yannick Da, chercheur \u00e0 l\u2019IRSS et responsable de l\u2019Unit\u00e9 paludisme et maladies tropicales n\u00e9glig\u00e9es, qui repr\u00e9sentait le Directeur R\u00e9gional de l\u2019Ouest de l\u2019IRSS \u00e0 cet atelier.<\/p>\n<p class=\"p1\"><span class=\"s1\">Au cours de cette rencontre, le doctorant Inousssa To\u00e9, a donn\u00e9 une communication sur la r\u00e9glementation nationale et internationale en mati\u00e8re de biotechnologie<\/span>. Dr. Mahamadi Kientega, attach\u00e9 de recherche en Entomologie au CNRST\/IRSS et travaillant sur les vecteurs de paludisme, a \u00e9galement donn\u00e9 une communication au cours de cette rencontre, plus pr\u00e9cis\u00e9ment sur la g\u00e9nomique dans le cadre de la lutte contre le paludisme. Toutes ces communications ont fait l\u2019objet d\u2019une attention particuli\u00e8re par les participants \u00e0 cet atelier qui ont salu\u00e9 l\u2019initiative d\u2019organiser cette rencontre.<\/p>\n<p style=\"text-align: right;\"><b>Par Relwend\u00e9 Bamogo<\/b><\/p>\n","protected":false},"excerpt":{"rendered":"<p>Les investigateurs du projet Target malaria ont pr\u00e9sent\u00e9 \u00e0 Bobo-Dioulasso, le 25 avril 2025 \u00e0<\/p>\n","protected":false},"author":1,"featured_media":1846,"comment_status":"open","ping_status":"open","sticky":false,"template":"","format":"standard","meta":{"_et_pb_use_builder":"","_et_pb_old_content":"","_et_gb_content_width":"","footnotes":""},"categories":[7],"tags":[],"class_list":["post-1845","post","type-post","status-publish","format-standard","has-post-thumbnail","hentry","category-sante"],"yoast_head":"<!-- This site is optimized with the Yoast SEO plugin v27.5 - https:\/\/yoast.com\/product\/yoast-seo-wordpress\/ -->\n<title>Journ\u00e9e mondiale de lutte contre le paludisme\u00a0: L\u2019IRSS fait le point des avanc\u00e9es du projet Target Malaria - Vox Sahel<\/title>\n<meta name=\"robots\" content=\"index, follow, max-snippet:-1, max-image-preview:large, max-video-preview:-1\" \/>\n<link rel=\"canonical\" href=\"https:\/\/voxsahel.com\/?p=1845\" \/>\n<meta property=\"og:locale\" content=\"fr_FR\" \/>\n<meta property=\"og:type\" content=\"article\" \/>\n<meta property=\"og:title\" content=\"Journ\u00e9e mondiale de lutte contre le paludisme\u00a0: L\u2019IRSS fait le point des avanc\u00e9es du projet Target Malaria - Vox Sahel\" \/>\n<meta property=\"og:description\" content=\"Les investigateurs du projet Target malaria ont pr\u00e9sent\u00e9 \u00e0 Bobo-Dioulasso, le 25 avril 2025 \u00e0\" \/>\n<meta property=\"og:url\" content=\"https:\/\/voxsahel.com\/?p=1845\" \/>\n<meta property=\"og:site_name\" content=\"Vox Sahel\" \/>\n<meta property=\"article:publisher\" content=\"https:\/\/www.facebook.com\/journal.voxsahel\" \/>\n<meta property=\"article:published_time\" content=\"2025-05-01T16:24:18+00:00\" \/>\n<meta property=\"article:modified_time\" content=\"2025-05-01T23:20:32+00:00\" \/>\n<meta property=\"og:image\" content=\"https:\/\/voxsahel.com\/wp-content\/uploads\/2025\/05\/IMG-20250501-WA0009.jpg\" \/>\n\t<meta property=\"og:image:width\" content=\"1020\" \/>\n\t<meta property=\"og:image:height\" content=\"460\" \/>\n\t<meta property=\"og:image:type\" content=\"image\/jpeg\" \/>\n<meta name=\"author\" content=\"admin\" \/>\n<meta name=\"twitter:card\" content=\"summary_large_image\" \/>\n<meta name=\"twitter:label1\" content=\"\u00c9crit par\" \/>\n\t<meta name=\"twitter:data1\" content=\"admin\" \/>\n\t<meta name=\"twitter:label2\" content=\"Dur\u00e9e de lecture estim\u00e9e\" \/>\n\t<meta name=\"twitter:data2\" content=\"6 minutes\" \/>\n<script type=\"application\/ld+json\" class=\"yoast-schema-graph\">{\"@context\":\"https:\\\/\\\/schema.org\",\"@graph\":[{\"@type\":\"Article\",\"@id\":\"https:\\\/\\\/voxsahel.com\\\/?p=1845#article\",\"isPartOf\":{\"@id\":\"https:\\\/\\\/voxsahel.com\\\/?p=1845\"},\"author\":{\"name\":\"admin\",\"@id\":\"https:\\\/\\\/voxsahel.com\\\/#\\\/schema\\\/person\\\/172b328be54b39f049a1e0360f28d3c3\"},\"headline\":\"Journ\u00e9e mondiale de lutte contre le paludisme\u00a0: L\u2019IRSS fait le point des avanc\u00e9es du projet Target Malaria\",\"datePublished\":\"2025-05-01T16:24:18+00:00\",\"dateModified\":\"2025-05-01T23:20:32+00:00\",\"mainEntityOfPage\":{\"@id\":\"https:\\\/\\\/voxsahel.com\\\/?p=1845\"},\"wordCount\":1162,\"commentCount\":0,\"publisher\":{\"@id\":\"https:\\\/\\\/voxsahel.com\\\/#organization\"},\"image\":{\"@id\":\"https:\\\/\\\/voxsahel.com\\\/?p=1845#primaryimage\"},\"thumbnailUrl\":\"https:\\\/\\\/voxsahel.com\\\/wp-content\\\/uploads\\\/2025\\\/05\\\/IMG-20250501-WA0009.jpg\",\"articleSection\":[\"SANTE\"],\"inLanguage\":\"fr-FR\",\"potentialAction\":[{\"@type\":\"CommentAction\",\"name\":\"Comment\",\"target\":[\"https:\\\/\\\/voxsahel.com\\\/?p=1845#respond\"]}]},{\"@type\":\"WebPage\",\"@id\":\"https:\\\/\\\/voxsahel.com\\\/?p=1845\",\"url\":\"https:\\\/\\\/voxsahel.com\\\/?p=1845\",\"name\":\"Journ\u00e9e mondiale de lutte contre le paludisme\u00a0: L\u2019IRSS fait le point des avanc\u00e9es du projet Target Malaria - Vox Sahel\",\"isPartOf\":{\"@id\":\"https:\\\/\\\/voxsahel.com\\\/#website\"},\"primaryImageOfPage\":{\"@id\":\"https:\\\/\\\/voxsahel.com\\\/?p=1845#primaryimage\"},\"image\":{\"@id\":\"https:\\\/\\\/voxsahel.com\\\/?p=1845#primaryimage\"},\"thumbnailUrl\":\"https:\\\/\\\/voxsahel.com\\\/wp-content\\\/uploads\\\/2025\\\/05\\\/IMG-20250501-WA0009.jpg\",\"datePublished\":\"2025-05-01T16:24:18+00:00\",\"dateModified\":\"2025-05-01T23:20:32+00:00\",\"breadcrumb\":{\"@id\":\"https:\\\/\\\/voxsahel.com\\\/?p=1845#breadcrumb\"},\"inLanguage\":\"fr-FR\",\"potentialAction\":[{\"@type\":\"ReadAction\",\"target\":[\"https:\\\/\\\/voxsahel.com\\\/?p=1845\"]}]},{\"@type\":\"ImageObject\",\"inLanguage\":\"fr-FR\",\"@id\":\"https:\\\/\\\/voxsahel.com\\\/?p=1845#primaryimage\",\"url\":\"https:\\\/\\\/voxsahel.com\\\/wp-content\\\/uploads\\\/2025\\\/05\\\/IMG-20250501-WA0009.jpg\",\"contentUrl\":\"https:\\\/\\\/voxsahel.com\\\/wp-content\\\/uploads\\\/2025\\\/05\\\/IMG-20250501-WA0009.jpg\",\"width\":1020,\"height\":460},{\"@type\":\"BreadcrumbList\",\"@id\":\"https:\\\/\\\/voxsahel.com\\\/?p=1845#breadcrumb\",\"itemListElement\":[{\"@type\":\"ListItem\",\"position\":1,\"name\":\"Home\",\"item\":\"https:\\\/\\\/voxsahel.com\\\/\"},{\"@type\":\"ListItem\",\"position\":2,\"name\":\"Journ\u00e9e mondiale de lutte contre le paludisme\u00a0: L\u2019IRSS fait le point des avanc\u00e9es du projet Target Malaria\"}]},{\"@type\":\"WebSite\",\"@id\":\"https:\\\/\\\/voxsahel.com\\\/#website\",\"url\":\"https:\\\/\\\/voxsahel.com\\\/\",\"name\":\"Vox Sahel\",\"description\":\"Informez-vous sur le Sahel en un clic\",\"publisher\":{\"@id\":\"https:\\\/\\\/voxsahel.com\\\/#organization\"},\"potentialAction\":[{\"@type\":\"SearchAction\",\"target\":{\"@type\":\"EntryPoint\",\"urlTemplate\":\"https:\\\/\\\/voxsahel.com\\\/?s={search_term_string}\"},\"query-input\":{\"@type\":\"PropertyValueSpecification\",\"valueRequired\":true,\"valueName\":\"search_term_string\"}}],\"inLanguage\":\"fr-FR\"},{\"@type\":\"Organization\",\"@id\":\"https:\\\/\\\/voxsahel.com\\\/#organization\",\"name\":\"Vox Sahel\",\"url\":\"https:\\\/\\\/voxsahel.com\\\/\",\"logo\":{\"@type\":\"ImageObject\",\"inLanguage\":\"fr-FR\",\"@id\":\"https:\\\/\\\/voxsahel.com\\\/#\\\/schema\\\/logo\\\/image\\\/\",\"url\":\"https:\\\/\\\/voxsahel.com\\\/wp-content\\\/uploads\\\/2024\\\/09\\\/Logo-Vox-Sahel.jpg\",\"contentUrl\":\"https:\\\/\\\/voxsahel.com\\\/wp-content\\\/uploads\\\/2024\\\/09\\\/Logo-Vox-Sahel.jpg\",\"width\":1181,\"height\":848,\"caption\":\"Vox Sahel\"},\"image\":{\"@id\":\"https:\\\/\\\/voxsahel.com\\\/#\\\/schema\\\/logo\\\/image\\\/\"},\"sameAs\":[\"https:\\\/\\\/www.facebook.com\\\/journal.voxsahel\"]},{\"@type\":\"Person\",\"@id\":\"https:\\\/\\\/voxsahel.com\\\/#\\\/schema\\\/person\\\/172b328be54b39f049a1e0360f28d3c3\",\"name\":\"admin\",\"image\":{\"@type\":\"ImageObject\",\"inLanguage\":\"fr-FR\",\"@id\":\"https:\\\/\\\/secure.gravatar.com\\\/avatar\\\/80ee9e38cf080d6de2bc5ade7eae71c709dee38b736f27d7d1cb524de2146505?s=96&d=mm&r=g\",\"url\":\"https:\\\/\\\/secure.gravatar.com\\\/avatar\\\/80ee9e38cf080d6de2bc5ade7eae71c709dee38b736f27d7d1cb524de2146505?s=96&d=mm&r=g\",\"contentUrl\":\"https:\\\/\\\/secure.gravatar.com\\\/avatar\\\/80ee9e38cf080d6de2bc5ade7eae71c709dee38b736f27d7d1cb524de2146505?s=96&d=mm&r=g\",\"caption\":\"admin\"},\"sameAs\":[\"https:\\\/\\\/voxsahel.com\"],\"url\":\"https:\\\/\\\/voxsahel.com\\\/?author=1\"}]}<\/script>\n<!-- \/ Yoast SEO plugin. -->","yoast_head_json":{"title":"Journ\u00e9e mondiale de lutte contre le paludisme\u00a0: L\u2019IRSS fait le point des avanc\u00e9es du projet Target Malaria - Vox Sahel","robots":{"index":"index","follow":"follow","max-snippet":"max-snippet:-1","max-image-preview":"max-image-preview:large","max-video-preview":"max-video-preview:-1"},"canonical":"https:\/\/voxsahel.com\/?p=1845","og_locale":"fr_FR","og_type":"article","og_title":"Journ\u00e9e mondiale de lutte contre le paludisme\u00a0: L\u2019IRSS fait le point des avanc\u00e9es du projet Target Malaria - Vox Sahel","og_description":"Les investigateurs du projet Target malaria ont pr\u00e9sent\u00e9 \u00e0 Bobo-Dioulasso, le 25 avril 2025 \u00e0","og_url":"https:\/\/voxsahel.com\/?p=1845","og_site_name":"Vox Sahel","article_publisher":"https:\/\/www.facebook.com\/journal.voxsahel","article_published_time":"2025-05-01T16:24:18+00:00","article_modified_time":"2025-05-01T23:20:32+00:00","og_image":[{"width":1020,"height":460,"url":"https:\/\/voxsahel.com\/wp-content\/uploads\/2025\/05\/IMG-20250501-WA0009.jpg","type":"image\/jpeg"}],"author":"admin","twitter_card":"summary_large_image","twitter_misc":{"\u00c9crit par":"admin","Dur\u00e9e de lecture estim\u00e9e":"6 minutes"},"schema":{"@context":"https:\/\/schema.org","@graph":[{"@type":"Article","@id":"https:\/\/voxsahel.com\/?p=1845#article","isPartOf":{"@id":"https:\/\/voxsahel.com\/?p=1845"},"author":{"name":"admin","@id":"https:\/\/voxsahel.com\/#\/schema\/person\/172b328be54b39f049a1e0360f28d3c3"},"headline":"Journ\u00e9e mondiale de lutte contre le paludisme\u00a0: L\u2019IRSS fait le point des avanc\u00e9es du projet Target Malaria","datePublished":"2025-05-01T16:24:18+00:00","dateModified":"2025-05-01T23:20:32+00:00","mainEntityOfPage":{"@id":"https:\/\/voxsahel.com\/?p=1845"},"wordCount":1162,"commentCount":0,"publisher":{"@id":"https:\/\/voxsahel.com\/#organization"},"image":{"@id":"https:\/\/voxsahel.com\/?p=1845#primaryimage"},"thumbnailUrl":"https:\/\/voxsahel.com\/wp-content\/uploads\/2025\/05\/IMG-20250501-WA0009.jpg","articleSection":["SANTE"],"inLanguage":"fr-FR","potentialAction":[{"@type":"CommentAction","name":"Comment","target":["https:\/\/voxsahel.com\/?p=1845#respond"]}]},{"@type":"WebPage","@id":"https:\/\/voxsahel.com\/?p=1845","url":"https:\/\/voxsahel.com\/?p=1845","name":"Journ\u00e9e mondiale de lutte contre le paludisme\u00a0: L\u2019IRSS fait le point des avanc\u00e9es du projet Target Malaria - Vox Sahel","isPartOf":{"@id":"https:\/\/voxsahel.com\/#website"},"primaryImageOfPage":{"@id":"https:\/\/voxsahel.com\/?p=1845#primaryimage"},"image":{"@id":"https:\/\/voxsahel.com\/?p=1845#primaryimage"},"thumbnailUrl":"https:\/\/voxsahel.com\/wp-content\/uploads\/2025\/05\/IMG-20250501-WA0009.jpg","datePublished":"2025-05-01T16:24:18+00:00","dateModified":"2025-05-01T23:20:32+00:00","breadcrumb":{"@id":"https:\/\/voxsahel.com\/?p=1845#breadcrumb"},"inLanguage":"fr-FR","potentialAction":[{"@type":"ReadAction","target":["https:\/\/voxsahel.com\/?p=1845"]}]},{"@type":"ImageObject","inLanguage":"fr-FR","@id":"https:\/\/voxsahel.com\/?p=1845#primaryimage","url":"https:\/\/voxsahel.com\/wp-content\/uploads\/2025\/05\/IMG-20250501-WA0009.jpg","contentUrl":"https:\/\/voxsahel.com\/wp-content\/uploads\/2025\/05\/IMG-20250501-WA0009.jpg","width":1020,"height":460},{"@type":"BreadcrumbList","@id":"https:\/\/voxsahel.com\/?p=1845#breadcrumb","itemListElement":[{"@type":"ListItem","position":1,"name":"Home","item":"https:\/\/voxsahel.com\/"},{"@type":"ListItem","position":2,"name":"Journ\u00e9e mondiale de lutte contre le paludisme\u00a0: L\u2019IRSS fait le point des avanc\u00e9es du projet Target Malaria"}]},{"@type":"WebSite","@id":"https:\/\/voxsahel.com\/#website","url":"https:\/\/voxsahel.com\/","name":"Vox Sahel","description":"Informez-vous sur le Sahel en un clic","publisher":{"@id":"https:\/\/voxsahel.com\/#organization"},"potentialAction":[{"@type":"SearchAction","target":{"@type":"EntryPoint","urlTemplate":"https:\/\/voxsahel.com\/?s={search_term_string}"},"query-input":{"@type":"PropertyValueSpecification","valueRequired":true,"valueName":"search_term_string"}}],"inLanguage":"fr-FR"},{"@type":"Organization","@id":"https:\/\/voxsahel.com\/#organization","name":"Vox Sahel","url":"https:\/\/voxsahel.com\/","logo":{"@type":"ImageObject","inLanguage":"fr-FR","@id":"https:\/\/voxsahel.com\/#\/schema\/logo\/image\/","url":"https:\/\/voxsahel.com\/wp-content\/uploads\/2024\/09\/Logo-Vox-Sahel.jpg","contentUrl":"https:\/\/voxsahel.com\/wp-content\/uploads\/2024\/09\/Logo-Vox-Sahel.jpg","width":1181,"height":848,"caption":"Vox Sahel"},"image":{"@id":"https:\/\/voxsahel.com\/#\/schema\/logo\/image\/"},"sameAs":["https:\/\/www.facebook.com\/journal.voxsahel"]},{"@type":"Person","@id":"https:\/\/voxsahel.com\/#\/schema\/person\/172b328be54b39f049a1e0360f28d3c3","name":"admin","image":{"@type":"ImageObject","inLanguage":"fr-FR","@id":"https:\/\/secure.gravatar.com\/avatar\/80ee9e38cf080d6de2bc5ade7eae71c709dee38b736f27d7d1cb524de2146505?s=96&d=mm&r=g","url":"https:\/\/secure.gravatar.com\/avatar\/80ee9e38cf080d6de2bc5ade7eae71c709dee38b736f27d7d1cb524de2146505?s=96&d=mm&r=g","contentUrl":"https:\/\/secure.gravatar.com\/avatar\/80ee9e38cf080d6de2bc5ade7eae71c709dee38b736f27d7d1cb524de2146505?s=96&d=mm&r=g","caption":"admin"},"sameAs":["https:\/\/voxsahel.com"],"url":"https:\/\/voxsahel.com\/?author=1"}]}},"_links":{"self":[{"href":"https:\/\/voxsahel.com\/index.php?rest_route=\/wp\/v2\/posts\/1845","targetHints":{"allow":["GET"]}}],"collection":[{"href":"https:\/\/voxsahel.com\/index.php?rest_route=\/wp\/v2\/posts"}],"about":[{"href":"https:\/\/voxsahel.com\/index.php?rest_route=\/wp\/v2\/types\/post"}],"author":[{"embeddable":true,"href":"https:\/\/voxsahel.com\/index.php?rest_route=\/wp\/v2\/users\/1"}],"replies":[{"embeddable":true,"href":"https:\/\/voxsahel.com\/index.php?rest_route=%2Fwp%2Fv2%2Fcomments&post=1845"}],"version-history":[{"count":6,"href":"https:\/\/voxsahel.com\/index.php?rest_route=\/wp\/v2\/posts\/1845\/revisions"}],"predecessor-version":[{"id":1870,"href":"https:\/\/voxsahel.com\/index.php?rest_route=\/wp\/v2\/posts\/1845\/revisions\/1870"}],"wp:featuredmedia":[{"embeddable":true,"href":"https:\/\/voxsahel.com\/index.php?rest_route=\/wp\/v2\/media\/1846"}],"wp:attachment":[{"href":"https:\/\/voxsahel.com\/index.php?rest_route=%2Fwp%2Fv2%2Fmedia&parent=1845"}],"wp:term":[{"taxonomy":"category","embeddable":true,"href":"https:\/\/voxsahel.com\/index.php?rest_route=%2Fwp%2Fv2%2Fcategories&post=1845"},{"taxonomy":"post_tag","embeddable":true,"href":"https:\/\/voxsahel.com\/index.php?rest_route=%2Fwp%2Fv2%2Ftags&post=1845"}],"curies":[{"name":"wp","href":"https:\/\/api.w.org\/{rel}","templated":true}]}}