{"id":1835,"date":"2025-04-30T08:45:35","date_gmt":"2025-04-30T08:45:35","guid":{"rendered":"https:\/\/voxsahel.com\/?p=1835"},"modified":"2025-04-30T08:45:35","modified_gmt":"2025-04-30T08:45:35","slug":"mali-vers-une-gouvernance-plus-encadree","status":"publish","type":"post","link":"https:\/\/voxsahel.com\/?p=1835","title":{"rendered":"Mali : Vers une gouvernance plus encadr\u00e9e"},"content":{"rendered":"<p class=\"p1\"><strong>Les recommandations cl\u00e9s des consultations nationales<\/strong><\/p>\n<p class=\"p1\"><span class=\"s3\">\u00c0 l\u2019issue des r\u00e9centes consultations nationales tenues sur l\u2019avenir politique du Mali, des propositions ambitieuses et controvers\u00e9es ont \u00e9t\u00e9 formul\u00e9es pour refonder en profondeur le paysage politique national. Au c\u0153ur de ces recommandations : la dissolution pure et simple de tous les partis politiques existants, la restructuration rigoureuse du syst\u00e8me partisan, et la d\u00e9signation du g\u00e9n\u00e9ral Assimi Go\u00efta comme pr\u00e9sident pour un mandat de cinq ans renouvelable.<\/span><\/p>\n<p class=\"p3\"><strong><span class=\"s4\">Une refonte totale du syst\u00e8me partisan<\/span><\/strong><\/p>\n<p class=\"p1\"><span class=\"s3\">Parmi les mesures phares propos\u00e9es figure la dissolution imm\u00e9diate de tous les partis politiques. Pour permettre l\u2019\u00e9mergence de nouvelles formations, des conditions strictes seraient impos\u00e9es : un d\u00e9p\u00f4t de caution de 100 millions de francs CFA pour cr\u00e9er un parti, l\u2019obligation pour celui-ci d\u2019avoir une repr\u00e9sentativit\u00e9 effective dans toutes les r\u00e9gions du pays, et des crit\u00e8res d\u2019\u00e2ge pour les dirigeants, d\u00e9sormais fix\u00e9s entre 25 et 75 ans.<\/span><\/p>\n<p class=\"p3\"><strong><span class=\"s4\">Go\u00efta, candidat naturel \u00e0 la pr\u00e9sidence<\/span><\/strong><\/p>\n<p class=\"p1\"><span class=\"s3\">Les consultations, largement encadr\u00e9es par les autorit\u00e9s de transition, ont d\u00e9sign\u00e9 le g\u00e9n\u00e9ral Assimi Go\u00efta comme pr\u00e9sident de la R\u00e9publique pour un mandat initial de cinq ans, renouvelable. Cette recommandation semble ent\u00e9riner le r\u00f4le central que joue le chef de la junte dans la conduite du pays depuis 2021.<\/span><\/p>\n<p class=\"p1\"><span class=\"s3\">D&rsquo;autres recommandations notables concernent la r\u00e9forme de la charte des partis politiques, avec notamment la suppression du statut de chef de file de l\u2019opposition. Les financements publics jusque-l\u00e0 allou\u00e9s aux partis seraient r\u00e9orient\u00e9s vers des projets de d\u00e9veloppement socio-\u00e9conomique.<\/span><\/p>\n<p class=\"p1\"><span class=\"s3\">Par ailleurs, les pratiques de \u00ab\u00a0nomadisme politique\u00a0\u00bb \u2013 changement de parti en cours de mandat \u2013 seraient interdites, avec des sanctions pr\u00e9vues pour les partis accueillant des \u00e9lus transfuges.<\/span><\/p>\n<p class=\"p3\"><span class=\"s4\">Repr\u00e9sentativit\u00e9 et discipline<\/span><\/p>\n<p class=\"p1\"><span class=\"s3\">Les consultations insistent \u00e9galement sur la promotion de la parit\u00e9 hommes-femmes dans les instances dirigeantes des partis, ainsi que sur une meilleure repr\u00e9sentation des jeunes. Les partis troublant l\u2019ordre public pourraient \u00eatre suspendus, selon ces recommandations.<\/span><\/p>\n<p class=\"p1\"><span class=\"s3\">Enfin, une r\u00e9forme du syst\u00e8me \u00e9lectoral est envisag\u00e9e, avec l\u2019instauration d\u2019un scrutin \u00e0 un seul tour, coupl\u00e9 \u00e0 un parrainage politique encadr\u00e9.<\/span><\/p>\n<p class=\"p1\"><span class=\"s3\">Ces recommandations marquent une volont\u00e9 de rupture avec un syst\u00e8me accus\u00e9 de fragmentation excessive et d\u2019inefficacit\u00e9. Toutefois, elles suscitent d\u00e9j\u00e0 des r\u00e9actions contrast\u00e9es au sein de l\u2019opinion publique et de la soci\u00e9t\u00e9 civile, certains y voyant une d\u00e9rive autoritaire, tandis que d&rsquo;autres saluent un effort de stabilisation politique.<\/span><\/p>\n<p class=\"p1\"><span class=\"s3\">Il reviendra d\u00e9sormais aux autorit\u00e9s de transition et au futur pouvoir ex\u00e9cutif de traduire ces propositions en actes l\u00e9gislatifs et constitutionnels. Le Mali s\u2019engage ainsi dans une nouvelle phase de son histoire politique, entre aspirations \u00e0 la stabilit\u00e9 et inqui\u00e9tudes d\u00e9mocratiques.<\/span><\/p>\n<p style=\"text-align: right;\"><strong>Par Vox Sahel<\/strong><\/p>\n","protected":false},"excerpt":{"rendered":"<p>Les recommandations cl\u00e9s des consultations nationales \u00c0 l\u2019issue des r\u00e9centes consultations nationales tenues sur l\u2019avenir<\/p>\n","protected":false},"author":2,"featured_media":1836,"comment_status":"open","ping_status":"open","sticky":false,"template":"","format":"standard","meta":{"_et_pb_use_builder":"","_et_pb_old_content":"","_et_gb_content_width":"","footnotes":""},"categories":[15],"tags":[49,31,75],"class_list":["post-1835","post","type-post","status-publish","format-standard","has-post-thumbnail","hentry","category-international","tag-geopolitique","tag-mali","tag-politique"],"yoast_head":"<!-- This site is optimized with the Yoast SEO plugin v27.5 - https:\/\/yoast.com\/product\/yoast-seo-wordpress\/ -->\n<title>Mali : Vers une gouvernance plus encadr\u00e9e - Vox Sahel<\/title>\n<meta name=\"robots\" content=\"index, follow, max-snippet:-1, max-image-preview:large, max-video-preview:-1\" \/>\n<link rel=\"canonical\" href=\"https:\/\/voxsahel.com\/?p=1835\" \/>\n<meta property=\"og:locale\" content=\"fr_FR\" \/>\n<meta property=\"og:type\" content=\"article\" \/>\n<meta property=\"og:title\" content=\"Mali : Vers une gouvernance plus encadr\u00e9e - Vox Sahel\" \/>\n<meta property=\"og:description\" content=\"Les recommandations cl\u00e9s des consultations nationales \u00c0 l\u2019issue des r\u00e9centes consultations nationales tenues sur l\u2019avenir\" \/>\n<meta property=\"og:url\" content=\"https:\/\/voxsahel.com\/?p=1835\" \/>\n<meta property=\"og:site_name\" content=\"Vox Sahel\" \/>\n<meta property=\"article:publisher\" content=\"https:\/\/www.facebook.com\/journal.voxsahel\" \/>\n<meta property=\"article:published_time\" content=\"2025-04-30T08:45:35+00:00\" \/>\n<meta property=\"og:image\" content=\"https:\/\/voxsahel.com\/wp-content\/uploads\/2025\/04\/IMG_9123.jpeg\" \/>\n\t<meta property=\"og:image:width\" content=\"1280\" \/>\n\t<meta property=\"og:image:height\" content=\"720\" \/>\n\t<meta property=\"og:image:type\" content=\"image\/jpeg\" \/>\n<meta name=\"author\" content=\"Vox Sahel\" \/>\n<meta name=\"twitter:card\" content=\"summary_large_image\" \/>\n<meta name=\"twitter:label1\" content=\"\u00c9crit par\" \/>\n\t<meta name=\"twitter:data1\" content=\"Vox Sahel\" \/>\n\t<meta name=\"twitter:label2\" content=\"Dur\u00e9e de lecture estim\u00e9e\" \/>\n\t<meta name=\"twitter:data2\" content=\"3 minutes\" \/>\n<script type=\"application\/ld+json\" class=\"yoast-schema-graph\">{\"@context\":\"https:\\\/\\\/schema.org\",\"@graph\":[{\"@type\":\"Article\",\"@id\":\"https:\\\/\\\/voxsahel.com\\\/?p=1835#article\",\"isPartOf\":{\"@id\":\"https:\\\/\\\/voxsahel.com\\\/?p=1835\"},\"author\":{\"name\":\"Vox Sahel\",\"@id\":\"https:\\\/\\\/voxsahel.com\\\/#\\\/schema\\\/person\\\/b4043608248f8fa227cd760e7ff1e19e\"},\"headline\":\"Mali : Vers une gouvernance plus encadr\u00e9e\",\"datePublished\":\"2025-04-30T08:45:35+00:00\",\"mainEntityOfPage\":{\"@id\":\"https:\\\/\\\/voxsahel.com\\\/?p=1835\"},\"wordCount\":490,\"commentCount\":0,\"publisher\":{\"@id\":\"https:\\\/\\\/voxsahel.com\\\/#organization\"},\"image\":{\"@id\":\"https:\\\/\\\/voxsahel.com\\\/?p=1835#primaryimage\"},\"thumbnailUrl\":\"https:\\\/\\\/voxsahel.com\\\/wp-content\\\/uploads\\\/2025\\\/04\\\/IMG_9123.jpeg\",\"keywords\":[\"G\u00e9opolitique\",\"Mali\",\"Politique\"],\"articleSection\":[\"INTERNATIONAL\"],\"inLanguage\":\"fr-FR\",\"potentialAction\":[{\"@type\":\"CommentAction\",\"name\":\"Comment\",\"target\":[\"https:\\\/\\\/voxsahel.com\\\/?p=1835#respond\"]}]},{\"@type\":\"WebPage\",\"@id\":\"https:\\\/\\\/voxsahel.com\\\/?p=1835\",\"url\":\"https:\\\/\\\/voxsahel.com\\\/?p=1835\",\"name\":\"Mali : Vers une gouvernance plus encadr\u00e9e - Vox Sahel\",\"isPartOf\":{\"@id\":\"https:\\\/\\\/voxsahel.com\\\/#website\"},\"primaryImageOfPage\":{\"@id\":\"https:\\\/\\\/voxsahel.com\\\/?p=1835#primaryimage\"},\"image\":{\"@id\":\"https:\\\/\\\/voxsahel.com\\\/?p=1835#primaryimage\"},\"thumbnailUrl\":\"https:\\\/\\\/voxsahel.com\\\/wp-content\\\/uploads\\\/2025\\\/04\\\/IMG_9123.jpeg\",\"datePublished\":\"2025-04-30T08:45:35+00:00\",\"breadcrumb\":{\"@id\":\"https:\\\/\\\/voxsahel.com\\\/?p=1835#breadcrumb\"},\"inLanguage\":\"fr-FR\",\"potentialAction\":[{\"@type\":\"ReadAction\",\"target\":[\"https:\\\/\\\/voxsahel.com\\\/?p=1835\"]}]},{\"@type\":\"ImageObject\",\"inLanguage\":\"fr-FR\",\"@id\":\"https:\\\/\\\/voxsahel.com\\\/?p=1835#primaryimage\",\"url\":\"https:\\\/\\\/voxsahel.com\\\/wp-content\\\/uploads\\\/2025\\\/04\\\/IMG_9123.jpeg\",\"contentUrl\":\"https:\\\/\\\/voxsahel.com\\\/wp-content\\\/uploads\\\/2025\\\/04\\\/IMG_9123.jpeg\",\"width\":1280,\"height\":720},{\"@type\":\"BreadcrumbList\",\"@id\":\"https:\\\/\\\/voxsahel.com\\\/?p=1835#breadcrumb\",\"itemListElement\":[{\"@type\":\"ListItem\",\"position\":1,\"name\":\"Home\",\"item\":\"https:\\\/\\\/voxsahel.com\\\/\"},{\"@type\":\"ListItem\",\"position\":2,\"name\":\"Mali : Vers une gouvernance plus encadr\u00e9e\"}]},{\"@type\":\"WebSite\",\"@id\":\"https:\\\/\\\/voxsahel.com\\\/#website\",\"url\":\"https:\\\/\\\/voxsahel.com\\\/\",\"name\":\"Vox Sahel\",\"description\":\"Informez-vous sur le Sahel en un clic\",\"publisher\":{\"@id\":\"https:\\\/\\\/voxsahel.com\\\/#organization\"},\"potentialAction\":[{\"@type\":\"SearchAction\",\"target\":{\"@type\":\"EntryPoint\",\"urlTemplate\":\"https:\\\/\\\/voxsahel.com\\\/?s={search_term_string}\"},\"query-input\":{\"@type\":\"PropertyValueSpecification\",\"valueRequired\":true,\"valueName\":\"search_term_string\"}}],\"inLanguage\":\"fr-FR\"},{\"@type\":\"Organization\",\"@id\":\"https:\\\/\\\/voxsahel.com\\\/#organization\",\"name\":\"Vox Sahel\",\"url\":\"https:\\\/\\\/voxsahel.com\\\/\",\"logo\":{\"@type\":\"ImageObject\",\"inLanguage\":\"fr-FR\",\"@id\":\"https:\\\/\\\/voxsahel.com\\\/#\\\/schema\\\/logo\\\/image\\\/\",\"url\":\"https:\\\/\\\/voxsahel.com\\\/wp-content\\\/uploads\\\/2024\\\/09\\\/Logo-Vox-Sahel.jpg\",\"contentUrl\":\"https:\\\/\\\/voxsahel.com\\\/wp-content\\\/uploads\\\/2024\\\/09\\\/Logo-Vox-Sahel.jpg\",\"width\":1181,\"height\":848,\"caption\":\"Vox Sahel\"},\"image\":{\"@id\":\"https:\\\/\\\/voxsahel.com\\\/#\\\/schema\\\/logo\\\/image\\\/\"},\"sameAs\":[\"https:\\\/\\\/www.facebook.com\\\/journal.voxsahel\"]},{\"@type\":\"Person\",\"@id\":\"https:\\\/\\\/voxsahel.com\\\/#\\\/schema\\\/person\\\/b4043608248f8fa227cd760e7ff1e19e\",\"name\":\"Vox Sahel\",\"image\":{\"@type\":\"ImageObject\",\"inLanguage\":\"fr-FR\",\"@id\":\"https:\\\/\\\/secure.gravatar.com\\\/avatar\\\/f70e7fa0cb9b29d4a7c5788d6eb2e9ab4d3135cbae1c9161810fdf77a8964699?s=96&d=mm&r=g\",\"url\":\"https:\\\/\\\/secure.gravatar.com\\\/avatar\\\/f70e7fa0cb9b29d4a7c5788d6eb2e9ab4d3135cbae1c9161810fdf77a8964699?s=96&d=mm&r=g\",\"contentUrl\":\"https:\\\/\\\/secure.gravatar.com\\\/avatar\\\/f70e7fa0cb9b29d4a7c5788d6eb2e9ab4d3135cbae1c9161810fdf77a8964699?s=96&d=mm&r=g\",\"caption\":\"Vox Sahel\"},\"sameAs\":[\"http:\\\/\\\/www.voxsahel.com\"],\"url\":\"https:\\\/\\\/voxsahel.com\\\/?author=2\"}]}<\/script>\n<!-- \/ Yoast SEO plugin. -->","yoast_head_json":{"title":"Mali : Vers une gouvernance plus encadr\u00e9e - Vox Sahel","robots":{"index":"index","follow":"follow","max-snippet":"max-snippet:-1","max-image-preview":"max-image-preview:large","max-video-preview":"max-video-preview:-1"},"canonical":"https:\/\/voxsahel.com\/?p=1835","og_locale":"fr_FR","og_type":"article","og_title":"Mali : Vers une gouvernance plus encadr\u00e9e - Vox Sahel","og_description":"Les recommandations cl\u00e9s des consultations nationales \u00c0 l\u2019issue des r\u00e9centes consultations nationales tenues sur l\u2019avenir","og_url":"https:\/\/voxsahel.com\/?p=1835","og_site_name":"Vox Sahel","article_publisher":"https:\/\/www.facebook.com\/journal.voxsahel","article_published_time":"2025-04-30T08:45:35+00:00","og_image":[{"width":1280,"height":720,"url":"https:\/\/voxsahel.com\/wp-content\/uploads\/2025\/04\/IMG_9123.jpeg","type":"image\/jpeg"}],"author":"Vox Sahel","twitter_card":"summary_large_image","twitter_misc":{"\u00c9crit par":"Vox Sahel","Dur\u00e9e de lecture estim\u00e9e":"3 minutes"},"schema":{"@context":"https:\/\/schema.org","@graph":[{"@type":"Article","@id":"https:\/\/voxsahel.com\/?p=1835#article","isPartOf":{"@id":"https:\/\/voxsahel.com\/?p=1835"},"author":{"name":"Vox Sahel","@id":"https:\/\/voxsahel.com\/#\/schema\/person\/b4043608248f8fa227cd760e7ff1e19e"},"headline":"Mali : Vers une gouvernance plus encadr\u00e9e","datePublished":"2025-04-30T08:45:35+00:00","mainEntityOfPage":{"@id":"https:\/\/voxsahel.com\/?p=1835"},"wordCount":490,"commentCount":0,"publisher":{"@id":"https:\/\/voxsahel.com\/#organization"},"image":{"@id":"https:\/\/voxsahel.com\/?p=1835#primaryimage"},"thumbnailUrl":"https:\/\/voxsahel.com\/wp-content\/uploads\/2025\/04\/IMG_9123.jpeg","keywords":["G\u00e9opolitique","Mali","Politique"],"articleSection":["INTERNATIONAL"],"inLanguage":"fr-FR","potentialAction":[{"@type":"CommentAction","name":"Comment","target":["https:\/\/voxsahel.com\/?p=1835#respond"]}]},{"@type":"WebPage","@id":"https:\/\/voxsahel.com\/?p=1835","url":"https:\/\/voxsahel.com\/?p=1835","name":"Mali : Vers une gouvernance plus encadr\u00e9e - Vox Sahel","isPartOf":{"@id":"https:\/\/voxsahel.com\/#website"},"primaryImageOfPage":{"@id":"https:\/\/voxsahel.com\/?p=1835#primaryimage"},"image":{"@id":"https:\/\/voxsahel.com\/?p=1835#primaryimage"},"thumbnailUrl":"https:\/\/voxsahel.com\/wp-content\/uploads\/2025\/04\/IMG_9123.jpeg","datePublished":"2025-04-30T08:45:35+00:00","breadcrumb":{"@id":"https:\/\/voxsahel.com\/?p=1835#breadcrumb"},"inLanguage":"fr-FR","potentialAction":[{"@type":"ReadAction","target":["https:\/\/voxsahel.com\/?p=1835"]}]},{"@type":"ImageObject","inLanguage":"fr-FR","@id":"https:\/\/voxsahel.com\/?p=1835#primaryimage","url":"https:\/\/voxsahel.com\/wp-content\/uploads\/2025\/04\/IMG_9123.jpeg","contentUrl":"https:\/\/voxsahel.com\/wp-content\/uploads\/2025\/04\/IMG_9123.jpeg","width":1280,"height":720},{"@type":"BreadcrumbList","@id":"https:\/\/voxsahel.com\/?p=1835#breadcrumb","itemListElement":[{"@type":"ListItem","position":1,"name":"Home","item":"https:\/\/voxsahel.com\/"},{"@type":"ListItem","position":2,"name":"Mali : Vers une gouvernance plus encadr\u00e9e"}]},{"@type":"WebSite","@id":"https:\/\/voxsahel.com\/#website","url":"https:\/\/voxsahel.com\/","name":"Vox Sahel","description":"Informez-vous sur le Sahel en un clic","publisher":{"@id":"https:\/\/voxsahel.com\/#organization"},"potentialAction":[{"@type":"SearchAction","target":{"@type":"EntryPoint","urlTemplate":"https:\/\/voxsahel.com\/?s={search_term_string}"},"query-input":{"@type":"PropertyValueSpecification","valueRequired":true,"valueName":"search_term_string"}}],"inLanguage":"fr-FR"},{"@type":"Organization","@id":"https:\/\/voxsahel.com\/#organization","name":"Vox Sahel","url":"https:\/\/voxsahel.com\/","logo":{"@type":"ImageObject","inLanguage":"fr-FR","@id":"https:\/\/voxsahel.com\/#\/schema\/logo\/image\/","url":"https:\/\/voxsahel.com\/wp-content\/uploads\/2024\/09\/Logo-Vox-Sahel.jpg","contentUrl":"https:\/\/voxsahel.com\/wp-content\/uploads\/2024\/09\/Logo-Vox-Sahel.jpg","width":1181,"height":848,"caption":"Vox Sahel"},"image":{"@id":"https:\/\/voxsahel.com\/#\/schema\/logo\/image\/"},"sameAs":["https:\/\/www.facebook.com\/journal.voxsahel"]},{"@type":"Person","@id":"https:\/\/voxsahel.com\/#\/schema\/person\/b4043608248f8fa227cd760e7ff1e19e","name":"Vox Sahel","image":{"@type":"ImageObject","inLanguage":"fr-FR","@id":"https:\/\/secure.gravatar.com\/avatar\/f70e7fa0cb9b29d4a7c5788d6eb2e9ab4d3135cbae1c9161810fdf77a8964699?s=96&d=mm&r=g","url":"https:\/\/secure.gravatar.com\/avatar\/f70e7fa0cb9b29d4a7c5788d6eb2e9ab4d3135cbae1c9161810fdf77a8964699?s=96&d=mm&r=g","contentUrl":"https:\/\/secure.gravatar.com\/avatar\/f70e7fa0cb9b29d4a7c5788d6eb2e9ab4d3135cbae1c9161810fdf77a8964699?s=96&d=mm&r=g","caption":"Vox Sahel"},"sameAs":["http:\/\/www.voxsahel.com"],"url":"https:\/\/voxsahel.com\/?author=2"}]}},"_links":{"self":[{"href":"https:\/\/voxsahel.com\/index.php?rest_route=\/wp\/v2\/posts\/1835","targetHints":{"allow":["GET"]}}],"collection":[{"href":"https:\/\/voxsahel.com\/index.php?rest_route=\/wp\/v2\/posts"}],"about":[{"href":"https:\/\/voxsahel.com\/index.php?rest_route=\/wp\/v2\/types\/post"}],"author":[{"embeddable":true,"href":"https:\/\/voxsahel.com\/index.php?rest_route=\/wp\/v2\/users\/2"}],"replies":[{"embeddable":true,"href":"https:\/\/voxsahel.com\/index.php?rest_route=%2Fwp%2Fv2%2Fcomments&post=1835"}],"version-history":[{"count":1,"href":"https:\/\/voxsahel.com\/index.php?rest_route=\/wp\/v2\/posts\/1835\/revisions"}],"predecessor-version":[{"id":1837,"href":"https:\/\/voxsahel.com\/index.php?rest_route=\/wp\/v2\/posts\/1835\/revisions\/1837"}],"wp:featuredmedia":[{"embeddable":true,"href":"https:\/\/voxsahel.com\/index.php?rest_route=\/wp\/v2\/media\/1836"}],"wp:attachment":[{"href":"https:\/\/voxsahel.com\/index.php?rest_route=%2Fwp%2Fv2%2Fmedia&parent=1835"}],"wp:term":[{"taxonomy":"category","embeddable":true,"href":"https:\/\/voxsahel.com\/index.php?rest_route=%2Fwp%2Fv2%2Fcategories&post=1835"},{"taxonomy":"post_tag","embeddable":true,"href":"https:\/\/voxsahel.com\/index.php?rest_route=%2Fwp%2Fv2%2Ftags&post=1835"}],"curies":[{"name":"wp","href":"https:\/\/api.w.org\/{rel}","templated":true}]}}