{"id":1831,"date":"2025-04-28T18:15:11","date_gmt":"2025-04-28T18:15:11","guid":{"rendered":"https:\/\/voxsahel.com\/?p=1831"},"modified":"2025-04-28T18:15:11","modified_gmt":"2025-04-28T18:15:11","slug":"initiative-presidentielle-faso-mebo-450-vdp-de-la-construction-prets-pour-les-chantiers","status":"publish","type":"post","link":"https:\/\/voxsahel.com\/?p=1831","title":{"rendered":"Initiative pr\u00e9sidentielle Faso M\u00eabo : 450 VDP de la construction, pr\u00eats pour les chantiers"},"content":{"rendered":"<p>Le commandant adjoint de la Brigade des volontaires pour la d\u00e9fense de la Patrie (BVDP), le Lieutenant-colonel Mahamadi SAWADOGO, a pr\u00e9sid\u00e9 ce lundi matin au Centre national de formation des VDP, la c\u00e9r\u00e9monie de fin de formation de 450 Volontaires pour la d\u00e9fense de la Patrie (VDP) de l\u2019Initiative pr\u00e9sidentielle Faso M\u00eabo.<\/p>\n<p>Recrut\u00e9s pour la construction des infrastructures dans le cadre de la mise en \u0153uvre de l\u2019Initiative pr\u00e9sidentielle Faso M\u00eabo, ces 450 jeunes ont re\u00e7u une formation militaire initiale. Selon le commandant du Centre national de formation des VDP, le Commandant Ousseni K. ZIDA, pendant trois semaines, les jeunes ont \u00e9t\u00e9 form\u00e9s en tactiques et techniques de combat et sensibilis\u00e9s sur le civisme et le patriotisme.<\/p>\n<p>L\u2019objectif de cette formation militaire, selon le Coordonnateur de l\u2019Initiative pr\u00e9sidentielle Faso M\u00eabo, le Commandant Ahmed Zoodnoma SAKAND\u00c9, est de cr\u00e9er une coh\u00e9sion, de former une famille, de constituer un bloc avec des valeurs de patriotisme pour aller \u00e0 l\u2019assaut des d\u00e9fis dans le domaine des infrastructures. \u00ab Au sortir de cette formation, va commencer l\u2019\u00e9criture d\u2019une histoire pour notre pays. Et cette histoire nous avons l\u2019honneur et le challenge de l\u2019\u00e9crire ensemble. Nous avons d\u00e9j\u00e0 quatre chantiers, que nous devons imm\u00e9diatement entamer \u00bb, soutient le Coordonnateur de l\u2019Initiative pr\u00e9sidentielle Faso M\u00eabo, le Commandant SAKAND\u00c9.<\/p>\n<p>Selon le commandant adjoint de la Brigade des volontaires pour la d\u00e9fense de la Patrie, le Lieutenant-colonel Mahamadi SAWADOGO, cette formation va permettre aux stagiaires de se s\u00e9curiser et de s\u00e9curiser les moyens logistiques mis \u00e0 leur disposition.<\/p>\n<p>C\u2019est une formation salu\u00e9e par les stagiaires qui appr\u00e9cient la dynamique enclench\u00e9e par les plus hautes autorit\u00e9s de notre pays. \u00ab Nous, les b\u00e9n\u00e9ficiaires de cette formation, ne pouvons que dire merci. Cette formation est \u00e9ducative d\u2019une part et d\u2019autre part, elle nous a permis d\u2019avoir une nouvelle vision sur la question du patriotisme, sur la question du civisme \u00bb, \u00e0 en croire le stagiaire Adama TRAOR\u00c9, technicien op\u00e9rateur en topographie.<\/p>\n<p style=\"text-align: right;\"><strong>Direction de la communication de la Pr\u00e9sidence du Faso<\/strong><\/p>\n","protected":false},"excerpt":{"rendered":"<p>Le commandant adjoint de la Brigade des volontaires pour la d\u00e9fense de la Patrie (BVDP),<\/p>\n","protected":false},"author":2,"featured_media":1833,"comment_status":"open","ping_status":"open","sticky":false,"template":"","format":"standard","meta":{"_et_pb_use_builder":"","_et_pb_old_content":"","_et_gb_content_width":"","footnotes":""},"categories":[8],"tags":[711,18,403,712],"class_list":["post-1831","post","type-post","status-publish","format-standard","has-post-thumbnail","hentry","category-developpement","tag-brigade-des-volontaires-pour-la-defense-de-la-patrie","tag-burkina-faso","tag-vdp","tag-volontaires-pour-la-defense-de-la-patrie"],"yoast_head":"<!-- This site is optimized with the Yoast SEO plugin v27.5 - https:\/\/yoast.com\/product\/yoast-seo-wordpress\/ -->\n<title>Initiative pr\u00e9sidentielle Faso M\u00eabo : 450 VDP de la construction, pr\u00eats pour les chantiers - Vox Sahel<\/title>\n<meta name=\"robots\" content=\"index, follow, max-snippet:-1, max-image-preview:large, max-video-preview:-1\" \/>\n<link rel=\"canonical\" href=\"https:\/\/voxsahel.com\/?p=1831\" \/>\n<meta property=\"og:locale\" content=\"fr_FR\" \/>\n<meta property=\"og:type\" content=\"article\" \/>\n<meta property=\"og:title\" content=\"Initiative pr\u00e9sidentielle Faso M\u00eabo : 450 VDP de la construction, pr\u00eats pour les chantiers - Vox Sahel\" \/>\n<meta property=\"og:description\" content=\"Le commandant adjoint de la Brigade des volontaires pour la d\u00e9fense de la Patrie (BVDP),\" \/>\n<meta property=\"og:url\" content=\"https:\/\/voxsahel.com\/?p=1831\" \/>\n<meta property=\"og:site_name\" content=\"Vox Sahel\" \/>\n<meta property=\"article:publisher\" content=\"https:\/\/www.facebook.com\/journal.voxsahel\" \/>\n<meta property=\"article:published_time\" content=\"2025-04-28T18:15:11+00:00\" \/>\n<meta property=\"og:image\" content=\"https:\/\/voxsahel.com\/wp-content\/uploads\/2025\/04\/42c86f11-390f-4e3d-aa6e-d92df7421a6c.jpeg\" \/>\n\t<meta property=\"og:image:width\" content=\"1600\" \/>\n\t<meta property=\"og:image:height\" content=\"1067\" \/>\n\t<meta property=\"og:image:type\" content=\"image\/jpeg\" \/>\n<meta name=\"author\" content=\"Vox Sahel\" \/>\n<meta name=\"twitter:card\" content=\"summary_large_image\" \/>\n<meta name=\"twitter:label1\" content=\"\u00c9crit par\" \/>\n\t<meta name=\"twitter:data1\" content=\"Vox Sahel\" \/>\n\t<meta name=\"twitter:label2\" content=\"Dur\u00e9e de lecture estim\u00e9e\" \/>\n\t<meta name=\"twitter:data2\" content=\"2 minutes\" \/>\n<script type=\"application\/ld+json\" class=\"yoast-schema-graph\">{\"@context\":\"https:\\\/\\\/schema.org\",\"@graph\":[{\"@type\":\"Article\",\"@id\":\"https:\\\/\\\/voxsahel.com\\\/?p=1831#article\",\"isPartOf\":{\"@id\":\"https:\\\/\\\/voxsahel.com\\\/?p=1831\"},\"author\":{\"name\":\"Vox Sahel\",\"@id\":\"https:\\\/\\\/voxsahel.com\\\/#\\\/schema\\\/person\\\/b4043608248f8fa227cd760e7ff1e19e\"},\"headline\":\"Initiative pr\u00e9sidentielle Faso M\u00eabo : 450 VDP de la construction, pr\u00eats pour les chantiers\",\"datePublished\":\"2025-04-28T18:15:11+00:00\",\"mainEntityOfPage\":{\"@id\":\"https:\\\/\\\/voxsahel.com\\\/?p=1831\"},\"wordCount\":383,\"commentCount\":0,\"publisher\":{\"@id\":\"https:\\\/\\\/voxsahel.com\\\/#organization\"},\"image\":{\"@id\":\"https:\\\/\\\/voxsahel.com\\\/?p=1831#primaryimage\"},\"thumbnailUrl\":\"https:\\\/\\\/voxsahel.com\\\/wp-content\\\/uploads\\\/2025\\\/04\\\/42c86f11-390f-4e3d-aa6e-d92df7421a6c.jpeg\",\"keywords\":[\"Brigade des volontaires pour la d\u00e9fense de la Patrie\",\"Burkina Faso\",\"VDP\",\"Volontaires pour la d\u00e9fense de la Patrie\"],\"articleSection\":[\"DEVELOPPEMENT\"],\"inLanguage\":\"fr-FR\",\"potentialAction\":[{\"@type\":\"CommentAction\",\"name\":\"Comment\",\"target\":[\"https:\\\/\\\/voxsahel.com\\\/?p=1831#respond\"]}]},{\"@type\":\"WebPage\",\"@id\":\"https:\\\/\\\/voxsahel.com\\\/?p=1831\",\"url\":\"https:\\\/\\\/voxsahel.com\\\/?p=1831\",\"name\":\"Initiative pr\u00e9sidentielle Faso M\u00eabo : 450 VDP de la construction, pr\u00eats pour les chantiers - Vox Sahel\",\"isPartOf\":{\"@id\":\"https:\\\/\\\/voxsahel.com\\\/#website\"},\"primaryImageOfPage\":{\"@id\":\"https:\\\/\\\/voxsahel.com\\\/?p=1831#primaryimage\"},\"image\":{\"@id\":\"https:\\\/\\\/voxsahel.com\\\/?p=1831#primaryimage\"},\"thumbnailUrl\":\"https:\\\/\\\/voxsahel.com\\\/wp-content\\\/uploads\\\/2025\\\/04\\\/42c86f11-390f-4e3d-aa6e-d92df7421a6c.jpeg\",\"datePublished\":\"2025-04-28T18:15:11+00:00\",\"breadcrumb\":{\"@id\":\"https:\\\/\\\/voxsahel.com\\\/?p=1831#breadcrumb\"},\"inLanguage\":\"fr-FR\",\"potentialAction\":[{\"@type\":\"ReadAction\",\"target\":[\"https:\\\/\\\/voxsahel.com\\\/?p=1831\"]}]},{\"@type\":\"ImageObject\",\"inLanguage\":\"fr-FR\",\"@id\":\"https:\\\/\\\/voxsahel.com\\\/?p=1831#primaryimage\",\"url\":\"https:\\\/\\\/voxsahel.com\\\/wp-content\\\/uploads\\\/2025\\\/04\\\/42c86f11-390f-4e3d-aa6e-d92df7421a6c.jpeg\",\"contentUrl\":\"https:\\\/\\\/voxsahel.com\\\/wp-content\\\/uploads\\\/2025\\\/04\\\/42c86f11-390f-4e3d-aa6e-d92df7421a6c.jpeg\",\"width\":1600,\"height\":1067},{\"@type\":\"BreadcrumbList\",\"@id\":\"https:\\\/\\\/voxsahel.com\\\/?p=1831#breadcrumb\",\"itemListElement\":[{\"@type\":\"ListItem\",\"position\":1,\"name\":\"Home\",\"item\":\"https:\\\/\\\/voxsahel.com\\\/\"},{\"@type\":\"ListItem\",\"position\":2,\"name\":\"Initiative pr\u00e9sidentielle Faso M\u00eabo : 450 VDP de la construction, pr\u00eats pour les chantiers\"}]},{\"@type\":\"WebSite\",\"@id\":\"https:\\\/\\\/voxsahel.com\\\/#website\",\"url\":\"https:\\\/\\\/voxsahel.com\\\/\",\"name\":\"Vox Sahel\",\"description\":\"Informez-vous sur le Sahel en un clic\",\"publisher\":{\"@id\":\"https:\\\/\\\/voxsahel.com\\\/#organization\"},\"potentialAction\":[{\"@type\":\"SearchAction\",\"target\":{\"@type\":\"EntryPoint\",\"urlTemplate\":\"https:\\\/\\\/voxsahel.com\\\/?s={search_term_string}\"},\"query-input\":{\"@type\":\"PropertyValueSpecification\",\"valueRequired\":true,\"valueName\":\"search_term_string\"}}],\"inLanguage\":\"fr-FR\"},{\"@type\":\"Organization\",\"@id\":\"https:\\\/\\\/voxsahel.com\\\/#organization\",\"name\":\"Vox Sahel\",\"url\":\"https:\\\/\\\/voxsahel.com\\\/\",\"logo\":{\"@type\":\"ImageObject\",\"inLanguage\":\"fr-FR\",\"@id\":\"https:\\\/\\\/voxsahel.com\\\/#\\\/schema\\\/logo\\\/image\\\/\",\"url\":\"https:\\\/\\\/voxsahel.com\\\/wp-content\\\/uploads\\\/2024\\\/09\\\/Logo-Vox-Sahel.jpg\",\"contentUrl\":\"https:\\\/\\\/voxsahel.com\\\/wp-content\\\/uploads\\\/2024\\\/09\\\/Logo-Vox-Sahel.jpg\",\"width\":1181,\"height\":848,\"caption\":\"Vox Sahel\"},\"image\":{\"@id\":\"https:\\\/\\\/voxsahel.com\\\/#\\\/schema\\\/logo\\\/image\\\/\"},\"sameAs\":[\"https:\\\/\\\/www.facebook.com\\\/journal.voxsahel\"]},{\"@type\":\"Person\",\"@id\":\"https:\\\/\\\/voxsahel.com\\\/#\\\/schema\\\/person\\\/b4043608248f8fa227cd760e7ff1e19e\",\"name\":\"Vox Sahel\",\"image\":{\"@type\":\"ImageObject\",\"inLanguage\":\"fr-FR\",\"@id\":\"https:\\\/\\\/secure.gravatar.com\\\/avatar\\\/f70e7fa0cb9b29d4a7c5788d6eb2e9ab4d3135cbae1c9161810fdf77a8964699?s=96&d=mm&r=g\",\"url\":\"https:\\\/\\\/secure.gravatar.com\\\/avatar\\\/f70e7fa0cb9b29d4a7c5788d6eb2e9ab4d3135cbae1c9161810fdf77a8964699?s=96&d=mm&r=g\",\"contentUrl\":\"https:\\\/\\\/secure.gravatar.com\\\/avatar\\\/f70e7fa0cb9b29d4a7c5788d6eb2e9ab4d3135cbae1c9161810fdf77a8964699?s=96&d=mm&r=g\",\"caption\":\"Vox Sahel\"},\"sameAs\":[\"http:\\\/\\\/www.voxsahel.com\"],\"url\":\"https:\\\/\\\/voxsahel.com\\\/?author=2\"}]}<\/script>\n<!-- \/ Yoast SEO plugin. -->","yoast_head_json":{"title":"Initiative pr\u00e9sidentielle Faso M\u00eabo : 450 VDP de la construction, pr\u00eats pour les chantiers - Vox Sahel","robots":{"index":"index","follow":"follow","max-snippet":"max-snippet:-1","max-image-preview":"max-image-preview:large","max-video-preview":"max-video-preview:-1"},"canonical":"https:\/\/voxsahel.com\/?p=1831","og_locale":"fr_FR","og_type":"article","og_title":"Initiative pr\u00e9sidentielle Faso M\u00eabo : 450 VDP de la construction, pr\u00eats pour les chantiers - Vox Sahel","og_description":"Le commandant adjoint de la Brigade des volontaires pour la d\u00e9fense de la Patrie (BVDP),","og_url":"https:\/\/voxsahel.com\/?p=1831","og_site_name":"Vox Sahel","article_publisher":"https:\/\/www.facebook.com\/journal.voxsahel","article_published_time":"2025-04-28T18:15:11+00:00","og_image":[{"width":1600,"height":1067,"url":"https:\/\/voxsahel.com\/wp-content\/uploads\/2025\/04\/42c86f11-390f-4e3d-aa6e-d92df7421a6c.jpeg","type":"image\/jpeg"}],"author":"Vox Sahel","twitter_card":"summary_large_image","twitter_misc":{"\u00c9crit par":"Vox Sahel","Dur\u00e9e de lecture estim\u00e9e":"2 minutes"},"schema":{"@context":"https:\/\/schema.org","@graph":[{"@type":"Article","@id":"https:\/\/voxsahel.com\/?p=1831#article","isPartOf":{"@id":"https:\/\/voxsahel.com\/?p=1831"},"author":{"name":"Vox Sahel","@id":"https:\/\/voxsahel.com\/#\/schema\/person\/b4043608248f8fa227cd760e7ff1e19e"},"headline":"Initiative pr\u00e9sidentielle Faso M\u00eabo : 450 VDP de la construction, pr\u00eats pour les chantiers","datePublished":"2025-04-28T18:15:11+00:00","mainEntityOfPage":{"@id":"https:\/\/voxsahel.com\/?p=1831"},"wordCount":383,"commentCount":0,"publisher":{"@id":"https:\/\/voxsahel.com\/#organization"},"image":{"@id":"https:\/\/voxsahel.com\/?p=1831#primaryimage"},"thumbnailUrl":"https:\/\/voxsahel.com\/wp-content\/uploads\/2025\/04\/42c86f11-390f-4e3d-aa6e-d92df7421a6c.jpeg","keywords":["Brigade des volontaires pour la d\u00e9fense de la Patrie","Burkina Faso","VDP","Volontaires pour la d\u00e9fense de la Patrie"],"articleSection":["DEVELOPPEMENT"],"inLanguage":"fr-FR","potentialAction":[{"@type":"CommentAction","name":"Comment","target":["https:\/\/voxsahel.com\/?p=1831#respond"]}]},{"@type":"WebPage","@id":"https:\/\/voxsahel.com\/?p=1831","url":"https:\/\/voxsahel.com\/?p=1831","name":"Initiative pr\u00e9sidentielle Faso M\u00eabo : 450 VDP de la construction, pr\u00eats pour les chantiers - Vox Sahel","isPartOf":{"@id":"https:\/\/voxsahel.com\/#website"},"primaryImageOfPage":{"@id":"https:\/\/voxsahel.com\/?p=1831#primaryimage"},"image":{"@id":"https:\/\/voxsahel.com\/?p=1831#primaryimage"},"thumbnailUrl":"https:\/\/voxsahel.com\/wp-content\/uploads\/2025\/04\/42c86f11-390f-4e3d-aa6e-d92df7421a6c.jpeg","datePublished":"2025-04-28T18:15:11+00:00","breadcrumb":{"@id":"https:\/\/voxsahel.com\/?p=1831#breadcrumb"},"inLanguage":"fr-FR","potentialAction":[{"@type":"ReadAction","target":["https:\/\/voxsahel.com\/?p=1831"]}]},{"@type":"ImageObject","inLanguage":"fr-FR","@id":"https:\/\/voxsahel.com\/?p=1831#primaryimage","url":"https:\/\/voxsahel.com\/wp-content\/uploads\/2025\/04\/42c86f11-390f-4e3d-aa6e-d92df7421a6c.jpeg","contentUrl":"https:\/\/voxsahel.com\/wp-content\/uploads\/2025\/04\/42c86f11-390f-4e3d-aa6e-d92df7421a6c.jpeg","width":1600,"height":1067},{"@type":"BreadcrumbList","@id":"https:\/\/voxsahel.com\/?p=1831#breadcrumb","itemListElement":[{"@type":"ListItem","position":1,"name":"Home","item":"https:\/\/voxsahel.com\/"},{"@type":"ListItem","position":2,"name":"Initiative pr\u00e9sidentielle Faso M\u00eabo : 450 VDP de la construction, pr\u00eats pour les chantiers"}]},{"@type":"WebSite","@id":"https:\/\/voxsahel.com\/#website","url":"https:\/\/voxsahel.com\/","name":"Vox Sahel","description":"Informez-vous sur le Sahel en un clic","publisher":{"@id":"https:\/\/voxsahel.com\/#organization"},"potentialAction":[{"@type":"SearchAction","target":{"@type":"EntryPoint","urlTemplate":"https:\/\/voxsahel.com\/?s={search_term_string}"},"query-input":{"@type":"PropertyValueSpecification","valueRequired":true,"valueName":"search_term_string"}}],"inLanguage":"fr-FR"},{"@type":"Organization","@id":"https:\/\/voxsahel.com\/#organization","name":"Vox Sahel","url":"https:\/\/voxsahel.com\/","logo":{"@type":"ImageObject","inLanguage":"fr-FR","@id":"https:\/\/voxsahel.com\/#\/schema\/logo\/image\/","url":"https:\/\/voxsahel.com\/wp-content\/uploads\/2024\/09\/Logo-Vox-Sahel.jpg","contentUrl":"https:\/\/voxsahel.com\/wp-content\/uploads\/2024\/09\/Logo-Vox-Sahel.jpg","width":1181,"height":848,"caption":"Vox Sahel"},"image":{"@id":"https:\/\/voxsahel.com\/#\/schema\/logo\/image\/"},"sameAs":["https:\/\/www.facebook.com\/journal.voxsahel"]},{"@type":"Person","@id":"https:\/\/voxsahel.com\/#\/schema\/person\/b4043608248f8fa227cd760e7ff1e19e","name":"Vox Sahel","image":{"@type":"ImageObject","inLanguage":"fr-FR","@id":"https:\/\/secure.gravatar.com\/avatar\/f70e7fa0cb9b29d4a7c5788d6eb2e9ab4d3135cbae1c9161810fdf77a8964699?s=96&d=mm&r=g","url":"https:\/\/secure.gravatar.com\/avatar\/f70e7fa0cb9b29d4a7c5788d6eb2e9ab4d3135cbae1c9161810fdf77a8964699?s=96&d=mm&r=g","contentUrl":"https:\/\/secure.gravatar.com\/avatar\/f70e7fa0cb9b29d4a7c5788d6eb2e9ab4d3135cbae1c9161810fdf77a8964699?s=96&d=mm&r=g","caption":"Vox Sahel"},"sameAs":["http:\/\/www.voxsahel.com"],"url":"https:\/\/voxsahel.com\/?author=2"}]}},"_links":{"self":[{"href":"https:\/\/voxsahel.com\/index.php?rest_route=\/wp\/v2\/posts\/1831","targetHints":{"allow":["GET"]}}],"collection":[{"href":"https:\/\/voxsahel.com\/index.php?rest_route=\/wp\/v2\/posts"}],"about":[{"href":"https:\/\/voxsahel.com\/index.php?rest_route=\/wp\/v2\/types\/post"}],"author":[{"embeddable":true,"href":"https:\/\/voxsahel.com\/index.php?rest_route=\/wp\/v2\/users\/2"}],"replies":[{"embeddable":true,"href":"https:\/\/voxsahel.com\/index.php?rest_route=%2Fwp%2Fv2%2Fcomments&post=1831"}],"version-history":[{"count":1,"href":"https:\/\/voxsahel.com\/index.php?rest_route=\/wp\/v2\/posts\/1831\/revisions"}],"predecessor-version":[{"id":1834,"href":"https:\/\/voxsahel.com\/index.php?rest_route=\/wp\/v2\/posts\/1831\/revisions\/1834"}],"wp:featuredmedia":[{"embeddable":true,"href":"https:\/\/voxsahel.com\/index.php?rest_route=\/wp\/v2\/media\/1833"}],"wp:attachment":[{"href":"https:\/\/voxsahel.com\/index.php?rest_route=%2Fwp%2Fv2%2Fmedia&parent=1831"}],"wp:term":[{"taxonomy":"category","embeddable":true,"href":"https:\/\/voxsahel.com\/index.php?rest_route=%2Fwp%2Fv2%2Fcategories&post=1831"},{"taxonomy":"post_tag","embeddable":true,"href":"https:\/\/voxsahel.com\/index.php?rest_route=%2Fwp%2Fv2%2Ftags&post=1831"}],"curies":[{"name":"wp","href":"https:\/\/api.w.org\/{rel}","templated":true}]}}