{"id":1828,"date":"2025-04-28T00:19:23","date_gmt":"2025-04-28T00:19:23","guid":{"rendered":"https:\/\/voxsahel.com\/?p=1828"},"modified":"2025-04-28T00:19:23","modified_gmt":"2025-04-28T00:19:23","slug":"edito-tourisme-resilience-le-burkina-faso-une-terre-de-culture-et-dhospitalite-malgre-les-defis","status":"publish","type":"post","link":"https:\/\/voxsahel.com\/?p=1828","title":{"rendered":"\u00c9dito\/Tourisme &#038; R\u00e9silience : Le Burkina Faso, une terre de culture et d\u2019hospitalit\u00e9 malgr\u00e9 les d\u00e9fis"},"content":{"rendered":"<p class=\"p1\">Dans un monde o\u00f9 l\u2019image d\u2019un pays peut basculer en quelques secondes sous le poids de l\u2019ins\u00e9curit\u00e9 et des crises, le Burkina Faso se dresse avec dignit\u00e9 et foi en l\u2019avenir. Malgr\u00e9 les vents contraires, notre pays refuse de plier. Et c\u2019est \u00e0 travers des initiatives comme la Vitrine Internationale du Tourisme, de l\u2019H\u00f4tellerie et de la Restauration (VITHRO) que le Burkina Faso entend le rappeler au monde : nous sommes encore debout, fiers et vivants.<\/p>\n<p class=\"p1\"><span class=\"s1\">Oui, les d\u00e9fis s\u00e9curitaires sont r\u00e9els, mais ils ne doivent pas \u00eatre le seul r\u00e9cit de notre nation. Le Burkina, c\u2019est aussi un peuple chaleureux, des traditions vivantes, une richesse culturelle inestimable et une hospitalit\u00e9 l\u00e9gendaire. En accueillant la 5e \u00e9dition de la VITHRO du 29 avril au 4 mai 2025, Ouagadougou envoie un signal fort : le tourisme est et doit rester un pilier de d\u00e9veloppement, un levier de paix, de dialogue et de rayonnement.<\/span><\/p>\n<p class=\"p1\"><span class=\"s1\">Le tourisme est plus qu\u2019un secteur \u00e9conomique, c\u2019est une vitrine de notre identit\u00e9, un miroir de nos valeurs. \u00c0 travers chaque visiteur qui foule notre sol, c\u2019est une histoire partag\u00e9e, une m\u00e9moire vivante, une confiance renouvel\u00e9e dans ce que le Burkina peut offrir au monde. Il est temps de faire rayonner nos merveilles, d\u2019ouvrir grand les portes de nos r\u00e9gions et de montrer que, malgr\u00e9 les douleurs, le pays des Hommes int\u00e8gres reste vivable, accueillant et inspirant. <\/span><\/p>\n<p class=\"p1\"><span class=\"s1\">La VITHRO 2025 est l\u2019occasion r\u00eav\u00e9e de r\u00e9inventer notre mod\u00e8le touristique : plus local, plus r\u00e9silient, plus solidaire. Car le tourisme peut cr\u00e9er des emplois, retisser les liens communautaires et raviver la fiert\u00e9 nationale. Investisseurs, professionnels, artisans, jeunes et femmes, tous sont appel\u00e9s \u00e0 jouer leur r\u00f4le pour redonner \u00e0 ce secteur sa place strat\u00e9gique.Le Burkina Faso ne se r\u00e9sume pas \u00e0 l\u2019ins\u00e9curit\u00e9. <\/span><\/p>\n<p class=\"p1\"><span class=\"s1\">Il se raconte aussi \u00e0 travers ses sourires, ses saveurs, ses danses, ses paysages et ses rencontres. Et c\u2019est ce r\u00e9cit-l\u00e0 que nous devons faire entendre, ensemble.<\/span><\/p>\n<p class=\"p1\" style=\"text-align: right;\"><strong><span class=\"s1\">La R\u00e9daction<\/span><\/strong><\/p>\n","protected":false},"excerpt":{"rendered":"<p>Dans un monde o\u00f9 l\u2019image d\u2019un pays peut basculer en quelques secondes sous le poids<\/p>\n","protected":false},"author":2,"featured_media":1829,"comment_status":"open","ping_status":"open","sticky":false,"template":"","format":"standard","meta":{"_et_pb_use_builder":"","_et_pb_old_content":"","_et_gb_content_width":"","footnotes":""},"categories":[13],"tags":[18,65,709,109,108,710,708],"class_list":["post-1828","post","type-post","status-publish","format-standard","has-post-thumbnail","hentry","category-culture","tag-burkina-faso","tag-culture","tag-de-lhotellerie-et-de-la-restauration","tag-hotellerie","tag-tourisme","tag-vithro","tag-vitrine-internationale-du-tourisme"],"yoast_head":"<!-- This site is optimized with the Yoast SEO plugin v27.5 - https:\/\/yoast.com\/product\/yoast-seo-wordpress\/ -->\n<title>\u00c9dito\/Tourisme &amp; R\u00e9silience : Le Burkina Faso, une terre de culture et d\u2019hospitalit\u00e9 malgr\u00e9 les d\u00e9fis - Vox Sahel<\/title>\n<meta name=\"robots\" content=\"index, follow, max-snippet:-1, max-image-preview:large, max-video-preview:-1\" \/>\n<link rel=\"canonical\" href=\"https:\/\/voxsahel.com\/?p=1828\" \/>\n<meta property=\"og:locale\" content=\"fr_FR\" \/>\n<meta property=\"og:type\" content=\"article\" \/>\n<meta property=\"og:title\" content=\"\u00c9dito\/Tourisme &amp; R\u00e9silience : Le Burkina Faso, une terre de culture et d\u2019hospitalit\u00e9 malgr\u00e9 les d\u00e9fis - Vox Sahel\" \/>\n<meta property=\"og:description\" content=\"Dans un monde o\u00f9 l\u2019image d\u2019un pays peut basculer en quelques secondes sous le poids\" \/>\n<meta property=\"og:url\" content=\"https:\/\/voxsahel.com\/?p=1828\" \/>\n<meta property=\"og:site_name\" content=\"Vox Sahel\" \/>\n<meta property=\"article:publisher\" content=\"https:\/\/www.facebook.com\/journal.voxsahel\" \/>\n<meta property=\"article:published_time\" content=\"2025-04-28T00:19:23+00:00\" \/>\n<meta property=\"og:image\" content=\"https:\/\/voxsahel.com\/wp-content\/uploads\/2025\/04\/IMG_8502.jpeg\" \/>\n\t<meta property=\"og:image:width\" content=\"393\" \/>\n\t<meta property=\"og:image:height\" content=\"314\" \/>\n\t<meta property=\"og:image:type\" content=\"image\/jpeg\" \/>\n<meta name=\"author\" content=\"Vox Sahel\" \/>\n<meta name=\"twitter:card\" content=\"summary_large_image\" \/>\n<meta name=\"twitter:label1\" content=\"\u00c9crit par\" \/>\n\t<meta name=\"twitter:data1\" content=\"Vox Sahel\" \/>\n\t<meta name=\"twitter:label2\" content=\"Dur\u00e9e de lecture estim\u00e9e\" \/>\n\t<meta name=\"twitter:data2\" content=\"2 minutes\" \/>\n<script type=\"application\/ld+json\" class=\"yoast-schema-graph\">{\"@context\":\"https:\\\/\\\/schema.org\",\"@graph\":[{\"@type\":\"Article\",\"@id\":\"https:\\\/\\\/voxsahel.com\\\/?p=1828#article\",\"isPartOf\":{\"@id\":\"https:\\\/\\\/voxsahel.com\\\/?p=1828\"},\"author\":{\"name\":\"Vox Sahel\",\"@id\":\"https:\\\/\\\/voxsahel.com\\\/#\\\/schema\\\/person\\\/b4043608248f8fa227cd760e7ff1e19e\"},\"headline\":\"\u00c9dito\\\/Tourisme &#038; R\u00e9silience : Le Burkina Faso, une terre de culture et d\u2019hospitalit\u00e9 malgr\u00e9 les d\u00e9fis\",\"datePublished\":\"2025-04-28T00:19:23+00:00\",\"mainEntityOfPage\":{\"@id\":\"https:\\\/\\\/voxsahel.com\\\/?p=1828\"},\"wordCount\":367,\"commentCount\":0,\"publisher\":{\"@id\":\"https:\\\/\\\/voxsahel.com\\\/#organization\"},\"image\":{\"@id\":\"https:\\\/\\\/voxsahel.com\\\/?p=1828#primaryimage\"},\"thumbnailUrl\":\"https:\\\/\\\/voxsahel.com\\\/wp-content\\\/uploads\\\/2025\\\/04\\\/IMG_8502.jpeg\",\"keywords\":[\"Burkina Faso\",\"Culture\",\"de l\u2019H\u00f4tellerie et de la Restauration\",\"H\u00f4tellerie\",\"Tourisme\",\"VITHRO\",\"Vitrine Internationale du Tourisme\"],\"articleSection\":[\"CULTURE\"],\"inLanguage\":\"fr-FR\",\"potentialAction\":[{\"@type\":\"CommentAction\",\"name\":\"Comment\",\"target\":[\"https:\\\/\\\/voxsahel.com\\\/?p=1828#respond\"]}]},{\"@type\":\"WebPage\",\"@id\":\"https:\\\/\\\/voxsahel.com\\\/?p=1828\",\"url\":\"https:\\\/\\\/voxsahel.com\\\/?p=1828\",\"name\":\"\u00c9dito\\\/Tourisme & R\u00e9silience : Le Burkina Faso, une terre de culture et d\u2019hospitalit\u00e9 malgr\u00e9 les d\u00e9fis - Vox Sahel\",\"isPartOf\":{\"@id\":\"https:\\\/\\\/voxsahel.com\\\/#website\"},\"primaryImageOfPage\":{\"@id\":\"https:\\\/\\\/voxsahel.com\\\/?p=1828#primaryimage\"},\"image\":{\"@id\":\"https:\\\/\\\/voxsahel.com\\\/?p=1828#primaryimage\"},\"thumbnailUrl\":\"https:\\\/\\\/voxsahel.com\\\/wp-content\\\/uploads\\\/2025\\\/04\\\/IMG_8502.jpeg\",\"datePublished\":\"2025-04-28T00:19:23+00:00\",\"breadcrumb\":{\"@id\":\"https:\\\/\\\/voxsahel.com\\\/?p=1828#breadcrumb\"},\"inLanguage\":\"fr-FR\",\"potentialAction\":[{\"@type\":\"ReadAction\",\"target\":[\"https:\\\/\\\/voxsahel.com\\\/?p=1828\"]}]},{\"@type\":\"ImageObject\",\"inLanguage\":\"fr-FR\",\"@id\":\"https:\\\/\\\/voxsahel.com\\\/?p=1828#primaryimage\",\"url\":\"https:\\\/\\\/voxsahel.com\\\/wp-content\\\/uploads\\\/2025\\\/04\\\/IMG_8502.jpeg\",\"contentUrl\":\"https:\\\/\\\/voxsahel.com\\\/wp-content\\\/uploads\\\/2025\\\/04\\\/IMG_8502.jpeg\",\"width\":393,\"height\":314},{\"@type\":\"BreadcrumbList\",\"@id\":\"https:\\\/\\\/voxsahel.com\\\/?p=1828#breadcrumb\",\"itemListElement\":[{\"@type\":\"ListItem\",\"position\":1,\"name\":\"Home\",\"item\":\"https:\\\/\\\/voxsahel.com\\\/\"},{\"@type\":\"ListItem\",\"position\":2,\"name\":\"\u00c9dito\\\/Tourisme &#038; R\u00e9silience : Le Burkina Faso, une terre de culture et d\u2019hospitalit\u00e9 malgr\u00e9 les d\u00e9fis\"}]},{\"@type\":\"WebSite\",\"@id\":\"https:\\\/\\\/voxsahel.com\\\/#website\",\"url\":\"https:\\\/\\\/voxsahel.com\\\/\",\"name\":\"Vox Sahel\",\"description\":\"Informez-vous sur le Sahel en un clic\",\"publisher\":{\"@id\":\"https:\\\/\\\/voxsahel.com\\\/#organization\"},\"potentialAction\":[{\"@type\":\"SearchAction\",\"target\":{\"@type\":\"EntryPoint\",\"urlTemplate\":\"https:\\\/\\\/voxsahel.com\\\/?s={search_term_string}\"},\"query-input\":{\"@type\":\"PropertyValueSpecification\",\"valueRequired\":true,\"valueName\":\"search_term_string\"}}],\"inLanguage\":\"fr-FR\"},{\"@type\":\"Organization\",\"@id\":\"https:\\\/\\\/voxsahel.com\\\/#organization\",\"name\":\"Vox Sahel\",\"url\":\"https:\\\/\\\/voxsahel.com\\\/\",\"logo\":{\"@type\":\"ImageObject\",\"inLanguage\":\"fr-FR\",\"@id\":\"https:\\\/\\\/voxsahel.com\\\/#\\\/schema\\\/logo\\\/image\\\/\",\"url\":\"https:\\\/\\\/voxsahel.com\\\/wp-content\\\/uploads\\\/2024\\\/09\\\/Logo-Vox-Sahel.jpg\",\"contentUrl\":\"https:\\\/\\\/voxsahel.com\\\/wp-content\\\/uploads\\\/2024\\\/09\\\/Logo-Vox-Sahel.jpg\",\"width\":1181,\"height\":848,\"caption\":\"Vox Sahel\"},\"image\":{\"@id\":\"https:\\\/\\\/voxsahel.com\\\/#\\\/schema\\\/logo\\\/image\\\/\"},\"sameAs\":[\"https:\\\/\\\/www.facebook.com\\\/journal.voxsahel\"]},{\"@type\":\"Person\",\"@id\":\"https:\\\/\\\/voxsahel.com\\\/#\\\/schema\\\/person\\\/b4043608248f8fa227cd760e7ff1e19e\",\"name\":\"Vox Sahel\",\"image\":{\"@type\":\"ImageObject\",\"inLanguage\":\"fr-FR\",\"@id\":\"https:\\\/\\\/secure.gravatar.com\\\/avatar\\\/f70e7fa0cb9b29d4a7c5788d6eb2e9ab4d3135cbae1c9161810fdf77a8964699?s=96&d=mm&r=g\",\"url\":\"https:\\\/\\\/secure.gravatar.com\\\/avatar\\\/f70e7fa0cb9b29d4a7c5788d6eb2e9ab4d3135cbae1c9161810fdf77a8964699?s=96&d=mm&r=g\",\"contentUrl\":\"https:\\\/\\\/secure.gravatar.com\\\/avatar\\\/f70e7fa0cb9b29d4a7c5788d6eb2e9ab4d3135cbae1c9161810fdf77a8964699?s=96&d=mm&r=g\",\"caption\":\"Vox Sahel\"},\"sameAs\":[\"http:\\\/\\\/www.voxsahel.com\"],\"url\":\"https:\\\/\\\/voxsahel.com\\\/?author=2\"}]}<\/script>\n<!-- \/ Yoast SEO plugin. -->","yoast_head_json":{"title":"\u00c9dito\/Tourisme & R\u00e9silience : Le Burkina Faso, une terre de culture et d\u2019hospitalit\u00e9 malgr\u00e9 les d\u00e9fis - Vox Sahel","robots":{"index":"index","follow":"follow","max-snippet":"max-snippet:-1","max-image-preview":"max-image-preview:large","max-video-preview":"max-video-preview:-1"},"canonical":"https:\/\/voxsahel.com\/?p=1828","og_locale":"fr_FR","og_type":"article","og_title":"\u00c9dito\/Tourisme & R\u00e9silience : Le Burkina Faso, une terre de culture et d\u2019hospitalit\u00e9 malgr\u00e9 les d\u00e9fis - Vox Sahel","og_description":"Dans un monde o\u00f9 l\u2019image d\u2019un pays peut basculer en quelques secondes sous le poids","og_url":"https:\/\/voxsahel.com\/?p=1828","og_site_name":"Vox Sahel","article_publisher":"https:\/\/www.facebook.com\/journal.voxsahel","article_published_time":"2025-04-28T00:19:23+00:00","og_image":[{"width":393,"height":314,"url":"https:\/\/voxsahel.com\/wp-content\/uploads\/2025\/04\/IMG_8502.jpeg","type":"image\/jpeg"}],"author":"Vox Sahel","twitter_card":"summary_large_image","twitter_misc":{"\u00c9crit par":"Vox Sahel","Dur\u00e9e de lecture estim\u00e9e":"2 minutes"},"schema":{"@context":"https:\/\/schema.org","@graph":[{"@type":"Article","@id":"https:\/\/voxsahel.com\/?p=1828#article","isPartOf":{"@id":"https:\/\/voxsahel.com\/?p=1828"},"author":{"name":"Vox Sahel","@id":"https:\/\/voxsahel.com\/#\/schema\/person\/b4043608248f8fa227cd760e7ff1e19e"},"headline":"\u00c9dito\/Tourisme &#038; R\u00e9silience : Le Burkina Faso, une terre de culture et d\u2019hospitalit\u00e9 malgr\u00e9 les d\u00e9fis","datePublished":"2025-04-28T00:19:23+00:00","mainEntityOfPage":{"@id":"https:\/\/voxsahel.com\/?p=1828"},"wordCount":367,"commentCount":0,"publisher":{"@id":"https:\/\/voxsahel.com\/#organization"},"image":{"@id":"https:\/\/voxsahel.com\/?p=1828#primaryimage"},"thumbnailUrl":"https:\/\/voxsahel.com\/wp-content\/uploads\/2025\/04\/IMG_8502.jpeg","keywords":["Burkina Faso","Culture","de l\u2019H\u00f4tellerie et de la Restauration","H\u00f4tellerie","Tourisme","VITHRO","Vitrine Internationale du Tourisme"],"articleSection":["CULTURE"],"inLanguage":"fr-FR","potentialAction":[{"@type":"CommentAction","name":"Comment","target":["https:\/\/voxsahel.com\/?p=1828#respond"]}]},{"@type":"WebPage","@id":"https:\/\/voxsahel.com\/?p=1828","url":"https:\/\/voxsahel.com\/?p=1828","name":"\u00c9dito\/Tourisme & R\u00e9silience : Le Burkina Faso, une terre de culture et d\u2019hospitalit\u00e9 malgr\u00e9 les d\u00e9fis - Vox Sahel","isPartOf":{"@id":"https:\/\/voxsahel.com\/#website"},"primaryImageOfPage":{"@id":"https:\/\/voxsahel.com\/?p=1828#primaryimage"},"image":{"@id":"https:\/\/voxsahel.com\/?p=1828#primaryimage"},"thumbnailUrl":"https:\/\/voxsahel.com\/wp-content\/uploads\/2025\/04\/IMG_8502.jpeg","datePublished":"2025-04-28T00:19:23+00:00","breadcrumb":{"@id":"https:\/\/voxsahel.com\/?p=1828#breadcrumb"},"inLanguage":"fr-FR","potentialAction":[{"@type":"ReadAction","target":["https:\/\/voxsahel.com\/?p=1828"]}]},{"@type":"ImageObject","inLanguage":"fr-FR","@id":"https:\/\/voxsahel.com\/?p=1828#primaryimage","url":"https:\/\/voxsahel.com\/wp-content\/uploads\/2025\/04\/IMG_8502.jpeg","contentUrl":"https:\/\/voxsahel.com\/wp-content\/uploads\/2025\/04\/IMG_8502.jpeg","width":393,"height":314},{"@type":"BreadcrumbList","@id":"https:\/\/voxsahel.com\/?p=1828#breadcrumb","itemListElement":[{"@type":"ListItem","position":1,"name":"Home","item":"https:\/\/voxsahel.com\/"},{"@type":"ListItem","position":2,"name":"\u00c9dito\/Tourisme &#038; R\u00e9silience : Le Burkina Faso, une terre de culture et d\u2019hospitalit\u00e9 malgr\u00e9 les d\u00e9fis"}]},{"@type":"WebSite","@id":"https:\/\/voxsahel.com\/#website","url":"https:\/\/voxsahel.com\/","name":"Vox Sahel","description":"Informez-vous sur le Sahel en un clic","publisher":{"@id":"https:\/\/voxsahel.com\/#organization"},"potentialAction":[{"@type":"SearchAction","target":{"@type":"EntryPoint","urlTemplate":"https:\/\/voxsahel.com\/?s={search_term_string}"},"query-input":{"@type":"PropertyValueSpecification","valueRequired":true,"valueName":"search_term_string"}}],"inLanguage":"fr-FR"},{"@type":"Organization","@id":"https:\/\/voxsahel.com\/#organization","name":"Vox Sahel","url":"https:\/\/voxsahel.com\/","logo":{"@type":"ImageObject","inLanguage":"fr-FR","@id":"https:\/\/voxsahel.com\/#\/schema\/logo\/image\/","url":"https:\/\/voxsahel.com\/wp-content\/uploads\/2024\/09\/Logo-Vox-Sahel.jpg","contentUrl":"https:\/\/voxsahel.com\/wp-content\/uploads\/2024\/09\/Logo-Vox-Sahel.jpg","width":1181,"height":848,"caption":"Vox Sahel"},"image":{"@id":"https:\/\/voxsahel.com\/#\/schema\/logo\/image\/"},"sameAs":["https:\/\/www.facebook.com\/journal.voxsahel"]},{"@type":"Person","@id":"https:\/\/voxsahel.com\/#\/schema\/person\/b4043608248f8fa227cd760e7ff1e19e","name":"Vox Sahel","image":{"@type":"ImageObject","inLanguage":"fr-FR","@id":"https:\/\/secure.gravatar.com\/avatar\/f70e7fa0cb9b29d4a7c5788d6eb2e9ab4d3135cbae1c9161810fdf77a8964699?s=96&d=mm&r=g","url":"https:\/\/secure.gravatar.com\/avatar\/f70e7fa0cb9b29d4a7c5788d6eb2e9ab4d3135cbae1c9161810fdf77a8964699?s=96&d=mm&r=g","contentUrl":"https:\/\/secure.gravatar.com\/avatar\/f70e7fa0cb9b29d4a7c5788d6eb2e9ab4d3135cbae1c9161810fdf77a8964699?s=96&d=mm&r=g","caption":"Vox Sahel"},"sameAs":["http:\/\/www.voxsahel.com"],"url":"https:\/\/voxsahel.com\/?author=2"}]}},"_links":{"self":[{"href":"https:\/\/voxsahel.com\/index.php?rest_route=\/wp\/v2\/posts\/1828","targetHints":{"allow":["GET"]}}],"collection":[{"href":"https:\/\/voxsahel.com\/index.php?rest_route=\/wp\/v2\/posts"}],"about":[{"href":"https:\/\/voxsahel.com\/index.php?rest_route=\/wp\/v2\/types\/post"}],"author":[{"embeddable":true,"href":"https:\/\/voxsahel.com\/index.php?rest_route=\/wp\/v2\/users\/2"}],"replies":[{"embeddable":true,"href":"https:\/\/voxsahel.com\/index.php?rest_route=%2Fwp%2Fv2%2Fcomments&post=1828"}],"version-history":[{"count":1,"href":"https:\/\/voxsahel.com\/index.php?rest_route=\/wp\/v2\/posts\/1828\/revisions"}],"predecessor-version":[{"id":1830,"href":"https:\/\/voxsahel.com\/index.php?rest_route=\/wp\/v2\/posts\/1828\/revisions\/1830"}],"wp:featuredmedia":[{"embeddable":true,"href":"https:\/\/voxsahel.com\/index.php?rest_route=\/wp\/v2\/media\/1829"}],"wp:attachment":[{"href":"https:\/\/voxsahel.com\/index.php?rest_route=%2Fwp%2Fv2%2Fmedia&parent=1828"}],"wp:term":[{"taxonomy":"category","embeddable":true,"href":"https:\/\/voxsahel.com\/index.php?rest_route=%2Fwp%2Fv2%2Fcategories&post=1828"},{"taxonomy":"post_tag","embeddable":true,"href":"https:\/\/voxsahel.com\/index.php?rest_route=%2Fwp%2Fv2%2Ftags&post=1828"}],"curies":[{"name":"wp","href":"https:\/\/api.w.org\/{rel}","templated":true}]}}