{"id":1825,"date":"2025-04-27T14:44:36","date_gmt":"2025-04-27T14:44:36","guid":{"rendered":"https:\/\/voxsahel.com\/?p=1825"},"modified":"2025-04-27T14:44:36","modified_gmt":"2025-04-27T14:44:36","slug":"football-patrice-motsepe-reorganise-la-caf-nouvelles-tetes-et-nouvelles-ambitions","status":"publish","type":"post","link":"https:\/\/voxsahel.com\/?p=1825","title":{"rendered":"Football : Patrice Motsepe r\u00e9organise la CAF, nouvelles t\u00eates et nouvelles ambitions"},"content":{"rendered":"<p class=\"p1\">\u00c0 l&rsquo;issue d&rsquo;une r\u00e9union \u00e0 Accra ce samedi, la Conf\u00e9d\u00e9ration Africaine de Football a officialis\u00e9 la nomination de ses nouveaux vice-pr\u00e9sidents ainsi que de nouveaux responsables de commissions. Sous l\u2019impulsion de Patrice Motsepe, la CAF entend consolider ses structures et dynamiser la gouvernance du football africain.<\/p>\n<p class=\"p1\"><span class=\"s1\">La Conf\u00e9d\u00e9ration Africaine de Football (CAF) a proc\u00e9d\u00e9 ce samedi \u00e0 Accra, au Ghana, \u00e0 la nomination de ses nouveaux vice-pr\u00e9sidents. Sous la houlette de Patrice Motsepe, Pr\u00e9sident de l\u2019institution, l\u2019organe dirigeant du football africain entame ainsi une nouvelle phase de son mandat.<\/span><\/p>\n<p class=\"p1\"><span class=\"s1\">Le Marocain Fouzi Lekjaa a \u00e9t\u00e9 nomm\u00e9 1er Vice-Pr\u00e9sident de la CAF. Il sera \u00e9paul\u00e9 par Kurt Okraku du Ghana (2e Vice-Pr\u00e9sident) et Pierre-Alain Mounguengui du Gabon (3e Vice-Pr\u00e9sident). \u00c0 leurs c\u00f4t\u00e9s, Bestine Kazadi Ditabala, de la R\u00e9publique D\u00e9mocratique du Congo, devient la 4e Vice-Pr\u00e9sidente, renfor\u00e7ant la repr\u00e9sentation f\u00e9minine au plus haut niveau. Feizal Sidat du Mozambique compl\u00e8te l&rsquo;\u00e9quipe en tant que 5e Vice-Pr\u00e9sident.<\/span><\/p>\n<p class=\"p1\"><span class=\"s1\">Par ailleurs, Patrice Motsepe a annonc\u00e9 l\u2019entr\u00e9e de Yacine Idriss Diallo, Pr\u00e9sident de la F\u00e9d\u00e9ration Ivoirienne de Football (FIF), au sein du Comit\u00e9 Ex\u00e9cutif de la CAF, par voie de cooptation.<\/span><\/p>\n<p class=\"p1\"><span class=\"s1\">En marge de ces nominations, le Comit\u00e9 Ex\u00e9cutif a valid\u00e9 de nouveaux responsables pour plusieurs commissions cl\u00e9s :<\/span><\/p>\n<ul class=\"ul1\">\n<li class=\"li1\"><span class=\"s3\">Commission d\u2019organisation du CHAN<\/span><span class=\"s1\"> : Pierre-Alain Mounguengui (Gabon).<\/span><\/li>\n<li class=\"li1\"><span class=\"s3\">Commission Technique et de D\u00e9veloppement<\/span><span class=\"s1\"> : Samuel Eto&rsquo;o (Cameroun), avec Malouche Belhassen (Tunisie) comme Vice-Pr\u00e9sident.<\/span><\/li>\n<li class=\"li1\"><span class=\"s3\">Commission M\u00e9dicale<\/span><span class=\"s1\"> : Dr Mohammed Bouya (Mauritanie), \u00e9paul\u00e9 par Dr Thulani Ngwenya (Afrique du Sud).<\/span><\/li>\n<\/ul>\n<p class=\"p1\"><span class=\"s1\">Avec ces choix strat\u00e9giques, la CAF affiche son ambition de renforcer ses structures internes et d&rsquo;insuffler un nouveau dynamisme au football africain.<\/span><\/p>\n<p class=\"p1\" style=\"text-align: right;\"><strong><span class=\"s3\">Par Vox Sahel<\/span><\/strong><\/p>\n","protected":false},"excerpt":{"rendered":"<p>\u00c0 l&rsquo;issue d&rsquo;une r\u00e9union \u00e0 Accra ce samedi, la Conf\u00e9d\u00e9ration Africaine de Football a officialis\u00e9<\/p>\n","protected":false},"author":2,"featured_media":1826,"comment_status":"open","ping_status":"open","sticky":false,"template":"","format":"standard","meta":{"_et_pb_use_builder":"","_et_pb_old_content":"","_et_gb_content_width":"","footnotes":""},"categories":[12],"tags":[39,660,35,34],"class_list":["post-1825","post","type-post","status-publish","format-standard","has-post-thumbnail","hentry","category-sports","tag-caf","tag-confederation-africaine-de-football","tag-football","tag-sport"],"yoast_head":"<!-- This site is optimized with the Yoast SEO plugin v27.5 - https:\/\/yoast.com\/product\/yoast-seo-wordpress\/ -->\n<title>Football : Patrice Motsepe r\u00e9organise la CAF, nouvelles t\u00eates et nouvelles ambitions - Vox Sahel<\/title>\n<meta name=\"robots\" content=\"index, follow, max-snippet:-1, max-image-preview:large, max-video-preview:-1\" \/>\n<link rel=\"canonical\" href=\"https:\/\/voxsahel.com\/?p=1825\" \/>\n<meta property=\"og:locale\" content=\"fr_FR\" \/>\n<meta property=\"og:type\" content=\"article\" \/>\n<meta property=\"og:title\" content=\"Football : Patrice Motsepe r\u00e9organise la CAF, nouvelles t\u00eates et nouvelles ambitions - Vox Sahel\" \/>\n<meta property=\"og:description\" content=\"\u00c0 l&rsquo;issue d&rsquo;une r\u00e9union \u00e0 Accra ce samedi, la Conf\u00e9d\u00e9ration Africaine de Football a officialis\u00e9\" \/>\n<meta property=\"og:url\" content=\"https:\/\/voxsahel.com\/?p=1825\" \/>\n<meta property=\"og:site_name\" content=\"Vox Sahel\" \/>\n<meta property=\"article:publisher\" content=\"https:\/\/www.facebook.com\/journal.voxsahel\" \/>\n<meta property=\"article:published_time\" content=\"2025-04-27T14:44:36+00:00\" \/>\n<meta property=\"og:image\" content=\"https:\/\/voxsahel.com\/wp-content\/uploads\/2025\/04\/IMG_8397.webp\" \/>\n\t<meta property=\"og:image:width\" content=\"540\" \/>\n\t<meta property=\"og:image:height\" content=\"304\" \/>\n\t<meta property=\"og:image:type\" content=\"image\/webp\" \/>\n<meta name=\"author\" content=\"Vox Sahel\" \/>\n<meta name=\"twitter:card\" content=\"summary_large_image\" \/>\n<meta name=\"twitter:label1\" content=\"\u00c9crit par\" \/>\n\t<meta name=\"twitter:data1\" content=\"Vox Sahel\" \/>\n\t<meta name=\"twitter:label2\" content=\"Dur\u00e9e de lecture estim\u00e9e\" \/>\n\t<meta name=\"twitter:data2\" content=\"2 minutes\" \/>\n<script type=\"application\/ld+json\" class=\"yoast-schema-graph\">{\"@context\":\"https:\\\/\\\/schema.org\",\"@graph\":[{\"@type\":\"Article\",\"@id\":\"https:\\\/\\\/voxsahel.com\\\/?p=1825#article\",\"isPartOf\":{\"@id\":\"https:\\\/\\\/voxsahel.com\\\/?p=1825\"},\"author\":{\"name\":\"Vox Sahel\",\"@id\":\"https:\\\/\\\/voxsahel.com\\\/#\\\/schema\\\/person\\\/b4043608248f8fa227cd760e7ff1e19e\"},\"headline\":\"Football : Patrice Motsepe r\u00e9organise la CAF, nouvelles t\u00eates et nouvelles ambitions\",\"datePublished\":\"2025-04-27T14:44:36+00:00\",\"mainEntityOfPage\":{\"@id\":\"https:\\\/\\\/voxsahel.com\\\/?p=1825\"},\"wordCount\":312,\"commentCount\":0,\"publisher\":{\"@id\":\"https:\\\/\\\/voxsahel.com\\\/#organization\"},\"image\":{\"@id\":\"https:\\\/\\\/voxsahel.com\\\/?p=1825#primaryimage\"},\"thumbnailUrl\":\"https:\\\/\\\/voxsahel.com\\\/wp-content\\\/uploads\\\/2025\\\/04\\\/IMG_8397.webp\",\"keywords\":[\"CAF\",\"Conf\u00e9d\u00e9ration Africaine de Football\",\"Football\",\"Sport\"],\"articleSection\":[\"SPORTS\"],\"inLanguage\":\"fr-FR\",\"potentialAction\":[{\"@type\":\"CommentAction\",\"name\":\"Comment\",\"target\":[\"https:\\\/\\\/voxsahel.com\\\/?p=1825#respond\"]}]},{\"@type\":\"WebPage\",\"@id\":\"https:\\\/\\\/voxsahel.com\\\/?p=1825\",\"url\":\"https:\\\/\\\/voxsahel.com\\\/?p=1825\",\"name\":\"Football : Patrice Motsepe r\u00e9organise la CAF, nouvelles t\u00eates et nouvelles ambitions - Vox Sahel\",\"isPartOf\":{\"@id\":\"https:\\\/\\\/voxsahel.com\\\/#website\"},\"primaryImageOfPage\":{\"@id\":\"https:\\\/\\\/voxsahel.com\\\/?p=1825#primaryimage\"},\"image\":{\"@id\":\"https:\\\/\\\/voxsahel.com\\\/?p=1825#primaryimage\"},\"thumbnailUrl\":\"https:\\\/\\\/voxsahel.com\\\/wp-content\\\/uploads\\\/2025\\\/04\\\/IMG_8397.webp\",\"datePublished\":\"2025-04-27T14:44:36+00:00\",\"breadcrumb\":{\"@id\":\"https:\\\/\\\/voxsahel.com\\\/?p=1825#breadcrumb\"},\"inLanguage\":\"fr-FR\",\"potentialAction\":[{\"@type\":\"ReadAction\",\"target\":[\"https:\\\/\\\/voxsahel.com\\\/?p=1825\"]}]},{\"@type\":\"ImageObject\",\"inLanguage\":\"fr-FR\",\"@id\":\"https:\\\/\\\/voxsahel.com\\\/?p=1825#primaryimage\",\"url\":\"https:\\\/\\\/voxsahel.com\\\/wp-content\\\/uploads\\\/2025\\\/04\\\/IMG_8397.webp\",\"contentUrl\":\"https:\\\/\\\/voxsahel.com\\\/wp-content\\\/uploads\\\/2025\\\/04\\\/IMG_8397.webp\",\"width\":540,\"height\":304},{\"@type\":\"BreadcrumbList\",\"@id\":\"https:\\\/\\\/voxsahel.com\\\/?p=1825#breadcrumb\",\"itemListElement\":[{\"@type\":\"ListItem\",\"position\":1,\"name\":\"Home\",\"item\":\"https:\\\/\\\/voxsahel.com\\\/\"},{\"@type\":\"ListItem\",\"position\":2,\"name\":\"Football : Patrice Motsepe r\u00e9organise la CAF, nouvelles t\u00eates et nouvelles ambitions\"}]},{\"@type\":\"WebSite\",\"@id\":\"https:\\\/\\\/voxsahel.com\\\/#website\",\"url\":\"https:\\\/\\\/voxsahel.com\\\/\",\"name\":\"Vox Sahel\",\"description\":\"Informez-vous sur le Sahel en un clic\",\"publisher\":{\"@id\":\"https:\\\/\\\/voxsahel.com\\\/#organization\"},\"potentialAction\":[{\"@type\":\"SearchAction\",\"target\":{\"@type\":\"EntryPoint\",\"urlTemplate\":\"https:\\\/\\\/voxsahel.com\\\/?s={search_term_string}\"},\"query-input\":{\"@type\":\"PropertyValueSpecification\",\"valueRequired\":true,\"valueName\":\"search_term_string\"}}],\"inLanguage\":\"fr-FR\"},{\"@type\":\"Organization\",\"@id\":\"https:\\\/\\\/voxsahel.com\\\/#organization\",\"name\":\"Vox Sahel\",\"url\":\"https:\\\/\\\/voxsahel.com\\\/\",\"logo\":{\"@type\":\"ImageObject\",\"inLanguage\":\"fr-FR\",\"@id\":\"https:\\\/\\\/voxsahel.com\\\/#\\\/schema\\\/logo\\\/image\\\/\",\"url\":\"https:\\\/\\\/voxsahel.com\\\/wp-content\\\/uploads\\\/2024\\\/09\\\/Logo-Vox-Sahel.jpg\",\"contentUrl\":\"https:\\\/\\\/voxsahel.com\\\/wp-content\\\/uploads\\\/2024\\\/09\\\/Logo-Vox-Sahel.jpg\",\"width\":1181,\"height\":848,\"caption\":\"Vox Sahel\"},\"image\":{\"@id\":\"https:\\\/\\\/voxsahel.com\\\/#\\\/schema\\\/logo\\\/image\\\/\"},\"sameAs\":[\"https:\\\/\\\/www.facebook.com\\\/journal.voxsahel\"]},{\"@type\":\"Person\",\"@id\":\"https:\\\/\\\/voxsahel.com\\\/#\\\/schema\\\/person\\\/b4043608248f8fa227cd760e7ff1e19e\",\"name\":\"Vox Sahel\",\"image\":{\"@type\":\"ImageObject\",\"inLanguage\":\"fr-FR\",\"@id\":\"https:\\\/\\\/secure.gravatar.com\\\/avatar\\\/f70e7fa0cb9b29d4a7c5788d6eb2e9ab4d3135cbae1c9161810fdf77a8964699?s=96&d=mm&r=g\",\"url\":\"https:\\\/\\\/secure.gravatar.com\\\/avatar\\\/f70e7fa0cb9b29d4a7c5788d6eb2e9ab4d3135cbae1c9161810fdf77a8964699?s=96&d=mm&r=g\",\"contentUrl\":\"https:\\\/\\\/secure.gravatar.com\\\/avatar\\\/f70e7fa0cb9b29d4a7c5788d6eb2e9ab4d3135cbae1c9161810fdf77a8964699?s=96&d=mm&r=g\",\"caption\":\"Vox Sahel\"},\"sameAs\":[\"http:\\\/\\\/www.voxsahel.com\"],\"url\":\"https:\\\/\\\/voxsahel.com\\\/?author=2\"}]}<\/script>\n<!-- \/ Yoast SEO plugin. -->","yoast_head_json":{"title":"Football : Patrice Motsepe r\u00e9organise la CAF, nouvelles t\u00eates et nouvelles ambitions - Vox Sahel","robots":{"index":"index","follow":"follow","max-snippet":"max-snippet:-1","max-image-preview":"max-image-preview:large","max-video-preview":"max-video-preview:-1"},"canonical":"https:\/\/voxsahel.com\/?p=1825","og_locale":"fr_FR","og_type":"article","og_title":"Football : Patrice Motsepe r\u00e9organise la CAF, nouvelles t\u00eates et nouvelles ambitions - Vox Sahel","og_description":"\u00c0 l&rsquo;issue d&rsquo;une r\u00e9union \u00e0 Accra ce samedi, la Conf\u00e9d\u00e9ration Africaine de Football a officialis\u00e9","og_url":"https:\/\/voxsahel.com\/?p=1825","og_site_name":"Vox Sahel","article_publisher":"https:\/\/www.facebook.com\/journal.voxsahel","article_published_time":"2025-04-27T14:44:36+00:00","og_image":[{"width":540,"height":304,"url":"https:\/\/voxsahel.com\/wp-content\/uploads\/2025\/04\/IMG_8397.webp","type":"image\/webp"}],"author":"Vox Sahel","twitter_card":"summary_large_image","twitter_misc":{"\u00c9crit par":"Vox Sahel","Dur\u00e9e de lecture estim\u00e9e":"2 minutes"},"schema":{"@context":"https:\/\/schema.org","@graph":[{"@type":"Article","@id":"https:\/\/voxsahel.com\/?p=1825#article","isPartOf":{"@id":"https:\/\/voxsahel.com\/?p=1825"},"author":{"name":"Vox Sahel","@id":"https:\/\/voxsahel.com\/#\/schema\/person\/b4043608248f8fa227cd760e7ff1e19e"},"headline":"Football : Patrice Motsepe r\u00e9organise la CAF, nouvelles t\u00eates et nouvelles ambitions","datePublished":"2025-04-27T14:44:36+00:00","mainEntityOfPage":{"@id":"https:\/\/voxsahel.com\/?p=1825"},"wordCount":312,"commentCount":0,"publisher":{"@id":"https:\/\/voxsahel.com\/#organization"},"image":{"@id":"https:\/\/voxsahel.com\/?p=1825#primaryimage"},"thumbnailUrl":"https:\/\/voxsahel.com\/wp-content\/uploads\/2025\/04\/IMG_8397.webp","keywords":["CAF","Conf\u00e9d\u00e9ration Africaine de Football","Football","Sport"],"articleSection":["SPORTS"],"inLanguage":"fr-FR","potentialAction":[{"@type":"CommentAction","name":"Comment","target":["https:\/\/voxsahel.com\/?p=1825#respond"]}]},{"@type":"WebPage","@id":"https:\/\/voxsahel.com\/?p=1825","url":"https:\/\/voxsahel.com\/?p=1825","name":"Football : Patrice Motsepe r\u00e9organise la CAF, nouvelles t\u00eates et nouvelles ambitions - Vox Sahel","isPartOf":{"@id":"https:\/\/voxsahel.com\/#website"},"primaryImageOfPage":{"@id":"https:\/\/voxsahel.com\/?p=1825#primaryimage"},"image":{"@id":"https:\/\/voxsahel.com\/?p=1825#primaryimage"},"thumbnailUrl":"https:\/\/voxsahel.com\/wp-content\/uploads\/2025\/04\/IMG_8397.webp","datePublished":"2025-04-27T14:44:36+00:00","breadcrumb":{"@id":"https:\/\/voxsahel.com\/?p=1825#breadcrumb"},"inLanguage":"fr-FR","potentialAction":[{"@type":"ReadAction","target":["https:\/\/voxsahel.com\/?p=1825"]}]},{"@type":"ImageObject","inLanguage":"fr-FR","@id":"https:\/\/voxsahel.com\/?p=1825#primaryimage","url":"https:\/\/voxsahel.com\/wp-content\/uploads\/2025\/04\/IMG_8397.webp","contentUrl":"https:\/\/voxsahel.com\/wp-content\/uploads\/2025\/04\/IMG_8397.webp","width":540,"height":304},{"@type":"BreadcrumbList","@id":"https:\/\/voxsahel.com\/?p=1825#breadcrumb","itemListElement":[{"@type":"ListItem","position":1,"name":"Home","item":"https:\/\/voxsahel.com\/"},{"@type":"ListItem","position":2,"name":"Football : Patrice Motsepe r\u00e9organise la CAF, nouvelles t\u00eates et nouvelles ambitions"}]},{"@type":"WebSite","@id":"https:\/\/voxsahel.com\/#website","url":"https:\/\/voxsahel.com\/","name":"Vox Sahel","description":"Informez-vous sur le Sahel en un clic","publisher":{"@id":"https:\/\/voxsahel.com\/#organization"},"potentialAction":[{"@type":"SearchAction","target":{"@type":"EntryPoint","urlTemplate":"https:\/\/voxsahel.com\/?s={search_term_string}"},"query-input":{"@type":"PropertyValueSpecification","valueRequired":true,"valueName":"search_term_string"}}],"inLanguage":"fr-FR"},{"@type":"Organization","@id":"https:\/\/voxsahel.com\/#organization","name":"Vox Sahel","url":"https:\/\/voxsahel.com\/","logo":{"@type":"ImageObject","inLanguage":"fr-FR","@id":"https:\/\/voxsahel.com\/#\/schema\/logo\/image\/","url":"https:\/\/voxsahel.com\/wp-content\/uploads\/2024\/09\/Logo-Vox-Sahel.jpg","contentUrl":"https:\/\/voxsahel.com\/wp-content\/uploads\/2024\/09\/Logo-Vox-Sahel.jpg","width":1181,"height":848,"caption":"Vox Sahel"},"image":{"@id":"https:\/\/voxsahel.com\/#\/schema\/logo\/image\/"},"sameAs":["https:\/\/www.facebook.com\/journal.voxsahel"]},{"@type":"Person","@id":"https:\/\/voxsahel.com\/#\/schema\/person\/b4043608248f8fa227cd760e7ff1e19e","name":"Vox Sahel","image":{"@type":"ImageObject","inLanguage":"fr-FR","@id":"https:\/\/secure.gravatar.com\/avatar\/f70e7fa0cb9b29d4a7c5788d6eb2e9ab4d3135cbae1c9161810fdf77a8964699?s=96&d=mm&r=g","url":"https:\/\/secure.gravatar.com\/avatar\/f70e7fa0cb9b29d4a7c5788d6eb2e9ab4d3135cbae1c9161810fdf77a8964699?s=96&d=mm&r=g","contentUrl":"https:\/\/secure.gravatar.com\/avatar\/f70e7fa0cb9b29d4a7c5788d6eb2e9ab4d3135cbae1c9161810fdf77a8964699?s=96&d=mm&r=g","caption":"Vox Sahel"},"sameAs":["http:\/\/www.voxsahel.com"],"url":"https:\/\/voxsahel.com\/?author=2"}]}},"_links":{"self":[{"href":"https:\/\/voxsahel.com\/index.php?rest_route=\/wp\/v2\/posts\/1825","targetHints":{"allow":["GET"]}}],"collection":[{"href":"https:\/\/voxsahel.com\/index.php?rest_route=\/wp\/v2\/posts"}],"about":[{"href":"https:\/\/voxsahel.com\/index.php?rest_route=\/wp\/v2\/types\/post"}],"author":[{"embeddable":true,"href":"https:\/\/voxsahel.com\/index.php?rest_route=\/wp\/v2\/users\/2"}],"replies":[{"embeddable":true,"href":"https:\/\/voxsahel.com\/index.php?rest_route=%2Fwp%2Fv2%2Fcomments&post=1825"}],"version-history":[{"count":1,"href":"https:\/\/voxsahel.com\/index.php?rest_route=\/wp\/v2\/posts\/1825\/revisions"}],"predecessor-version":[{"id":1827,"href":"https:\/\/voxsahel.com\/index.php?rest_route=\/wp\/v2\/posts\/1825\/revisions\/1827"}],"wp:featuredmedia":[{"embeddable":true,"href":"https:\/\/voxsahel.com\/index.php?rest_route=\/wp\/v2\/media\/1826"}],"wp:attachment":[{"href":"https:\/\/voxsahel.com\/index.php?rest_route=%2Fwp%2Fv2%2Fmedia&parent=1825"}],"wp:term":[{"taxonomy":"category","embeddable":true,"href":"https:\/\/voxsahel.com\/index.php?rest_route=%2Fwp%2Fv2%2Fcategories&post=1825"},{"taxonomy":"post_tag","embeddable":true,"href":"https:\/\/voxsahel.com\/index.php?rest_route=%2Fwp%2Fv2%2Ftags&post=1825"}],"curies":[{"name":"wp","href":"https:\/\/api.w.org\/{rel}","templated":true}]}}