{"id":1822,"date":"2025-04-27T09:34:39","date_gmt":"2025-04-27T09:34:39","guid":{"rendered":"https:\/\/voxsahel.com\/?p=1822"},"modified":"2025-04-27T09:34:39","modified_gmt":"2025-04-27T09:34:39","slug":"meeting-dathletisme-des-5-nations-le-burkina-faso-brille-et-decroche-la-premiere-place-a-abidjan","status":"publish","type":"post","link":"https:\/\/voxsahel.com\/?p=1822","title":{"rendered":"Meeting d\u2019athl\u00e9tisme des 5 Nations : le Burkina Faso brille et d\u00e9croche la premi\u00e8re place \u00e0 Abidjan"},"content":{"rendered":"<p class=\"p1\">Quel festival pour le Burkina Faso ! Les jeunes \u00c9talons ont brill\u00e9 de mille feux lors du Meeting des 5 Nations qui se d\u00e9roule au stade Alassane Ouattara d&rsquo;Ebimp\u00e9. Avec 56 m\u00e9dailles glan\u00e9es, dont 25 en or, le Burkina a litt\u00e9ralement domin\u00e9 ses adversaires pour s\u2019adjuger la premi\u00e8re place de la comp\u00e9tition.<\/p>\n<p class=\"p3\"><span class=\"s2\">D\u00e8s les premiers coups de starter, les Burkinab\u00e8 ont annonc\u00e9 la couleur. Les 26 athl\u00e8tes engag\u00e9s en U18 et U20 ont encha\u00een\u00e9 les performances de haut niveau, cumulant 41 m\u00e9dailles d\u00e8s la premi\u00e8re journ\u00e9e, dont 19 en or, sous les acclamations du public.<\/span><\/p>\n<p class=\"p3\"><span class=\"s2\">Face aux d\u00e9l\u00e9gations du B\u00e9nin, du Ghana, du Togo et de la C\u00f4te d&rsquo;Ivoire, les jeunes \u00c9talons n&rsquo;ont laiss\u00e9 aucune chance \u00e0 la concurrence. Sprints, sauts, lancers : sur toutes les disciplines, la rage de vaincre et le talent des Burkinab\u00e8 ont parl\u00e9.<\/span><\/p>\n<p class=\"p3\"><span class=\"s2\">Les responsables sportifs ne cachent pas leur fiert\u00e9 devant ces r\u00e9sultats \u00e9clatants, fruits d\u2019un travail rigoureux et d\u2019une pr\u00e9paration intense. \u00ab C\u2019est une g\u00e9n\u00e9ration prometteuse, capable de porter haut les ambitions de l\u2019athl\u00e9tisme burkinab\u00e8 sur la sc\u00e8ne africaine \u00bb, se r\u00e9jouissent-ils.<\/span><\/p>\n<p class=\"p3\"><span class=\"s2\">Alors que la comp\u00e9tition s\u2019ach\u00e8ve, une chose est certaine : le Burkina Faso confirme qu\u2019il est une terre de champions, et l\u2019avenir s\u2019annonce radieux pour ces jeunes talents d\u00e9j\u00e0 tourn\u00e9s vers de nouveaux d\u00e9fis continentaux.<\/span><\/p>\n<p class=\"p3\" style=\"text-align: right;\"><strong><span class=\"s2\">Par Vox Sahel <\/span><\/strong><\/p>\n","protected":false},"excerpt":{"rendered":"<p>Quel festival pour le Burkina Faso ! Les jeunes \u00c9talons ont brill\u00e9 de mille feux<\/p>\n","protected":false},"author":2,"featured_media":1823,"comment_status":"open","ping_status":"open","sticky":false,"template":"","format":"standard","meta":{"_et_pb_use_builder":"","_et_pb_old_content":"","_et_gb_content_width":"","footnotes":""},"categories":[12],"tags":[706,565,18,80,707,34],"class_list":["post-1822","post","type-post","status-publish","format-standard","has-post-thumbnail","hentry","category-sports","tag-abidjan","tag-athletisme","tag-burkina-faso","tag-cote-divoire","tag-meeting-des-5-nations","tag-sport"],"yoast_head":"<!-- This site is optimized with the Yoast SEO plugin v27.5 - https:\/\/yoast.com\/product\/yoast-seo-wordpress\/ -->\n<title>Meeting d\u2019athl\u00e9tisme des 5 Nations : le Burkina Faso brille et d\u00e9croche la premi\u00e8re place \u00e0 Abidjan - Vox Sahel<\/title>\n<meta name=\"robots\" content=\"index, follow, max-snippet:-1, max-image-preview:large, max-video-preview:-1\" \/>\n<link rel=\"canonical\" href=\"https:\/\/voxsahel.com\/?p=1822\" \/>\n<meta property=\"og:locale\" content=\"fr_FR\" \/>\n<meta property=\"og:type\" content=\"article\" \/>\n<meta property=\"og:title\" content=\"Meeting d\u2019athl\u00e9tisme des 5 Nations : le Burkina Faso brille et d\u00e9croche la premi\u00e8re place \u00e0 Abidjan - Vox Sahel\" \/>\n<meta property=\"og:description\" content=\"Quel festival pour le Burkina Faso ! Les jeunes \u00c9talons ont brill\u00e9 de mille feux\" \/>\n<meta property=\"og:url\" content=\"https:\/\/voxsahel.com\/?p=1822\" \/>\n<meta property=\"og:site_name\" content=\"Vox Sahel\" \/>\n<meta property=\"article:publisher\" content=\"https:\/\/www.facebook.com\/journal.voxsahel\" \/>\n<meta property=\"article:published_time\" content=\"2025-04-27T09:34:39+00:00\" \/>\n<meta property=\"og:image\" content=\"https:\/\/voxsahel.com\/wp-content\/uploads\/2025\/04\/IMG_8321.jpeg\" \/>\n\t<meta property=\"og:image:width\" content=\"720\" \/>\n\t<meta property=\"og:image:height\" content=\"645\" \/>\n\t<meta property=\"og:image:type\" content=\"image\/jpeg\" \/>\n<meta name=\"author\" content=\"Vox Sahel\" \/>\n<meta name=\"twitter:card\" content=\"summary_large_image\" \/>\n<meta name=\"twitter:label1\" content=\"\u00c9crit par\" \/>\n\t<meta name=\"twitter:data1\" content=\"Vox Sahel\" \/>\n\t<meta name=\"twitter:label2\" content=\"Dur\u00e9e de lecture estim\u00e9e\" \/>\n\t<meta name=\"twitter:data2\" content=\"2 minutes\" \/>\n<script type=\"application\/ld+json\" class=\"yoast-schema-graph\">{\"@context\":\"https:\\\/\\\/schema.org\",\"@graph\":[{\"@type\":\"Article\",\"@id\":\"https:\\\/\\\/voxsahel.com\\\/?p=1822#article\",\"isPartOf\":{\"@id\":\"https:\\\/\\\/voxsahel.com\\\/?p=1822\"},\"author\":{\"name\":\"Vox Sahel\",\"@id\":\"https:\\\/\\\/voxsahel.com\\\/#\\\/schema\\\/person\\\/b4043608248f8fa227cd760e7ff1e19e\"},\"headline\":\"Meeting d\u2019athl\u00e9tisme des 5 Nations : le Burkina Faso brille et d\u00e9croche la premi\u00e8re place \u00e0 Abidjan\",\"datePublished\":\"2025-04-27T09:34:39+00:00\",\"mainEntityOfPage\":{\"@id\":\"https:\\\/\\\/voxsahel.com\\\/?p=1822\"},\"wordCount\":265,\"commentCount\":0,\"publisher\":{\"@id\":\"https:\\\/\\\/voxsahel.com\\\/#organization\"},\"image\":{\"@id\":\"https:\\\/\\\/voxsahel.com\\\/?p=1822#primaryimage\"},\"thumbnailUrl\":\"https:\\\/\\\/voxsahel.com\\\/wp-content\\\/uploads\\\/2025\\\/04\\\/IMG_8321.jpeg\",\"keywords\":[\"Abidjan\",\"Athl\u00e9tisme\",\"Burkina Faso\",\"C\u00f4te d\u2019Ivoire\",\"Meeting des 5 Nations\",\"Sport\"],\"articleSection\":[\"SPORTS\"],\"inLanguage\":\"fr-FR\",\"potentialAction\":[{\"@type\":\"CommentAction\",\"name\":\"Comment\",\"target\":[\"https:\\\/\\\/voxsahel.com\\\/?p=1822#respond\"]}]},{\"@type\":\"WebPage\",\"@id\":\"https:\\\/\\\/voxsahel.com\\\/?p=1822\",\"url\":\"https:\\\/\\\/voxsahel.com\\\/?p=1822\",\"name\":\"Meeting d\u2019athl\u00e9tisme des 5 Nations : le Burkina Faso brille et d\u00e9croche la premi\u00e8re place \u00e0 Abidjan - Vox Sahel\",\"isPartOf\":{\"@id\":\"https:\\\/\\\/voxsahel.com\\\/#website\"},\"primaryImageOfPage\":{\"@id\":\"https:\\\/\\\/voxsahel.com\\\/?p=1822#primaryimage\"},\"image\":{\"@id\":\"https:\\\/\\\/voxsahel.com\\\/?p=1822#primaryimage\"},\"thumbnailUrl\":\"https:\\\/\\\/voxsahel.com\\\/wp-content\\\/uploads\\\/2025\\\/04\\\/IMG_8321.jpeg\",\"datePublished\":\"2025-04-27T09:34:39+00:00\",\"breadcrumb\":{\"@id\":\"https:\\\/\\\/voxsahel.com\\\/?p=1822#breadcrumb\"},\"inLanguage\":\"fr-FR\",\"potentialAction\":[{\"@type\":\"ReadAction\",\"target\":[\"https:\\\/\\\/voxsahel.com\\\/?p=1822\"]}]},{\"@type\":\"ImageObject\",\"inLanguage\":\"fr-FR\",\"@id\":\"https:\\\/\\\/voxsahel.com\\\/?p=1822#primaryimage\",\"url\":\"https:\\\/\\\/voxsahel.com\\\/wp-content\\\/uploads\\\/2025\\\/04\\\/IMG_8321.jpeg\",\"contentUrl\":\"https:\\\/\\\/voxsahel.com\\\/wp-content\\\/uploads\\\/2025\\\/04\\\/IMG_8321.jpeg\",\"width\":720,\"height\":645},{\"@type\":\"BreadcrumbList\",\"@id\":\"https:\\\/\\\/voxsahel.com\\\/?p=1822#breadcrumb\",\"itemListElement\":[{\"@type\":\"ListItem\",\"position\":1,\"name\":\"Home\",\"item\":\"https:\\\/\\\/voxsahel.com\\\/\"},{\"@type\":\"ListItem\",\"position\":2,\"name\":\"Meeting d\u2019athl\u00e9tisme des 5 Nations : le Burkina Faso brille et d\u00e9croche la premi\u00e8re place \u00e0 Abidjan\"}]},{\"@type\":\"WebSite\",\"@id\":\"https:\\\/\\\/voxsahel.com\\\/#website\",\"url\":\"https:\\\/\\\/voxsahel.com\\\/\",\"name\":\"Vox Sahel\",\"description\":\"Informez-vous sur le Sahel en un clic\",\"publisher\":{\"@id\":\"https:\\\/\\\/voxsahel.com\\\/#organization\"},\"potentialAction\":[{\"@type\":\"SearchAction\",\"target\":{\"@type\":\"EntryPoint\",\"urlTemplate\":\"https:\\\/\\\/voxsahel.com\\\/?s={search_term_string}\"},\"query-input\":{\"@type\":\"PropertyValueSpecification\",\"valueRequired\":true,\"valueName\":\"search_term_string\"}}],\"inLanguage\":\"fr-FR\"},{\"@type\":\"Organization\",\"@id\":\"https:\\\/\\\/voxsahel.com\\\/#organization\",\"name\":\"Vox Sahel\",\"url\":\"https:\\\/\\\/voxsahel.com\\\/\",\"logo\":{\"@type\":\"ImageObject\",\"inLanguage\":\"fr-FR\",\"@id\":\"https:\\\/\\\/voxsahel.com\\\/#\\\/schema\\\/logo\\\/image\\\/\",\"url\":\"https:\\\/\\\/voxsahel.com\\\/wp-content\\\/uploads\\\/2024\\\/09\\\/Logo-Vox-Sahel.jpg\",\"contentUrl\":\"https:\\\/\\\/voxsahel.com\\\/wp-content\\\/uploads\\\/2024\\\/09\\\/Logo-Vox-Sahel.jpg\",\"width\":1181,\"height\":848,\"caption\":\"Vox Sahel\"},\"image\":{\"@id\":\"https:\\\/\\\/voxsahel.com\\\/#\\\/schema\\\/logo\\\/image\\\/\"},\"sameAs\":[\"https:\\\/\\\/www.facebook.com\\\/journal.voxsahel\"]},{\"@type\":\"Person\",\"@id\":\"https:\\\/\\\/voxsahel.com\\\/#\\\/schema\\\/person\\\/b4043608248f8fa227cd760e7ff1e19e\",\"name\":\"Vox Sahel\",\"image\":{\"@type\":\"ImageObject\",\"inLanguage\":\"fr-FR\",\"@id\":\"https:\\\/\\\/secure.gravatar.com\\\/avatar\\\/f70e7fa0cb9b29d4a7c5788d6eb2e9ab4d3135cbae1c9161810fdf77a8964699?s=96&d=mm&r=g\",\"url\":\"https:\\\/\\\/secure.gravatar.com\\\/avatar\\\/f70e7fa0cb9b29d4a7c5788d6eb2e9ab4d3135cbae1c9161810fdf77a8964699?s=96&d=mm&r=g\",\"contentUrl\":\"https:\\\/\\\/secure.gravatar.com\\\/avatar\\\/f70e7fa0cb9b29d4a7c5788d6eb2e9ab4d3135cbae1c9161810fdf77a8964699?s=96&d=mm&r=g\",\"caption\":\"Vox Sahel\"},\"sameAs\":[\"http:\\\/\\\/www.voxsahel.com\"],\"url\":\"https:\\\/\\\/voxsahel.com\\\/?author=2\"}]}<\/script>\n<!-- \/ Yoast SEO plugin. -->","yoast_head_json":{"title":"Meeting d\u2019athl\u00e9tisme des 5 Nations : le Burkina Faso brille et d\u00e9croche la premi\u00e8re place \u00e0 Abidjan - Vox Sahel","robots":{"index":"index","follow":"follow","max-snippet":"max-snippet:-1","max-image-preview":"max-image-preview:large","max-video-preview":"max-video-preview:-1"},"canonical":"https:\/\/voxsahel.com\/?p=1822","og_locale":"fr_FR","og_type":"article","og_title":"Meeting d\u2019athl\u00e9tisme des 5 Nations : le Burkina Faso brille et d\u00e9croche la premi\u00e8re place \u00e0 Abidjan - Vox Sahel","og_description":"Quel festival pour le Burkina Faso ! Les jeunes \u00c9talons ont brill\u00e9 de mille feux","og_url":"https:\/\/voxsahel.com\/?p=1822","og_site_name":"Vox Sahel","article_publisher":"https:\/\/www.facebook.com\/journal.voxsahel","article_published_time":"2025-04-27T09:34:39+00:00","og_image":[{"width":720,"height":645,"url":"https:\/\/voxsahel.com\/wp-content\/uploads\/2025\/04\/IMG_8321.jpeg","type":"image\/jpeg"}],"author":"Vox Sahel","twitter_card":"summary_large_image","twitter_misc":{"\u00c9crit par":"Vox Sahel","Dur\u00e9e de lecture estim\u00e9e":"2 minutes"},"schema":{"@context":"https:\/\/schema.org","@graph":[{"@type":"Article","@id":"https:\/\/voxsahel.com\/?p=1822#article","isPartOf":{"@id":"https:\/\/voxsahel.com\/?p=1822"},"author":{"name":"Vox Sahel","@id":"https:\/\/voxsahel.com\/#\/schema\/person\/b4043608248f8fa227cd760e7ff1e19e"},"headline":"Meeting d\u2019athl\u00e9tisme des 5 Nations : le Burkina Faso brille et d\u00e9croche la premi\u00e8re place \u00e0 Abidjan","datePublished":"2025-04-27T09:34:39+00:00","mainEntityOfPage":{"@id":"https:\/\/voxsahel.com\/?p=1822"},"wordCount":265,"commentCount":0,"publisher":{"@id":"https:\/\/voxsahel.com\/#organization"},"image":{"@id":"https:\/\/voxsahel.com\/?p=1822#primaryimage"},"thumbnailUrl":"https:\/\/voxsahel.com\/wp-content\/uploads\/2025\/04\/IMG_8321.jpeg","keywords":["Abidjan","Athl\u00e9tisme","Burkina Faso","C\u00f4te d\u2019Ivoire","Meeting des 5 Nations","Sport"],"articleSection":["SPORTS"],"inLanguage":"fr-FR","potentialAction":[{"@type":"CommentAction","name":"Comment","target":["https:\/\/voxsahel.com\/?p=1822#respond"]}]},{"@type":"WebPage","@id":"https:\/\/voxsahel.com\/?p=1822","url":"https:\/\/voxsahel.com\/?p=1822","name":"Meeting d\u2019athl\u00e9tisme des 5 Nations : le Burkina Faso brille et d\u00e9croche la premi\u00e8re place \u00e0 Abidjan - Vox Sahel","isPartOf":{"@id":"https:\/\/voxsahel.com\/#website"},"primaryImageOfPage":{"@id":"https:\/\/voxsahel.com\/?p=1822#primaryimage"},"image":{"@id":"https:\/\/voxsahel.com\/?p=1822#primaryimage"},"thumbnailUrl":"https:\/\/voxsahel.com\/wp-content\/uploads\/2025\/04\/IMG_8321.jpeg","datePublished":"2025-04-27T09:34:39+00:00","breadcrumb":{"@id":"https:\/\/voxsahel.com\/?p=1822#breadcrumb"},"inLanguage":"fr-FR","potentialAction":[{"@type":"ReadAction","target":["https:\/\/voxsahel.com\/?p=1822"]}]},{"@type":"ImageObject","inLanguage":"fr-FR","@id":"https:\/\/voxsahel.com\/?p=1822#primaryimage","url":"https:\/\/voxsahel.com\/wp-content\/uploads\/2025\/04\/IMG_8321.jpeg","contentUrl":"https:\/\/voxsahel.com\/wp-content\/uploads\/2025\/04\/IMG_8321.jpeg","width":720,"height":645},{"@type":"BreadcrumbList","@id":"https:\/\/voxsahel.com\/?p=1822#breadcrumb","itemListElement":[{"@type":"ListItem","position":1,"name":"Home","item":"https:\/\/voxsahel.com\/"},{"@type":"ListItem","position":2,"name":"Meeting d\u2019athl\u00e9tisme des 5 Nations : le Burkina Faso brille et d\u00e9croche la premi\u00e8re place \u00e0 Abidjan"}]},{"@type":"WebSite","@id":"https:\/\/voxsahel.com\/#website","url":"https:\/\/voxsahel.com\/","name":"Vox Sahel","description":"Informez-vous sur le Sahel en un clic","publisher":{"@id":"https:\/\/voxsahel.com\/#organization"},"potentialAction":[{"@type":"SearchAction","target":{"@type":"EntryPoint","urlTemplate":"https:\/\/voxsahel.com\/?s={search_term_string}"},"query-input":{"@type":"PropertyValueSpecification","valueRequired":true,"valueName":"search_term_string"}}],"inLanguage":"fr-FR"},{"@type":"Organization","@id":"https:\/\/voxsahel.com\/#organization","name":"Vox Sahel","url":"https:\/\/voxsahel.com\/","logo":{"@type":"ImageObject","inLanguage":"fr-FR","@id":"https:\/\/voxsahel.com\/#\/schema\/logo\/image\/","url":"https:\/\/voxsahel.com\/wp-content\/uploads\/2024\/09\/Logo-Vox-Sahel.jpg","contentUrl":"https:\/\/voxsahel.com\/wp-content\/uploads\/2024\/09\/Logo-Vox-Sahel.jpg","width":1181,"height":848,"caption":"Vox Sahel"},"image":{"@id":"https:\/\/voxsahel.com\/#\/schema\/logo\/image\/"},"sameAs":["https:\/\/www.facebook.com\/journal.voxsahel"]},{"@type":"Person","@id":"https:\/\/voxsahel.com\/#\/schema\/person\/b4043608248f8fa227cd760e7ff1e19e","name":"Vox Sahel","image":{"@type":"ImageObject","inLanguage":"fr-FR","@id":"https:\/\/secure.gravatar.com\/avatar\/f70e7fa0cb9b29d4a7c5788d6eb2e9ab4d3135cbae1c9161810fdf77a8964699?s=96&d=mm&r=g","url":"https:\/\/secure.gravatar.com\/avatar\/f70e7fa0cb9b29d4a7c5788d6eb2e9ab4d3135cbae1c9161810fdf77a8964699?s=96&d=mm&r=g","contentUrl":"https:\/\/secure.gravatar.com\/avatar\/f70e7fa0cb9b29d4a7c5788d6eb2e9ab4d3135cbae1c9161810fdf77a8964699?s=96&d=mm&r=g","caption":"Vox Sahel"},"sameAs":["http:\/\/www.voxsahel.com"],"url":"https:\/\/voxsahel.com\/?author=2"}]}},"_links":{"self":[{"href":"https:\/\/voxsahel.com\/index.php?rest_route=\/wp\/v2\/posts\/1822","targetHints":{"allow":["GET"]}}],"collection":[{"href":"https:\/\/voxsahel.com\/index.php?rest_route=\/wp\/v2\/posts"}],"about":[{"href":"https:\/\/voxsahel.com\/index.php?rest_route=\/wp\/v2\/types\/post"}],"author":[{"embeddable":true,"href":"https:\/\/voxsahel.com\/index.php?rest_route=\/wp\/v2\/users\/2"}],"replies":[{"embeddable":true,"href":"https:\/\/voxsahel.com\/index.php?rest_route=%2Fwp%2Fv2%2Fcomments&post=1822"}],"version-history":[{"count":1,"href":"https:\/\/voxsahel.com\/index.php?rest_route=\/wp\/v2\/posts\/1822\/revisions"}],"predecessor-version":[{"id":1824,"href":"https:\/\/voxsahel.com\/index.php?rest_route=\/wp\/v2\/posts\/1822\/revisions\/1824"}],"wp:featuredmedia":[{"embeddable":true,"href":"https:\/\/voxsahel.com\/index.php?rest_route=\/wp\/v2\/media\/1823"}],"wp:attachment":[{"href":"https:\/\/voxsahel.com\/index.php?rest_route=%2Fwp%2Fv2%2Fmedia&parent=1822"}],"wp:term":[{"taxonomy":"category","embeddable":true,"href":"https:\/\/voxsahel.com\/index.php?rest_route=%2Fwp%2Fv2%2Fcategories&post=1822"},{"taxonomy":"post_tag","embeddable":true,"href":"https:\/\/voxsahel.com\/index.php?rest_route=%2Fwp%2Fv2%2Ftags&post=1822"}],"curies":[{"name":"wp","href":"https:\/\/api.w.org\/{rel}","templated":true}]}}