{"id":1813,"date":"2025-04-25T15:06:37","date_gmt":"2025-04-25T15:06:37","guid":{"rendered":"https:\/\/voxsahel.com\/?p=1813"},"modified":"2025-04-25T15:06:37","modified_gmt":"2025-04-25T15:06:37","slug":"administration-douaniere-burkinabe-sante-mentale-et-solidarite-au-coeur-de-lassemblee-generale-2025-de-lamicale-des-gabelles","status":"publish","type":"post","link":"https:\/\/voxsahel.com\/?p=1813","title":{"rendered":"Administration douani\u00e8re burkinab\u00e8 : Sant\u00e9 mentale et solidarit\u00e9 au c\u0153ur de l&rsquo;Assembl\u00e9e g\u00e9n\u00e9rale 2025 de l\u2019Amicale des Gabelles"},"content":{"rendered":"<p>Sous le haut parrainage de l\u2019Inspecteur divisionnaire Adama ILBOUDO, Directeur G\u00e9n\u00e9ral des Douanes, l\u2019Amicale des Gabelles a tenu ce vendredi 25 avril 2025, \u00e0 Ouagadougou, son Assembl\u00e9e G\u00e9n\u00e9rale Ordinaire. Une rencontre structurante qui a permis de dresser le bilan de l\u2019ann\u00e9e 2024 tout en ouvrant la voie \u00e0 de nouvelles perspectives autour du th\u00e8me : \u00ab Sant\u00e9 mentale et bien-\u00eatre \u00e9motionnel \u00bb.<\/p>\n<p>Plus qu\u2019un simple rendez-vous statutaire, cette Assembl\u00e9e G\u00e9n\u00e9rale s\u2019est impos\u00e9e comme un moment de lucidit\u00e9, de sororit\u00e9 et d\u2019engagement. Dans son discours d\u2019ouverture, la Pr\u00e9sidente de l\u2019Amicale, l\u2019Inspectrice principale KABORE\/BASSINGA Diane, a rappel\u00e9 la n\u00e9cessit\u00e9 de renforcer les liens de solidarit\u00e9 entre femmes douani\u00e8res, dans un contexte professionnel et s\u00e9curitaire de plus en plus exigeant.<\/p>\n<p>\u00ab Prendre soin de nos s\u0153urs, c\u2019est pr\u00e9server notre force collective. Nous avons d\u00e9cid\u00e9 de briser le silence autour du mal-\u00eatre int\u00e9rieur pour mieux nous soutenir, sans jugement et avec bienveillance \u00bb, a-t-elle d\u00e9clar\u00e9.<\/p>\n<p>Parmi les actions salu\u00e9es de l\u2019ann\u00e9e \u00e9coul\u00e9e : des interventions solidaires face aux urgences sociales, des activit\u00e9s de d\u00e9veloppement personnel, un accompagnement moral discret mais essentiel, et un lien fort entretenu avec les a\u00een\u00e9es retrait\u00e9es.<\/p>\n<p>Le Directeur G\u00e9n\u00e9ral des Douanes, Adama ILBOUDO, a pour sa part salu\u00e9 cette d\u00e9marche novatrice, soulignant que parler de sant\u00e9 mentale est un acte de courage.<\/p>\n<p>\u00ab Vous \u00eates des pionni\u00e8res dans un domaine encore trop souvent ignor\u00e9 \u00bb, a-t-il affirm\u00e9, appelant \u00e0 une culture plus humaine et inclusive au sein des Douanes.<\/p>\n<p>Dans ce sens, plusieurs mesures concr\u00e8tes ont \u00e9t\u00e9 annonc\u00e9es dont la mise en place d\u2019espaces d\u2019\u00e9coute pour le personnel f\u00e9minin, l\u2019int\u00e9gration du bien-\u00eatre dans le management douanier et un soutien accru aux projets sociaux port\u00e9s par l\u2019Amicale.<\/p>\n<p>L\u2019assembl\u00e9e a \u00e9galement rendu un vibrant hommage aux douani\u00e8res retrait\u00e9es, salu\u00e9es comme des gardiennes de m\u00e9moire et des figures inspirantes pour la jeune g\u00e9n\u00e9ration. Le lien interg\u00e9n\u00e9rationnel a \u00e9t\u00e9 mis en avant comme un socle de transmission et de coh\u00e9sion dans l\u2019administration.<\/p>\n<p>En pr\u00e9sence d\u2019une forte d\u00e9l\u00e9gation de la Police Nationale, invit\u00e9e \u00e0 cette assembl\u00e9e, le Directeur G\u00e9n\u00e9ral a officiellement lanc\u00e9 les travaux en souhaitant des \u00e9changes riches et porteurs.<\/p>\n<p>Avec cette assembl\u00e9e, l\u2019Amicale des Gabelles donne le ton pour une ann\u00e9e 2025 plac\u00e9e sous le signe du soutien mutuel, de l\u2019\u00e9coute active et de la valorisation du facteur humain comme moteur de performance.<\/p>\n<p style=\"text-align: right;\"><strong>Par Vox Sahel\u00a0<\/strong><\/p>\n","protected":false},"excerpt":{"rendered":"<p>Sous le haut parrainage de l\u2019Inspecteur divisionnaire Adama ILBOUDO, Directeur G\u00e9n\u00e9ral des Douanes, l\u2019Amicale des<\/p>\n","protected":false},"author":2,"featured_media":1814,"comment_status":"open","ping_status":"open","sticky":false,"template":"","format":"standard","meta":{"_et_pb_use_builder":"","_et_pb_old_content":"","_et_gb_content_width":"","footnotes":""},"categories":[5],"tags":[704,18,142,146,370,310],"class_list":["post-1813","post","type-post","status-publish","format-standard","has-post-thumbnail","hentry","category-societe","tag-amicale-des-gabelles","tag-burkina-faso","tag-douane","tag-douanes-du-burkina-faso","tag-observatoire-pour-la-celerite-des-operations-douanieres-au-burkina-faso","tag-organisation-mondiale-des-douanes"],"yoast_head":"<!-- This site is optimized with the Yoast SEO plugin v27.5 - https:\/\/yoast.com\/product\/yoast-seo-wordpress\/ -->\n<title>Administration douani\u00e8re burkinab\u00e8 : Sant\u00e9 mentale et solidarit\u00e9 au c\u0153ur de l&#039;Assembl\u00e9e g\u00e9n\u00e9rale 2025 de l\u2019Amicale des Gabelles - Vox Sahel<\/title>\n<meta name=\"robots\" content=\"index, follow, max-snippet:-1, max-image-preview:large, max-video-preview:-1\" \/>\n<link rel=\"canonical\" href=\"https:\/\/voxsahel.com\/?p=1813\" \/>\n<meta property=\"og:locale\" content=\"fr_FR\" \/>\n<meta property=\"og:type\" content=\"article\" \/>\n<meta property=\"og:title\" content=\"Administration douani\u00e8re burkinab\u00e8 : Sant\u00e9 mentale et solidarit\u00e9 au c\u0153ur de l&#039;Assembl\u00e9e g\u00e9n\u00e9rale 2025 de l\u2019Amicale des Gabelles - Vox Sahel\" \/>\n<meta property=\"og:description\" content=\"Sous le haut parrainage de l\u2019Inspecteur divisionnaire Adama ILBOUDO, Directeur G\u00e9n\u00e9ral des Douanes, l\u2019Amicale des\" \/>\n<meta property=\"og:url\" content=\"https:\/\/voxsahel.com\/?p=1813\" \/>\n<meta property=\"og:site_name\" content=\"Vox Sahel\" \/>\n<meta property=\"article:publisher\" content=\"https:\/\/www.facebook.com\/journal.voxsahel\" \/>\n<meta property=\"article:published_time\" content=\"2025-04-25T15:06:37+00:00\" \/>\n<meta property=\"og:image\" content=\"https:\/\/voxsahel.com\/wp-content\/uploads\/2025\/04\/DOUANE-AMICALE-DES-GABELLES.jpg\" \/>\n\t<meta property=\"og:image:width\" content=\"1080\" \/>\n\t<meta property=\"og:image:height\" content=\"832\" \/>\n\t<meta property=\"og:image:type\" content=\"image\/jpeg\" \/>\n<meta name=\"author\" content=\"Vox Sahel\" \/>\n<meta name=\"twitter:card\" content=\"summary_large_image\" \/>\n<meta name=\"twitter:label1\" content=\"\u00c9crit par\" \/>\n\t<meta name=\"twitter:data1\" content=\"Vox Sahel\" \/>\n\t<meta name=\"twitter:label2\" content=\"Dur\u00e9e de lecture estim\u00e9e\" \/>\n\t<meta name=\"twitter:data2\" content=\"2 minutes\" \/>\n<script type=\"application\/ld+json\" class=\"yoast-schema-graph\">{\"@context\":\"https:\\\/\\\/schema.org\",\"@graph\":[{\"@type\":\"Article\",\"@id\":\"https:\\\/\\\/voxsahel.com\\\/?p=1813#article\",\"isPartOf\":{\"@id\":\"https:\\\/\\\/voxsahel.com\\\/?p=1813\"},\"author\":{\"name\":\"Vox Sahel\",\"@id\":\"https:\\\/\\\/voxsahel.com\\\/#\\\/schema\\\/person\\\/b4043608248f8fa227cd760e7ff1e19e\"},\"headline\":\"Administration douani\u00e8re burkinab\u00e8 : Sant\u00e9 mentale et solidarit\u00e9 au c\u0153ur de l&rsquo;Assembl\u00e9e g\u00e9n\u00e9rale 2025 de l\u2019Amicale des Gabelles\",\"datePublished\":\"2025-04-25T15:06:37+00:00\",\"mainEntityOfPage\":{\"@id\":\"https:\\\/\\\/voxsahel.com\\\/?p=1813\"},\"wordCount\":471,\"commentCount\":0,\"publisher\":{\"@id\":\"https:\\\/\\\/voxsahel.com\\\/#organization\"},\"image\":{\"@id\":\"https:\\\/\\\/voxsahel.com\\\/?p=1813#primaryimage\"},\"thumbnailUrl\":\"https:\\\/\\\/voxsahel.com\\\/wp-content\\\/uploads\\\/2025\\\/04\\\/DOUANE-AMICALE-DES-GABELLES.jpg\",\"keywords\":[\"Amicale des Gabelles\",\"Burkina Faso\",\"Douane\",\"Douanes du Burkina Faso\",\"Observatoire pour la c\u00e9l\u00e9rit\u00e9 des op\u00e9rations douani\u00e8res au Burkina Faso\",\"Organisation mondiale des Douanes\"],\"articleSection\":[\"SOCIETE\"],\"inLanguage\":\"fr-FR\",\"potentialAction\":[{\"@type\":\"CommentAction\",\"name\":\"Comment\",\"target\":[\"https:\\\/\\\/voxsahel.com\\\/?p=1813#respond\"]}]},{\"@type\":\"WebPage\",\"@id\":\"https:\\\/\\\/voxsahel.com\\\/?p=1813\",\"url\":\"https:\\\/\\\/voxsahel.com\\\/?p=1813\",\"name\":\"Administration douani\u00e8re burkinab\u00e8 : Sant\u00e9 mentale et solidarit\u00e9 au c\u0153ur de l'Assembl\u00e9e g\u00e9n\u00e9rale 2025 de l\u2019Amicale des Gabelles - Vox Sahel\",\"isPartOf\":{\"@id\":\"https:\\\/\\\/voxsahel.com\\\/#website\"},\"primaryImageOfPage\":{\"@id\":\"https:\\\/\\\/voxsahel.com\\\/?p=1813#primaryimage\"},\"image\":{\"@id\":\"https:\\\/\\\/voxsahel.com\\\/?p=1813#primaryimage\"},\"thumbnailUrl\":\"https:\\\/\\\/voxsahel.com\\\/wp-content\\\/uploads\\\/2025\\\/04\\\/DOUANE-AMICALE-DES-GABELLES.jpg\",\"datePublished\":\"2025-04-25T15:06:37+00:00\",\"breadcrumb\":{\"@id\":\"https:\\\/\\\/voxsahel.com\\\/?p=1813#breadcrumb\"},\"inLanguage\":\"fr-FR\",\"potentialAction\":[{\"@type\":\"ReadAction\",\"target\":[\"https:\\\/\\\/voxsahel.com\\\/?p=1813\"]}]},{\"@type\":\"ImageObject\",\"inLanguage\":\"fr-FR\",\"@id\":\"https:\\\/\\\/voxsahel.com\\\/?p=1813#primaryimage\",\"url\":\"https:\\\/\\\/voxsahel.com\\\/wp-content\\\/uploads\\\/2025\\\/04\\\/DOUANE-AMICALE-DES-GABELLES.jpg\",\"contentUrl\":\"https:\\\/\\\/voxsahel.com\\\/wp-content\\\/uploads\\\/2025\\\/04\\\/DOUANE-AMICALE-DES-GABELLES.jpg\",\"width\":1080,\"height\":832,\"caption\":\"Administration douani\u00e8re burkinab\u00e8 : Sant\u00e9 mentale et solidarit\u00e9 au c\u0153ur de l'Assembl\u00e9e G\u00e9n\u00e9rale 2025 de l\u2019Amicale des Gabelles\"},{\"@type\":\"BreadcrumbList\",\"@id\":\"https:\\\/\\\/voxsahel.com\\\/?p=1813#breadcrumb\",\"itemListElement\":[{\"@type\":\"ListItem\",\"position\":1,\"name\":\"Home\",\"item\":\"https:\\\/\\\/voxsahel.com\\\/\"},{\"@type\":\"ListItem\",\"position\":2,\"name\":\"Administration douani\u00e8re burkinab\u00e8 : Sant\u00e9 mentale et solidarit\u00e9 au c\u0153ur de l&rsquo;Assembl\u00e9e g\u00e9n\u00e9rale 2025 de l\u2019Amicale des Gabelles\"}]},{\"@type\":\"WebSite\",\"@id\":\"https:\\\/\\\/voxsahel.com\\\/#website\",\"url\":\"https:\\\/\\\/voxsahel.com\\\/\",\"name\":\"Vox Sahel\",\"description\":\"Informez-vous sur le Sahel en un clic\",\"publisher\":{\"@id\":\"https:\\\/\\\/voxsahel.com\\\/#organization\"},\"potentialAction\":[{\"@type\":\"SearchAction\",\"target\":{\"@type\":\"EntryPoint\",\"urlTemplate\":\"https:\\\/\\\/voxsahel.com\\\/?s={search_term_string}\"},\"query-input\":{\"@type\":\"PropertyValueSpecification\",\"valueRequired\":true,\"valueName\":\"search_term_string\"}}],\"inLanguage\":\"fr-FR\"},{\"@type\":\"Organization\",\"@id\":\"https:\\\/\\\/voxsahel.com\\\/#organization\",\"name\":\"Vox Sahel\",\"url\":\"https:\\\/\\\/voxsahel.com\\\/\",\"logo\":{\"@type\":\"ImageObject\",\"inLanguage\":\"fr-FR\",\"@id\":\"https:\\\/\\\/voxsahel.com\\\/#\\\/schema\\\/logo\\\/image\\\/\",\"url\":\"https:\\\/\\\/voxsahel.com\\\/wp-content\\\/uploads\\\/2024\\\/09\\\/Logo-Vox-Sahel.jpg\",\"contentUrl\":\"https:\\\/\\\/voxsahel.com\\\/wp-content\\\/uploads\\\/2024\\\/09\\\/Logo-Vox-Sahel.jpg\",\"width\":1181,\"height\":848,\"caption\":\"Vox Sahel\"},\"image\":{\"@id\":\"https:\\\/\\\/voxsahel.com\\\/#\\\/schema\\\/logo\\\/image\\\/\"},\"sameAs\":[\"https:\\\/\\\/www.facebook.com\\\/journal.voxsahel\"]},{\"@type\":\"Person\",\"@id\":\"https:\\\/\\\/voxsahel.com\\\/#\\\/schema\\\/person\\\/b4043608248f8fa227cd760e7ff1e19e\",\"name\":\"Vox Sahel\",\"image\":{\"@type\":\"ImageObject\",\"inLanguage\":\"fr-FR\",\"@id\":\"https:\\\/\\\/secure.gravatar.com\\\/avatar\\\/f70e7fa0cb9b29d4a7c5788d6eb2e9ab4d3135cbae1c9161810fdf77a8964699?s=96&d=mm&r=g\",\"url\":\"https:\\\/\\\/secure.gravatar.com\\\/avatar\\\/f70e7fa0cb9b29d4a7c5788d6eb2e9ab4d3135cbae1c9161810fdf77a8964699?s=96&d=mm&r=g\",\"contentUrl\":\"https:\\\/\\\/secure.gravatar.com\\\/avatar\\\/f70e7fa0cb9b29d4a7c5788d6eb2e9ab4d3135cbae1c9161810fdf77a8964699?s=96&d=mm&r=g\",\"caption\":\"Vox Sahel\"},\"sameAs\":[\"http:\\\/\\\/www.voxsahel.com\"],\"url\":\"https:\\\/\\\/voxsahel.com\\\/?author=2\"}]}<\/script>\n<!-- \/ Yoast SEO plugin. -->","yoast_head_json":{"title":"Administration douani\u00e8re burkinab\u00e8 : Sant\u00e9 mentale et solidarit\u00e9 au c\u0153ur de l'Assembl\u00e9e g\u00e9n\u00e9rale 2025 de l\u2019Amicale des Gabelles - Vox Sahel","robots":{"index":"index","follow":"follow","max-snippet":"max-snippet:-1","max-image-preview":"max-image-preview:large","max-video-preview":"max-video-preview:-1"},"canonical":"https:\/\/voxsahel.com\/?p=1813","og_locale":"fr_FR","og_type":"article","og_title":"Administration douani\u00e8re burkinab\u00e8 : Sant\u00e9 mentale et solidarit\u00e9 au c\u0153ur de l'Assembl\u00e9e g\u00e9n\u00e9rale 2025 de l\u2019Amicale des Gabelles - Vox Sahel","og_description":"Sous le haut parrainage de l\u2019Inspecteur divisionnaire Adama ILBOUDO, Directeur G\u00e9n\u00e9ral des Douanes, l\u2019Amicale des","og_url":"https:\/\/voxsahel.com\/?p=1813","og_site_name":"Vox Sahel","article_publisher":"https:\/\/www.facebook.com\/journal.voxsahel","article_published_time":"2025-04-25T15:06:37+00:00","og_image":[{"width":1080,"height":832,"url":"https:\/\/voxsahel.com\/wp-content\/uploads\/2025\/04\/DOUANE-AMICALE-DES-GABELLES.jpg","type":"image\/jpeg"}],"author":"Vox Sahel","twitter_card":"summary_large_image","twitter_misc":{"\u00c9crit par":"Vox Sahel","Dur\u00e9e de lecture estim\u00e9e":"2 minutes"},"schema":{"@context":"https:\/\/schema.org","@graph":[{"@type":"Article","@id":"https:\/\/voxsahel.com\/?p=1813#article","isPartOf":{"@id":"https:\/\/voxsahel.com\/?p=1813"},"author":{"name":"Vox Sahel","@id":"https:\/\/voxsahel.com\/#\/schema\/person\/b4043608248f8fa227cd760e7ff1e19e"},"headline":"Administration douani\u00e8re burkinab\u00e8 : Sant\u00e9 mentale et solidarit\u00e9 au c\u0153ur de l&rsquo;Assembl\u00e9e g\u00e9n\u00e9rale 2025 de l\u2019Amicale des Gabelles","datePublished":"2025-04-25T15:06:37+00:00","mainEntityOfPage":{"@id":"https:\/\/voxsahel.com\/?p=1813"},"wordCount":471,"commentCount":0,"publisher":{"@id":"https:\/\/voxsahel.com\/#organization"},"image":{"@id":"https:\/\/voxsahel.com\/?p=1813#primaryimage"},"thumbnailUrl":"https:\/\/voxsahel.com\/wp-content\/uploads\/2025\/04\/DOUANE-AMICALE-DES-GABELLES.jpg","keywords":["Amicale des Gabelles","Burkina Faso","Douane","Douanes du Burkina Faso","Observatoire pour la c\u00e9l\u00e9rit\u00e9 des op\u00e9rations douani\u00e8res au Burkina Faso","Organisation mondiale des Douanes"],"articleSection":["SOCIETE"],"inLanguage":"fr-FR","potentialAction":[{"@type":"CommentAction","name":"Comment","target":["https:\/\/voxsahel.com\/?p=1813#respond"]}]},{"@type":"WebPage","@id":"https:\/\/voxsahel.com\/?p=1813","url":"https:\/\/voxsahel.com\/?p=1813","name":"Administration douani\u00e8re burkinab\u00e8 : Sant\u00e9 mentale et solidarit\u00e9 au c\u0153ur de l'Assembl\u00e9e g\u00e9n\u00e9rale 2025 de l\u2019Amicale des Gabelles - Vox Sahel","isPartOf":{"@id":"https:\/\/voxsahel.com\/#website"},"primaryImageOfPage":{"@id":"https:\/\/voxsahel.com\/?p=1813#primaryimage"},"image":{"@id":"https:\/\/voxsahel.com\/?p=1813#primaryimage"},"thumbnailUrl":"https:\/\/voxsahel.com\/wp-content\/uploads\/2025\/04\/DOUANE-AMICALE-DES-GABELLES.jpg","datePublished":"2025-04-25T15:06:37+00:00","breadcrumb":{"@id":"https:\/\/voxsahel.com\/?p=1813#breadcrumb"},"inLanguage":"fr-FR","potentialAction":[{"@type":"ReadAction","target":["https:\/\/voxsahel.com\/?p=1813"]}]},{"@type":"ImageObject","inLanguage":"fr-FR","@id":"https:\/\/voxsahel.com\/?p=1813#primaryimage","url":"https:\/\/voxsahel.com\/wp-content\/uploads\/2025\/04\/DOUANE-AMICALE-DES-GABELLES.jpg","contentUrl":"https:\/\/voxsahel.com\/wp-content\/uploads\/2025\/04\/DOUANE-AMICALE-DES-GABELLES.jpg","width":1080,"height":832,"caption":"Administration douani\u00e8re burkinab\u00e8 : Sant\u00e9 mentale et solidarit\u00e9 au c\u0153ur de l'Assembl\u00e9e G\u00e9n\u00e9rale 2025 de l\u2019Amicale des Gabelles"},{"@type":"BreadcrumbList","@id":"https:\/\/voxsahel.com\/?p=1813#breadcrumb","itemListElement":[{"@type":"ListItem","position":1,"name":"Home","item":"https:\/\/voxsahel.com\/"},{"@type":"ListItem","position":2,"name":"Administration douani\u00e8re burkinab\u00e8 : Sant\u00e9 mentale et solidarit\u00e9 au c\u0153ur de l&rsquo;Assembl\u00e9e g\u00e9n\u00e9rale 2025 de l\u2019Amicale des Gabelles"}]},{"@type":"WebSite","@id":"https:\/\/voxsahel.com\/#website","url":"https:\/\/voxsahel.com\/","name":"Vox Sahel","description":"Informez-vous sur le Sahel en un clic","publisher":{"@id":"https:\/\/voxsahel.com\/#organization"},"potentialAction":[{"@type":"SearchAction","target":{"@type":"EntryPoint","urlTemplate":"https:\/\/voxsahel.com\/?s={search_term_string}"},"query-input":{"@type":"PropertyValueSpecification","valueRequired":true,"valueName":"search_term_string"}}],"inLanguage":"fr-FR"},{"@type":"Organization","@id":"https:\/\/voxsahel.com\/#organization","name":"Vox Sahel","url":"https:\/\/voxsahel.com\/","logo":{"@type":"ImageObject","inLanguage":"fr-FR","@id":"https:\/\/voxsahel.com\/#\/schema\/logo\/image\/","url":"https:\/\/voxsahel.com\/wp-content\/uploads\/2024\/09\/Logo-Vox-Sahel.jpg","contentUrl":"https:\/\/voxsahel.com\/wp-content\/uploads\/2024\/09\/Logo-Vox-Sahel.jpg","width":1181,"height":848,"caption":"Vox Sahel"},"image":{"@id":"https:\/\/voxsahel.com\/#\/schema\/logo\/image\/"},"sameAs":["https:\/\/www.facebook.com\/journal.voxsahel"]},{"@type":"Person","@id":"https:\/\/voxsahel.com\/#\/schema\/person\/b4043608248f8fa227cd760e7ff1e19e","name":"Vox Sahel","image":{"@type":"ImageObject","inLanguage":"fr-FR","@id":"https:\/\/secure.gravatar.com\/avatar\/f70e7fa0cb9b29d4a7c5788d6eb2e9ab4d3135cbae1c9161810fdf77a8964699?s=96&d=mm&r=g","url":"https:\/\/secure.gravatar.com\/avatar\/f70e7fa0cb9b29d4a7c5788d6eb2e9ab4d3135cbae1c9161810fdf77a8964699?s=96&d=mm&r=g","contentUrl":"https:\/\/secure.gravatar.com\/avatar\/f70e7fa0cb9b29d4a7c5788d6eb2e9ab4d3135cbae1c9161810fdf77a8964699?s=96&d=mm&r=g","caption":"Vox Sahel"},"sameAs":["http:\/\/www.voxsahel.com"],"url":"https:\/\/voxsahel.com\/?author=2"}]}},"_links":{"self":[{"href":"https:\/\/voxsahel.com\/index.php?rest_route=\/wp\/v2\/posts\/1813","targetHints":{"allow":["GET"]}}],"collection":[{"href":"https:\/\/voxsahel.com\/index.php?rest_route=\/wp\/v2\/posts"}],"about":[{"href":"https:\/\/voxsahel.com\/index.php?rest_route=\/wp\/v2\/types\/post"}],"author":[{"embeddable":true,"href":"https:\/\/voxsahel.com\/index.php?rest_route=\/wp\/v2\/users\/2"}],"replies":[{"embeddable":true,"href":"https:\/\/voxsahel.com\/index.php?rest_route=%2Fwp%2Fv2%2Fcomments&post=1813"}],"version-history":[{"count":1,"href":"https:\/\/voxsahel.com\/index.php?rest_route=\/wp\/v2\/posts\/1813\/revisions"}],"predecessor-version":[{"id":1815,"href":"https:\/\/voxsahel.com\/index.php?rest_route=\/wp\/v2\/posts\/1813\/revisions\/1815"}],"wp:featuredmedia":[{"embeddable":true,"href":"https:\/\/voxsahel.com\/index.php?rest_route=\/wp\/v2\/media\/1814"}],"wp:attachment":[{"href":"https:\/\/voxsahel.com\/index.php?rest_route=%2Fwp%2Fv2%2Fmedia&parent=1813"}],"wp:term":[{"taxonomy":"category","embeddable":true,"href":"https:\/\/voxsahel.com\/index.php?rest_route=%2Fwp%2Fv2%2Fcategories&post=1813"},{"taxonomy":"post_tag","embeddable":true,"href":"https:\/\/voxsahel.com\/index.php?rest_route=%2Fwp%2Fv2%2Ftags&post=1813"}],"curies":[{"name":"wp","href":"https:\/\/api.w.org\/{rel}","templated":true}]}}