{"id":1802,"date":"2025-04-24T18:01:03","date_gmt":"2025-04-24T18:01:03","guid":{"rendered":"https:\/\/voxsahel.com\/?p=1802"},"modified":"2025-04-24T18:01:03","modified_gmt":"2025-04-24T18:01:03","slug":"4e-edition-de-la-lecture-du-lycee-prive-yiguia-pour-stimuler-le-developpement-personnel-des-eleves","status":"publish","type":"post","link":"https:\/\/voxsahel.com\/?p=1802","title":{"rendered":"4e \u00e9dition de la lecture du lyc\u00e9e priv\u00e9 Yiguia : Pour stimuler le d\u00e9veloppement personnel des \u00e9l\u00e8ves"},"content":{"rendered":"<p class=\"p1\"><strong><span class=\"s1\">Le lyc\u00e9e priv\u00e9 Yiguia a donn\u00e9 le coup d\u2019envoi, ce jeudi 24 avril 2025de la 4e \u00e9dition des \u00ab\u00a072 heures de la lecture\u00a0\u00bb, une manifestation culturelle et \u00e9ducative d\u00e9di\u00e9e \u00e0 la valorisation de la lecture chez les jeunes. L\u2019\u00e9v\u00e9nement s\u2019est tenu au sein du complexe scolaire Bangr\u00e9 Yiguia, rassemblant membres de l\u2019administration, enseignants et \u00e9l\u00e8ves autour du th\u00e8me : \u00ab Lecture et d\u00e9veloppement personnel : d\u00e9fis et perspectives \u00bb.<\/span><\/strong><\/p>\n<p class=\"p1\"><span class=\"s1\">\u00a0<\/span>Depuis quatre ans, cette initiative vise \u00e0 raviver chez les \u00e9l\u00e8ves le go\u00fbt de la lecture, mise \u00e0 mal par la prolif\u00e9ration des distractions num\u00e9riques. Beno\u00eet Singuibeogo, pr\u00e9sident du comit\u00e9 d\u2019organisation et professeur certifi\u00e9 en histoire-g\u00e9ographie, a rappel\u00e9 les enjeux de cette activit\u00e9 : \u00ab La richesse de cette initiative r\u00e9side dans le constat du niveau appr\u00e9ciable des \u00e9l\u00e8ves. Le faible rendement scolaire est souvent li\u00e9 \u00e0 l\u2019absence ou l\u2019insuffisance de la lecture. Il est donc de notre responsabilit\u00e9 d\u2019y rem\u00e9dier. \u00bb.<\/p>\n<p class=\"p1\"><span class=\"s1\">La pr\u00e9sente \u00e9dition s&rsquo;articulera autour de plusieurs discussions, dont un panel principal sur le th\u00e8me : \u00ab Lecture et d\u00e9veloppement personnel : d\u00e9finition et perspectives \u00bb. Ce panel ambitionne de d\u00e9montrer que l\u2019\u00e9cole peut \u00eatre un v\u00e9ritable levier pour l\u2019\u00e9panouissement des \u00e9l\u00e8ves et leur contribution au d\u00e9veloppement de la nation. Un second panel portera sur : \u00ab Scolarit\u00e9 et entrepreneuriat : quelle conciliation pour avenir radieux ? \u00bb. <\/span><\/p>\n<p class=\"p1\"><span class=\"s1\">\u00c0 ce sujet, M. Singuibeogo a pr\u00e9cis\u00e9 : \u00ab Ce th\u00e8me permet aux \u00e9l\u00e8ves de comprendre que lecture et entrepreneuriat ne s\u2019opposent pas, mais se compl\u00e8tent dans la construction d\u2019un futur prometteur. \u00bb.Il a par ailleurs exprim\u00e9 ses inqui\u00e9tudes concernant l\u2019influence croissante des m\u00e9dias et r\u00e9seaux sociaux : \u00ab Aujourd\u2019hui, on pourrait m\u00eame dire que le manque de lecture est le \u00ab\u00a0cancer\u00a0\u00bb de notre syst\u00e8me \u00e9ducatif. <\/span><\/p>\n<p class=\"p1\"><span class=\"s1\">Les \u00e9l\u00e8ves sont de plus en plus attir\u00e9s par des contenus fictifs qui d\u00e9tournent leur attention et perturbent leur apprentissage. C\u2019est une pr\u00e9occupation majeure pour nous. \u00bb.Annie Bationo, attach\u00e9e de direction au sein du complexe scolaire Bangr\u00e9 et repr\u00e9sentante de la directrice, a exprim\u00e9 son enthousiasme : \u00ab C\u2019est une grande joie de voir cette \u00e9dition se tenir. J\u2019esp\u00e8re sinc\u00e8rement qu\u2019elle deviendra p\u00e9renne. Par moments, certains \u00e9l\u00e8ves se d\u00e9tachent de la lecture. Mais gr\u00e2ce \u00e0 des \u00e9v\u00e9nements comme Les 72 heures de la lecture, je pense qu\u2019ils peuvent reprendre conscience de l&rsquo;importance de lire. \u00bb.<\/span><\/p>\n<p class=\"p1\"><span class=\"s1\">Pour Oumar Moubarak Sedego, d\u00e9l\u00e9gu\u00e9 g\u00e9n\u00e9ral du complexe scolaire Bangr\u00e9 Yiguia, cette activit\u00e9 repr\u00e9sente une v\u00e9ritable opportunit\u00e9 : \u00ab Nous allons r\u00e9ellement profiter de cette activit\u00e9 pour nous enrichir et mieux comprendre tout ce que la lecture peut nous apporter. Elle ouvre notre esprit. Si nous voulons vraiment devenir de grandes personnes dans ce monde, il faut passer par la lecture. Sans la lecture, on ne peut pas grandir intellectuellement ni pr\u00e9tendre \u00e0 un avenir solide. \u00bb.<\/span><\/p>\n<p class=\"p1\"><span class=\"s1\">Durant ces trois jours, les \u00e9l\u00e8ves participeront \u00e0 des panels, des \u00e9changes et diverses animations. Le lyc\u00e9e priv\u00e9 Yiguia esp\u00e8re ainsi raviver chez eux l\u2019amour du livre, pilier essentiel d\u2019un apprentissage solide et durable.<\/span><\/p>\n<p class=\"p1\"><span class=\"s1\">Par Amir BAKO<\/span><\/p>\n","protected":false},"excerpt":{"rendered":"<p>Le lyc\u00e9e priv\u00e9 Yiguia a donn\u00e9 le coup d\u2019envoi, ce jeudi 24 avril 2025de la<\/p>\n","protected":false},"author":2,"featured_media":1803,"comment_status":"open","ping_status":"open","sticky":false,"template":"","format":"standard","meta":{"_et_pb_use_builder":"","_et_pb_old_content":"","_et_gb_content_width":"","footnotes":""},"categories":[9],"tags":[],"class_list":["post-1802","post","type-post","status-publish","format-standard","has-post-thumbnail","hentry","category-education"],"yoast_head":"<!-- This site is optimized with the Yoast SEO plugin v27.5 - https:\/\/yoast.com\/product\/yoast-seo-wordpress\/ -->\n<title>4e \u00e9dition de la lecture du lyc\u00e9e priv\u00e9 Yiguia : Pour stimuler le d\u00e9veloppement personnel des \u00e9l\u00e8ves - Vox Sahel<\/title>\n<meta name=\"robots\" content=\"index, follow, max-snippet:-1, max-image-preview:large, max-video-preview:-1\" \/>\n<link rel=\"canonical\" href=\"https:\/\/voxsahel.com\/?p=1802\" \/>\n<meta property=\"og:locale\" content=\"fr_FR\" \/>\n<meta property=\"og:type\" content=\"article\" \/>\n<meta property=\"og:title\" content=\"4e \u00e9dition de la lecture du lyc\u00e9e priv\u00e9 Yiguia : Pour stimuler le d\u00e9veloppement personnel des \u00e9l\u00e8ves - Vox Sahel\" \/>\n<meta property=\"og:description\" content=\"Le lyc\u00e9e priv\u00e9 Yiguia a donn\u00e9 le coup d\u2019envoi, ce jeudi 24 avril 2025de la\" \/>\n<meta property=\"og:url\" content=\"https:\/\/voxsahel.com\/?p=1802\" \/>\n<meta property=\"og:site_name\" content=\"Vox Sahel\" \/>\n<meta property=\"article:publisher\" content=\"https:\/\/www.facebook.com\/journal.voxsahel\" \/>\n<meta property=\"article:published_time\" content=\"2025-04-24T18:01:03+00:00\" \/>\n<meta property=\"og:image\" content=\"https:\/\/voxsahel.com\/wp-content\/uploads\/2025\/04\/03398921-df48-4d2d-8977-152f72e2c255.jpeg\" \/>\n\t<meta property=\"og:image:width\" content=\"1080\" \/>\n\t<meta property=\"og:image:height\" content=\"717\" \/>\n\t<meta property=\"og:image:type\" content=\"image\/jpeg\" \/>\n<meta name=\"author\" content=\"Vox Sahel\" \/>\n<meta name=\"twitter:card\" content=\"summary_large_image\" \/>\n<meta name=\"twitter:label1\" content=\"\u00c9crit par\" \/>\n\t<meta name=\"twitter:data1\" content=\"Vox Sahel\" \/>\n\t<meta name=\"twitter:label2\" content=\"Dur\u00e9e de lecture estim\u00e9e\" \/>\n\t<meta name=\"twitter:data2\" content=\"3 minutes\" \/>\n<script type=\"application\/ld+json\" class=\"yoast-schema-graph\">{\"@context\":\"https:\\\/\\\/schema.org\",\"@graph\":[{\"@type\":\"Article\",\"@id\":\"https:\\\/\\\/voxsahel.com\\\/?p=1802#article\",\"isPartOf\":{\"@id\":\"https:\\\/\\\/voxsahel.com\\\/?p=1802\"},\"author\":{\"name\":\"Vox Sahel\",\"@id\":\"https:\\\/\\\/voxsahel.com\\\/#\\\/schema\\\/person\\\/b4043608248f8fa227cd760e7ff1e19e\"},\"headline\":\"4e \u00e9dition de la lecture du lyc\u00e9e priv\u00e9 Yiguia : Pour stimuler le d\u00e9veloppement personnel des \u00e9l\u00e8ves\",\"datePublished\":\"2025-04-24T18:01:03+00:00\",\"mainEntityOfPage\":{\"@id\":\"https:\\\/\\\/voxsahel.com\\\/?p=1802\"},\"wordCount\":559,\"commentCount\":0,\"publisher\":{\"@id\":\"https:\\\/\\\/voxsahel.com\\\/#organization\"},\"image\":{\"@id\":\"https:\\\/\\\/voxsahel.com\\\/?p=1802#primaryimage\"},\"thumbnailUrl\":\"https:\\\/\\\/voxsahel.com\\\/wp-content\\\/uploads\\\/2025\\\/04\\\/03398921-df48-4d2d-8977-152f72e2c255.jpeg\",\"articleSection\":[\"EDUCATION\"],\"inLanguage\":\"fr-FR\",\"potentialAction\":[{\"@type\":\"CommentAction\",\"name\":\"Comment\",\"target\":[\"https:\\\/\\\/voxsahel.com\\\/?p=1802#respond\"]}]},{\"@type\":\"WebPage\",\"@id\":\"https:\\\/\\\/voxsahel.com\\\/?p=1802\",\"url\":\"https:\\\/\\\/voxsahel.com\\\/?p=1802\",\"name\":\"4e \u00e9dition de la lecture du lyc\u00e9e priv\u00e9 Yiguia : Pour stimuler le d\u00e9veloppement personnel des \u00e9l\u00e8ves - Vox Sahel\",\"isPartOf\":{\"@id\":\"https:\\\/\\\/voxsahel.com\\\/#website\"},\"primaryImageOfPage\":{\"@id\":\"https:\\\/\\\/voxsahel.com\\\/?p=1802#primaryimage\"},\"image\":{\"@id\":\"https:\\\/\\\/voxsahel.com\\\/?p=1802#primaryimage\"},\"thumbnailUrl\":\"https:\\\/\\\/voxsahel.com\\\/wp-content\\\/uploads\\\/2025\\\/04\\\/03398921-df48-4d2d-8977-152f72e2c255.jpeg\",\"datePublished\":\"2025-04-24T18:01:03+00:00\",\"breadcrumb\":{\"@id\":\"https:\\\/\\\/voxsahel.com\\\/?p=1802#breadcrumb\"},\"inLanguage\":\"fr-FR\",\"potentialAction\":[{\"@type\":\"ReadAction\",\"target\":[\"https:\\\/\\\/voxsahel.com\\\/?p=1802\"]}]},{\"@type\":\"ImageObject\",\"inLanguage\":\"fr-FR\",\"@id\":\"https:\\\/\\\/voxsahel.com\\\/?p=1802#primaryimage\",\"url\":\"https:\\\/\\\/voxsahel.com\\\/wp-content\\\/uploads\\\/2025\\\/04\\\/03398921-df48-4d2d-8977-152f72e2c255.jpeg\",\"contentUrl\":\"https:\\\/\\\/voxsahel.com\\\/wp-content\\\/uploads\\\/2025\\\/04\\\/03398921-df48-4d2d-8977-152f72e2c255.jpeg\",\"width\":1080,\"height\":717},{\"@type\":\"BreadcrumbList\",\"@id\":\"https:\\\/\\\/voxsahel.com\\\/?p=1802#breadcrumb\",\"itemListElement\":[{\"@type\":\"ListItem\",\"position\":1,\"name\":\"Home\",\"item\":\"https:\\\/\\\/voxsahel.com\\\/\"},{\"@type\":\"ListItem\",\"position\":2,\"name\":\"4e \u00e9dition de la lecture du lyc\u00e9e priv\u00e9 Yiguia : Pour stimuler le d\u00e9veloppement personnel des \u00e9l\u00e8ves\"}]},{\"@type\":\"WebSite\",\"@id\":\"https:\\\/\\\/voxsahel.com\\\/#website\",\"url\":\"https:\\\/\\\/voxsahel.com\\\/\",\"name\":\"Vox Sahel\",\"description\":\"Informez-vous sur le Sahel en un clic\",\"publisher\":{\"@id\":\"https:\\\/\\\/voxsahel.com\\\/#organization\"},\"potentialAction\":[{\"@type\":\"SearchAction\",\"target\":{\"@type\":\"EntryPoint\",\"urlTemplate\":\"https:\\\/\\\/voxsahel.com\\\/?s={search_term_string}\"},\"query-input\":{\"@type\":\"PropertyValueSpecification\",\"valueRequired\":true,\"valueName\":\"search_term_string\"}}],\"inLanguage\":\"fr-FR\"},{\"@type\":\"Organization\",\"@id\":\"https:\\\/\\\/voxsahel.com\\\/#organization\",\"name\":\"Vox Sahel\",\"url\":\"https:\\\/\\\/voxsahel.com\\\/\",\"logo\":{\"@type\":\"ImageObject\",\"inLanguage\":\"fr-FR\",\"@id\":\"https:\\\/\\\/voxsahel.com\\\/#\\\/schema\\\/logo\\\/image\\\/\",\"url\":\"https:\\\/\\\/voxsahel.com\\\/wp-content\\\/uploads\\\/2024\\\/09\\\/Logo-Vox-Sahel.jpg\",\"contentUrl\":\"https:\\\/\\\/voxsahel.com\\\/wp-content\\\/uploads\\\/2024\\\/09\\\/Logo-Vox-Sahel.jpg\",\"width\":1181,\"height\":848,\"caption\":\"Vox Sahel\"},\"image\":{\"@id\":\"https:\\\/\\\/voxsahel.com\\\/#\\\/schema\\\/logo\\\/image\\\/\"},\"sameAs\":[\"https:\\\/\\\/www.facebook.com\\\/journal.voxsahel\"]},{\"@type\":\"Person\",\"@id\":\"https:\\\/\\\/voxsahel.com\\\/#\\\/schema\\\/person\\\/b4043608248f8fa227cd760e7ff1e19e\",\"name\":\"Vox Sahel\",\"image\":{\"@type\":\"ImageObject\",\"inLanguage\":\"fr-FR\",\"@id\":\"https:\\\/\\\/secure.gravatar.com\\\/avatar\\\/f70e7fa0cb9b29d4a7c5788d6eb2e9ab4d3135cbae1c9161810fdf77a8964699?s=96&d=mm&r=g\",\"url\":\"https:\\\/\\\/secure.gravatar.com\\\/avatar\\\/f70e7fa0cb9b29d4a7c5788d6eb2e9ab4d3135cbae1c9161810fdf77a8964699?s=96&d=mm&r=g\",\"contentUrl\":\"https:\\\/\\\/secure.gravatar.com\\\/avatar\\\/f70e7fa0cb9b29d4a7c5788d6eb2e9ab4d3135cbae1c9161810fdf77a8964699?s=96&d=mm&r=g\",\"caption\":\"Vox Sahel\"},\"sameAs\":[\"http:\\\/\\\/www.voxsahel.com\"],\"url\":\"https:\\\/\\\/voxsahel.com\\\/?author=2\"}]}<\/script>\n<!-- \/ Yoast SEO plugin. -->","yoast_head_json":{"title":"4e \u00e9dition de la lecture du lyc\u00e9e priv\u00e9 Yiguia : Pour stimuler le d\u00e9veloppement personnel des \u00e9l\u00e8ves - Vox Sahel","robots":{"index":"index","follow":"follow","max-snippet":"max-snippet:-1","max-image-preview":"max-image-preview:large","max-video-preview":"max-video-preview:-1"},"canonical":"https:\/\/voxsahel.com\/?p=1802","og_locale":"fr_FR","og_type":"article","og_title":"4e \u00e9dition de la lecture du lyc\u00e9e priv\u00e9 Yiguia : Pour stimuler le d\u00e9veloppement personnel des \u00e9l\u00e8ves - Vox Sahel","og_description":"Le lyc\u00e9e priv\u00e9 Yiguia a donn\u00e9 le coup d\u2019envoi, ce jeudi 24 avril 2025de la","og_url":"https:\/\/voxsahel.com\/?p=1802","og_site_name":"Vox Sahel","article_publisher":"https:\/\/www.facebook.com\/journal.voxsahel","article_published_time":"2025-04-24T18:01:03+00:00","og_image":[{"width":1080,"height":717,"url":"https:\/\/voxsahel.com\/wp-content\/uploads\/2025\/04\/03398921-df48-4d2d-8977-152f72e2c255.jpeg","type":"image\/jpeg"}],"author":"Vox Sahel","twitter_card":"summary_large_image","twitter_misc":{"\u00c9crit par":"Vox Sahel","Dur\u00e9e de lecture estim\u00e9e":"3 minutes"},"schema":{"@context":"https:\/\/schema.org","@graph":[{"@type":"Article","@id":"https:\/\/voxsahel.com\/?p=1802#article","isPartOf":{"@id":"https:\/\/voxsahel.com\/?p=1802"},"author":{"name":"Vox Sahel","@id":"https:\/\/voxsahel.com\/#\/schema\/person\/b4043608248f8fa227cd760e7ff1e19e"},"headline":"4e \u00e9dition de la lecture du lyc\u00e9e priv\u00e9 Yiguia : Pour stimuler le d\u00e9veloppement personnel des \u00e9l\u00e8ves","datePublished":"2025-04-24T18:01:03+00:00","mainEntityOfPage":{"@id":"https:\/\/voxsahel.com\/?p=1802"},"wordCount":559,"commentCount":0,"publisher":{"@id":"https:\/\/voxsahel.com\/#organization"},"image":{"@id":"https:\/\/voxsahel.com\/?p=1802#primaryimage"},"thumbnailUrl":"https:\/\/voxsahel.com\/wp-content\/uploads\/2025\/04\/03398921-df48-4d2d-8977-152f72e2c255.jpeg","articleSection":["EDUCATION"],"inLanguage":"fr-FR","potentialAction":[{"@type":"CommentAction","name":"Comment","target":["https:\/\/voxsahel.com\/?p=1802#respond"]}]},{"@type":"WebPage","@id":"https:\/\/voxsahel.com\/?p=1802","url":"https:\/\/voxsahel.com\/?p=1802","name":"4e \u00e9dition de la lecture du lyc\u00e9e priv\u00e9 Yiguia : Pour stimuler le d\u00e9veloppement personnel des \u00e9l\u00e8ves - Vox Sahel","isPartOf":{"@id":"https:\/\/voxsahel.com\/#website"},"primaryImageOfPage":{"@id":"https:\/\/voxsahel.com\/?p=1802#primaryimage"},"image":{"@id":"https:\/\/voxsahel.com\/?p=1802#primaryimage"},"thumbnailUrl":"https:\/\/voxsahel.com\/wp-content\/uploads\/2025\/04\/03398921-df48-4d2d-8977-152f72e2c255.jpeg","datePublished":"2025-04-24T18:01:03+00:00","breadcrumb":{"@id":"https:\/\/voxsahel.com\/?p=1802#breadcrumb"},"inLanguage":"fr-FR","potentialAction":[{"@type":"ReadAction","target":["https:\/\/voxsahel.com\/?p=1802"]}]},{"@type":"ImageObject","inLanguage":"fr-FR","@id":"https:\/\/voxsahel.com\/?p=1802#primaryimage","url":"https:\/\/voxsahel.com\/wp-content\/uploads\/2025\/04\/03398921-df48-4d2d-8977-152f72e2c255.jpeg","contentUrl":"https:\/\/voxsahel.com\/wp-content\/uploads\/2025\/04\/03398921-df48-4d2d-8977-152f72e2c255.jpeg","width":1080,"height":717},{"@type":"BreadcrumbList","@id":"https:\/\/voxsahel.com\/?p=1802#breadcrumb","itemListElement":[{"@type":"ListItem","position":1,"name":"Home","item":"https:\/\/voxsahel.com\/"},{"@type":"ListItem","position":2,"name":"4e \u00e9dition de la lecture du lyc\u00e9e priv\u00e9 Yiguia : Pour stimuler le d\u00e9veloppement personnel des \u00e9l\u00e8ves"}]},{"@type":"WebSite","@id":"https:\/\/voxsahel.com\/#website","url":"https:\/\/voxsahel.com\/","name":"Vox Sahel","description":"Informez-vous sur le Sahel en un clic","publisher":{"@id":"https:\/\/voxsahel.com\/#organization"},"potentialAction":[{"@type":"SearchAction","target":{"@type":"EntryPoint","urlTemplate":"https:\/\/voxsahel.com\/?s={search_term_string}"},"query-input":{"@type":"PropertyValueSpecification","valueRequired":true,"valueName":"search_term_string"}}],"inLanguage":"fr-FR"},{"@type":"Organization","@id":"https:\/\/voxsahel.com\/#organization","name":"Vox Sahel","url":"https:\/\/voxsahel.com\/","logo":{"@type":"ImageObject","inLanguage":"fr-FR","@id":"https:\/\/voxsahel.com\/#\/schema\/logo\/image\/","url":"https:\/\/voxsahel.com\/wp-content\/uploads\/2024\/09\/Logo-Vox-Sahel.jpg","contentUrl":"https:\/\/voxsahel.com\/wp-content\/uploads\/2024\/09\/Logo-Vox-Sahel.jpg","width":1181,"height":848,"caption":"Vox Sahel"},"image":{"@id":"https:\/\/voxsahel.com\/#\/schema\/logo\/image\/"},"sameAs":["https:\/\/www.facebook.com\/journal.voxsahel"]},{"@type":"Person","@id":"https:\/\/voxsahel.com\/#\/schema\/person\/b4043608248f8fa227cd760e7ff1e19e","name":"Vox Sahel","image":{"@type":"ImageObject","inLanguage":"fr-FR","@id":"https:\/\/secure.gravatar.com\/avatar\/f70e7fa0cb9b29d4a7c5788d6eb2e9ab4d3135cbae1c9161810fdf77a8964699?s=96&d=mm&r=g","url":"https:\/\/secure.gravatar.com\/avatar\/f70e7fa0cb9b29d4a7c5788d6eb2e9ab4d3135cbae1c9161810fdf77a8964699?s=96&d=mm&r=g","contentUrl":"https:\/\/secure.gravatar.com\/avatar\/f70e7fa0cb9b29d4a7c5788d6eb2e9ab4d3135cbae1c9161810fdf77a8964699?s=96&d=mm&r=g","caption":"Vox Sahel"},"sameAs":["http:\/\/www.voxsahel.com"],"url":"https:\/\/voxsahel.com\/?author=2"}]}},"_links":{"self":[{"href":"https:\/\/voxsahel.com\/index.php?rest_route=\/wp\/v2\/posts\/1802","targetHints":{"allow":["GET"]}}],"collection":[{"href":"https:\/\/voxsahel.com\/index.php?rest_route=\/wp\/v2\/posts"}],"about":[{"href":"https:\/\/voxsahel.com\/index.php?rest_route=\/wp\/v2\/types\/post"}],"author":[{"embeddable":true,"href":"https:\/\/voxsahel.com\/index.php?rest_route=\/wp\/v2\/users\/2"}],"replies":[{"embeddable":true,"href":"https:\/\/voxsahel.com\/index.php?rest_route=%2Fwp%2Fv2%2Fcomments&post=1802"}],"version-history":[{"count":1,"href":"https:\/\/voxsahel.com\/index.php?rest_route=\/wp\/v2\/posts\/1802\/revisions"}],"predecessor-version":[{"id":1804,"href":"https:\/\/voxsahel.com\/index.php?rest_route=\/wp\/v2\/posts\/1802\/revisions\/1804"}],"wp:featuredmedia":[{"embeddable":true,"href":"https:\/\/voxsahel.com\/index.php?rest_route=\/wp\/v2\/media\/1803"}],"wp:attachment":[{"href":"https:\/\/voxsahel.com\/index.php?rest_route=%2Fwp%2Fv2%2Fmedia&parent=1802"}],"wp:term":[{"taxonomy":"category","embeddable":true,"href":"https:\/\/voxsahel.com\/index.php?rest_route=%2Fwp%2Fv2%2Fcategories&post=1802"},{"taxonomy":"post_tag","embeddable":true,"href":"https:\/\/voxsahel.com\/index.php?rest_route=%2Fwp%2Fv2%2Ftags&post=1802"}],"curies":[{"name":"wp","href":"https:\/\/api.w.org\/{rel}","templated":true}]}}