{"id":180,"date":"2024-09-13T11:57:44","date_gmt":"2024-09-13T11:57:44","guid":{"rendered":"https:\/\/voxsahel.com\/?p=180"},"modified":"2024-09-13T11:57:44","modified_gmt":"2024-09-13T11:57:44","slug":"difficultes-de-transit-a-laeroport-distanbul-des-voyageurs-burkinabe-penalises","status":"publish","type":"post","link":"https:\/\/voxsahel.com\/?p=180","title":{"rendered":"Difficult\u00e9s de transit \u00e0 l&rsquo;a\u00e9roport d&rsquo;Istanbul : Des voyageurs burkinab\u00e8 p\u00e9nalis\u00e9s"},"content":{"rendered":"<p class=\"p1\"><span class=\"s1\">Le Minist\u00e8re des Affaires \u00e9trang\u00e8res du Burkina Faso a r\u00e9cemment signal\u00e9 des difficult\u00e9s rencontr\u00e9es par certains voyageurs burkinab\u00e8 en transit \u00e0 l&rsquo;a\u00e9roport d&rsquo;Istanbul, en Turquie. En effet, les nouvelles dispositions en vigueur dans cet a\u00e9roport imposent \u00e0 certains passagers en transit de pr\u00e9senter leurs visas ou promesses de visa pour leurs destinations finales, faute de quoi ils risquent d&rsquo;\u00eatre refoul\u00e9s.<\/span><\/p>\n<p class=\"p1\"><span class=\"s1\">Cette situation a entra\u00een\u00e9 des d\u00e9sagr\u00e9ments pour de nombreux voyageurs. Certains n&rsquo;ont pas pu poursuivre leur voyage, tandis que d&rsquo;autres se sont retrouv\u00e9s bloqu\u00e9s plus longtemps que pr\u00e9vu, ce qui a entra\u00een\u00e9 la perte de leur billet de continuation.<\/span><\/p>\n<p class=\"p1\"><span class=\"s1\">Il convient de rappeler que l&rsquo;exemption de visa entre le Burkina Faso et la R\u00e9publique de Turquie ne s&rsquo;applique qu&rsquo;aux titulaires de passeports diplomatiques. Les d\u00e9tenteurs de passeports de service et ordinaires doivent, quant \u00e0 eux, \u00eatre en possession d&rsquo;un visa turc pour pouvoir quitter l&rsquo;a\u00e9roport pendant leur transit.<\/span><\/p>\n<p class=\"p1\"><span class=\"s1\">Afin de minimiser les difficult\u00e9s pour les voyageurs burkinab\u00e8 transitant par Istanbul, le Minist\u00e8re invite les autorit\u00e9s comp\u00e9tentes \u00e0 prendre les mesures n\u00e9cessaires pour diffuser largement cette information et \u00e9viter de futurs d\u00e9sagr\u00e9ments pour les passagers concern\u00e9s.<\/span><\/p>\n<p class=\"p1\" style=\"text-align: right;\"><strong><span class=\"s1\">Par Abdoul Aziz Porgo <\/span><\/strong><\/p>\n","protected":false},"excerpt":{"rendered":"<p>Le Minist\u00e8re des Affaires \u00e9trang\u00e8res du Burkina Faso a r\u00e9cemment signal\u00e9 des difficult\u00e9s rencontr\u00e9es par<\/p>\n","protected":false},"author":2,"featured_media":181,"comment_status":"open","ping_status":"open","sticky":false,"template":"","format":"standard","meta":{"_et_pb_use_builder":"","_et_pb_old_content":"","_et_gb_content_width":"","footnotes":""},"categories":[6],"tags":[18,87,49,89,75,88],"class_list":["post-180","post","type-post","status-publish","format-standard","has-post-thumbnail","hentry","category-politique","tag-burkina-faso","tag-diplomatie","tag-geopolitique","tag-istanbul","tag-politique","tag-turquie"],"yoast_head":"<!-- This site is optimized with the Yoast SEO plugin v27.5 - https:\/\/yoast.com\/product\/yoast-seo-wordpress\/ -->\n<title>Difficult\u00e9s de transit \u00e0 l&#039;a\u00e9roport d&#039;Istanbul : Des voyageurs burkinab\u00e8 p\u00e9nalis\u00e9s - Vox Sahel<\/title>\n<meta name=\"robots\" content=\"index, follow, max-snippet:-1, max-image-preview:large, max-video-preview:-1\" \/>\n<link rel=\"canonical\" href=\"https:\/\/voxsahel.com\/?p=180\" \/>\n<meta property=\"og:locale\" content=\"fr_FR\" \/>\n<meta property=\"og:type\" content=\"article\" \/>\n<meta property=\"og:title\" content=\"Difficult\u00e9s de transit \u00e0 l&#039;a\u00e9roport d&#039;Istanbul : Des voyageurs burkinab\u00e8 p\u00e9nalis\u00e9s - Vox Sahel\" \/>\n<meta property=\"og:description\" content=\"Le Minist\u00e8re des Affaires \u00e9trang\u00e8res du Burkina Faso a r\u00e9cemment signal\u00e9 des difficult\u00e9s rencontr\u00e9es par\" \/>\n<meta property=\"og:url\" content=\"https:\/\/voxsahel.com\/?p=180\" \/>\n<meta property=\"og:site_name\" content=\"Vox Sahel\" \/>\n<meta property=\"article:publisher\" content=\"https:\/\/www.facebook.com\/journal.voxsahel\" \/>\n<meta property=\"article:published_time\" content=\"2024-09-13T11:57:44+00:00\" \/>\n<meta property=\"og:image\" content=\"https:\/\/voxsahel.com\/wp-content\/uploads\/2024\/09\/IMG_7622.webp\" \/>\n\t<meta property=\"og:image:width\" content=\"390\" \/>\n\t<meta property=\"og:image:height\" content=\"280\" \/>\n\t<meta property=\"og:image:type\" content=\"image\/webp\" \/>\n<meta name=\"author\" content=\"Vox Sahel\" \/>\n<meta name=\"twitter:card\" content=\"summary_large_image\" \/>\n<meta name=\"twitter:label1\" content=\"\u00c9crit par\" \/>\n\t<meta name=\"twitter:data1\" content=\"Vox Sahel\" \/>\n\t<meta name=\"twitter:label2\" content=\"Dur\u00e9e de lecture estim\u00e9e\" \/>\n\t<meta name=\"twitter:data2\" content=\"2 minutes\" \/>\n<script type=\"application\/ld+json\" class=\"yoast-schema-graph\">{\"@context\":\"https:\\\/\\\/schema.org\",\"@graph\":[{\"@type\":\"Article\",\"@id\":\"https:\\\/\\\/voxsahel.com\\\/?p=180#article\",\"isPartOf\":{\"@id\":\"https:\\\/\\\/voxsahel.com\\\/?p=180\"},\"author\":{\"name\":\"Vox Sahel\",\"@id\":\"https:\\\/\\\/voxsahel.com\\\/#\\\/schema\\\/person\\\/b4043608248f8fa227cd760e7ff1e19e\"},\"headline\":\"Difficult\u00e9s de transit \u00e0 l&rsquo;a\u00e9roport d&rsquo;Istanbul : Des voyageurs burkinab\u00e8 p\u00e9nalis\u00e9s\",\"datePublished\":\"2024-09-13T11:57:44+00:00\",\"mainEntityOfPage\":{\"@id\":\"https:\\\/\\\/voxsahel.com\\\/?p=180\"},\"wordCount\":237,\"commentCount\":0,\"publisher\":{\"@id\":\"https:\\\/\\\/voxsahel.com\\\/#organization\"},\"image\":{\"@id\":\"https:\\\/\\\/voxsahel.com\\\/?p=180#primaryimage\"},\"thumbnailUrl\":\"https:\\\/\\\/voxsahel.com\\\/wp-content\\\/uploads\\\/2024\\\/09\\\/IMG_7622.webp\",\"keywords\":[\"Burkina Faso\",\"Diplomatie\",\"G\u00e9opolitique\",\"Istanbul\",\"Politique\",\"Turquie\"],\"articleSection\":[\"POLITIQUE\"],\"inLanguage\":\"fr-FR\",\"potentialAction\":[{\"@type\":\"CommentAction\",\"name\":\"Comment\",\"target\":[\"https:\\\/\\\/voxsahel.com\\\/?p=180#respond\"]}]},{\"@type\":\"WebPage\",\"@id\":\"https:\\\/\\\/voxsahel.com\\\/?p=180\",\"url\":\"https:\\\/\\\/voxsahel.com\\\/?p=180\",\"name\":\"Difficult\u00e9s de transit \u00e0 l'a\u00e9roport d'Istanbul : Des voyageurs burkinab\u00e8 p\u00e9nalis\u00e9s - Vox Sahel\",\"isPartOf\":{\"@id\":\"https:\\\/\\\/voxsahel.com\\\/#website\"},\"primaryImageOfPage\":{\"@id\":\"https:\\\/\\\/voxsahel.com\\\/?p=180#primaryimage\"},\"image\":{\"@id\":\"https:\\\/\\\/voxsahel.com\\\/?p=180#primaryimage\"},\"thumbnailUrl\":\"https:\\\/\\\/voxsahel.com\\\/wp-content\\\/uploads\\\/2024\\\/09\\\/IMG_7622.webp\",\"datePublished\":\"2024-09-13T11:57:44+00:00\",\"breadcrumb\":{\"@id\":\"https:\\\/\\\/voxsahel.com\\\/?p=180#breadcrumb\"},\"inLanguage\":\"fr-FR\",\"potentialAction\":[{\"@type\":\"ReadAction\",\"target\":[\"https:\\\/\\\/voxsahel.com\\\/?p=180\"]}]},{\"@type\":\"ImageObject\",\"inLanguage\":\"fr-FR\",\"@id\":\"https:\\\/\\\/voxsahel.com\\\/?p=180#primaryimage\",\"url\":\"https:\\\/\\\/voxsahel.com\\\/wp-content\\\/uploads\\\/2024\\\/09\\\/IMG_7622.webp\",\"contentUrl\":\"https:\\\/\\\/voxsahel.com\\\/wp-content\\\/uploads\\\/2024\\\/09\\\/IMG_7622.webp\",\"width\":390,\"height\":280},{\"@type\":\"BreadcrumbList\",\"@id\":\"https:\\\/\\\/voxsahel.com\\\/?p=180#breadcrumb\",\"itemListElement\":[{\"@type\":\"ListItem\",\"position\":1,\"name\":\"Home\",\"item\":\"https:\\\/\\\/voxsahel.com\\\/\"},{\"@type\":\"ListItem\",\"position\":2,\"name\":\"Difficult\u00e9s de transit \u00e0 l&rsquo;a\u00e9roport d&rsquo;Istanbul : Des voyageurs burkinab\u00e8 p\u00e9nalis\u00e9s\"}]},{\"@type\":\"WebSite\",\"@id\":\"https:\\\/\\\/voxsahel.com\\\/#website\",\"url\":\"https:\\\/\\\/voxsahel.com\\\/\",\"name\":\"Vox Sahel\",\"description\":\"Informez-vous sur le Sahel en un clic\",\"publisher\":{\"@id\":\"https:\\\/\\\/voxsahel.com\\\/#organization\"},\"potentialAction\":[{\"@type\":\"SearchAction\",\"target\":{\"@type\":\"EntryPoint\",\"urlTemplate\":\"https:\\\/\\\/voxsahel.com\\\/?s={search_term_string}\"},\"query-input\":{\"@type\":\"PropertyValueSpecification\",\"valueRequired\":true,\"valueName\":\"search_term_string\"}}],\"inLanguage\":\"fr-FR\"},{\"@type\":\"Organization\",\"@id\":\"https:\\\/\\\/voxsahel.com\\\/#organization\",\"name\":\"Vox Sahel\",\"url\":\"https:\\\/\\\/voxsahel.com\\\/\",\"logo\":{\"@type\":\"ImageObject\",\"inLanguage\":\"fr-FR\",\"@id\":\"https:\\\/\\\/voxsahel.com\\\/#\\\/schema\\\/logo\\\/image\\\/\",\"url\":\"https:\\\/\\\/voxsahel.com\\\/wp-content\\\/uploads\\\/2024\\\/09\\\/Logo-Vox-Sahel.jpg\",\"contentUrl\":\"https:\\\/\\\/voxsahel.com\\\/wp-content\\\/uploads\\\/2024\\\/09\\\/Logo-Vox-Sahel.jpg\",\"width\":1181,\"height\":848,\"caption\":\"Vox Sahel\"},\"image\":{\"@id\":\"https:\\\/\\\/voxsahel.com\\\/#\\\/schema\\\/logo\\\/image\\\/\"},\"sameAs\":[\"https:\\\/\\\/www.facebook.com\\\/journal.voxsahel\"]},{\"@type\":\"Person\",\"@id\":\"https:\\\/\\\/voxsahel.com\\\/#\\\/schema\\\/person\\\/b4043608248f8fa227cd760e7ff1e19e\",\"name\":\"Vox Sahel\",\"image\":{\"@type\":\"ImageObject\",\"inLanguage\":\"fr-FR\",\"@id\":\"https:\\\/\\\/secure.gravatar.com\\\/avatar\\\/f70e7fa0cb9b29d4a7c5788d6eb2e9ab4d3135cbae1c9161810fdf77a8964699?s=96&d=mm&r=g\",\"url\":\"https:\\\/\\\/secure.gravatar.com\\\/avatar\\\/f70e7fa0cb9b29d4a7c5788d6eb2e9ab4d3135cbae1c9161810fdf77a8964699?s=96&d=mm&r=g\",\"contentUrl\":\"https:\\\/\\\/secure.gravatar.com\\\/avatar\\\/f70e7fa0cb9b29d4a7c5788d6eb2e9ab4d3135cbae1c9161810fdf77a8964699?s=96&d=mm&r=g\",\"caption\":\"Vox Sahel\"},\"sameAs\":[\"http:\\\/\\\/www.voxsahel.com\"],\"url\":\"https:\\\/\\\/voxsahel.com\\\/?author=2\"}]}<\/script>\n<!-- \/ Yoast SEO plugin. -->","yoast_head_json":{"title":"Difficult\u00e9s de transit \u00e0 l'a\u00e9roport d'Istanbul : Des voyageurs burkinab\u00e8 p\u00e9nalis\u00e9s - Vox Sahel","robots":{"index":"index","follow":"follow","max-snippet":"max-snippet:-1","max-image-preview":"max-image-preview:large","max-video-preview":"max-video-preview:-1"},"canonical":"https:\/\/voxsahel.com\/?p=180","og_locale":"fr_FR","og_type":"article","og_title":"Difficult\u00e9s de transit \u00e0 l'a\u00e9roport d'Istanbul : Des voyageurs burkinab\u00e8 p\u00e9nalis\u00e9s - Vox Sahel","og_description":"Le Minist\u00e8re des Affaires \u00e9trang\u00e8res du Burkina Faso a r\u00e9cemment signal\u00e9 des difficult\u00e9s rencontr\u00e9es par","og_url":"https:\/\/voxsahel.com\/?p=180","og_site_name":"Vox Sahel","article_publisher":"https:\/\/www.facebook.com\/journal.voxsahel","article_published_time":"2024-09-13T11:57:44+00:00","og_image":[{"width":390,"height":280,"url":"https:\/\/voxsahel.com\/wp-content\/uploads\/2024\/09\/IMG_7622.webp","type":"image\/webp"}],"author":"Vox Sahel","twitter_card":"summary_large_image","twitter_misc":{"\u00c9crit par":"Vox Sahel","Dur\u00e9e de lecture estim\u00e9e":"2 minutes"},"schema":{"@context":"https:\/\/schema.org","@graph":[{"@type":"Article","@id":"https:\/\/voxsahel.com\/?p=180#article","isPartOf":{"@id":"https:\/\/voxsahel.com\/?p=180"},"author":{"name":"Vox Sahel","@id":"https:\/\/voxsahel.com\/#\/schema\/person\/b4043608248f8fa227cd760e7ff1e19e"},"headline":"Difficult\u00e9s de transit \u00e0 l&rsquo;a\u00e9roport d&rsquo;Istanbul : Des voyageurs burkinab\u00e8 p\u00e9nalis\u00e9s","datePublished":"2024-09-13T11:57:44+00:00","mainEntityOfPage":{"@id":"https:\/\/voxsahel.com\/?p=180"},"wordCount":237,"commentCount":0,"publisher":{"@id":"https:\/\/voxsahel.com\/#organization"},"image":{"@id":"https:\/\/voxsahel.com\/?p=180#primaryimage"},"thumbnailUrl":"https:\/\/voxsahel.com\/wp-content\/uploads\/2024\/09\/IMG_7622.webp","keywords":["Burkina Faso","Diplomatie","G\u00e9opolitique","Istanbul","Politique","Turquie"],"articleSection":["POLITIQUE"],"inLanguage":"fr-FR","potentialAction":[{"@type":"CommentAction","name":"Comment","target":["https:\/\/voxsahel.com\/?p=180#respond"]}]},{"@type":"WebPage","@id":"https:\/\/voxsahel.com\/?p=180","url":"https:\/\/voxsahel.com\/?p=180","name":"Difficult\u00e9s de transit \u00e0 l'a\u00e9roport d'Istanbul : Des voyageurs burkinab\u00e8 p\u00e9nalis\u00e9s - Vox Sahel","isPartOf":{"@id":"https:\/\/voxsahel.com\/#website"},"primaryImageOfPage":{"@id":"https:\/\/voxsahel.com\/?p=180#primaryimage"},"image":{"@id":"https:\/\/voxsahel.com\/?p=180#primaryimage"},"thumbnailUrl":"https:\/\/voxsahel.com\/wp-content\/uploads\/2024\/09\/IMG_7622.webp","datePublished":"2024-09-13T11:57:44+00:00","breadcrumb":{"@id":"https:\/\/voxsahel.com\/?p=180#breadcrumb"},"inLanguage":"fr-FR","potentialAction":[{"@type":"ReadAction","target":["https:\/\/voxsahel.com\/?p=180"]}]},{"@type":"ImageObject","inLanguage":"fr-FR","@id":"https:\/\/voxsahel.com\/?p=180#primaryimage","url":"https:\/\/voxsahel.com\/wp-content\/uploads\/2024\/09\/IMG_7622.webp","contentUrl":"https:\/\/voxsahel.com\/wp-content\/uploads\/2024\/09\/IMG_7622.webp","width":390,"height":280},{"@type":"BreadcrumbList","@id":"https:\/\/voxsahel.com\/?p=180#breadcrumb","itemListElement":[{"@type":"ListItem","position":1,"name":"Home","item":"https:\/\/voxsahel.com\/"},{"@type":"ListItem","position":2,"name":"Difficult\u00e9s de transit \u00e0 l&rsquo;a\u00e9roport d&rsquo;Istanbul : Des voyageurs burkinab\u00e8 p\u00e9nalis\u00e9s"}]},{"@type":"WebSite","@id":"https:\/\/voxsahel.com\/#website","url":"https:\/\/voxsahel.com\/","name":"Vox Sahel","description":"Informez-vous sur le Sahel en un clic","publisher":{"@id":"https:\/\/voxsahel.com\/#organization"},"potentialAction":[{"@type":"SearchAction","target":{"@type":"EntryPoint","urlTemplate":"https:\/\/voxsahel.com\/?s={search_term_string}"},"query-input":{"@type":"PropertyValueSpecification","valueRequired":true,"valueName":"search_term_string"}}],"inLanguage":"fr-FR"},{"@type":"Organization","@id":"https:\/\/voxsahel.com\/#organization","name":"Vox Sahel","url":"https:\/\/voxsahel.com\/","logo":{"@type":"ImageObject","inLanguage":"fr-FR","@id":"https:\/\/voxsahel.com\/#\/schema\/logo\/image\/","url":"https:\/\/voxsahel.com\/wp-content\/uploads\/2024\/09\/Logo-Vox-Sahel.jpg","contentUrl":"https:\/\/voxsahel.com\/wp-content\/uploads\/2024\/09\/Logo-Vox-Sahel.jpg","width":1181,"height":848,"caption":"Vox Sahel"},"image":{"@id":"https:\/\/voxsahel.com\/#\/schema\/logo\/image\/"},"sameAs":["https:\/\/www.facebook.com\/journal.voxsahel"]},{"@type":"Person","@id":"https:\/\/voxsahel.com\/#\/schema\/person\/b4043608248f8fa227cd760e7ff1e19e","name":"Vox Sahel","image":{"@type":"ImageObject","inLanguage":"fr-FR","@id":"https:\/\/secure.gravatar.com\/avatar\/f70e7fa0cb9b29d4a7c5788d6eb2e9ab4d3135cbae1c9161810fdf77a8964699?s=96&d=mm&r=g","url":"https:\/\/secure.gravatar.com\/avatar\/f70e7fa0cb9b29d4a7c5788d6eb2e9ab4d3135cbae1c9161810fdf77a8964699?s=96&d=mm&r=g","contentUrl":"https:\/\/secure.gravatar.com\/avatar\/f70e7fa0cb9b29d4a7c5788d6eb2e9ab4d3135cbae1c9161810fdf77a8964699?s=96&d=mm&r=g","caption":"Vox Sahel"},"sameAs":["http:\/\/www.voxsahel.com"],"url":"https:\/\/voxsahel.com\/?author=2"}]}},"_links":{"self":[{"href":"https:\/\/voxsahel.com\/index.php?rest_route=\/wp\/v2\/posts\/180","targetHints":{"allow":["GET"]}}],"collection":[{"href":"https:\/\/voxsahel.com\/index.php?rest_route=\/wp\/v2\/posts"}],"about":[{"href":"https:\/\/voxsahel.com\/index.php?rest_route=\/wp\/v2\/types\/post"}],"author":[{"embeddable":true,"href":"https:\/\/voxsahel.com\/index.php?rest_route=\/wp\/v2\/users\/2"}],"replies":[{"embeddable":true,"href":"https:\/\/voxsahel.com\/index.php?rest_route=%2Fwp%2Fv2%2Fcomments&post=180"}],"version-history":[{"count":1,"href":"https:\/\/voxsahel.com\/index.php?rest_route=\/wp\/v2\/posts\/180\/revisions"}],"predecessor-version":[{"id":182,"href":"https:\/\/voxsahel.com\/index.php?rest_route=\/wp\/v2\/posts\/180\/revisions\/182"}],"wp:featuredmedia":[{"embeddable":true,"href":"https:\/\/voxsahel.com\/index.php?rest_route=\/wp\/v2\/media\/181"}],"wp:attachment":[{"href":"https:\/\/voxsahel.com\/index.php?rest_route=%2Fwp%2Fv2%2Fmedia&parent=180"}],"wp:term":[{"taxonomy":"category","embeddable":true,"href":"https:\/\/voxsahel.com\/index.php?rest_route=%2Fwp%2Fv2%2Fcategories&post=180"},{"taxonomy":"post_tag","embeddable":true,"href":"https:\/\/voxsahel.com\/index.php?rest_route=%2Fwp%2Fv2%2Ftags&post=180"}],"curies":[{"name":"wp","href":"https:\/\/api.w.org\/{rel}","templated":true}]}}