{"id":1784,"date":"2025-04-23T12:58:45","date_gmt":"2025-04-23T12:58:45","guid":{"rendered":"https:\/\/voxsahel.com\/?p=1784"},"modified":"2025-04-23T12:58:45","modified_gmt":"2025-04-23T12:58:45","slug":"showbiz-burkinabe-la-justice-sinvite-aux-kunde","status":"publish","type":"post","link":"https:\/\/voxsahel.com\/?p=1784","title":{"rendered":"Showbiz Burkinab\u00e8 : La justice s\u2019invite aux Kund\u00e9"},"content":{"rendered":"<p class=\"p1\"><strong>Dez Altino contre le Commissariat G\u00e9n\u00e9ral<\/strong><\/p>\n<p class=\"p1\"><span class=\"s1\">L\u2019\u00e9dition 2025 des Kund\u00e9 d\u2019or, pr\u00e9vue pour ce vendredi 25 avril, s\u2019ouvre dans une atmosph\u00e8re tendue, marqu\u00e9e par une affaire judiciaire opposant l\u2019artiste Dez Altino au Commissariat G\u00e9n\u00e9ral des Kund\u00e9. Le Tribunal de Grande Instance (TGI) 1 de Ouagadougou se penchera demain, jeudi 24 avril, sur ce dossier qui agite la sph\u00e8re culturelle burkinab\u00e8 depuis plusieurs jours.<\/span><\/p>\n<p class=\"p1\"><span class=\"s1\">\u00c0 l\u2019origine de cette affaire : une nomination jug\u00e9e \u00ab forc\u00e9e \u00bb par l\u2019artiste dans la cat\u00e9gorie \u00ab Meilleure chanson moderne d\u2019inspiration traditionnelle \u00bb. Une pr\u00e9sence sur la liste des nomin\u00e9s qui a surpris Dez Altino lui-m\u00eame, puisqu\u2019il affirme avoir officiellement retir\u00e9 sa candidature de toutes les c\u00e9r\u00e9monies de distinction bien avant le d\u00e9but des s\u00e9lections. Selon ses dires, une correspondance avait \u00e9t\u00e9 adress\u00e9e au Commissariat G\u00e9n\u00e9ral pour notifier cette d\u00e9cision.<\/span><\/p>\n<p class=\"p1\"><span class=\"s1\">Face \u00e0 ce qu\u2019il consid\u00e8re comme une entorse \u00e0 sa volont\u00e9, Dez Altino avait exprim\u00e9 son m\u00e9contentement via les r\u00e9seaux sociaux, d\u00e9non\u00e7ant ce qu\u2019il qualifie de \u00ab nomination forc\u00e9e \u00bb. Une tentative de m\u00e9diation aurait \u00e9t\u00e9 initi\u00e9e pour d\u00e9samorcer le conflit, mais celle-ci n\u2019a manifestement pas port\u00e9 ses fruits.<\/span><\/p>\n<p class=\"p1\"><span class=\"s1\">C\u2019est donc dans un contexte tendu que l\u2019affaire sera port\u00e9e devant la justice. Selon un membre du staff de l\u2019artiste, une plainte a \u00e9t\u00e9 d\u00e9pos\u00e9e et le jugement aura lieu demain, soit \u00e0 24 heures seulement de la grande soir\u00e9e de remise des prix.<\/span><\/p>\n<p class=\"p1\"><span class=\"s1\">Ce rebondissement jette une ombre sur l\u2019\u00e9v\u00e9nement le plus prestigieux de la sc\u00e8ne musicale burkinab\u00e8, et soul\u00e8ve des interrogations sur les proc\u00e9dures de nomination et le respect de la volont\u00e9 des artistes. Le verdict de ce proc\u00e8s sera scrut\u00e9 de pr\u00e8s, tant par les professionnels du secteur que par les fans de musique.<\/span><\/p>\n<p class=\"p1\"><span class=\"s1\">L\u2019affaire pourrait-elle impacter le d\u00e9roulement ou la cr\u00e9dibilit\u00e9 de l\u2019\u00e9dition 2025 des Kund\u00e9 ? R\u00e9ponse dans les prochaines heures.<\/span><\/p>\n<p style=\"text-align: right;\"><strong>Par Vox Sahel\u00a0<\/strong><\/p>\n","protected":false},"excerpt":{"rendered":"<p>Dez Altino contre le Commissariat G\u00e9n\u00e9ral L\u2019\u00e9dition 2025 des Kund\u00e9 d\u2019or, pr\u00e9vue pour ce vendredi<\/p>\n","protected":false},"author":2,"featured_media":1786,"comment_status":"open","ping_status":"open","sticky":false,"template":"","format":"standard","meta":{"_et_pb_use_builder":"","_et_pb_old_content":"","_et_gb_content_width":"","footnotes":""},"categories":[13],"tags":[18,690,294,339],"class_list":["post-1784","post","type-post","status-publish","format-standard","has-post-thumbnail","hentry","category-culture","tag-burkina-faso","tag-kunde","tag-musique","tag-show-biz"],"yoast_head":"<!-- This site is optimized with the Yoast SEO plugin v27.5 - https:\/\/yoast.com\/product\/yoast-seo-wordpress\/ -->\n<title>Showbiz Burkinab\u00e8 : La justice s\u2019invite aux Kund\u00e9 - Vox Sahel<\/title>\n<meta name=\"robots\" content=\"index, follow, max-snippet:-1, max-image-preview:large, max-video-preview:-1\" \/>\n<link rel=\"canonical\" href=\"https:\/\/voxsahel.com\/?p=1784\" \/>\n<meta property=\"og:locale\" content=\"fr_FR\" \/>\n<meta property=\"og:type\" content=\"article\" \/>\n<meta property=\"og:title\" content=\"Showbiz Burkinab\u00e8 : La justice s\u2019invite aux Kund\u00e9 - Vox Sahel\" \/>\n<meta property=\"og:description\" content=\"Dez Altino contre le Commissariat G\u00e9n\u00e9ral L\u2019\u00e9dition 2025 des Kund\u00e9 d\u2019or, pr\u00e9vue pour ce vendredi\" \/>\n<meta property=\"og:url\" content=\"https:\/\/voxsahel.com\/?p=1784\" \/>\n<meta property=\"og:site_name\" content=\"Vox Sahel\" \/>\n<meta property=\"article:publisher\" content=\"https:\/\/www.facebook.com\/journal.voxsahel\" \/>\n<meta property=\"article:published_time\" content=\"2025-04-23T12:58:45+00:00\" \/>\n<meta property=\"og:image\" content=\"https:\/\/voxsahel.com\/wp-content\/uploads\/2025\/04\/IMG_6855.jpeg\" \/>\n\t<meta property=\"og:image:width\" content=\"2048\" \/>\n\t<meta property=\"og:image:height\" content=\"2048\" \/>\n\t<meta property=\"og:image:type\" content=\"image\/jpeg\" \/>\n<meta name=\"author\" content=\"Vox Sahel\" \/>\n<meta name=\"twitter:card\" content=\"summary_large_image\" \/>\n<meta name=\"twitter:label1\" content=\"\u00c9crit par\" \/>\n\t<meta name=\"twitter:data1\" content=\"Vox Sahel\" \/>\n\t<meta name=\"twitter:label2\" content=\"Dur\u00e9e de lecture estim\u00e9e\" \/>\n\t<meta name=\"twitter:data2\" content=\"2 minutes\" \/>\n<script type=\"application\/ld+json\" class=\"yoast-schema-graph\">{\"@context\":\"https:\\\/\\\/schema.org\",\"@graph\":[{\"@type\":\"Article\",\"@id\":\"https:\\\/\\\/voxsahel.com\\\/?p=1784#article\",\"isPartOf\":{\"@id\":\"https:\\\/\\\/voxsahel.com\\\/?p=1784\"},\"author\":{\"name\":\"Vox Sahel\",\"@id\":\"https:\\\/\\\/voxsahel.com\\\/#\\\/schema\\\/person\\\/b4043608248f8fa227cd760e7ff1e19e\"},\"headline\":\"Showbiz Burkinab\u00e8 : La justice s\u2019invite aux Kund\u00e9\",\"datePublished\":\"2025-04-23T12:58:45+00:00\",\"mainEntityOfPage\":{\"@id\":\"https:\\\/\\\/voxsahel.com\\\/?p=1784\"},\"wordCount\":353,\"commentCount\":0,\"publisher\":{\"@id\":\"https:\\\/\\\/voxsahel.com\\\/#organization\"},\"image\":{\"@id\":\"https:\\\/\\\/voxsahel.com\\\/?p=1784#primaryimage\"},\"thumbnailUrl\":\"https:\\\/\\\/voxsahel.com\\\/wp-content\\\/uploads\\\/2025\\\/04\\\/IMG_6855.jpeg\",\"keywords\":[\"Burkina Faso\",\"Kund\u00e9\",\"Musique\",\"show-biz\"],\"articleSection\":[\"CULTURE\"],\"inLanguage\":\"fr-FR\",\"potentialAction\":[{\"@type\":\"CommentAction\",\"name\":\"Comment\",\"target\":[\"https:\\\/\\\/voxsahel.com\\\/?p=1784#respond\"]}]},{\"@type\":\"WebPage\",\"@id\":\"https:\\\/\\\/voxsahel.com\\\/?p=1784\",\"url\":\"https:\\\/\\\/voxsahel.com\\\/?p=1784\",\"name\":\"Showbiz Burkinab\u00e8 : La justice s\u2019invite aux Kund\u00e9 - Vox Sahel\",\"isPartOf\":{\"@id\":\"https:\\\/\\\/voxsahel.com\\\/#website\"},\"primaryImageOfPage\":{\"@id\":\"https:\\\/\\\/voxsahel.com\\\/?p=1784#primaryimage\"},\"image\":{\"@id\":\"https:\\\/\\\/voxsahel.com\\\/?p=1784#primaryimage\"},\"thumbnailUrl\":\"https:\\\/\\\/voxsahel.com\\\/wp-content\\\/uploads\\\/2025\\\/04\\\/IMG_6855.jpeg\",\"datePublished\":\"2025-04-23T12:58:45+00:00\",\"breadcrumb\":{\"@id\":\"https:\\\/\\\/voxsahel.com\\\/?p=1784#breadcrumb\"},\"inLanguage\":\"fr-FR\",\"potentialAction\":[{\"@type\":\"ReadAction\",\"target\":[\"https:\\\/\\\/voxsahel.com\\\/?p=1784\"]}]},{\"@type\":\"ImageObject\",\"inLanguage\":\"fr-FR\",\"@id\":\"https:\\\/\\\/voxsahel.com\\\/?p=1784#primaryimage\",\"url\":\"https:\\\/\\\/voxsahel.com\\\/wp-content\\\/uploads\\\/2025\\\/04\\\/IMG_6855.jpeg\",\"contentUrl\":\"https:\\\/\\\/voxsahel.com\\\/wp-content\\\/uploads\\\/2025\\\/04\\\/IMG_6855.jpeg\",\"width\":2048,\"height\":2048},{\"@type\":\"BreadcrumbList\",\"@id\":\"https:\\\/\\\/voxsahel.com\\\/?p=1784#breadcrumb\",\"itemListElement\":[{\"@type\":\"ListItem\",\"position\":1,\"name\":\"Home\",\"item\":\"https:\\\/\\\/voxsahel.com\\\/\"},{\"@type\":\"ListItem\",\"position\":2,\"name\":\"Showbiz Burkinab\u00e8 : La justice s\u2019invite aux Kund\u00e9\"}]},{\"@type\":\"WebSite\",\"@id\":\"https:\\\/\\\/voxsahel.com\\\/#website\",\"url\":\"https:\\\/\\\/voxsahel.com\\\/\",\"name\":\"Vox Sahel\",\"description\":\"Informez-vous sur le Sahel en un clic\",\"publisher\":{\"@id\":\"https:\\\/\\\/voxsahel.com\\\/#organization\"},\"potentialAction\":[{\"@type\":\"SearchAction\",\"target\":{\"@type\":\"EntryPoint\",\"urlTemplate\":\"https:\\\/\\\/voxsahel.com\\\/?s={search_term_string}\"},\"query-input\":{\"@type\":\"PropertyValueSpecification\",\"valueRequired\":true,\"valueName\":\"search_term_string\"}}],\"inLanguage\":\"fr-FR\"},{\"@type\":\"Organization\",\"@id\":\"https:\\\/\\\/voxsahel.com\\\/#organization\",\"name\":\"Vox Sahel\",\"url\":\"https:\\\/\\\/voxsahel.com\\\/\",\"logo\":{\"@type\":\"ImageObject\",\"inLanguage\":\"fr-FR\",\"@id\":\"https:\\\/\\\/voxsahel.com\\\/#\\\/schema\\\/logo\\\/image\\\/\",\"url\":\"https:\\\/\\\/voxsahel.com\\\/wp-content\\\/uploads\\\/2024\\\/09\\\/Logo-Vox-Sahel.jpg\",\"contentUrl\":\"https:\\\/\\\/voxsahel.com\\\/wp-content\\\/uploads\\\/2024\\\/09\\\/Logo-Vox-Sahel.jpg\",\"width\":1181,\"height\":848,\"caption\":\"Vox Sahel\"},\"image\":{\"@id\":\"https:\\\/\\\/voxsahel.com\\\/#\\\/schema\\\/logo\\\/image\\\/\"},\"sameAs\":[\"https:\\\/\\\/www.facebook.com\\\/journal.voxsahel\"]},{\"@type\":\"Person\",\"@id\":\"https:\\\/\\\/voxsahel.com\\\/#\\\/schema\\\/person\\\/b4043608248f8fa227cd760e7ff1e19e\",\"name\":\"Vox Sahel\",\"image\":{\"@type\":\"ImageObject\",\"inLanguage\":\"fr-FR\",\"@id\":\"https:\\\/\\\/secure.gravatar.com\\\/avatar\\\/f70e7fa0cb9b29d4a7c5788d6eb2e9ab4d3135cbae1c9161810fdf77a8964699?s=96&d=mm&r=g\",\"url\":\"https:\\\/\\\/secure.gravatar.com\\\/avatar\\\/f70e7fa0cb9b29d4a7c5788d6eb2e9ab4d3135cbae1c9161810fdf77a8964699?s=96&d=mm&r=g\",\"contentUrl\":\"https:\\\/\\\/secure.gravatar.com\\\/avatar\\\/f70e7fa0cb9b29d4a7c5788d6eb2e9ab4d3135cbae1c9161810fdf77a8964699?s=96&d=mm&r=g\",\"caption\":\"Vox Sahel\"},\"sameAs\":[\"http:\\\/\\\/www.voxsahel.com\"],\"url\":\"https:\\\/\\\/voxsahel.com\\\/?author=2\"}]}<\/script>\n<!-- \/ Yoast SEO plugin. -->","yoast_head_json":{"title":"Showbiz Burkinab\u00e8 : La justice s\u2019invite aux Kund\u00e9 - Vox Sahel","robots":{"index":"index","follow":"follow","max-snippet":"max-snippet:-1","max-image-preview":"max-image-preview:large","max-video-preview":"max-video-preview:-1"},"canonical":"https:\/\/voxsahel.com\/?p=1784","og_locale":"fr_FR","og_type":"article","og_title":"Showbiz Burkinab\u00e8 : La justice s\u2019invite aux Kund\u00e9 - Vox Sahel","og_description":"Dez Altino contre le Commissariat G\u00e9n\u00e9ral L\u2019\u00e9dition 2025 des Kund\u00e9 d\u2019or, pr\u00e9vue pour ce vendredi","og_url":"https:\/\/voxsahel.com\/?p=1784","og_site_name":"Vox Sahel","article_publisher":"https:\/\/www.facebook.com\/journal.voxsahel","article_published_time":"2025-04-23T12:58:45+00:00","og_image":[{"width":2048,"height":2048,"url":"https:\/\/voxsahel.com\/wp-content\/uploads\/2025\/04\/IMG_6855.jpeg","type":"image\/jpeg"}],"author":"Vox Sahel","twitter_card":"summary_large_image","twitter_misc":{"\u00c9crit par":"Vox Sahel","Dur\u00e9e de lecture estim\u00e9e":"2 minutes"},"schema":{"@context":"https:\/\/schema.org","@graph":[{"@type":"Article","@id":"https:\/\/voxsahel.com\/?p=1784#article","isPartOf":{"@id":"https:\/\/voxsahel.com\/?p=1784"},"author":{"name":"Vox Sahel","@id":"https:\/\/voxsahel.com\/#\/schema\/person\/b4043608248f8fa227cd760e7ff1e19e"},"headline":"Showbiz Burkinab\u00e8 : La justice s\u2019invite aux Kund\u00e9","datePublished":"2025-04-23T12:58:45+00:00","mainEntityOfPage":{"@id":"https:\/\/voxsahel.com\/?p=1784"},"wordCount":353,"commentCount":0,"publisher":{"@id":"https:\/\/voxsahel.com\/#organization"},"image":{"@id":"https:\/\/voxsahel.com\/?p=1784#primaryimage"},"thumbnailUrl":"https:\/\/voxsahel.com\/wp-content\/uploads\/2025\/04\/IMG_6855.jpeg","keywords":["Burkina Faso","Kund\u00e9","Musique","show-biz"],"articleSection":["CULTURE"],"inLanguage":"fr-FR","potentialAction":[{"@type":"CommentAction","name":"Comment","target":["https:\/\/voxsahel.com\/?p=1784#respond"]}]},{"@type":"WebPage","@id":"https:\/\/voxsahel.com\/?p=1784","url":"https:\/\/voxsahel.com\/?p=1784","name":"Showbiz Burkinab\u00e8 : La justice s\u2019invite aux Kund\u00e9 - Vox Sahel","isPartOf":{"@id":"https:\/\/voxsahel.com\/#website"},"primaryImageOfPage":{"@id":"https:\/\/voxsahel.com\/?p=1784#primaryimage"},"image":{"@id":"https:\/\/voxsahel.com\/?p=1784#primaryimage"},"thumbnailUrl":"https:\/\/voxsahel.com\/wp-content\/uploads\/2025\/04\/IMG_6855.jpeg","datePublished":"2025-04-23T12:58:45+00:00","breadcrumb":{"@id":"https:\/\/voxsahel.com\/?p=1784#breadcrumb"},"inLanguage":"fr-FR","potentialAction":[{"@type":"ReadAction","target":["https:\/\/voxsahel.com\/?p=1784"]}]},{"@type":"ImageObject","inLanguage":"fr-FR","@id":"https:\/\/voxsahel.com\/?p=1784#primaryimage","url":"https:\/\/voxsahel.com\/wp-content\/uploads\/2025\/04\/IMG_6855.jpeg","contentUrl":"https:\/\/voxsahel.com\/wp-content\/uploads\/2025\/04\/IMG_6855.jpeg","width":2048,"height":2048},{"@type":"BreadcrumbList","@id":"https:\/\/voxsahel.com\/?p=1784#breadcrumb","itemListElement":[{"@type":"ListItem","position":1,"name":"Home","item":"https:\/\/voxsahel.com\/"},{"@type":"ListItem","position":2,"name":"Showbiz Burkinab\u00e8 : La justice s\u2019invite aux Kund\u00e9"}]},{"@type":"WebSite","@id":"https:\/\/voxsahel.com\/#website","url":"https:\/\/voxsahel.com\/","name":"Vox Sahel","description":"Informez-vous sur le Sahel en un clic","publisher":{"@id":"https:\/\/voxsahel.com\/#organization"},"potentialAction":[{"@type":"SearchAction","target":{"@type":"EntryPoint","urlTemplate":"https:\/\/voxsahel.com\/?s={search_term_string}"},"query-input":{"@type":"PropertyValueSpecification","valueRequired":true,"valueName":"search_term_string"}}],"inLanguage":"fr-FR"},{"@type":"Organization","@id":"https:\/\/voxsahel.com\/#organization","name":"Vox Sahel","url":"https:\/\/voxsahel.com\/","logo":{"@type":"ImageObject","inLanguage":"fr-FR","@id":"https:\/\/voxsahel.com\/#\/schema\/logo\/image\/","url":"https:\/\/voxsahel.com\/wp-content\/uploads\/2024\/09\/Logo-Vox-Sahel.jpg","contentUrl":"https:\/\/voxsahel.com\/wp-content\/uploads\/2024\/09\/Logo-Vox-Sahel.jpg","width":1181,"height":848,"caption":"Vox Sahel"},"image":{"@id":"https:\/\/voxsahel.com\/#\/schema\/logo\/image\/"},"sameAs":["https:\/\/www.facebook.com\/journal.voxsahel"]},{"@type":"Person","@id":"https:\/\/voxsahel.com\/#\/schema\/person\/b4043608248f8fa227cd760e7ff1e19e","name":"Vox Sahel","image":{"@type":"ImageObject","inLanguage":"fr-FR","@id":"https:\/\/secure.gravatar.com\/avatar\/f70e7fa0cb9b29d4a7c5788d6eb2e9ab4d3135cbae1c9161810fdf77a8964699?s=96&d=mm&r=g","url":"https:\/\/secure.gravatar.com\/avatar\/f70e7fa0cb9b29d4a7c5788d6eb2e9ab4d3135cbae1c9161810fdf77a8964699?s=96&d=mm&r=g","contentUrl":"https:\/\/secure.gravatar.com\/avatar\/f70e7fa0cb9b29d4a7c5788d6eb2e9ab4d3135cbae1c9161810fdf77a8964699?s=96&d=mm&r=g","caption":"Vox Sahel"},"sameAs":["http:\/\/www.voxsahel.com"],"url":"https:\/\/voxsahel.com\/?author=2"}]}},"_links":{"self":[{"href":"https:\/\/voxsahel.com\/index.php?rest_route=\/wp\/v2\/posts\/1784","targetHints":{"allow":["GET"]}}],"collection":[{"href":"https:\/\/voxsahel.com\/index.php?rest_route=\/wp\/v2\/posts"}],"about":[{"href":"https:\/\/voxsahel.com\/index.php?rest_route=\/wp\/v2\/types\/post"}],"author":[{"embeddable":true,"href":"https:\/\/voxsahel.com\/index.php?rest_route=\/wp\/v2\/users\/2"}],"replies":[{"embeddable":true,"href":"https:\/\/voxsahel.com\/index.php?rest_route=%2Fwp%2Fv2%2Fcomments&post=1784"}],"version-history":[{"count":1,"href":"https:\/\/voxsahel.com\/index.php?rest_route=\/wp\/v2\/posts\/1784\/revisions"}],"predecessor-version":[{"id":1787,"href":"https:\/\/voxsahel.com\/index.php?rest_route=\/wp\/v2\/posts\/1784\/revisions\/1787"}],"wp:featuredmedia":[{"embeddable":true,"href":"https:\/\/voxsahel.com\/index.php?rest_route=\/wp\/v2\/media\/1786"}],"wp:attachment":[{"href":"https:\/\/voxsahel.com\/index.php?rest_route=%2Fwp%2Fv2%2Fmedia&parent=1784"}],"wp:term":[{"taxonomy":"category","embeddable":true,"href":"https:\/\/voxsahel.com\/index.php?rest_route=%2Fwp%2Fv2%2Fcategories&post=1784"},{"taxonomy":"post_tag","embeddable":true,"href":"https:\/\/voxsahel.com\/index.php?rest_route=%2Fwp%2Fv2%2Ftags&post=1784"}],"curies":[{"name":"wp","href":"https:\/\/api.w.org\/{rel}","templated":true}]}}