{"id":1780,"date":"2025-04-20T15:09:52","date_gmt":"2025-04-20T15:09:52","guid":{"rendered":"https:\/\/voxsahel.com\/?p=1780"},"modified":"2025-04-20T15:09:52","modified_gmt":"2025-04-20T15:09:52","slug":"decrypt-culture-innovante-les-jeunes-burkinabe-catalyseurs-dun-avenir-fruite","status":"publish","type":"post","link":"https:\/\/voxsahel.com\/?p=1780","title":{"rendered":"D\u00e9crypt\/Culture innovante : Les jeunes Burkinab\u00e8, catalyseurs d\u2019un avenir fruit\u00e9"},"content":{"rendered":"<p class=\"p1\"><span class=\"s2\">Le Burkina Faso, longtemps per\u00e7u comme un pays enclav\u00e9 aux ressources agricoles limit\u00e9es, est aujourd\u2019hui \u00e0 la crois\u00e9e des chemins. Gr\u00e2ce \u00e0 une jeunesse dynamique, instruite et port\u00e9e par l\u2019innovation, le pays peut se r\u00eaver en v\u00e9ritable pionnier agricole dans la sous-r\u00e9gion\/Sahel. Et si l\u2019avenir du Burkina passait par un fruit doux, juteux et porteur de richesses : l\u2019ananas ?<\/span><\/p>\n<p class=\"p1\"><span class=\"s2\">En effet, les jeunes Burkinab\u00e8 ont aujourd\u2019hui les connaissances agronomiques, les comp\u00e9tences en entrepreneuriat et l\u2019ouverture technologique n\u00e9cessaires pour faire de cette ambition une r\u00e9alit\u00e9. De plus en plus form\u00e9s dans les domaines de l\u2019agro\u00e9cologie, de l\u2019irrigation intelligente et de la transformation agroalimentaire, ils sont capables de concevoir des syst\u00e8mes de production adapt\u00e9s aux conditions climatiques du Sahel.<\/span><\/p>\n<p class=\"p1\"><span class=\"s2\">Au-del\u00e0 du savoir technique, c\u2019est une vision nouvelle de l\u2019agriculture que cette jeunesse porte : une agriculture durable, tourn\u00e9e vers l\u2019exportation mais aussi vers la souverainet\u00e9 alimentaire. Gr\u00e2ce \u00e0 l\u2019innovation \u2014 des serres solaires aux syst\u00e8mes goutte-\u00e0-goutte \u00e9conomes en eau \u2014, le d\u00e9fi de produire l\u2019ananas en zone sah\u00e9lienne n\u2019est plus une utopie, mais un objectif accessible.<\/span><\/p>\n<p class=\"p1\"><span class=\"s2\">Avec un accompagnement strat\u00e9gique des politiques publiques, des incitations \u00e0 l\u2019investissement local et une valorisation des cha\u00eenes de transformation, le Burkina Faso peut devenir un v\u00e9ritable p\u00f4le r\u00e9gional de production d\u2019ananas. Le fruit, autrefois r\u00e9serv\u00e9 aux zones tropicales humides, pourrait bien devenir l\u2019embl\u00e8me d\u2019une r\u00e9volution agricole men\u00e9e par les jeunes Burkinab\u00e8.<\/span><\/p>\n<p class=\"p1\"><span class=\"s2\">Oui, le Burkina Faso peut devenir le premier pays producteur d\u2019ananas du Sahel. Et ce r\u00eave commence par une culture : celle de l\u2019innovation, port\u00e9e par la jeunesse.<\/span><\/p>\n<p class=\"p1\" style=\"text-align: right;\"><strong><span class=\"s2\">Par Vox Sahel <\/span><\/strong><\/p>\n","protected":false},"excerpt":{"rendered":"<p>Le Burkina Faso, longtemps per\u00e7u comme un pays enclav\u00e9 aux ressources agricoles limit\u00e9es, est aujourd\u2019hui<\/p>\n","protected":false},"author":2,"featured_media":1782,"comment_status":"open","ping_status":"open","sticky":false,"template":"","format":"standard","meta":{"_et_pb_use_builder":"","_et_pb_old_content":"","_et_gb_content_width":"","footnotes":""},"categories":[8],"tags":[81,282,115,208,18,65,114,420],"class_list":["post-1780","post","type-post","status-publish","format-standard","has-post-thumbnail","hentry","category-developpement","tag-agriculture","tag-ananas","tag-ananas-burkina","tag-bobo-dioulasso","tag-burkina-faso","tag-culture","tag-ferme-djoda","tag-plante-exotique"],"yoast_head":"<!-- This site is optimized with the Yoast SEO plugin v27.5 - https:\/\/yoast.com\/product\/yoast-seo-wordpress\/ -->\n<title>D\u00e9crypt\/Culture innovante : Les jeunes Burkinab\u00e8, catalyseurs d\u2019un avenir fruit\u00e9 - Vox Sahel<\/title>\n<meta name=\"robots\" content=\"index, follow, max-snippet:-1, max-image-preview:large, max-video-preview:-1\" \/>\n<link rel=\"canonical\" href=\"https:\/\/voxsahel.com\/?p=1780\" \/>\n<meta property=\"og:locale\" content=\"fr_FR\" \/>\n<meta property=\"og:type\" content=\"article\" \/>\n<meta property=\"og:title\" content=\"D\u00e9crypt\/Culture innovante : Les jeunes Burkinab\u00e8, catalyseurs d\u2019un avenir fruit\u00e9 - Vox Sahel\" \/>\n<meta property=\"og:description\" content=\"Le Burkina Faso, longtemps per\u00e7u comme un pays enclav\u00e9 aux ressources agricoles limit\u00e9es, est aujourd\u2019hui\" \/>\n<meta property=\"og:url\" content=\"https:\/\/voxsahel.com\/?p=1780\" \/>\n<meta property=\"og:site_name\" content=\"Vox Sahel\" \/>\n<meta property=\"article:publisher\" content=\"https:\/\/www.facebook.com\/journal.voxsahel\" \/>\n<meta property=\"article:published_time\" content=\"2025-04-20T15:09:52+00:00\" \/>\n<meta property=\"og:image\" content=\"https:\/\/voxsahel.com\/wp-content\/uploads\/2025\/04\/IMG_6206.jpeg\" \/>\n\t<meta property=\"og:image:width\" content=\"1208\" \/>\n\t<meta property=\"og:image:height\" content=\"1208\" \/>\n\t<meta property=\"og:image:type\" content=\"image\/jpeg\" \/>\n<meta name=\"author\" content=\"Vox Sahel\" \/>\n<meta name=\"twitter:card\" content=\"summary_large_image\" \/>\n<meta name=\"twitter:label1\" content=\"\u00c9crit par\" \/>\n\t<meta name=\"twitter:data1\" content=\"Vox Sahel\" \/>\n\t<meta name=\"twitter:label2\" content=\"Dur\u00e9e de lecture estim\u00e9e\" \/>\n\t<meta name=\"twitter:data2\" content=\"2 minutes\" \/>\n<script type=\"application\/ld+json\" class=\"yoast-schema-graph\">{\"@context\":\"https:\\\/\\\/schema.org\",\"@graph\":[{\"@type\":\"Article\",\"@id\":\"https:\\\/\\\/voxsahel.com\\\/?p=1780#article\",\"isPartOf\":{\"@id\":\"https:\\\/\\\/voxsahel.com\\\/?p=1780\"},\"author\":{\"name\":\"Vox Sahel\",\"@id\":\"https:\\\/\\\/voxsahel.com\\\/#\\\/schema\\\/person\\\/b4043608248f8fa227cd760e7ff1e19e\"},\"headline\":\"D\u00e9crypt\\\/Culture innovante : Les jeunes Burkinab\u00e8, catalyseurs d\u2019un avenir fruit\u00e9\",\"datePublished\":\"2025-04-20T15:09:52+00:00\",\"mainEntityOfPage\":{\"@id\":\"https:\\\/\\\/voxsahel.com\\\/?p=1780\"},\"wordCount\":312,\"commentCount\":0,\"publisher\":{\"@id\":\"https:\\\/\\\/voxsahel.com\\\/#organization\"},\"image\":{\"@id\":\"https:\\\/\\\/voxsahel.com\\\/?p=1780#primaryimage\"},\"thumbnailUrl\":\"https:\\\/\\\/voxsahel.com\\\/wp-content\\\/uploads\\\/2025\\\/04\\\/IMG_6206.jpeg\",\"keywords\":[\"Agriculture\",\"Ananas\",\"Ananas Burkina\",\"Bobo-Dioulasso\",\"Burkina Faso\",\"Culture\",\"Ferme Djoda\",\"Plante exotique\"],\"articleSection\":[\"DEVELOPPEMENT\"],\"inLanguage\":\"fr-FR\",\"potentialAction\":[{\"@type\":\"CommentAction\",\"name\":\"Comment\",\"target\":[\"https:\\\/\\\/voxsahel.com\\\/?p=1780#respond\"]}]},{\"@type\":\"WebPage\",\"@id\":\"https:\\\/\\\/voxsahel.com\\\/?p=1780\",\"url\":\"https:\\\/\\\/voxsahel.com\\\/?p=1780\",\"name\":\"D\u00e9crypt\\\/Culture innovante : Les jeunes Burkinab\u00e8, catalyseurs d\u2019un avenir fruit\u00e9 - Vox Sahel\",\"isPartOf\":{\"@id\":\"https:\\\/\\\/voxsahel.com\\\/#website\"},\"primaryImageOfPage\":{\"@id\":\"https:\\\/\\\/voxsahel.com\\\/?p=1780#primaryimage\"},\"image\":{\"@id\":\"https:\\\/\\\/voxsahel.com\\\/?p=1780#primaryimage\"},\"thumbnailUrl\":\"https:\\\/\\\/voxsahel.com\\\/wp-content\\\/uploads\\\/2025\\\/04\\\/IMG_6206.jpeg\",\"datePublished\":\"2025-04-20T15:09:52+00:00\",\"breadcrumb\":{\"@id\":\"https:\\\/\\\/voxsahel.com\\\/?p=1780#breadcrumb\"},\"inLanguage\":\"fr-FR\",\"potentialAction\":[{\"@type\":\"ReadAction\",\"target\":[\"https:\\\/\\\/voxsahel.com\\\/?p=1780\"]}]},{\"@type\":\"ImageObject\",\"inLanguage\":\"fr-FR\",\"@id\":\"https:\\\/\\\/voxsahel.com\\\/?p=1780#primaryimage\",\"url\":\"https:\\\/\\\/voxsahel.com\\\/wp-content\\\/uploads\\\/2025\\\/04\\\/IMG_6206.jpeg\",\"contentUrl\":\"https:\\\/\\\/voxsahel.com\\\/wp-content\\\/uploads\\\/2025\\\/04\\\/IMG_6206.jpeg\",\"width\":1208,\"height\":1208},{\"@type\":\"BreadcrumbList\",\"@id\":\"https:\\\/\\\/voxsahel.com\\\/?p=1780#breadcrumb\",\"itemListElement\":[{\"@type\":\"ListItem\",\"position\":1,\"name\":\"Home\",\"item\":\"https:\\\/\\\/voxsahel.com\\\/\"},{\"@type\":\"ListItem\",\"position\":2,\"name\":\"D\u00e9crypt\\\/Culture innovante : Les jeunes Burkinab\u00e8, catalyseurs d\u2019un avenir fruit\u00e9\"}]},{\"@type\":\"WebSite\",\"@id\":\"https:\\\/\\\/voxsahel.com\\\/#website\",\"url\":\"https:\\\/\\\/voxsahel.com\\\/\",\"name\":\"Vox Sahel\",\"description\":\"Informez-vous sur le Sahel en un clic\",\"publisher\":{\"@id\":\"https:\\\/\\\/voxsahel.com\\\/#organization\"},\"potentialAction\":[{\"@type\":\"SearchAction\",\"target\":{\"@type\":\"EntryPoint\",\"urlTemplate\":\"https:\\\/\\\/voxsahel.com\\\/?s={search_term_string}\"},\"query-input\":{\"@type\":\"PropertyValueSpecification\",\"valueRequired\":true,\"valueName\":\"search_term_string\"}}],\"inLanguage\":\"fr-FR\"},{\"@type\":\"Organization\",\"@id\":\"https:\\\/\\\/voxsahel.com\\\/#organization\",\"name\":\"Vox Sahel\",\"url\":\"https:\\\/\\\/voxsahel.com\\\/\",\"logo\":{\"@type\":\"ImageObject\",\"inLanguage\":\"fr-FR\",\"@id\":\"https:\\\/\\\/voxsahel.com\\\/#\\\/schema\\\/logo\\\/image\\\/\",\"url\":\"https:\\\/\\\/voxsahel.com\\\/wp-content\\\/uploads\\\/2024\\\/09\\\/Logo-Vox-Sahel.jpg\",\"contentUrl\":\"https:\\\/\\\/voxsahel.com\\\/wp-content\\\/uploads\\\/2024\\\/09\\\/Logo-Vox-Sahel.jpg\",\"width\":1181,\"height\":848,\"caption\":\"Vox Sahel\"},\"image\":{\"@id\":\"https:\\\/\\\/voxsahel.com\\\/#\\\/schema\\\/logo\\\/image\\\/\"},\"sameAs\":[\"https:\\\/\\\/www.facebook.com\\\/journal.voxsahel\"]},{\"@type\":\"Person\",\"@id\":\"https:\\\/\\\/voxsahel.com\\\/#\\\/schema\\\/person\\\/b4043608248f8fa227cd760e7ff1e19e\",\"name\":\"Vox Sahel\",\"image\":{\"@type\":\"ImageObject\",\"inLanguage\":\"fr-FR\",\"@id\":\"https:\\\/\\\/secure.gravatar.com\\\/avatar\\\/f70e7fa0cb9b29d4a7c5788d6eb2e9ab4d3135cbae1c9161810fdf77a8964699?s=96&d=mm&r=g\",\"url\":\"https:\\\/\\\/secure.gravatar.com\\\/avatar\\\/f70e7fa0cb9b29d4a7c5788d6eb2e9ab4d3135cbae1c9161810fdf77a8964699?s=96&d=mm&r=g\",\"contentUrl\":\"https:\\\/\\\/secure.gravatar.com\\\/avatar\\\/f70e7fa0cb9b29d4a7c5788d6eb2e9ab4d3135cbae1c9161810fdf77a8964699?s=96&d=mm&r=g\",\"caption\":\"Vox Sahel\"},\"sameAs\":[\"http:\\\/\\\/www.voxsahel.com\"],\"url\":\"https:\\\/\\\/voxsahel.com\\\/?author=2\"}]}<\/script>\n<!-- \/ Yoast SEO plugin. -->","yoast_head_json":{"title":"D\u00e9crypt\/Culture innovante : Les jeunes Burkinab\u00e8, catalyseurs d\u2019un avenir fruit\u00e9 - Vox Sahel","robots":{"index":"index","follow":"follow","max-snippet":"max-snippet:-1","max-image-preview":"max-image-preview:large","max-video-preview":"max-video-preview:-1"},"canonical":"https:\/\/voxsahel.com\/?p=1780","og_locale":"fr_FR","og_type":"article","og_title":"D\u00e9crypt\/Culture innovante : Les jeunes Burkinab\u00e8, catalyseurs d\u2019un avenir fruit\u00e9 - Vox Sahel","og_description":"Le Burkina Faso, longtemps per\u00e7u comme un pays enclav\u00e9 aux ressources agricoles limit\u00e9es, est aujourd\u2019hui","og_url":"https:\/\/voxsahel.com\/?p=1780","og_site_name":"Vox Sahel","article_publisher":"https:\/\/www.facebook.com\/journal.voxsahel","article_published_time":"2025-04-20T15:09:52+00:00","og_image":[{"width":1208,"height":1208,"url":"https:\/\/voxsahel.com\/wp-content\/uploads\/2025\/04\/IMG_6206.jpeg","type":"image\/jpeg"}],"author":"Vox Sahel","twitter_card":"summary_large_image","twitter_misc":{"\u00c9crit par":"Vox Sahel","Dur\u00e9e de lecture estim\u00e9e":"2 minutes"},"schema":{"@context":"https:\/\/schema.org","@graph":[{"@type":"Article","@id":"https:\/\/voxsahel.com\/?p=1780#article","isPartOf":{"@id":"https:\/\/voxsahel.com\/?p=1780"},"author":{"name":"Vox Sahel","@id":"https:\/\/voxsahel.com\/#\/schema\/person\/b4043608248f8fa227cd760e7ff1e19e"},"headline":"D\u00e9crypt\/Culture innovante : Les jeunes Burkinab\u00e8, catalyseurs d\u2019un avenir fruit\u00e9","datePublished":"2025-04-20T15:09:52+00:00","mainEntityOfPage":{"@id":"https:\/\/voxsahel.com\/?p=1780"},"wordCount":312,"commentCount":0,"publisher":{"@id":"https:\/\/voxsahel.com\/#organization"},"image":{"@id":"https:\/\/voxsahel.com\/?p=1780#primaryimage"},"thumbnailUrl":"https:\/\/voxsahel.com\/wp-content\/uploads\/2025\/04\/IMG_6206.jpeg","keywords":["Agriculture","Ananas","Ananas Burkina","Bobo-Dioulasso","Burkina Faso","Culture","Ferme Djoda","Plante exotique"],"articleSection":["DEVELOPPEMENT"],"inLanguage":"fr-FR","potentialAction":[{"@type":"CommentAction","name":"Comment","target":["https:\/\/voxsahel.com\/?p=1780#respond"]}]},{"@type":"WebPage","@id":"https:\/\/voxsahel.com\/?p=1780","url":"https:\/\/voxsahel.com\/?p=1780","name":"D\u00e9crypt\/Culture innovante : Les jeunes Burkinab\u00e8, catalyseurs d\u2019un avenir fruit\u00e9 - Vox Sahel","isPartOf":{"@id":"https:\/\/voxsahel.com\/#website"},"primaryImageOfPage":{"@id":"https:\/\/voxsahel.com\/?p=1780#primaryimage"},"image":{"@id":"https:\/\/voxsahel.com\/?p=1780#primaryimage"},"thumbnailUrl":"https:\/\/voxsahel.com\/wp-content\/uploads\/2025\/04\/IMG_6206.jpeg","datePublished":"2025-04-20T15:09:52+00:00","breadcrumb":{"@id":"https:\/\/voxsahel.com\/?p=1780#breadcrumb"},"inLanguage":"fr-FR","potentialAction":[{"@type":"ReadAction","target":["https:\/\/voxsahel.com\/?p=1780"]}]},{"@type":"ImageObject","inLanguage":"fr-FR","@id":"https:\/\/voxsahel.com\/?p=1780#primaryimage","url":"https:\/\/voxsahel.com\/wp-content\/uploads\/2025\/04\/IMG_6206.jpeg","contentUrl":"https:\/\/voxsahel.com\/wp-content\/uploads\/2025\/04\/IMG_6206.jpeg","width":1208,"height":1208},{"@type":"BreadcrumbList","@id":"https:\/\/voxsahel.com\/?p=1780#breadcrumb","itemListElement":[{"@type":"ListItem","position":1,"name":"Home","item":"https:\/\/voxsahel.com\/"},{"@type":"ListItem","position":2,"name":"D\u00e9crypt\/Culture innovante : Les jeunes Burkinab\u00e8, catalyseurs d\u2019un avenir fruit\u00e9"}]},{"@type":"WebSite","@id":"https:\/\/voxsahel.com\/#website","url":"https:\/\/voxsahel.com\/","name":"Vox Sahel","description":"Informez-vous sur le Sahel en un clic","publisher":{"@id":"https:\/\/voxsahel.com\/#organization"},"potentialAction":[{"@type":"SearchAction","target":{"@type":"EntryPoint","urlTemplate":"https:\/\/voxsahel.com\/?s={search_term_string}"},"query-input":{"@type":"PropertyValueSpecification","valueRequired":true,"valueName":"search_term_string"}}],"inLanguage":"fr-FR"},{"@type":"Organization","@id":"https:\/\/voxsahel.com\/#organization","name":"Vox Sahel","url":"https:\/\/voxsahel.com\/","logo":{"@type":"ImageObject","inLanguage":"fr-FR","@id":"https:\/\/voxsahel.com\/#\/schema\/logo\/image\/","url":"https:\/\/voxsahel.com\/wp-content\/uploads\/2024\/09\/Logo-Vox-Sahel.jpg","contentUrl":"https:\/\/voxsahel.com\/wp-content\/uploads\/2024\/09\/Logo-Vox-Sahel.jpg","width":1181,"height":848,"caption":"Vox Sahel"},"image":{"@id":"https:\/\/voxsahel.com\/#\/schema\/logo\/image\/"},"sameAs":["https:\/\/www.facebook.com\/journal.voxsahel"]},{"@type":"Person","@id":"https:\/\/voxsahel.com\/#\/schema\/person\/b4043608248f8fa227cd760e7ff1e19e","name":"Vox Sahel","image":{"@type":"ImageObject","inLanguage":"fr-FR","@id":"https:\/\/secure.gravatar.com\/avatar\/f70e7fa0cb9b29d4a7c5788d6eb2e9ab4d3135cbae1c9161810fdf77a8964699?s=96&d=mm&r=g","url":"https:\/\/secure.gravatar.com\/avatar\/f70e7fa0cb9b29d4a7c5788d6eb2e9ab4d3135cbae1c9161810fdf77a8964699?s=96&d=mm&r=g","contentUrl":"https:\/\/secure.gravatar.com\/avatar\/f70e7fa0cb9b29d4a7c5788d6eb2e9ab4d3135cbae1c9161810fdf77a8964699?s=96&d=mm&r=g","caption":"Vox Sahel"},"sameAs":["http:\/\/www.voxsahel.com"],"url":"https:\/\/voxsahel.com\/?author=2"}]}},"_links":{"self":[{"href":"https:\/\/voxsahel.com\/index.php?rest_route=\/wp\/v2\/posts\/1780","targetHints":{"allow":["GET"]}}],"collection":[{"href":"https:\/\/voxsahel.com\/index.php?rest_route=\/wp\/v2\/posts"}],"about":[{"href":"https:\/\/voxsahel.com\/index.php?rest_route=\/wp\/v2\/types\/post"}],"author":[{"embeddable":true,"href":"https:\/\/voxsahel.com\/index.php?rest_route=\/wp\/v2\/users\/2"}],"replies":[{"embeddable":true,"href":"https:\/\/voxsahel.com\/index.php?rest_route=%2Fwp%2Fv2%2Fcomments&post=1780"}],"version-history":[{"count":1,"href":"https:\/\/voxsahel.com\/index.php?rest_route=\/wp\/v2\/posts\/1780\/revisions"}],"predecessor-version":[{"id":1783,"href":"https:\/\/voxsahel.com\/index.php?rest_route=\/wp\/v2\/posts\/1780\/revisions\/1783"}],"wp:featuredmedia":[{"embeddable":true,"href":"https:\/\/voxsahel.com\/index.php?rest_route=\/wp\/v2\/media\/1782"}],"wp:attachment":[{"href":"https:\/\/voxsahel.com\/index.php?rest_route=%2Fwp%2Fv2%2Fmedia&parent=1780"}],"wp:term":[{"taxonomy":"category","embeddable":true,"href":"https:\/\/voxsahel.com\/index.php?rest_route=%2Fwp%2Fv2%2Fcategories&post=1780"},{"taxonomy":"post_tag","embeddable":true,"href":"https:\/\/voxsahel.com\/index.php?rest_route=%2Fwp%2Fv2%2Ftags&post=1780"}],"curies":[{"name":"wp","href":"https:\/\/api.w.org\/{rel}","templated":true}]}}