{"id":1774,"date":"2025-04-17T21:22:51","date_gmt":"2025-04-17T21:22:51","guid":{"rendered":"https:\/\/voxsahel.com\/?p=1774"},"modified":"2025-04-17T21:22:51","modified_gmt":"2025-04-17T21:22:51","slug":"affaire-descroquerie-immobiliere-a-banfora-le-demarcheur-lamine-tera-charge-le-president-du-tribunal","status":"publish","type":"post","link":"https:\/\/voxsahel.com\/?p=1774","title":{"rendered":"Affaire d\u2019escroquerie immobili\u00e8re \u00e0 Banfora : le d\u00e9marcheur Lamine Tera charge le pr\u00e9sident du tribunal"},"content":{"rendered":"<p class=\"p1\"><span class=\"s1\">L\u2019affaire d\u2019escroquerie immobili\u00e8re impliquant le pr\u00e9sident du Tribunal de Banfora, Sidaty Yoda, continue de faire couler beaucoup d\u2019encre. Lors de sa comparution devant la chambre criminelle, ce jeudi, le pr\u00e9venu Lamine Tera, d\u00e9marcheur de profession, a livr\u00e9 sa version des faits. Poursuivi pour stellionat et blanchiment de capitaux, il a rejet\u00e9 en bloc les accusations port\u00e9es contre lui, tout en livrant un t\u00e9moignage accablant \u00e0 l\u2019encontre du magistrat Yoda.<\/span><\/p>\n<p class=\"p1\"><span class=\"s1\">Selon Lamine Tera, tout aurait commenc\u00e9 lorsque le pr\u00e9sident Sidaty Yoda l\u2019a contact\u00e9 pour l\u2019aider \u00e0 vendre plus de 400 parcelles qu\u2019il aurait qualifi\u00e9es de biens saisis par la justice. \u00ab Il m\u2019a donn\u00e9 les num\u00e9ros des parcelles et m\u2019a demand\u00e9 de v\u00e9rifier si elles \u00e9taient construites ou non. Si c\u2019\u00e9tait vide, je pouvais vendre, sinon, je devais laisser. Il m\u2019a assur\u00e9 que l\u2019argent irait dans les caisses du Tribunal \u00bb, a d\u00e9clar\u00e9 le pr\u00e9venu \u00e0 la barre.<\/span><\/p>\n<p class=\"p1\"><span class=\"s1\">Tera affirme avoir vendu plusieurs de ces terrains, croyant agir dans un cadre l\u00e9gal, sous la directive d\u2019un haut responsable judiciaire. La premi\u00e8re vente aurait rapport\u00e9 6,3 millions de F CFA, une somme qu\u2019il dit avoir remise directement au magistrat Yoda, dans sa voiture. Il soutient \u00e9galement que les actes de vente \u00e9taient sign\u00e9s par ce dernier.<\/span><\/p>\n<p class=\"p1\"><span class=\"s1\">Mais rapidement, les plaintes d\u2019acqu\u00e9reurs commencent \u00e0 fuser. Face \u00e0 cela, toujours selon Tera, le magistrat lui aurait tenu des propos mena\u00e7ants : \u00ab Il m\u2019a dit que si quelqu\u2019un venait se plaindre, il allait le mettre en prison. Que s\u2019il enfermait deux ou trois personnes, les autres allaient se calmer. \u00bb<\/span><\/p>\n<p class=\"p1\"><span class=\"s1\">Le d\u00e9marcheur affirme ensuite avoir re\u00e7u deux num\u00e9ros de t\u00e9l\u00e9phone du magistrat : l\u2019un pour l\u2019appeler, l\u2019autre pour effectuer des d\u00e9p\u00f4ts d\u2019argent. Il \u00e9voque notamment un transfert de 6,5 millions de F CFA, qu\u2019il a failli ne pas envoyer en constatant que le num\u00e9ro n\u2019\u00e9tait pas au nom de Yoda. \u00ab Il m\u2019a dit que le num\u00e9ro est au nom de son cousin. \u00bb<\/span><\/p>\n<p class=\"p1\"><span class=\"s1\">\u00c9mu jusqu\u2019aux larmes, le pr\u00e9venu a exprim\u00e9 ses regrets : \u00ab Si ce n\u2019est pas \u00e0 cause de lui\u2026 Moi, j\u2019ai une dizaine d\u2019enfants et deux femmes. Pourquoi je vais me mettre dans \u00e7a ? \u00bb<\/span><\/p>\n<p class=\"p1\"><span class=\"s1\">\u00c0 la suite de son interpellation par la Gendarmerie, Tera indique que Sidaty Yoda lui aurait demand\u00e9 de nier toute relation entre eux. Il a \u00e9galement r\u00e9v\u00e9l\u00e9 que pour chaque parcelle vendue, le magistrat lui remettait entre 75 000 et 130 000 F CFA comme commission.<\/span><\/p>\n<p class=\"p1\"><span class=\"s1\">L\u2019audience a \u00e9t\u00e9 suspendue et reprendra le <\/span><span class=\"s2\">lundi 28 avril 2025<\/span><span class=\"s1\"> avec la poursuite de l\u2019audition des pr\u00e9venus. Une affaire judiciaire aux ramifications profondes qui met en lumi\u00e8re les d\u00e9rives pr\u00e9sum\u00e9es au sein m\u00eame de l\u2019appareil judiciaire.<\/span><\/p>\n<p class=\"p1\" style=\"text-align: right;\"><strong><span class=\"s1\">Par Isma\u00ebl Soulama <\/span><\/strong><\/p>\n","protected":false},"excerpt":{"rendered":"<p>L\u2019affaire d\u2019escroquerie immobili\u00e8re impliquant le pr\u00e9sident du Tribunal de Banfora, Sidaty Yoda, continue de faire<\/p>\n","protected":false},"author":2,"featured_media":1775,"comment_status":"open","ping_status":"open","sticky":false,"template":"","format":"standard","meta":{"_et_pb_use_builder":"","_et_pb_old_content":"","_et_gb_content_width":"","footnotes":""},"categories":[5],"tags":[428,18,105,106,381,555,634,604,554],"class_list":["post-1774","post","type-post","status-publish","format-standard","has-post-thumbnail","hentry","category-societe","tag-banfora","tag-burkina-faso","tag-foncier","tag-habitat","tag-justice","tag-lotissement","tag-parcelles","tag-reforme-agraire-et-fonciere","tag-tribunal-de-grande-instance-ouaga-i"],"yoast_head":"<!-- This site is optimized with the Yoast SEO plugin v27.5 - https:\/\/yoast.com\/product\/yoast-seo-wordpress\/ -->\n<title>Affaire d\u2019escroquerie immobili\u00e8re \u00e0 Banfora : le d\u00e9marcheur Lamine Tera charge le pr\u00e9sident du tribunal - Vox Sahel<\/title>\n<meta name=\"robots\" content=\"index, follow, max-snippet:-1, max-image-preview:large, max-video-preview:-1\" \/>\n<link rel=\"canonical\" href=\"https:\/\/voxsahel.com\/?p=1774\" \/>\n<meta property=\"og:locale\" content=\"fr_FR\" \/>\n<meta property=\"og:type\" content=\"article\" \/>\n<meta property=\"og:title\" content=\"Affaire d\u2019escroquerie immobili\u00e8re \u00e0 Banfora : le d\u00e9marcheur Lamine Tera charge le pr\u00e9sident du tribunal - Vox Sahel\" \/>\n<meta property=\"og:description\" content=\"L\u2019affaire d\u2019escroquerie immobili\u00e8re impliquant le pr\u00e9sident du Tribunal de Banfora, Sidaty Yoda, continue de faire\" \/>\n<meta property=\"og:url\" content=\"https:\/\/voxsahel.com\/?p=1774\" \/>\n<meta property=\"og:site_name\" content=\"Vox Sahel\" \/>\n<meta property=\"article:publisher\" content=\"https:\/\/www.facebook.com\/journal.voxsahel\" \/>\n<meta property=\"article:published_time\" content=\"2025-04-17T21:22:51+00:00\" \/>\n<meta property=\"og:image\" content=\"https:\/\/voxsahel.com\/wp-content\/uploads\/2025\/04\/IMG_5619.jpeg\" \/>\n\t<meta property=\"og:image:width\" content=\"1130\" \/>\n\t<meta property=\"og:image:height\" content=\"1301\" \/>\n\t<meta property=\"og:image:type\" content=\"image\/jpeg\" \/>\n<meta name=\"author\" content=\"Vox Sahel\" \/>\n<meta name=\"twitter:card\" content=\"summary_large_image\" \/>\n<meta name=\"twitter:label1\" content=\"\u00c9crit par\" \/>\n\t<meta name=\"twitter:data1\" content=\"Vox Sahel\" \/>\n\t<meta name=\"twitter:label2\" content=\"Dur\u00e9e de lecture estim\u00e9e\" \/>\n\t<meta name=\"twitter:data2\" content=\"3 minutes\" \/>\n<script type=\"application\/ld+json\" class=\"yoast-schema-graph\">{\"@context\":\"https:\\\/\\\/schema.org\",\"@graph\":[{\"@type\":\"Article\",\"@id\":\"https:\\\/\\\/voxsahel.com\\\/?p=1774#article\",\"isPartOf\":{\"@id\":\"https:\\\/\\\/voxsahel.com\\\/?p=1774\"},\"author\":{\"name\":\"Vox Sahel\",\"@id\":\"https:\\\/\\\/voxsahel.com\\\/#\\\/schema\\\/person\\\/b4043608248f8fa227cd760e7ff1e19e\"},\"headline\":\"Affaire d\u2019escroquerie immobili\u00e8re \u00e0 Banfora : le d\u00e9marcheur Lamine Tera charge le pr\u00e9sident du tribunal\",\"datePublished\":\"2025-04-17T21:22:51+00:00\",\"mainEntityOfPage\":{\"@id\":\"https:\\\/\\\/voxsahel.com\\\/?p=1774\"},\"wordCount\":499,\"commentCount\":0,\"publisher\":{\"@id\":\"https:\\\/\\\/voxsahel.com\\\/#organization\"},\"image\":{\"@id\":\"https:\\\/\\\/voxsahel.com\\\/?p=1774#primaryimage\"},\"thumbnailUrl\":\"https:\\\/\\\/voxsahel.com\\\/wp-content\\\/uploads\\\/2025\\\/04\\\/IMG_5619.jpeg\",\"keywords\":[\"Banfora\",\"Burkina Faso\",\"Foncier\",\"Habitat\",\"Justice\",\"Lotissement\",\"Parcelles\",\"R\u00e9forme agraire et fonci\u00e8re\",\"Tribunal de grande instance Ouaga I\"],\"articleSection\":[\"SOCIETE\"],\"inLanguage\":\"fr-FR\",\"potentialAction\":[{\"@type\":\"CommentAction\",\"name\":\"Comment\",\"target\":[\"https:\\\/\\\/voxsahel.com\\\/?p=1774#respond\"]}]},{\"@type\":\"WebPage\",\"@id\":\"https:\\\/\\\/voxsahel.com\\\/?p=1774\",\"url\":\"https:\\\/\\\/voxsahel.com\\\/?p=1774\",\"name\":\"Affaire d\u2019escroquerie immobili\u00e8re \u00e0 Banfora : le d\u00e9marcheur Lamine Tera charge le pr\u00e9sident du tribunal - Vox Sahel\",\"isPartOf\":{\"@id\":\"https:\\\/\\\/voxsahel.com\\\/#website\"},\"primaryImageOfPage\":{\"@id\":\"https:\\\/\\\/voxsahel.com\\\/?p=1774#primaryimage\"},\"image\":{\"@id\":\"https:\\\/\\\/voxsahel.com\\\/?p=1774#primaryimage\"},\"thumbnailUrl\":\"https:\\\/\\\/voxsahel.com\\\/wp-content\\\/uploads\\\/2025\\\/04\\\/IMG_5619.jpeg\",\"datePublished\":\"2025-04-17T21:22:51+00:00\",\"breadcrumb\":{\"@id\":\"https:\\\/\\\/voxsahel.com\\\/?p=1774#breadcrumb\"},\"inLanguage\":\"fr-FR\",\"potentialAction\":[{\"@type\":\"ReadAction\",\"target\":[\"https:\\\/\\\/voxsahel.com\\\/?p=1774\"]}]},{\"@type\":\"ImageObject\",\"inLanguage\":\"fr-FR\",\"@id\":\"https:\\\/\\\/voxsahel.com\\\/?p=1774#primaryimage\",\"url\":\"https:\\\/\\\/voxsahel.com\\\/wp-content\\\/uploads\\\/2025\\\/04\\\/IMG_5619.jpeg\",\"contentUrl\":\"https:\\\/\\\/voxsahel.com\\\/wp-content\\\/uploads\\\/2025\\\/04\\\/IMG_5619.jpeg\",\"width\":1130,\"height\":1301},{\"@type\":\"BreadcrumbList\",\"@id\":\"https:\\\/\\\/voxsahel.com\\\/?p=1774#breadcrumb\",\"itemListElement\":[{\"@type\":\"ListItem\",\"position\":1,\"name\":\"Home\",\"item\":\"https:\\\/\\\/voxsahel.com\\\/\"},{\"@type\":\"ListItem\",\"position\":2,\"name\":\"Affaire d\u2019escroquerie immobili\u00e8re \u00e0 Banfora : le d\u00e9marcheur Lamine Tera charge le pr\u00e9sident du tribunal\"}]},{\"@type\":\"WebSite\",\"@id\":\"https:\\\/\\\/voxsahel.com\\\/#website\",\"url\":\"https:\\\/\\\/voxsahel.com\\\/\",\"name\":\"Vox Sahel\",\"description\":\"Informez-vous sur le Sahel en un clic\",\"publisher\":{\"@id\":\"https:\\\/\\\/voxsahel.com\\\/#organization\"},\"potentialAction\":[{\"@type\":\"SearchAction\",\"target\":{\"@type\":\"EntryPoint\",\"urlTemplate\":\"https:\\\/\\\/voxsahel.com\\\/?s={search_term_string}\"},\"query-input\":{\"@type\":\"PropertyValueSpecification\",\"valueRequired\":true,\"valueName\":\"search_term_string\"}}],\"inLanguage\":\"fr-FR\"},{\"@type\":\"Organization\",\"@id\":\"https:\\\/\\\/voxsahel.com\\\/#organization\",\"name\":\"Vox Sahel\",\"url\":\"https:\\\/\\\/voxsahel.com\\\/\",\"logo\":{\"@type\":\"ImageObject\",\"inLanguage\":\"fr-FR\",\"@id\":\"https:\\\/\\\/voxsahel.com\\\/#\\\/schema\\\/logo\\\/image\\\/\",\"url\":\"https:\\\/\\\/voxsahel.com\\\/wp-content\\\/uploads\\\/2024\\\/09\\\/Logo-Vox-Sahel.jpg\",\"contentUrl\":\"https:\\\/\\\/voxsahel.com\\\/wp-content\\\/uploads\\\/2024\\\/09\\\/Logo-Vox-Sahel.jpg\",\"width\":1181,\"height\":848,\"caption\":\"Vox Sahel\"},\"image\":{\"@id\":\"https:\\\/\\\/voxsahel.com\\\/#\\\/schema\\\/logo\\\/image\\\/\"},\"sameAs\":[\"https:\\\/\\\/www.facebook.com\\\/journal.voxsahel\"]},{\"@type\":\"Person\",\"@id\":\"https:\\\/\\\/voxsahel.com\\\/#\\\/schema\\\/person\\\/b4043608248f8fa227cd760e7ff1e19e\",\"name\":\"Vox Sahel\",\"image\":{\"@type\":\"ImageObject\",\"inLanguage\":\"fr-FR\",\"@id\":\"https:\\\/\\\/secure.gravatar.com\\\/avatar\\\/f70e7fa0cb9b29d4a7c5788d6eb2e9ab4d3135cbae1c9161810fdf77a8964699?s=96&d=mm&r=g\",\"url\":\"https:\\\/\\\/secure.gravatar.com\\\/avatar\\\/f70e7fa0cb9b29d4a7c5788d6eb2e9ab4d3135cbae1c9161810fdf77a8964699?s=96&d=mm&r=g\",\"contentUrl\":\"https:\\\/\\\/secure.gravatar.com\\\/avatar\\\/f70e7fa0cb9b29d4a7c5788d6eb2e9ab4d3135cbae1c9161810fdf77a8964699?s=96&d=mm&r=g\",\"caption\":\"Vox Sahel\"},\"sameAs\":[\"http:\\\/\\\/www.voxsahel.com\"],\"url\":\"https:\\\/\\\/voxsahel.com\\\/?author=2\"}]}<\/script>\n<!-- \/ Yoast SEO plugin. -->","yoast_head_json":{"title":"Affaire d\u2019escroquerie immobili\u00e8re \u00e0 Banfora : le d\u00e9marcheur Lamine Tera charge le pr\u00e9sident du tribunal - Vox Sahel","robots":{"index":"index","follow":"follow","max-snippet":"max-snippet:-1","max-image-preview":"max-image-preview:large","max-video-preview":"max-video-preview:-1"},"canonical":"https:\/\/voxsahel.com\/?p=1774","og_locale":"fr_FR","og_type":"article","og_title":"Affaire d\u2019escroquerie immobili\u00e8re \u00e0 Banfora : le d\u00e9marcheur Lamine Tera charge le pr\u00e9sident du tribunal - Vox Sahel","og_description":"L\u2019affaire d\u2019escroquerie immobili\u00e8re impliquant le pr\u00e9sident du Tribunal de Banfora, Sidaty Yoda, continue de faire","og_url":"https:\/\/voxsahel.com\/?p=1774","og_site_name":"Vox Sahel","article_publisher":"https:\/\/www.facebook.com\/journal.voxsahel","article_published_time":"2025-04-17T21:22:51+00:00","og_image":[{"width":1130,"height":1301,"url":"https:\/\/voxsahel.com\/wp-content\/uploads\/2025\/04\/IMG_5619.jpeg","type":"image\/jpeg"}],"author":"Vox Sahel","twitter_card":"summary_large_image","twitter_misc":{"\u00c9crit par":"Vox Sahel","Dur\u00e9e de lecture estim\u00e9e":"3 minutes"},"schema":{"@context":"https:\/\/schema.org","@graph":[{"@type":"Article","@id":"https:\/\/voxsahel.com\/?p=1774#article","isPartOf":{"@id":"https:\/\/voxsahel.com\/?p=1774"},"author":{"name":"Vox Sahel","@id":"https:\/\/voxsahel.com\/#\/schema\/person\/b4043608248f8fa227cd760e7ff1e19e"},"headline":"Affaire d\u2019escroquerie immobili\u00e8re \u00e0 Banfora : le d\u00e9marcheur Lamine Tera charge le pr\u00e9sident du tribunal","datePublished":"2025-04-17T21:22:51+00:00","mainEntityOfPage":{"@id":"https:\/\/voxsahel.com\/?p=1774"},"wordCount":499,"commentCount":0,"publisher":{"@id":"https:\/\/voxsahel.com\/#organization"},"image":{"@id":"https:\/\/voxsahel.com\/?p=1774#primaryimage"},"thumbnailUrl":"https:\/\/voxsahel.com\/wp-content\/uploads\/2025\/04\/IMG_5619.jpeg","keywords":["Banfora","Burkina Faso","Foncier","Habitat","Justice","Lotissement","Parcelles","R\u00e9forme agraire et fonci\u00e8re","Tribunal de grande instance Ouaga I"],"articleSection":["SOCIETE"],"inLanguage":"fr-FR","potentialAction":[{"@type":"CommentAction","name":"Comment","target":["https:\/\/voxsahel.com\/?p=1774#respond"]}]},{"@type":"WebPage","@id":"https:\/\/voxsahel.com\/?p=1774","url":"https:\/\/voxsahel.com\/?p=1774","name":"Affaire d\u2019escroquerie immobili\u00e8re \u00e0 Banfora : le d\u00e9marcheur Lamine Tera charge le pr\u00e9sident du tribunal - Vox Sahel","isPartOf":{"@id":"https:\/\/voxsahel.com\/#website"},"primaryImageOfPage":{"@id":"https:\/\/voxsahel.com\/?p=1774#primaryimage"},"image":{"@id":"https:\/\/voxsahel.com\/?p=1774#primaryimage"},"thumbnailUrl":"https:\/\/voxsahel.com\/wp-content\/uploads\/2025\/04\/IMG_5619.jpeg","datePublished":"2025-04-17T21:22:51+00:00","breadcrumb":{"@id":"https:\/\/voxsahel.com\/?p=1774#breadcrumb"},"inLanguage":"fr-FR","potentialAction":[{"@type":"ReadAction","target":["https:\/\/voxsahel.com\/?p=1774"]}]},{"@type":"ImageObject","inLanguage":"fr-FR","@id":"https:\/\/voxsahel.com\/?p=1774#primaryimage","url":"https:\/\/voxsahel.com\/wp-content\/uploads\/2025\/04\/IMG_5619.jpeg","contentUrl":"https:\/\/voxsahel.com\/wp-content\/uploads\/2025\/04\/IMG_5619.jpeg","width":1130,"height":1301},{"@type":"BreadcrumbList","@id":"https:\/\/voxsahel.com\/?p=1774#breadcrumb","itemListElement":[{"@type":"ListItem","position":1,"name":"Home","item":"https:\/\/voxsahel.com\/"},{"@type":"ListItem","position":2,"name":"Affaire d\u2019escroquerie immobili\u00e8re \u00e0 Banfora : le d\u00e9marcheur Lamine Tera charge le pr\u00e9sident du tribunal"}]},{"@type":"WebSite","@id":"https:\/\/voxsahel.com\/#website","url":"https:\/\/voxsahel.com\/","name":"Vox Sahel","description":"Informez-vous sur le Sahel en un clic","publisher":{"@id":"https:\/\/voxsahel.com\/#organization"},"potentialAction":[{"@type":"SearchAction","target":{"@type":"EntryPoint","urlTemplate":"https:\/\/voxsahel.com\/?s={search_term_string}"},"query-input":{"@type":"PropertyValueSpecification","valueRequired":true,"valueName":"search_term_string"}}],"inLanguage":"fr-FR"},{"@type":"Organization","@id":"https:\/\/voxsahel.com\/#organization","name":"Vox Sahel","url":"https:\/\/voxsahel.com\/","logo":{"@type":"ImageObject","inLanguage":"fr-FR","@id":"https:\/\/voxsahel.com\/#\/schema\/logo\/image\/","url":"https:\/\/voxsahel.com\/wp-content\/uploads\/2024\/09\/Logo-Vox-Sahel.jpg","contentUrl":"https:\/\/voxsahel.com\/wp-content\/uploads\/2024\/09\/Logo-Vox-Sahel.jpg","width":1181,"height":848,"caption":"Vox Sahel"},"image":{"@id":"https:\/\/voxsahel.com\/#\/schema\/logo\/image\/"},"sameAs":["https:\/\/www.facebook.com\/journal.voxsahel"]},{"@type":"Person","@id":"https:\/\/voxsahel.com\/#\/schema\/person\/b4043608248f8fa227cd760e7ff1e19e","name":"Vox Sahel","image":{"@type":"ImageObject","inLanguage":"fr-FR","@id":"https:\/\/secure.gravatar.com\/avatar\/f70e7fa0cb9b29d4a7c5788d6eb2e9ab4d3135cbae1c9161810fdf77a8964699?s=96&d=mm&r=g","url":"https:\/\/secure.gravatar.com\/avatar\/f70e7fa0cb9b29d4a7c5788d6eb2e9ab4d3135cbae1c9161810fdf77a8964699?s=96&d=mm&r=g","contentUrl":"https:\/\/secure.gravatar.com\/avatar\/f70e7fa0cb9b29d4a7c5788d6eb2e9ab4d3135cbae1c9161810fdf77a8964699?s=96&d=mm&r=g","caption":"Vox Sahel"},"sameAs":["http:\/\/www.voxsahel.com"],"url":"https:\/\/voxsahel.com\/?author=2"}]}},"_links":{"self":[{"href":"https:\/\/voxsahel.com\/index.php?rest_route=\/wp\/v2\/posts\/1774","targetHints":{"allow":["GET"]}}],"collection":[{"href":"https:\/\/voxsahel.com\/index.php?rest_route=\/wp\/v2\/posts"}],"about":[{"href":"https:\/\/voxsahel.com\/index.php?rest_route=\/wp\/v2\/types\/post"}],"author":[{"embeddable":true,"href":"https:\/\/voxsahel.com\/index.php?rest_route=\/wp\/v2\/users\/2"}],"replies":[{"embeddable":true,"href":"https:\/\/voxsahel.com\/index.php?rest_route=%2Fwp%2Fv2%2Fcomments&post=1774"}],"version-history":[{"count":1,"href":"https:\/\/voxsahel.com\/index.php?rest_route=\/wp\/v2\/posts\/1774\/revisions"}],"predecessor-version":[{"id":1776,"href":"https:\/\/voxsahel.com\/index.php?rest_route=\/wp\/v2\/posts\/1774\/revisions\/1776"}],"wp:featuredmedia":[{"embeddable":true,"href":"https:\/\/voxsahel.com\/index.php?rest_route=\/wp\/v2\/media\/1775"}],"wp:attachment":[{"href":"https:\/\/voxsahel.com\/index.php?rest_route=%2Fwp%2Fv2%2Fmedia&parent=1774"}],"wp:term":[{"taxonomy":"category","embeddable":true,"href":"https:\/\/voxsahel.com\/index.php?rest_route=%2Fwp%2Fv2%2Fcategories&post=1774"},{"taxonomy":"post_tag","embeddable":true,"href":"https:\/\/voxsahel.com\/index.php?rest_route=%2Fwp%2Fv2%2Ftags&post=1774"}],"curies":[{"name":"wp","href":"https:\/\/api.w.org\/{rel}","templated":true}]}}