{"id":1759,"date":"2025-04-15T21:56:03","date_gmt":"2025-04-15T21:56:03","guid":{"rendered":"https:\/\/voxsahel.com\/?p=1759"},"modified":"2025-04-15T21:57:06","modified_gmt":"2025-04-15T21:57:06","slug":"etalons-u17-le-reve-dun-second-sacre-senvole-face-a-un-mali-plus-realiste","status":"publish","type":"post","link":"https:\/\/voxsahel.com\/?p=1759","title":{"rendered":"\u00c9talons U17 : Le r\u00eave d\u2019un second sacre s\u2019envole face \u00e0 un Mali plus r\u00e9aliste"},"content":{"rendered":"<p class=\"p1\"><span class=\"s2\">Le Burkina Faso ne disputera pas la grande finale de ce tournoi U17. Oppos\u00e9s \u00e0 une \u00e9quipe malienne bien en place ce lundi soir au stade Larbi Zaouli de Casablanca, les \u00c9talons n\u2019ont pas su r\u00e9pondre au d\u00e9fi impos\u00e9 par les Aiglonnets, s\u2019inclinant logiquement sur le score de 2-0.<\/span><\/p>\n<p class=\"p1\"><span class=\"s2\">D\u00e8s l\u2019entame de la rencontre, les poulains d\u2019Oscar Barro ont sembl\u00e9 \u00e9touff\u00e9s par l\u2019intensit\u00e9 physique et la rigueur tactique des Maliens. Lookman Tapsoba, jusque-l\u00e0 figure offensive majeure des \u00c9talons, a \u00e9t\u00e9 isol\u00e9 et neutralis\u00e9 tout au long de la rencontre. Le milieu de terrain burkinab\u00e8, quant \u00e0 lui, a \u00e9t\u00e9 largement d\u00e9pass\u00e9, encha\u00eenant approximations techniques et fautes \u00e0 r\u00e9p\u00e9tition.<\/span><\/p>\n<p class=\"p1\"><span class=\"s2\">Avec sept cartons jaunes distribu\u00e9s, dont deux rouges pour Ali Kon\u00e9 \u00e0 la 76e minute et Alassana Bagayogo dans les arr\u00eats de jeu, le Burkina a termin\u00e9 la rencontre amoindri, incapable de rivaliser face \u00e0 une formation malienne bien organis\u00e9e. Les buts maliens, inscrits \u00e0 la 42e et \u00e0 la 73e minute, sont venus concr\u00e9tiser une domination nette et sans appel.<\/span><\/p>\n<blockquote>\n<p class=\"p1\"><span class=\"s1\">\u00ab On n\u2019a pas \u00e9t\u00e9 efficaces aujourd\u2019hui, j\u2019ai beaucoup de regrets \u00bb<\/span><span class=\"s2\">, a d\u00e9clar\u00e9 Oscar Barro \u00e0 l\u2019issue de la rencontre.<br \/>\n\u00ab On est tomb\u00e9s sur une \u00e9quipe malienne tr\u00e8s solide. En seconde p\u00e9riode, on a eu des opportunit\u00e9s mais sans efficacit\u00e9. C\u2019est une d\u00e9faite logique. Le Mali m\u00e9rite sa victoire. Je ne comprends pas certaines d\u00e9cisions arbitrales, notamment les deux cartons rouges. Mais on va se remobiliser pour le match de classement. \u00bb<\/span><\/p>\n<\/blockquote>\n<p class=\"p1\"><span class=\"s2\">C\u2019est la premi\u00e8re fois dans ce tournoi que les \u00c9talons encaissent deux buts en un seul match, et re\u00e7oivent autant de sanctions disciplinaires. Un triste record qui met fin \u00e0 leur s\u00e9rie positive dans la comp\u00e9tition.<\/span><\/p>\n<p class=\"p1\"><span class=\"s2\">Du c\u00f4t\u00e9 malien, la satisfaction est totale. L\u2019entra\u00eeneur malien n\u2019a pas manqu\u00e9 de souligner la mise en place d\u2019un plan strat\u00e9gique pr\u00e9cis pour faire d\u00e9jouer les \u00c9talons.<\/span><\/p>\n<blockquote>\n<p class=\"p1\"><span class=\"s1\">\u00ab C\u2019\u00e9tait une bataille. J\u2019ai jou\u00e9 cette \u00e9quipe deux fois, et ce soir, j\u2019ai mis en place un plan avec trois axes \u00bb,<\/span><span class=\"s2\"> a-t-il expliqu\u00e9.<br \/>\n\u00ab Nous avons cibl\u00e9 Lookman Tapsoba et \u00e7a a march\u00e9. Nous avons aussi demand\u00e9 \u00e0 nos joueurs de garder le ballon pour frustrer l\u2019adversaire. Cela a probablement provoqu\u00e9 les nombreuses fautes et cartons. F\u00e9licitations aux gar\u00e7ons, maintenant, nous r\u00eavons du troph\u00e9e. Bonne chance au Burkina pour le match de classement. \u00bb, a laiss\u00e9 entendre le s\u00e9lectionneur malien Adama Diefla Diallo. <\/span><\/p>\n<\/blockquote>\n<p class=\"p1\" style=\"text-align: left;\"><span class=\"s2\">Malgr\u00e9 cette d\u00e9ception, les \u00c9talons peuvent se consoler avec leur qualification pour la prochaine Coupe du Monde U17. Reste d\u00e9sormais \u00e0 terminer ce tournoi sur une bonne note, lors de la petite finale pr\u00e9vue le 18 avril contre la C\u00f4te d\u2019Ivoire. Toutefois, ils devront faire sans deux \u00e9l\u00e9ments cl\u00e9s suspendus pour cette ultime rencontre.<\/span><\/p>\n<p style=\"text-align: right;\"><b>Par Vox Sahel<\/b><\/p>\n","protected":false},"excerpt":{"rendered":"<p>Le Burkina Faso ne disputera pas la grande finale de ce tournoi U17. Oppos\u00e9s \u00e0<\/p>\n","protected":false},"author":2,"featured_media":1762,"comment_status":"open","ping_status":"open","sticky":false,"template":"","format":"standard","meta":{"_et_pb_use_builder":"","_et_pb_old_content":"","_et_gb_content_width":"","footnotes":""},"categories":[12],"tags":[18,38,37,673,348,274,40,35,34],"class_list":["post-1759","post","type-post","status-publish","format-standard","has-post-thumbnail","hentry","category-sports","tag-burkina-faso","tag-can","tag-can-maroc-2025","tag-can-u17","tag-coupe-dafrique-des-nations","tag-etalons","tag-federation-burkinabe-de-football","tag-football","tag-sport"],"yoast_head":"<!-- This site is optimized with the Yoast SEO plugin v27.5 - https:\/\/yoast.com\/product\/yoast-seo-wordpress\/ -->\n<title>\u00c9talons U17 : Le r\u00eave d\u2019un second sacre s\u2019envole face \u00e0 un Mali plus r\u00e9aliste - Vox Sahel<\/title>\n<meta name=\"robots\" content=\"index, follow, max-snippet:-1, max-image-preview:large, max-video-preview:-1\" \/>\n<link rel=\"canonical\" href=\"https:\/\/voxsahel.com\/?p=1759\" \/>\n<meta property=\"og:locale\" content=\"fr_FR\" \/>\n<meta property=\"og:type\" content=\"article\" \/>\n<meta property=\"og:title\" content=\"\u00c9talons U17 : Le r\u00eave d\u2019un second sacre s\u2019envole face \u00e0 un Mali plus r\u00e9aliste - Vox Sahel\" \/>\n<meta property=\"og:description\" content=\"Le Burkina Faso ne disputera pas la grande finale de ce tournoi U17. Oppos\u00e9s \u00e0\" \/>\n<meta property=\"og:url\" content=\"https:\/\/voxsahel.com\/?p=1759\" \/>\n<meta property=\"og:site_name\" content=\"Vox Sahel\" \/>\n<meta property=\"article:publisher\" content=\"https:\/\/www.facebook.com\/journal.voxsahel\" \/>\n<meta property=\"article:published_time\" content=\"2025-04-15T21:56:03+00:00\" \/>\n<meta property=\"article:modified_time\" content=\"2025-04-15T21:57:06+00:00\" \/>\n<meta property=\"og:image\" content=\"https:\/\/voxsahel.com\/wp-content\/uploads\/2025\/04\/IMG_4917.jpeg\" \/>\n\t<meta property=\"og:image:width\" content=\"720\" \/>\n\t<meta property=\"og:image:height\" content=\"415\" \/>\n\t<meta property=\"og:image:type\" content=\"image\/jpeg\" \/>\n<meta name=\"author\" content=\"Vox Sahel\" \/>\n<meta name=\"twitter:card\" content=\"summary_large_image\" \/>\n<meta name=\"twitter:label1\" content=\"\u00c9crit par\" \/>\n\t<meta name=\"twitter:data1\" content=\"Vox Sahel\" \/>\n\t<meta name=\"twitter:label2\" content=\"Dur\u00e9e de lecture estim\u00e9e\" \/>\n\t<meta name=\"twitter:data2\" content=\"2 minutes\" \/>\n<script type=\"application\/ld+json\" class=\"yoast-schema-graph\">{\"@context\":\"https:\\\/\\\/schema.org\",\"@graph\":[{\"@type\":\"Article\",\"@id\":\"https:\\\/\\\/voxsahel.com\\\/?p=1759#article\",\"isPartOf\":{\"@id\":\"https:\\\/\\\/voxsahel.com\\\/?p=1759\"},\"author\":{\"name\":\"Vox Sahel\",\"@id\":\"https:\\\/\\\/voxsahel.com\\\/#\\\/schema\\\/person\\\/b4043608248f8fa227cd760e7ff1e19e\"},\"headline\":\"\u00c9talons U17 : Le r\u00eave d\u2019un second sacre s\u2019envole face \u00e0 un Mali plus r\u00e9aliste\",\"datePublished\":\"2025-04-15T21:56:03+00:00\",\"dateModified\":\"2025-04-15T21:57:06+00:00\",\"mainEntityOfPage\":{\"@id\":\"https:\\\/\\\/voxsahel.com\\\/?p=1759\"},\"wordCount\":505,\"commentCount\":0,\"publisher\":{\"@id\":\"https:\\\/\\\/voxsahel.com\\\/#organization\"},\"image\":{\"@id\":\"https:\\\/\\\/voxsahel.com\\\/?p=1759#primaryimage\"},\"thumbnailUrl\":\"https:\\\/\\\/voxsahel.com\\\/wp-content\\\/uploads\\\/2025\\\/04\\\/IMG_4917.jpeg\",\"keywords\":[\"Burkina Faso\",\"CAN\",\"CAN Maroc 2025\",\"CAN U17\",\"Coupe d\u2019Afrique des nations\",\"Etalons\",\"F\u00e9d\u00e9ration Burkinab\u00e8 de Football\",\"Football\",\"Sport\"],\"articleSection\":[\"SPORTS\"],\"inLanguage\":\"fr-FR\",\"potentialAction\":[{\"@type\":\"CommentAction\",\"name\":\"Comment\",\"target\":[\"https:\\\/\\\/voxsahel.com\\\/?p=1759#respond\"]}]},{\"@type\":\"WebPage\",\"@id\":\"https:\\\/\\\/voxsahel.com\\\/?p=1759\",\"url\":\"https:\\\/\\\/voxsahel.com\\\/?p=1759\",\"name\":\"\u00c9talons U17 : Le r\u00eave d\u2019un second sacre s\u2019envole face \u00e0 un Mali plus r\u00e9aliste - Vox Sahel\",\"isPartOf\":{\"@id\":\"https:\\\/\\\/voxsahel.com\\\/#website\"},\"primaryImageOfPage\":{\"@id\":\"https:\\\/\\\/voxsahel.com\\\/?p=1759#primaryimage\"},\"image\":{\"@id\":\"https:\\\/\\\/voxsahel.com\\\/?p=1759#primaryimage\"},\"thumbnailUrl\":\"https:\\\/\\\/voxsahel.com\\\/wp-content\\\/uploads\\\/2025\\\/04\\\/IMG_4917.jpeg\",\"datePublished\":\"2025-04-15T21:56:03+00:00\",\"dateModified\":\"2025-04-15T21:57:06+00:00\",\"breadcrumb\":{\"@id\":\"https:\\\/\\\/voxsahel.com\\\/?p=1759#breadcrumb\"},\"inLanguage\":\"fr-FR\",\"potentialAction\":[{\"@type\":\"ReadAction\",\"target\":[\"https:\\\/\\\/voxsahel.com\\\/?p=1759\"]}]},{\"@type\":\"ImageObject\",\"inLanguage\":\"fr-FR\",\"@id\":\"https:\\\/\\\/voxsahel.com\\\/?p=1759#primaryimage\",\"url\":\"https:\\\/\\\/voxsahel.com\\\/wp-content\\\/uploads\\\/2025\\\/04\\\/IMG_4917.jpeg\",\"contentUrl\":\"https:\\\/\\\/voxsahel.com\\\/wp-content\\\/uploads\\\/2025\\\/04\\\/IMG_4917.jpeg\",\"width\":720,\"height\":415},{\"@type\":\"BreadcrumbList\",\"@id\":\"https:\\\/\\\/voxsahel.com\\\/?p=1759#breadcrumb\",\"itemListElement\":[{\"@type\":\"ListItem\",\"position\":1,\"name\":\"Home\",\"item\":\"https:\\\/\\\/voxsahel.com\\\/\"},{\"@type\":\"ListItem\",\"position\":2,\"name\":\"\u00c9talons U17 : Le r\u00eave d\u2019un second sacre s\u2019envole face \u00e0 un Mali plus r\u00e9aliste\"}]},{\"@type\":\"WebSite\",\"@id\":\"https:\\\/\\\/voxsahel.com\\\/#website\",\"url\":\"https:\\\/\\\/voxsahel.com\\\/\",\"name\":\"Vox Sahel\",\"description\":\"Informez-vous sur le Sahel en un clic\",\"publisher\":{\"@id\":\"https:\\\/\\\/voxsahel.com\\\/#organization\"},\"potentialAction\":[{\"@type\":\"SearchAction\",\"target\":{\"@type\":\"EntryPoint\",\"urlTemplate\":\"https:\\\/\\\/voxsahel.com\\\/?s={search_term_string}\"},\"query-input\":{\"@type\":\"PropertyValueSpecification\",\"valueRequired\":true,\"valueName\":\"search_term_string\"}}],\"inLanguage\":\"fr-FR\"},{\"@type\":\"Organization\",\"@id\":\"https:\\\/\\\/voxsahel.com\\\/#organization\",\"name\":\"Vox Sahel\",\"url\":\"https:\\\/\\\/voxsahel.com\\\/\",\"logo\":{\"@type\":\"ImageObject\",\"inLanguage\":\"fr-FR\",\"@id\":\"https:\\\/\\\/voxsahel.com\\\/#\\\/schema\\\/logo\\\/image\\\/\",\"url\":\"https:\\\/\\\/voxsahel.com\\\/wp-content\\\/uploads\\\/2024\\\/09\\\/Logo-Vox-Sahel.jpg\",\"contentUrl\":\"https:\\\/\\\/voxsahel.com\\\/wp-content\\\/uploads\\\/2024\\\/09\\\/Logo-Vox-Sahel.jpg\",\"width\":1181,\"height\":848,\"caption\":\"Vox Sahel\"},\"image\":{\"@id\":\"https:\\\/\\\/voxsahel.com\\\/#\\\/schema\\\/logo\\\/image\\\/\"},\"sameAs\":[\"https:\\\/\\\/www.facebook.com\\\/journal.voxsahel\"]},{\"@type\":\"Person\",\"@id\":\"https:\\\/\\\/voxsahel.com\\\/#\\\/schema\\\/person\\\/b4043608248f8fa227cd760e7ff1e19e\",\"name\":\"Vox Sahel\",\"image\":{\"@type\":\"ImageObject\",\"inLanguage\":\"fr-FR\",\"@id\":\"https:\\\/\\\/secure.gravatar.com\\\/avatar\\\/f70e7fa0cb9b29d4a7c5788d6eb2e9ab4d3135cbae1c9161810fdf77a8964699?s=96&d=mm&r=g\",\"url\":\"https:\\\/\\\/secure.gravatar.com\\\/avatar\\\/f70e7fa0cb9b29d4a7c5788d6eb2e9ab4d3135cbae1c9161810fdf77a8964699?s=96&d=mm&r=g\",\"contentUrl\":\"https:\\\/\\\/secure.gravatar.com\\\/avatar\\\/f70e7fa0cb9b29d4a7c5788d6eb2e9ab4d3135cbae1c9161810fdf77a8964699?s=96&d=mm&r=g\",\"caption\":\"Vox Sahel\"},\"sameAs\":[\"http:\\\/\\\/www.voxsahel.com\"],\"url\":\"https:\\\/\\\/voxsahel.com\\\/?author=2\"}]}<\/script>\n<!-- \/ Yoast SEO plugin. -->","yoast_head_json":{"title":"\u00c9talons U17 : Le r\u00eave d\u2019un second sacre s\u2019envole face \u00e0 un Mali plus r\u00e9aliste - Vox Sahel","robots":{"index":"index","follow":"follow","max-snippet":"max-snippet:-1","max-image-preview":"max-image-preview:large","max-video-preview":"max-video-preview:-1"},"canonical":"https:\/\/voxsahel.com\/?p=1759","og_locale":"fr_FR","og_type":"article","og_title":"\u00c9talons U17 : Le r\u00eave d\u2019un second sacre s\u2019envole face \u00e0 un Mali plus r\u00e9aliste - Vox Sahel","og_description":"Le Burkina Faso ne disputera pas la grande finale de ce tournoi U17. Oppos\u00e9s \u00e0","og_url":"https:\/\/voxsahel.com\/?p=1759","og_site_name":"Vox Sahel","article_publisher":"https:\/\/www.facebook.com\/journal.voxsahel","article_published_time":"2025-04-15T21:56:03+00:00","article_modified_time":"2025-04-15T21:57:06+00:00","og_image":[{"width":720,"height":415,"url":"https:\/\/voxsahel.com\/wp-content\/uploads\/2025\/04\/IMG_4917.jpeg","type":"image\/jpeg"}],"author":"Vox Sahel","twitter_card":"summary_large_image","twitter_misc":{"\u00c9crit par":"Vox Sahel","Dur\u00e9e de lecture estim\u00e9e":"2 minutes"},"schema":{"@context":"https:\/\/schema.org","@graph":[{"@type":"Article","@id":"https:\/\/voxsahel.com\/?p=1759#article","isPartOf":{"@id":"https:\/\/voxsahel.com\/?p=1759"},"author":{"name":"Vox Sahel","@id":"https:\/\/voxsahel.com\/#\/schema\/person\/b4043608248f8fa227cd760e7ff1e19e"},"headline":"\u00c9talons U17 : Le r\u00eave d\u2019un second sacre s\u2019envole face \u00e0 un Mali plus r\u00e9aliste","datePublished":"2025-04-15T21:56:03+00:00","dateModified":"2025-04-15T21:57:06+00:00","mainEntityOfPage":{"@id":"https:\/\/voxsahel.com\/?p=1759"},"wordCount":505,"commentCount":0,"publisher":{"@id":"https:\/\/voxsahel.com\/#organization"},"image":{"@id":"https:\/\/voxsahel.com\/?p=1759#primaryimage"},"thumbnailUrl":"https:\/\/voxsahel.com\/wp-content\/uploads\/2025\/04\/IMG_4917.jpeg","keywords":["Burkina Faso","CAN","CAN Maroc 2025","CAN U17","Coupe d\u2019Afrique des nations","Etalons","F\u00e9d\u00e9ration Burkinab\u00e8 de Football","Football","Sport"],"articleSection":["SPORTS"],"inLanguage":"fr-FR","potentialAction":[{"@type":"CommentAction","name":"Comment","target":["https:\/\/voxsahel.com\/?p=1759#respond"]}]},{"@type":"WebPage","@id":"https:\/\/voxsahel.com\/?p=1759","url":"https:\/\/voxsahel.com\/?p=1759","name":"\u00c9talons U17 : Le r\u00eave d\u2019un second sacre s\u2019envole face \u00e0 un Mali plus r\u00e9aliste - Vox Sahel","isPartOf":{"@id":"https:\/\/voxsahel.com\/#website"},"primaryImageOfPage":{"@id":"https:\/\/voxsahel.com\/?p=1759#primaryimage"},"image":{"@id":"https:\/\/voxsahel.com\/?p=1759#primaryimage"},"thumbnailUrl":"https:\/\/voxsahel.com\/wp-content\/uploads\/2025\/04\/IMG_4917.jpeg","datePublished":"2025-04-15T21:56:03+00:00","dateModified":"2025-04-15T21:57:06+00:00","breadcrumb":{"@id":"https:\/\/voxsahel.com\/?p=1759#breadcrumb"},"inLanguage":"fr-FR","potentialAction":[{"@type":"ReadAction","target":["https:\/\/voxsahel.com\/?p=1759"]}]},{"@type":"ImageObject","inLanguage":"fr-FR","@id":"https:\/\/voxsahel.com\/?p=1759#primaryimage","url":"https:\/\/voxsahel.com\/wp-content\/uploads\/2025\/04\/IMG_4917.jpeg","contentUrl":"https:\/\/voxsahel.com\/wp-content\/uploads\/2025\/04\/IMG_4917.jpeg","width":720,"height":415},{"@type":"BreadcrumbList","@id":"https:\/\/voxsahel.com\/?p=1759#breadcrumb","itemListElement":[{"@type":"ListItem","position":1,"name":"Home","item":"https:\/\/voxsahel.com\/"},{"@type":"ListItem","position":2,"name":"\u00c9talons U17 : Le r\u00eave d\u2019un second sacre s\u2019envole face \u00e0 un Mali plus r\u00e9aliste"}]},{"@type":"WebSite","@id":"https:\/\/voxsahel.com\/#website","url":"https:\/\/voxsahel.com\/","name":"Vox Sahel","description":"Informez-vous sur le Sahel en un clic","publisher":{"@id":"https:\/\/voxsahel.com\/#organization"},"potentialAction":[{"@type":"SearchAction","target":{"@type":"EntryPoint","urlTemplate":"https:\/\/voxsahel.com\/?s={search_term_string}"},"query-input":{"@type":"PropertyValueSpecification","valueRequired":true,"valueName":"search_term_string"}}],"inLanguage":"fr-FR"},{"@type":"Organization","@id":"https:\/\/voxsahel.com\/#organization","name":"Vox Sahel","url":"https:\/\/voxsahel.com\/","logo":{"@type":"ImageObject","inLanguage":"fr-FR","@id":"https:\/\/voxsahel.com\/#\/schema\/logo\/image\/","url":"https:\/\/voxsahel.com\/wp-content\/uploads\/2024\/09\/Logo-Vox-Sahel.jpg","contentUrl":"https:\/\/voxsahel.com\/wp-content\/uploads\/2024\/09\/Logo-Vox-Sahel.jpg","width":1181,"height":848,"caption":"Vox Sahel"},"image":{"@id":"https:\/\/voxsahel.com\/#\/schema\/logo\/image\/"},"sameAs":["https:\/\/www.facebook.com\/journal.voxsahel"]},{"@type":"Person","@id":"https:\/\/voxsahel.com\/#\/schema\/person\/b4043608248f8fa227cd760e7ff1e19e","name":"Vox Sahel","image":{"@type":"ImageObject","inLanguage":"fr-FR","@id":"https:\/\/secure.gravatar.com\/avatar\/f70e7fa0cb9b29d4a7c5788d6eb2e9ab4d3135cbae1c9161810fdf77a8964699?s=96&d=mm&r=g","url":"https:\/\/secure.gravatar.com\/avatar\/f70e7fa0cb9b29d4a7c5788d6eb2e9ab4d3135cbae1c9161810fdf77a8964699?s=96&d=mm&r=g","contentUrl":"https:\/\/secure.gravatar.com\/avatar\/f70e7fa0cb9b29d4a7c5788d6eb2e9ab4d3135cbae1c9161810fdf77a8964699?s=96&d=mm&r=g","caption":"Vox Sahel"},"sameAs":["http:\/\/www.voxsahel.com"],"url":"https:\/\/voxsahel.com\/?author=2"}]}},"_links":{"self":[{"href":"https:\/\/voxsahel.com\/index.php?rest_route=\/wp\/v2\/posts\/1759","targetHints":{"allow":["GET"]}}],"collection":[{"href":"https:\/\/voxsahel.com\/index.php?rest_route=\/wp\/v2\/posts"}],"about":[{"href":"https:\/\/voxsahel.com\/index.php?rest_route=\/wp\/v2\/types\/post"}],"author":[{"embeddable":true,"href":"https:\/\/voxsahel.com\/index.php?rest_route=\/wp\/v2\/users\/2"}],"replies":[{"embeddable":true,"href":"https:\/\/voxsahel.com\/index.php?rest_route=%2Fwp%2Fv2%2Fcomments&post=1759"}],"version-history":[{"count":1,"href":"https:\/\/voxsahel.com\/index.php?rest_route=\/wp\/v2\/posts\/1759\/revisions"}],"predecessor-version":[{"id":1761,"href":"https:\/\/voxsahel.com\/index.php?rest_route=\/wp\/v2\/posts\/1759\/revisions\/1761"}],"wp:featuredmedia":[{"embeddable":true,"href":"https:\/\/voxsahel.com\/index.php?rest_route=\/wp\/v2\/media\/1762"}],"wp:attachment":[{"href":"https:\/\/voxsahel.com\/index.php?rest_route=%2Fwp%2Fv2%2Fmedia&parent=1759"}],"wp:term":[{"taxonomy":"category","embeddable":true,"href":"https:\/\/voxsahel.com\/index.php?rest_route=%2Fwp%2Fv2%2Fcategories&post=1759"},{"taxonomy":"post_tag","embeddable":true,"href":"https:\/\/voxsahel.com\/index.php?rest_route=%2Fwp%2Fv2%2Ftags&post=1759"}],"curies":[{"name":"wp","href":"https:\/\/api.w.org\/{rel}","templated":true}]}}