{"id":1756,"date":"2025-04-15T16:41:12","date_gmt":"2025-04-15T16:41:12","guid":{"rendered":"https:\/\/voxsahel.com\/?p=1756"},"modified":"2025-04-15T16:41:12","modified_gmt":"2025-04-15T16:41:12","slug":"mise-en-place-de-la-force-unifiee-de-laes-le-compte-rendu-fait-au-president-du-faso-par-les-chefs-detat-major-generaux-des-armees","status":"publish","type":"post","link":"https:\/\/voxsahel.com\/?p=1756","title":{"rendered":"Mise en place de la force unifi\u00e9e de l\u2019AES : le compte rendu fait au Pr\u00e9sident du Faso par les Chefs d\u2019\u00c9tat-major g\u00e9n\u00e9raux des arm\u00e9es"},"content":{"rendered":"<p><strong> Le Pr\u00e9sident du Faso, Chef de l\u2019\u00c9tat, le Capitaine Ibrahim TRAORE a re\u00e7u en audience ce mardi, le comit\u00e9 des Chefs d\u2019\u00c9tat-major g\u00e9n\u00e9raux des arm\u00e9es de la Conf\u00e9d\u00e9ration des \u00c9tats du Sahel (AES).<\/strong><\/p>\n<p>Pr\u00e9sents \u00e0 Ouagadougou, dans le cadre de la continuit\u00e9 des engagements communs des trois \u00c9tats d\u2019\u00e9radiquer le terrorisme, les Chefs d\u2019\u00c9tat-major g\u00e9n\u00e9raux des arm\u00e9es ont fait le point des conclusions de leur rencontre au Capitaine Ibrahim TRAORE.<\/p>\n<p>\u00ab Nous ressortons tr\u00e8s satisfaits et ragaillardis par les orientations et les directives qui ont \u00e9t\u00e9 donn\u00e9es par le Pr\u00e9sident du Faso. A chaque fois, quand on vient voir le politique, \u00e7a nous donne aussi beaucoup d\u2019ardeur dans la mise en \u0153uvre de la force unifi\u00e9e de l\u2019AES, objet de notre rencontre \u00e0 Ouagadougou \u00bb, se r\u00e9jouit le G\u00e9n\u00e9ral de division Oumar DIARRA, Chef d\u2019\u00c9tat-major g\u00e9n\u00e9ral des Arm\u00e9es (CEMGA) de la R\u00e9publique du Mali, pr\u00e9sident du Comit\u00e9 des Chefs d\u2019\u00c9tat-major de l\u2019AES.<\/p>\n<p><strong>Mont\u00e9e en puissance des forces de l\u2019AES pour une victoire certaine sur le terrorisme<\/strong><\/p>\n<p>Selon le G\u00e9n\u00e9ral DIARRA, la d\u00e9l\u00e9gation a \u00e9galement rendu compte au Chef de l\u2019\u00c9tat de l\u2019examen du protocole additionnel de la force de l\u2019AES et des deux op\u00e9rations Y\u00e9r\u00e9ko 1 et 2 men\u00e9es dans la zone des trois fronti\u00e8res ainsi que des perspectives d\u2019autres op\u00e9rations.<\/p>\n<p>Les Chefs d\u2019\u00c9tat-major g\u00e9n\u00e9raux des arm\u00e9es de l\u2019AES invitent les populations de la Conf\u00e9d\u00e9ration \u00e0 toujours faire confiance aux trois Chefs d\u2019\u00c9tats et aux forces de l\u2019AES. \u00ab Nous sommes d\u00e9cid\u00e9s et d\u00e9termin\u00e9s. Nous rassurons que la force de l\u2019AES est en train de monter en puissance. Les terroristes changent de mode d\u2019action quotidiennement. Nous nous adaptons aussi \u00e0 ce mode d\u2019action. Je puis vous dire que la victoire est au profit des forces de l\u2019AES \u00bb, rassure le CEMGA du Mali.<\/p>\n<p>En marge de la rencontre de Ouagadougou des Chefs d\u2019\u00c9tat-major g\u00e9n\u00e9raux de l\u2019AES, les Chefs d\u2019\u00c9tat-major de l\u2019arm\u00e9e de l\u2019air de la conf\u00e9d\u00e9ration sont r\u00e9unis \u00e0 Bamako au Mali pour mutualiser les moyens \u00e0 mesure de d\u00e9fendre l\u2019espace AES.<\/p>\n<p style=\"text-align: right;\"><strong>Direction de la Communication de la Pr\u00e9sidence du Faso<\/strong><\/p>\n","protected":false},"excerpt":{"rendered":"<p>Le Pr\u00e9sident du Faso, Chef de l\u2019\u00c9tat, le Capitaine Ibrahim TRAORE a re\u00e7u en audience<\/p>\n","protected":false},"author":2,"featured_media":1757,"comment_status":"open","ping_status":"open","sticky":false,"template":"","format":"standard","meta":{"_et_pb_use_builder":"","_et_pb_old_content":"","_et_gb_content_width":"","footnotes":""},"categories":[6],"tags":[356,61,62,124,18,174,123,236,305,31,60,20],"class_list":["post-1756","post","type-post","status-publish","format-standard","has-post-thumbnail","hentry","category-politique","tag-abdourahamane-tiani","tag-aes","tag-alliance-des-etats-du-sahel","tag-assimi-goita","tag-burkina-faso","tag-capitaine-ibrahim-traore","tag-confederation-de-lalliances-des-etats-du-sahel","tag-forces-armees-maliennes","tag-forces-armees-nationales-du-burkina-faso","tag-mali","tag-niger","tag-terrorisme"],"yoast_head":"<!-- This site is optimized with the Yoast SEO plugin v27.5 - https:\/\/yoast.com\/product\/yoast-seo-wordpress\/ -->\n<title>Mise en place de la force unifi\u00e9e de l\u2019AES : le compte rendu fait au Pr\u00e9sident du Faso par les Chefs d\u2019\u00c9tat-major g\u00e9n\u00e9raux des arm\u00e9es - Vox Sahel<\/title>\n<meta name=\"robots\" content=\"index, follow, max-snippet:-1, max-image-preview:large, max-video-preview:-1\" \/>\n<link rel=\"canonical\" href=\"https:\/\/voxsahel.com\/?p=1756\" \/>\n<meta property=\"og:locale\" content=\"fr_FR\" \/>\n<meta property=\"og:type\" content=\"article\" \/>\n<meta property=\"og:title\" content=\"Mise en place de la force unifi\u00e9e de l\u2019AES : le compte rendu fait au Pr\u00e9sident du Faso par les Chefs d\u2019\u00c9tat-major g\u00e9n\u00e9raux des arm\u00e9es - Vox Sahel\" \/>\n<meta property=\"og:description\" content=\"Le Pr\u00e9sident du Faso, Chef de l\u2019\u00c9tat, le Capitaine Ibrahim TRAORE a re\u00e7u en audience\" \/>\n<meta property=\"og:url\" content=\"https:\/\/voxsahel.com\/?p=1756\" \/>\n<meta property=\"og:site_name\" content=\"Vox Sahel\" \/>\n<meta property=\"article:publisher\" content=\"https:\/\/www.facebook.com\/journal.voxsahel\" \/>\n<meta property=\"article:published_time\" content=\"2025-04-15T16:41:12+00:00\" \/>\n<meta property=\"og:image\" content=\"https:\/\/voxsahel.com\/wp-content\/uploads\/2025\/04\/WhatsApp-Image-2025-04-15-at-16.32.12.jpeg\" \/>\n\t<meta property=\"og:image:width\" content=\"1600\" \/>\n\t<meta property=\"og:image:height\" content=\"1067\" \/>\n\t<meta property=\"og:image:type\" content=\"image\/jpeg\" \/>\n<meta name=\"author\" content=\"Vox Sahel\" \/>\n<meta name=\"twitter:card\" content=\"summary_large_image\" \/>\n<meta name=\"twitter:label1\" content=\"\u00c9crit par\" \/>\n\t<meta name=\"twitter:data1\" content=\"Vox Sahel\" \/>\n\t<meta name=\"twitter:label2\" content=\"Dur\u00e9e de lecture estim\u00e9e\" \/>\n\t<meta name=\"twitter:data2\" content=\"2 minutes\" \/>\n<script type=\"application\/ld+json\" class=\"yoast-schema-graph\">{\"@context\":\"https:\\\/\\\/schema.org\",\"@graph\":[{\"@type\":\"Article\",\"@id\":\"https:\\\/\\\/voxsahel.com\\\/?p=1756#article\",\"isPartOf\":{\"@id\":\"https:\\\/\\\/voxsahel.com\\\/?p=1756\"},\"author\":{\"name\":\"Vox Sahel\",\"@id\":\"https:\\\/\\\/voxsahel.com\\\/#\\\/schema\\\/person\\\/b4043608248f8fa227cd760e7ff1e19e\"},\"headline\":\"Mise en place de la force unifi\u00e9e de l\u2019AES : le compte rendu fait au Pr\u00e9sident du Faso par les Chefs d\u2019\u00c9tat-major g\u00e9n\u00e9raux des arm\u00e9es\",\"datePublished\":\"2025-04-15T16:41:12+00:00\",\"mainEntityOfPage\":{\"@id\":\"https:\\\/\\\/voxsahel.com\\\/?p=1756\"},\"wordCount\":439,\"commentCount\":0,\"publisher\":{\"@id\":\"https:\\\/\\\/voxsahel.com\\\/#organization\"},\"image\":{\"@id\":\"https:\\\/\\\/voxsahel.com\\\/?p=1756#primaryimage\"},\"thumbnailUrl\":\"https:\\\/\\\/voxsahel.com\\\/wp-content\\\/uploads\\\/2025\\\/04\\\/WhatsApp-Image-2025-04-15-at-16.32.12.jpeg\",\"keywords\":[\"Abdourahamane Tiani\",\"AES\",\"Alliance des \u00c9tats du Sahel\",\"Assimi GO\u00cfTA\",\"Burkina Faso\",\"Capitaine Ibrahim Traor\u00e9\",\"Conf\u00e9d\u00e9ration de l\u2019Alliances des \u00c9tats du Sahel\",\"Forces Arm\u00e9es Maliennes\",\"Forces arm\u00e9es nationales du Burkina Faso\",\"Mali\",\"Niger\",\"Terrorisme\"],\"articleSection\":[\"POLITIQUE\"],\"inLanguage\":\"fr-FR\",\"potentialAction\":[{\"@type\":\"CommentAction\",\"name\":\"Comment\",\"target\":[\"https:\\\/\\\/voxsahel.com\\\/?p=1756#respond\"]}]},{\"@type\":\"WebPage\",\"@id\":\"https:\\\/\\\/voxsahel.com\\\/?p=1756\",\"url\":\"https:\\\/\\\/voxsahel.com\\\/?p=1756\",\"name\":\"Mise en place de la force unifi\u00e9e de l\u2019AES : le compte rendu fait au Pr\u00e9sident du Faso par les Chefs d\u2019\u00c9tat-major g\u00e9n\u00e9raux des arm\u00e9es - Vox Sahel\",\"isPartOf\":{\"@id\":\"https:\\\/\\\/voxsahel.com\\\/#website\"},\"primaryImageOfPage\":{\"@id\":\"https:\\\/\\\/voxsahel.com\\\/?p=1756#primaryimage\"},\"image\":{\"@id\":\"https:\\\/\\\/voxsahel.com\\\/?p=1756#primaryimage\"},\"thumbnailUrl\":\"https:\\\/\\\/voxsahel.com\\\/wp-content\\\/uploads\\\/2025\\\/04\\\/WhatsApp-Image-2025-04-15-at-16.32.12.jpeg\",\"datePublished\":\"2025-04-15T16:41:12+00:00\",\"breadcrumb\":{\"@id\":\"https:\\\/\\\/voxsahel.com\\\/?p=1756#breadcrumb\"},\"inLanguage\":\"fr-FR\",\"potentialAction\":[{\"@type\":\"ReadAction\",\"target\":[\"https:\\\/\\\/voxsahel.com\\\/?p=1756\"]}]},{\"@type\":\"ImageObject\",\"inLanguage\":\"fr-FR\",\"@id\":\"https:\\\/\\\/voxsahel.com\\\/?p=1756#primaryimage\",\"url\":\"https:\\\/\\\/voxsahel.com\\\/wp-content\\\/uploads\\\/2025\\\/04\\\/WhatsApp-Image-2025-04-15-at-16.32.12.jpeg\",\"contentUrl\":\"https:\\\/\\\/voxsahel.com\\\/wp-content\\\/uploads\\\/2025\\\/04\\\/WhatsApp-Image-2025-04-15-at-16.32.12.jpeg\",\"width\":1600,\"height\":1067,\"caption\":\"Mise en place de la force unifi\u00e9e de l\u2019AES : le compte rendu fait au Pr\u00e9sident du Faso par les Chefs d\u2019\u00c9tat-major g\u00e9n\u00e9raux des arm\u00e9es\"},{\"@type\":\"BreadcrumbList\",\"@id\":\"https:\\\/\\\/voxsahel.com\\\/?p=1756#breadcrumb\",\"itemListElement\":[{\"@type\":\"ListItem\",\"position\":1,\"name\":\"Home\",\"item\":\"https:\\\/\\\/voxsahel.com\\\/\"},{\"@type\":\"ListItem\",\"position\":2,\"name\":\"Mise en place de la force unifi\u00e9e de l\u2019AES : le compte rendu fait au Pr\u00e9sident du Faso par les Chefs d\u2019\u00c9tat-major g\u00e9n\u00e9raux des arm\u00e9es\"}]},{\"@type\":\"WebSite\",\"@id\":\"https:\\\/\\\/voxsahel.com\\\/#website\",\"url\":\"https:\\\/\\\/voxsahel.com\\\/\",\"name\":\"Vox Sahel\",\"description\":\"Informez-vous sur le Sahel en un clic\",\"publisher\":{\"@id\":\"https:\\\/\\\/voxsahel.com\\\/#organization\"},\"potentialAction\":[{\"@type\":\"SearchAction\",\"target\":{\"@type\":\"EntryPoint\",\"urlTemplate\":\"https:\\\/\\\/voxsahel.com\\\/?s={search_term_string}\"},\"query-input\":{\"@type\":\"PropertyValueSpecification\",\"valueRequired\":true,\"valueName\":\"search_term_string\"}}],\"inLanguage\":\"fr-FR\"},{\"@type\":\"Organization\",\"@id\":\"https:\\\/\\\/voxsahel.com\\\/#organization\",\"name\":\"Vox Sahel\",\"url\":\"https:\\\/\\\/voxsahel.com\\\/\",\"logo\":{\"@type\":\"ImageObject\",\"inLanguage\":\"fr-FR\",\"@id\":\"https:\\\/\\\/voxsahel.com\\\/#\\\/schema\\\/logo\\\/image\\\/\",\"url\":\"https:\\\/\\\/voxsahel.com\\\/wp-content\\\/uploads\\\/2024\\\/09\\\/Logo-Vox-Sahel.jpg\",\"contentUrl\":\"https:\\\/\\\/voxsahel.com\\\/wp-content\\\/uploads\\\/2024\\\/09\\\/Logo-Vox-Sahel.jpg\",\"width\":1181,\"height\":848,\"caption\":\"Vox Sahel\"},\"image\":{\"@id\":\"https:\\\/\\\/voxsahel.com\\\/#\\\/schema\\\/logo\\\/image\\\/\"},\"sameAs\":[\"https:\\\/\\\/www.facebook.com\\\/journal.voxsahel\"]},{\"@type\":\"Person\",\"@id\":\"https:\\\/\\\/voxsahel.com\\\/#\\\/schema\\\/person\\\/b4043608248f8fa227cd760e7ff1e19e\",\"name\":\"Vox Sahel\",\"image\":{\"@type\":\"ImageObject\",\"inLanguage\":\"fr-FR\",\"@id\":\"https:\\\/\\\/secure.gravatar.com\\\/avatar\\\/f70e7fa0cb9b29d4a7c5788d6eb2e9ab4d3135cbae1c9161810fdf77a8964699?s=96&d=mm&r=g\",\"url\":\"https:\\\/\\\/secure.gravatar.com\\\/avatar\\\/f70e7fa0cb9b29d4a7c5788d6eb2e9ab4d3135cbae1c9161810fdf77a8964699?s=96&d=mm&r=g\",\"contentUrl\":\"https:\\\/\\\/secure.gravatar.com\\\/avatar\\\/f70e7fa0cb9b29d4a7c5788d6eb2e9ab4d3135cbae1c9161810fdf77a8964699?s=96&d=mm&r=g\",\"caption\":\"Vox Sahel\"},\"sameAs\":[\"http:\\\/\\\/www.voxsahel.com\"],\"url\":\"https:\\\/\\\/voxsahel.com\\\/?author=2\"}]}<\/script>\n<!-- \/ Yoast SEO plugin. -->","yoast_head_json":{"title":"Mise en place de la force unifi\u00e9e de l\u2019AES : le compte rendu fait au Pr\u00e9sident du Faso par les Chefs d\u2019\u00c9tat-major g\u00e9n\u00e9raux des arm\u00e9es - Vox Sahel","robots":{"index":"index","follow":"follow","max-snippet":"max-snippet:-1","max-image-preview":"max-image-preview:large","max-video-preview":"max-video-preview:-1"},"canonical":"https:\/\/voxsahel.com\/?p=1756","og_locale":"fr_FR","og_type":"article","og_title":"Mise en place de la force unifi\u00e9e de l\u2019AES : le compte rendu fait au Pr\u00e9sident du Faso par les Chefs d\u2019\u00c9tat-major g\u00e9n\u00e9raux des arm\u00e9es - Vox Sahel","og_description":"Le Pr\u00e9sident du Faso, Chef de l\u2019\u00c9tat, le Capitaine Ibrahim TRAORE a re\u00e7u en audience","og_url":"https:\/\/voxsahel.com\/?p=1756","og_site_name":"Vox Sahel","article_publisher":"https:\/\/www.facebook.com\/journal.voxsahel","article_published_time":"2025-04-15T16:41:12+00:00","og_image":[{"width":1600,"height":1067,"url":"https:\/\/voxsahel.com\/wp-content\/uploads\/2025\/04\/WhatsApp-Image-2025-04-15-at-16.32.12.jpeg","type":"image\/jpeg"}],"author":"Vox Sahel","twitter_card":"summary_large_image","twitter_misc":{"\u00c9crit par":"Vox Sahel","Dur\u00e9e de lecture estim\u00e9e":"2 minutes"},"schema":{"@context":"https:\/\/schema.org","@graph":[{"@type":"Article","@id":"https:\/\/voxsahel.com\/?p=1756#article","isPartOf":{"@id":"https:\/\/voxsahel.com\/?p=1756"},"author":{"name":"Vox Sahel","@id":"https:\/\/voxsahel.com\/#\/schema\/person\/b4043608248f8fa227cd760e7ff1e19e"},"headline":"Mise en place de la force unifi\u00e9e de l\u2019AES : le compte rendu fait au Pr\u00e9sident du Faso par les Chefs d\u2019\u00c9tat-major g\u00e9n\u00e9raux des arm\u00e9es","datePublished":"2025-04-15T16:41:12+00:00","mainEntityOfPage":{"@id":"https:\/\/voxsahel.com\/?p=1756"},"wordCount":439,"commentCount":0,"publisher":{"@id":"https:\/\/voxsahel.com\/#organization"},"image":{"@id":"https:\/\/voxsahel.com\/?p=1756#primaryimage"},"thumbnailUrl":"https:\/\/voxsahel.com\/wp-content\/uploads\/2025\/04\/WhatsApp-Image-2025-04-15-at-16.32.12.jpeg","keywords":["Abdourahamane Tiani","AES","Alliance des \u00c9tats du Sahel","Assimi GO\u00cfTA","Burkina Faso","Capitaine Ibrahim Traor\u00e9","Conf\u00e9d\u00e9ration de l\u2019Alliances des \u00c9tats du Sahel","Forces Arm\u00e9es Maliennes","Forces arm\u00e9es nationales du Burkina Faso","Mali","Niger","Terrorisme"],"articleSection":["POLITIQUE"],"inLanguage":"fr-FR","potentialAction":[{"@type":"CommentAction","name":"Comment","target":["https:\/\/voxsahel.com\/?p=1756#respond"]}]},{"@type":"WebPage","@id":"https:\/\/voxsahel.com\/?p=1756","url":"https:\/\/voxsahel.com\/?p=1756","name":"Mise en place de la force unifi\u00e9e de l\u2019AES : le compte rendu fait au Pr\u00e9sident du Faso par les Chefs d\u2019\u00c9tat-major g\u00e9n\u00e9raux des arm\u00e9es - Vox Sahel","isPartOf":{"@id":"https:\/\/voxsahel.com\/#website"},"primaryImageOfPage":{"@id":"https:\/\/voxsahel.com\/?p=1756#primaryimage"},"image":{"@id":"https:\/\/voxsahel.com\/?p=1756#primaryimage"},"thumbnailUrl":"https:\/\/voxsahel.com\/wp-content\/uploads\/2025\/04\/WhatsApp-Image-2025-04-15-at-16.32.12.jpeg","datePublished":"2025-04-15T16:41:12+00:00","breadcrumb":{"@id":"https:\/\/voxsahel.com\/?p=1756#breadcrumb"},"inLanguage":"fr-FR","potentialAction":[{"@type":"ReadAction","target":["https:\/\/voxsahel.com\/?p=1756"]}]},{"@type":"ImageObject","inLanguage":"fr-FR","@id":"https:\/\/voxsahel.com\/?p=1756#primaryimage","url":"https:\/\/voxsahel.com\/wp-content\/uploads\/2025\/04\/WhatsApp-Image-2025-04-15-at-16.32.12.jpeg","contentUrl":"https:\/\/voxsahel.com\/wp-content\/uploads\/2025\/04\/WhatsApp-Image-2025-04-15-at-16.32.12.jpeg","width":1600,"height":1067,"caption":"Mise en place de la force unifi\u00e9e de l\u2019AES : le compte rendu fait au Pr\u00e9sident du Faso par les Chefs d\u2019\u00c9tat-major g\u00e9n\u00e9raux des arm\u00e9es"},{"@type":"BreadcrumbList","@id":"https:\/\/voxsahel.com\/?p=1756#breadcrumb","itemListElement":[{"@type":"ListItem","position":1,"name":"Home","item":"https:\/\/voxsahel.com\/"},{"@type":"ListItem","position":2,"name":"Mise en place de la force unifi\u00e9e de l\u2019AES : le compte rendu fait au Pr\u00e9sident du Faso par les Chefs d\u2019\u00c9tat-major g\u00e9n\u00e9raux des arm\u00e9es"}]},{"@type":"WebSite","@id":"https:\/\/voxsahel.com\/#website","url":"https:\/\/voxsahel.com\/","name":"Vox Sahel","description":"Informez-vous sur le Sahel en un clic","publisher":{"@id":"https:\/\/voxsahel.com\/#organization"},"potentialAction":[{"@type":"SearchAction","target":{"@type":"EntryPoint","urlTemplate":"https:\/\/voxsahel.com\/?s={search_term_string}"},"query-input":{"@type":"PropertyValueSpecification","valueRequired":true,"valueName":"search_term_string"}}],"inLanguage":"fr-FR"},{"@type":"Organization","@id":"https:\/\/voxsahel.com\/#organization","name":"Vox Sahel","url":"https:\/\/voxsahel.com\/","logo":{"@type":"ImageObject","inLanguage":"fr-FR","@id":"https:\/\/voxsahel.com\/#\/schema\/logo\/image\/","url":"https:\/\/voxsahel.com\/wp-content\/uploads\/2024\/09\/Logo-Vox-Sahel.jpg","contentUrl":"https:\/\/voxsahel.com\/wp-content\/uploads\/2024\/09\/Logo-Vox-Sahel.jpg","width":1181,"height":848,"caption":"Vox Sahel"},"image":{"@id":"https:\/\/voxsahel.com\/#\/schema\/logo\/image\/"},"sameAs":["https:\/\/www.facebook.com\/journal.voxsahel"]},{"@type":"Person","@id":"https:\/\/voxsahel.com\/#\/schema\/person\/b4043608248f8fa227cd760e7ff1e19e","name":"Vox Sahel","image":{"@type":"ImageObject","inLanguage":"fr-FR","@id":"https:\/\/secure.gravatar.com\/avatar\/f70e7fa0cb9b29d4a7c5788d6eb2e9ab4d3135cbae1c9161810fdf77a8964699?s=96&d=mm&r=g","url":"https:\/\/secure.gravatar.com\/avatar\/f70e7fa0cb9b29d4a7c5788d6eb2e9ab4d3135cbae1c9161810fdf77a8964699?s=96&d=mm&r=g","contentUrl":"https:\/\/secure.gravatar.com\/avatar\/f70e7fa0cb9b29d4a7c5788d6eb2e9ab4d3135cbae1c9161810fdf77a8964699?s=96&d=mm&r=g","caption":"Vox Sahel"},"sameAs":["http:\/\/www.voxsahel.com"],"url":"https:\/\/voxsahel.com\/?author=2"}]}},"_links":{"self":[{"href":"https:\/\/voxsahel.com\/index.php?rest_route=\/wp\/v2\/posts\/1756","targetHints":{"allow":["GET"]}}],"collection":[{"href":"https:\/\/voxsahel.com\/index.php?rest_route=\/wp\/v2\/posts"}],"about":[{"href":"https:\/\/voxsahel.com\/index.php?rest_route=\/wp\/v2\/types\/post"}],"author":[{"embeddable":true,"href":"https:\/\/voxsahel.com\/index.php?rest_route=\/wp\/v2\/users\/2"}],"replies":[{"embeddable":true,"href":"https:\/\/voxsahel.com\/index.php?rest_route=%2Fwp%2Fv2%2Fcomments&post=1756"}],"version-history":[{"count":1,"href":"https:\/\/voxsahel.com\/index.php?rest_route=\/wp\/v2\/posts\/1756\/revisions"}],"predecessor-version":[{"id":1758,"href":"https:\/\/voxsahel.com\/index.php?rest_route=\/wp\/v2\/posts\/1756\/revisions\/1758"}],"wp:featuredmedia":[{"embeddable":true,"href":"https:\/\/voxsahel.com\/index.php?rest_route=\/wp\/v2\/media\/1757"}],"wp:attachment":[{"href":"https:\/\/voxsahel.com\/index.php?rest_route=%2Fwp%2Fv2%2Fmedia&parent=1756"}],"wp:term":[{"taxonomy":"category","embeddable":true,"href":"https:\/\/voxsahel.com\/index.php?rest_route=%2Fwp%2Fv2%2Fcategories&post=1756"},{"taxonomy":"post_tag","embeddable":true,"href":"https:\/\/voxsahel.com\/index.php?rest_route=%2Fwp%2Fv2%2Ftags&post=1756"}],"curies":[{"name":"wp","href":"https:\/\/api.w.org\/{rel}","templated":true}]}}