{"id":1734,"date":"2025-04-09T16:08:12","date_gmt":"2025-04-09T16:08:12","guid":{"rendered":"https:\/\/voxsahel.com\/?p=1734"},"modified":"2025-04-09T16:08:12","modified_gmt":"2025-04-09T16:08:12","slug":"can-u17-quart-de-finale-burkina-faso-vs-zambie-tout-le-monde-est-determine-a-ce-quon-reparte-avec-le-trophee-pour-notre-peuple-oscar-barro","status":"publish","type":"post","link":"https:\/\/voxsahel.com\/?p=1734","title":{"rendered":"CAN U17 \u2013 Quart de finale : Burkina Faso vs Zambie \u00ab Tout le monde est d\u00e9termin\u00e9 \u00e0 ce qu\u2019on reparte avec le troph\u00e9e pour notre peuple \u00bb, Oscar Barro"},"content":{"rendered":"<p class=\"p1\">Le ton est donn\u00e9 \u00e0 la veille du choc tr\u00e8s attendu des quarts de finale de la Coupe d\u2019Afrique des Nations U17 entre les \u00c9talons cadets du Burkina Faso et les jeunes Chipolopolos de la Zambie. \u00c0 la conf\u00e9rence de presse d\u2019avant-match tenue ce mercredi \u00e0 Casablanca, les deux s\u00e9lections ont affich\u00e9 une d\u00e9termination sans faille \u00e0 franchir cette \u00e9tape cruciale vers le sacre continental.<\/p>\n<p class=\"p1\"><span class=\"s2\">Pour le s\u00e9lectionneur burkinab\u00e8 Oscar Barro, plus question de se cacher : \u00ab Toutes les \u00e9quipes qui vont rencontrer le Burkina sauront qu\u2019elles ont rencontr\u00e9 une \u00e9quipe. Il n\u2019y a plus \u00e0 se cacher. Il faut aller chercher le troph\u00e9e. Tout le monde est d\u00e9termin\u00e9 \u00e0 ce qu\u2019on reparte avec le troph\u00e9e pour notre peuple. \u00bb<\/span><\/p>\n<p class=\"p1\"><span class=\"s2\">Conscient de l\u2019enjeu et des qualit\u00e9s de l\u2019adversaire, le coach des \u00c9talons reste toutefois prudent. \u00ab Pour ce match c\u2019est du 50\/50. La Zambie est une \u00e9quipe solide, tr\u00e8s athl\u00e9tique. Nous allons \u00eatre confront\u00e9s \u00e0 un autre style de jeu et nous sommes pr\u00e9par\u00e9s en cons\u00e9quence. \u00bb Il insiste \u00e9galement sur l\u2019aspect mental de la rencontre : \u00ab Il faut jouer ces genres de matchs avec double face. Il faut le jouer dans la t\u00eate et sur le terrain. Il faut surtout tout donner pour ne pas avoir \u00e0 regretter apr\u00e8s. \u00bb<\/span><\/p>\n<p class=\"p1\"><span class=\"s2\">\u00c0 ses c\u00f4t\u00e9s, le milieu de terrain Mohamed Fofana a tenu \u00e0 rassurer sur l\u2019\u00e9tat d\u2019esprit du groupe : \u00ab Tout le monde est motiv\u00e9 pour la victoire demain. L\u2019\u00e9tat d\u2019esprit est tr\u00e8s bon. \u00bb<\/span><\/p>\n<p class=\"p1\"><span class=\"s2\">C\u00f4t\u00e9 zambien, la confiance r\u00e8gne \u00e9galement. L\u2019entra\u00eeneur Ian Bakala n\u2019a pas m\u00e2ch\u00e9 ses mots : \u00ab Au vu de la confiance de mon \u00e9quipe, nous allons battre le Burkina Faso demain. Arriv\u00e9 \u00e0 ce stade de la comp\u00e9tition, l\u2019objectif est de remporter la coupe. \u00bb Son joueur Vincent Mutondo partage cet optimisme : \u00ab Il y a de l\u2019excitation pour ce match de demain et nous sommes d\u00e9termin\u00e9s \u00e0 avoir le gain du match. \u00bb<\/span><\/p>\n<p class=\"p1\"><span class=\"s2\">Le Burkina Faso pourra compter sur le retour de son capitaine Fadil Barro, suspendu lors du dernier match. Le 2e meilleur buteur de la comp\u00e9tition, Ashsaraf Loukman Tapsoba (4 buts), sera \u00e9galement sur le terrain. En revanche, Mohamed Sako et Assifou Kon\u00e9, toujours bless\u00e9s, ne seront pas disponibles.<\/span><\/p>\n<p class=\"p1\"><span class=\"s2\">Le match se jouera ce jeudi 10 avril \u00e0 17h (heure locale) au stade Laarbi Zaouli de Casablanca (16h GMT). Premier du groupe B, le Burkina Faso affrontera une \u00e9quipe zambienne class\u00e9e 2e du groupe A, dans un duel qui s\u2019annonce aussi tactique qu\u2019intense.<\/span><\/p>\n<p class=\"p1\"><span class=\"s2\">La CAN U17 Maroc 2025, qui a d\u00e9but\u00e9 le 30 mars, poursuivra son d\u00e9nouement jusqu\u2019au 19 avril. Le vainqueur de ce quart de finale pourrait bien prendre un s\u00e9rieux avantage psychologique pour la suite de la comp\u00e9tition.<\/span><\/p>\n","protected":false},"excerpt":{"rendered":"<p>Le ton est donn\u00e9 \u00e0 la veille du choc tr\u00e8s attendu des quarts de finale<\/p>\n","protected":false},"author":2,"featured_media":1735,"comment_status":"open","ping_status":"open","sticky":false,"template":"","format":"standard","meta":{"_et_pb_use_builder":"","_et_pb_old_content":"","_et_gb_content_width":"","footnotes":""},"categories":[12],"tags":[18,38,37,673,660,274,40,35,675],"class_list":["post-1734","post","type-post","status-publish","format-standard","has-post-thumbnail","hentry","category-sports","tag-burkina-faso","tag-can","tag-can-maroc-2025","tag-can-u17","tag-confederation-africaine-de-football","tag-etalons","tag-federation-burkinabe-de-football","tag-football","tag-maroc"],"yoast_head":"<!-- This site is optimized with the Yoast SEO plugin v27.5 - https:\/\/yoast.com\/product\/yoast-seo-wordpress\/ -->\n<title>CAN U17 \u2013 Quart de finale : Burkina Faso vs Zambie \u00ab Tout le monde est d\u00e9termin\u00e9 \u00e0 ce qu\u2019on reparte avec le troph\u00e9e pour notre peuple \u00bb, Oscar Barro - Vox Sahel<\/title>\n<meta name=\"robots\" content=\"index, follow, max-snippet:-1, max-image-preview:large, max-video-preview:-1\" \/>\n<link rel=\"canonical\" href=\"https:\/\/voxsahel.com\/?p=1734\" \/>\n<meta property=\"og:locale\" content=\"fr_FR\" \/>\n<meta property=\"og:type\" content=\"article\" \/>\n<meta property=\"og:title\" content=\"CAN U17 \u2013 Quart de finale : Burkina Faso vs Zambie \u00ab Tout le monde est d\u00e9termin\u00e9 \u00e0 ce qu\u2019on reparte avec le troph\u00e9e pour notre peuple \u00bb, Oscar Barro - Vox Sahel\" \/>\n<meta property=\"og:description\" content=\"Le ton est donn\u00e9 \u00e0 la veille du choc tr\u00e8s attendu des quarts de finale\" \/>\n<meta property=\"og:url\" content=\"https:\/\/voxsahel.com\/?p=1734\" \/>\n<meta property=\"og:site_name\" content=\"Vox Sahel\" \/>\n<meta property=\"article:publisher\" content=\"https:\/\/www.facebook.com\/journal.voxsahel\" \/>\n<meta property=\"article:published_time\" content=\"2025-04-09T16:08:12+00:00\" \/>\n<meta property=\"og:image\" content=\"https:\/\/voxsahel.com\/wp-content\/uploads\/2025\/04\/IMG_2807.jpeg\" \/>\n\t<meta property=\"og:image:width\" content=\"960\" \/>\n\t<meta property=\"og:image:height\" content=\"640\" \/>\n\t<meta property=\"og:image:type\" content=\"image\/jpeg\" \/>\n<meta name=\"author\" content=\"Vox Sahel\" \/>\n<meta name=\"twitter:card\" content=\"summary_large_image\" \/>\n<meta name=\"twitter:label1\" content=\"\u00c9crit par\" \/>\n\t<meta name=\"twitter:data1\" content=\"Vox Sahel\" \/>\n\t<meta name=\"twitter:label2\" content=\"Dur\u00e9e de lecture estim\u00e9e\" \/>\n\t<meta name=\"twitter:data2\" content=\"3 minutes\" \/>\n<script type=\"application\/ld+json\" class=\"yoast-schema-graph\">{\"@context\":\"https:\\\/\\\/schema.org\",\"@graph\":[{\"@type\":\"Article\",\"@id\":\"https:\\\/\\\/voxsahel.com\\\/?p=1734#article\",\"isPartOf\":{\"@id\":\"https:\\\/\\\/voxsahel.com\\\/?p=1734\"},\"author\":{\"name\":\"Vox Sahel\",\"@id\":\"https:\\\/\\\/voxsahel.com\\\/#\\\/schema\\\/person\\\/b4043608248f8fa227cd760e7ff1e19e\"},\"headline\":\"CAN U17 \u2013 Quart de finale : Burkina Faso vs Zambie \u00ab Tout le monde est d\u00e9termin\u00e9 \u00e0 ce qu\u2019on reparte avec le troph\u00e9e pour notre peuple \u00bb, Oscar Barro\",\"datePublished\":\"2025-04-09T16:08:12+00:00\",\"mainEntityOfPage\":{\"@id\":\"https:\\\/\\\/voxsahel.com\\\/?p=1734\"},\"wordCount\":498,\"commentCount\":0,\"publisher\":{\"@id\":\"https:\\\/\\\/voxsahel.com\\\/#organization\"},\"image\":{\"@id\":\"https:\\\/\\\/voxsahel.com\\\/?p=1734#primaryimage\"},\"thumbnailUrl\":\"https:\\\/\\\/voxsahel.com\\\/wp-content\\\/uploads\\\/2025\\\/04\\\/IMG_2807.jpeg\",\"keywords\":[\"Burkina Faso\",\"CAN\",\"CAN Maroc 2025\",\"CAN U17\",\"Conf\u00e9d\u00e9ration Africaine de Football\",\"Etalons\",\"F\u00e9d\u00e9ration Burkinab\u00e8 de Football\",\"Football\",\"Maroc\"],\"articleSection\":[\"SPORTS\"],\"inLanguage\":\"fr-FR\",\"potentialAction\":[{\"@type\":\"CommentAction\",\"name\":\"Comment\",\"target\":[\"https:\\\/\\\/voxsahel.com\\\/?p=1734#respond\"]}]},{\"@type\":\"WebPage\",\"@id\":\"https:\\\/\\\/voxsahel.com\\\/?p=1734\",\"url\":\"https:\\\/\\\/voxsahel.com\\\/?p=1734\",\"name\":\"CAN U17 \u2013 Quart de finale : Burkina Faso vs Zambie \u00ab Tout le monde est d\u00e9termin\u00e9 \u00e0 ce qu\u2019on reparte avec le troph\u00e9e pour notre peuple \u00bb, Oscar Barro - Vox Sahel\",\"isPartOf\":{\"@id\":\"https:\\\/\\\/voxsahel.com\\\/#website\"},\"primaryImageOfPage\":{\"@id\":\"https:\\\/\\\/voxsahel.com\\\/?p=1734#primaryimage\"},\"image\":{\"@id\":\"https:\\\/\\\/voxsahel.com\\\/?p=1734#primaryimage\"},\"thumbnailUrl\":\"https:\\\/\\\/voxsahel.com\\\/wp-content\\\/uploads\\\/2025\\\/04\\\/IMG_2807.jpeg\",\"datePublished\":\"2025-04-09T16:08:12+00:00\",\"breadcrumb\":{\"@id\":\"https:\\\/\\\/voxsahel.com\\\/?p=1734#breadcrumb\"},\"inLanguage\":\"fr-FR\",\"potentialAction\":[{\"@type\":\"ReadAction\",\"target\":[\"https:\\\/\\\/voxsahel.com\\\/?p=1734\"]}]},{\"@type\":\"ImageObject\",\"inLanguage\":\"fr-FR\",\"@id\":\"https:\\\/\\\/voxsahel.com\\\/?p=1734#primaryimage\",\"url\":\"https:\\\/\\\/voxsahel.com\\\/wp-content\\\/uploads\\\/2025\\\/04\\\/IMG_2807.jpeg\",\"contentUrl\":\"https:\\\/\\\/voxsahel.com\\\/wp-content\\\/uploads\\\/2025\\\/04\\\/IMG_2807.jpeg\",\"width\":960,\"height\":640},{\"@type\":\"BreadcrumbList\",\"@id\":\"https:\\\/\\\/voxsahel.com\\\/?p=1734#breadcrumb\",\"itemListElement\":[{\"@type\":\"ListItem\",\"position\":1,\"name\":\"Home\",\"item\":\"https:\\\/\\\/voxsahel.com\\\/\"},{\"@type\":\"ListItem\",\"position\":2,\"name\":\"CAN U17 \u2013 Quart de finale : Burkina Faso vs Zambie \u00ab Tout le monde est d\u00e9termin\u00e9 \u00e0 ce qu\u2019on reparte avec le troph\u00e9e pour notre peuple \u00bb, Oscar Barro\"}]},{\"@type\":\"WebSite\",\"@id\":\"https:\\\/\\\/voxsahel.com\\\/#website\",\"url\":\"https:\\\/\\\/voxsahel.com\\\/\",\"name\":\"Vox Sahel\",\"description\":\"Informez-vous sur le Sahel en un clic\",\"publisher\":{\"@id\":\"https:\\\/\\\/voxsahel.com\\\/#organization\"},\"potentialAction\":[{\"@type\":\"SearchAction\",\"target\":{\"@type\":\"EntryPoint\",\"urlTemplate\":\"https:\\\/\\\/voxsahel.com\\\/?s={search_term_string}\"},\"query-input\":{\"@type\":\"PropertyValueSpecification\",\"valueRequired\":true,\"valueName\":\"search_term_string\"}}],\"inLanguage\":\"fr-FR\"},{\"@type\":\"Organization\",\"@id\":\"https:\\\/\\\/voxsahel.com\\\/#organization\",\"name\":\"Vox Sahel\",\"url\":\"https:\\\/\\\/voxsahel.com\\\/\",\"logo\":{\"@type\":\"ImageObject\",\"inLanguage\":\"fr-FR\",\"@id\":\"https:\\\/\\\/voxsahel.com\\\/#\\\/schema\\\/logo\\\/image\\\/\",\"url\":\"https:\\\/\\\/voxsahel.com\\\/wp-content\\\/uploads\\\/2024\\\/09\\\/Logo-Vox-Sahel.jpg\",\"contentUrl\":\"https:\\\/\\\/voxsahel.com\\\/wp-content\\\/uploads\\\/2024\\\/09\\\/Logo-Vox-Sahel.jpg\",\"width\":1181,\"height\":848,\"caption\":\"Vox Sahel\"},\"image\":{\"@id\":\"https:\\\/\\\/voxsahel.com\\\/#\\\/schema\\\/logo\\\/image\\\/\"},\"sameAs\":[\"https:\\\/\\\/www.facebook.com\\\/journal.voxsahel\"]},{\"@type\":\"Person\",\"@id\":\"https:\\\/\\\/voxsahel.com\\\/#\\\/schema\\\/person\\\/b4043608248f8fa227cd760e7ff1e19e\",\"name\":\"Vox Sahel\",\"image\":{\"@type\":\"ImageObject\",\"inLanguage\":\"fr-FR\",\"@id\":\"https:\\\/\\\/secure.gravatar.com\\\/avatar\\\/f70e7fa0cb9b29d4a7c5788d6eb2e9ab4d3135cbae1c9161810fdf77a8964699?s=96&d=mm&r=g\",\"url\":\"https:\\\/\\\/secure.gravatar.com\\\/avatar\\\/f70e7fa0cb9b29d4a7c5788d6eb2e9ab4d3135cbae1c9161810fdf77a8964699?s=96&d=mm&r=g\",\"contentUrl\":\"https:\\\/\\\/secure.gravatar.com\\\/avatar\\\/f70e7fa0cb9b29d4a7c5788d6eb2e9ab4d3135cbae1c9161810fdf77a8964699?s=96&d=mm&r=g\",\"caption\":\"Vox Sahel\"},\"sameAs\":[\"http:\\\/\\\/www.voxsahel.com\"],\"url\":\"https:\\\/\\\/voxsahel.com\\\/?author=2\"}]}<\/script>\n<!-- \/ Yoast SEO plugin. -->","yoast_head_json":{"title":"CAN U17 \u2013 Quart de finale : Burkina Faso vs Zambie \u00ab Tout le monde est d\u00e9termin\u00e9 \u00e0 ce qu\u2019on reparte avec le troph\u00e9e pour notre peuple \u00bb, Oscar Barro - Vox Sahel","robots":{"index":"index","follow":"follow","max-snippet":"max-snippet:-1","max-image-preview":"max-image-preview:large","max-video-preview":"max-video-preview:-1"},"canonical":"https:\/\/voxsahel.com\/?p=1734","og_locale":"fr_FR","og_type":"article","og_title":"CAN U17 \u2013 Quart de finale : Burkina Faso vs Zambie \u00ab Tout le monde est d\u00e9termin\u00e9 \u00e0 ce qu\u2019on reparte avec le troph\u00e9e pour notre peuple \u00bb, Oscar Barro - Vox Sahel","og_description":"Le ton est donn\u00e9 \u00e0 la veille du choc tr\u00e8s attendu des quarts de finale","og_url":"https:\/\/voxsahel.com\/?p=1734","og_site_name":"Vox Sahel","article_publisher":"https:\/\/www.facebook.com\/journal.voxsahel","article_published_time":"2025-04-09T16:08:12+00:00","og_image":[{"width":960,"height":640,"url":"https:\/\/voxsahel.com\/wp-content\/uploads\/2025\/04\/IMG_2807.jpeg","type":"image\/jpeg"}],"author":"Vox Sahel","twitter_card":"summary_large_image","twitter_misc":{"\u00c9crit par":"Vox Sahel","Dur\u00e9e de lecture estim\u00e9e":"3 minutes"},"schema":{"@context":"https:\/\/schema.org","@graph":[{"@type":"Article","@id":"https:\/\/voxsahel.com\/?p=1734#article","isPartOf":{"@id":"https:\/\/voxsahel.com\/?p=1734"},"author":{"name":"Vox Sahel","@id":"https:\/\/voxsahel.com\/#\/schema\/person\/b4043608248f8fa227cd760e7ff1e19e"},"headline":"CAN U17 \u2013 Quart de finale : Burkina Faso vs Zambie \u00ab Tout le monde est d\u00e9termin\u00e9 \u00e0 ce qu\u2019on reparte avec le troph\u00e9e pour notre peuple \u00bb, Oscar Barro","datePublished":"2025-04-09T16:08:12+00:00","mainEntityOfPage":{"@id":"https:\/\/voxsahel.com\/?p=1734"},"wordCount":498,"commentCount":0,"publisher":{"@id":"https:\/\/voxsahel.com\/#organization"},"image":{"@id":"https:\/\/voxsahel.com\/?p=1734#primaryimage"},"thumbnailUrl":"https:\/\/voxsahel.com\/wp-content\/uploads\/2025\/04\/IMG_2807.jpeg","keywords":["Burkina Faso","CAN","CAN Maroc 2025","CAN U17","Conf\u00e9d\u00e9ration Africaine de Football","Etalons","F\u00e9d\u00e9ration Burkinab\u00e8 de Football","Football","Maroc"],"articleSection":["SPORTS"],"inLanguage":"fr-FR","potentialAction":[{"@type":"CommentAction","name":"Comment","target":["https:\/\/voxsahel.com\/?p=1734#respond"]}]},{"@type":"WebPage","@id":"https:\/\/voxsahel.com\/?p=1734","url":"https:\/\/voxsahel.com\/?p=1734","name":"CAN U17 \u2013 Quart de finale : Burkina Faso vs Zambie \u00ab Tout le monde est d\u00e9termin\u00e9 \u00e0 ce qu\u2019on reparte avec le troph\u00e9e pour notre peuple \u00bb, Oscar Barro - Vox Sahel","isPartOf":{"@id":"https:\/\/voxsahel.com\/#website"},"primaryImageOfPage":{"@id":"https:\/\/voxsahel.com\/?p=1734#primaryimage"},"image":{"@id":"https:\/\/voxsahel.com\/?p=1734#primaryimage"},"thumbnailUrl":"https:\/\/voxsahel.com\/wp-content\/uploads\/2025\/04\/IMG_2807.jpeg","datePublished":"2025-04-09T16:08:12+00:00","breadcrumb":{"@id":"https:\/\/voxsahel.com\/?p=1734#breadcrumb"},"inLanguage":"fr-FR","potentialAction":[{"@type":"ReadAction","target":["https:\/\/voxsahel.com\/?p=1734"]}]},{"@type":"ImageObject","inLanguage":"fr-FR","@id":"https:\/\/voxsahel.com\/?p=1734#primaryimage","url":"https:\/\/voxsahel.com\/wp-content\/uploads\/2025\/04\/IMG_2807.jpeg","contentUrl":"https:\/\/voxsahel.com\/wp-content\/uploads\/2025\/04\/IMG_2807.jpeg","width":960,"height":640},{"@type":"BreadcrumbList","@id":"https:\/\/voxsahel.com\/?p=1734#breadcrumb","itemListElement":[{"@type":"ListItem","position":1,"name":"Home","item":"https:\/\/voxsahel.com\/"},{"@type":"ListItem","position":2,"name":"CAN U17 \u2013 Quart de finale : Burkina Faso vs Zambie \u00ab Tout le monde est d\u00e9termin\u00e9 \u00e0 ce qu\u2019on reparte avec le troph\u00e9e pour notre peuple \u00bb, Oscar Barro"}]},{"@type":"WebSite","@id":"https:\/\/voxsahel.com\/#website","url":"https:\/\/voxsahel.com\/","name":"Vox Sahel","description":"Informez-vous sur le Sahel en un clic","publisher":{"@id":"https:\/\/voxsahel.com\/#organization"},"potentialAction":[{"@type":"SearchAction","target":{"@type":"EntryPoint","urlTemplate":"https:\/\/voxsahel.com\/?s={search_term_string}"},"query-input":{"@type":"PropertyValueSpecification","valueRequired":true,"valueName":"search_term_string"}}],"inLanguage":"fr-FR"},{"@type":"Organization","@id":"https:\/\/voxsahel.com\/#organization","name":"Vox Sahel","url":"https:\/\/voxsahel.com\/","logo":{"@type":"ImageObject","inLanguage":"fr-FR","@id":"https:\/\/voxsahel.com\/#\/schema\/logo\/image\/","url":"https:\/\/voxsahel.com\/wp-content\/uploads\/2024\/09\/Logo-Vox-Sahel.jpg","contentUrl":"https:\/\/voxsahel.com\/wp-content\/uploads\/2024\/09\/Logo-Vox-Sahel.jpg","width":1181,"height":848,"caption":"Vox Sahel"},"image":{"@id":"https:\/\/voxsahel.com\/#\/schema\/logo\/image\/"},"sameAs":["https:\/\/www.facebook.com\/journal.voxsahel"]},{"@type":"Person","@id":"https:\/\/voxsahel.com\/#\/schema\/person\/b4043608248f8fa227cd760e7ff1e19e","name":"Vox Sahel","image":{"@type":"ImageObject","inLanguage":"fr-FR","@id":"https:\/\/secure.gravatar.com\/avatar\/f70e7fa0cb9b29d4a7c5788d6eb2e9ab4d3135cbae1c9161810fdf77a8964699?s=96&d=mm&r=g","url":"https:\/\/secure.gravatar.com\/avatar\/f70e7fa0cb9b29d4a7c5788d6eb2e9ab4d3135cbae1c9161810fdf77a8964699?s=96&d=mm&r=g","contentUrl":"https:\/\/secure.gravatar.com\/avatar\/f70e7fa0cb9b29d4a7c5788d6eb2e9ab4d3135cbae1c9161810fdf77a8964699?s=96&d=mm&r=g","caption":"Vox Sahel"},"sameAs":["http:\/\/www.voxsahel.com"],"url":"https:\/\/voxsahel.com\/?author=2"}]}},"_links":{"self":[{"href":"https:\/\/voxsahel.com\/index.php?rest_route=\/wp\/v2\/posts\/1734","targetHints":{"allow":["GET"]}}],"collection":[{"href":"https:\/\/voxsahel.com\/index.php?rest_route=\/wp\/v2\/posts"}],"about":[{"href":"https:\/\/voxsahel.com\/index.php?rest_route=\/wp\/v2\/types\/post"}],"author":[{"embeddable":true,"href":"https:\/\/voxsahel.com\/index.php?rest_route=\/wp\/v2\/users\/2"}],"replies":[{"embeddable":true,"href":"https:\/\/voxsahel.com\/index.php?rest_route=%2Fwp%2Fv2%2Fcomments&post=1734"}],"version-history":[{"count":1,"href":"https:\/\/voxsahel.com\/index.php?rest_route=\/wp\/v2\/posts\/1734\/revisions"}],"predecessor-version":[{"id":1736,"href":"https:\/\/voxsahel.com\/index.php?rest_route=\/wp\/v2\/posts\/1734\/revisions\/1736"}],"wp:featuredmedia":[{"embeddable":true,"href":"https:\/\/voxsahel.com\/index.php?rest_route=\/wp\/v2\/media\/1735"}],"wp:attachment":[{"href":"https:\/\/voxsahel.com\/index.php?rest_route=%2Fwp%2Fv2%2Fmedia&parent=1734"}],"wp:term":[{"taxonomy":"category","embeddable":true,"href":"https:\/\/voxsahel.com\/index.php?rest_route=%2Fwp%2Fv2%2Fcategories&post=1734"},{"taxonomy":"post_tag","embeddable":true,"href":"https:\/\/voxsahel.com\/index.php?rest_route=%2Fwp%2Fv2%2Ftags&post=1734"}],"curies":[{"name":"wp","href":"https:\/\/api.w.org\/{rel}","templated":true}]}}