{"id":1728,"date":"2025-04-08T18:36:11","date_gmt":"2025-04-08T18:36:11","guid":{"rendered":"https:\/\/voxsahel.com\/?p=1728"},"modified":"2025-04-09T14:42:14","modified_gmt":"2025-04-09T14:42:14","slug":"bobo-dioulasso-des-etudiants-sommes-de-quitter-leur-cite-par-des-promoteurs-immobiliers-dans-une-affaire-fonciere","status":"publish","type":"post","link":"https:\/\/voxsahel.com\/?p=1728","title":{"rendered":"Bobo-Dioulasso : Des r\u00e9sidents de la \u00ab\u00a0Cit\u00e9 de la communaut\u00e9 universitaire Nazi-Boni\u00a0\u00bb somm\u00e9s de quitter la cit\u00e9 par des promoteurs immobiliers dans une affaire fonci\u00e8re"},"content":{"rendered":"<p class=\"p1\">Une d\u00e9cision de justice vient clore un long diff\u00e9rend foncier opposant les agences immobili\u00e8res Soutra-Immo et Abdoul Services International. Le Tribunal de grande instance de Bobo-Dioulasso a rendu, le 23 janvier 2025, un jugement en faveur de la soci\u00e9t\u00e9 Soutra-Immo, sommant Abdoul Services International de lib\u00e9rer un terrain de 23 hectares situ\u00e9 \u00e0 Belle-ville, secteur 29 de Bobo-Dioulasso.<\/p>\n<p class=\"p3\"><span class=\"s2\">Selon Lefaso.net, la d\u00e9cision de justice impose un d\u00e9lai d\u2019une semaine \u00e0 compter de sa diffusion pour l\u2019\u00e9vacuation compl\u00e8te des lieux, actuellement occup\u00e9s par des r\u00e9sidents de la \u00ab\u00a0Cit\u00e9 de la communaut\u00e9 universitaire Nazi-Boni\u00a0\u00bb. Pass\u00e9 ce d\u00e9lai, la soci\u00e9t\u00e9 Soutra-Immo se r\u00e9serve le droit de proc\u00e9der au d\u00e9guerpissement et \u00e0 la d\u00e9molition des infrastructures implant\u00e9es sur le site.<\/span><\/p>\n<p class=\"p3\"><strong><span class=\"s3\">Un contentieux vieux de plusieurs ann\u00e9es<\/span><\/strong><\/p>\n<p class=\"p3\"><span class=\"s2\">Ce litige trouve ses origines en 2015, ann\u00e9e au cours de laquelle la soci\u00e9t\u00e9 Soutra-Immo, repr\u00e9sent\u00e9e par son promoteur Ousmane Traor\u00e9, affirme avoir l\u00e9galement acquis le terrain \u00e0 travers un acte de cession amiable. Le conflit \u00e9clate en 2020 lorsque la soci\u00e9t\u00e9 Abdoul Services International est accus\u00e9e d\u2019avoir introduit ill\u00e9galement un bulldozer sur le site pour y entreprendre des travaux, en d\u00e9truisant les bornes et rep\u00e8res install\u00e9s par Soutra-Immo.<\/span><\/p>\n<p class=\"p3\"><span class=\"s2\">Lors d\u2019une conf\u00e9rence de presse tenue le 23 mars 2022, Ousmane Traor\u00e9 d\u00e9non\u00e7ait ce qu\u2019il consid\u00e9rait comme une tentative de spoliation. De son c\u00f4t\u00e9, Abdoul Services International affirmait \u00e9galement disposer de documents l\u2019autorisant \u00e0 exploiter le terrain, aggravant ainsi la confusion autour de la propri\u00e9t\u00e9 du site.<\/span><\/p>\n<p class=\"p3\"><strong><span class=\"s3\">Le verdict du Tribunal<\/span><\/strong><\/p>\n<p class=\"p3\"><span class=\"s2\">Apr\u00e8s plusieurs ann\u00e9es de proc\u00e9dure, le tribunal a tranch\u00e9 en faveur de Soutra-Immo. La d\u00e9cision ordonne non seulement l\u2019\u00e9vacuation imm\u00e9diate du site par Abdoul Services et les occupants, mais condamne \u00e9galement cette soci\u00e9t\u00e9 ainsi que deux autres personnes impliqu\u00e9es dans l\u2019affaire \u00e0 verser la somme de 500 000 francs CFA \u00e0 Soutra-Immo, au titre des frais expos\u00e9s.<\/span><\/p>\n<blockquote>\n<p class=\"p3\"><span class=\"s2\">\u00ab \u00c0 compter de la date de diffusion de la pr\u00e9sente d\u00e9cision, Abdoul Services a une semaine pour faciliter le d\u00e9guerpissement des r\u00e9sidents de la Cit\u00e9 de la communaut\u00e9 universitaire Nazi-Boni. Pass\u00e9 ce d\u00e9lai, nous proc\u00e9derons \u00e0 la d\u00e9molition des infrastructures \u00bb, a d\u00e9clar\u00e9 Ousmane Traor\u00e9, visiblement soulag\u00e9 par ce d\u00e9nouement judiciaire.<\/span><\/p>\n<\/blockquote>\n<p class=\"p3\"><strong><span class=\"s3\">Et apr\u00e8s ?<\/span><\/strong><\/p>\n<p class=\"p3\"><span class=\"s2\">Cette d\u00e9cision de justice pourrait engendrer des tensions sociales, notamment parmi les r\u00e9sidents actuels du site, pour la plupart non inform\u00e9s ou pris au d\u00e9pourvu. Des questions subsistent quant \u00e0 leur relogement et aux mesures d\u2019accompagnement envisag\u00e9es par les autorit\u00e9s locales.<\/span><\/p>\n<p class=\"p3\"><span class=\"s2\">En attendant, la soci\u00e9t\u00e9 Soutra-Immo entend faire valoir ses droits, forte de cette victoire juridique attendue depuis plusieurs ann\u00e9es. Quant \u00e0 Abdoul Services International, aucune r\u00e9action officielle n\u2019a \u00e9t\u00e9 enregistr\u00e9e \u00e0 l\u2019heure o\u00f9 nous mettons sous presse.<\/span><\/p>\n<p class=\"p3\"><span class=\"s4\">Affaire \u00e0 suivre&#8230;<\/span><\/p>\n","protected":false},"excerpt":{"rendered":"<p>Une d\u00e9cision de justice vient clore un long diff\u00e9rend foncier opposant les agences immobili\u00e8res Soutra-Immo<\/p>\n","protected":false},"author":2,"featured_media":1729,"comment_status":"open","ping_status":"open","sticky":false,"template":"","format":"standard","meta":{"_et_pb_use_builder":"","_et_pb_old_content":"","_et_gb_content_width":"","footnotes":""},"categories":[1],"tags":[681,208,18,682],"class_list":["post-1728","post","type-post","status-publish","format-standard","has-post-thumbnail","hentry","category-faits-divers","tag-abdoul-services-international","tag-bobo-dioulasso","tag-burkina-faso","tag-universite-nazi-boni"],"yoast_head":"<!-- This site is optimized with the Yoast SEO plugin v27.5 - https:\/\/yoast.com\/product\/yoast-seo-wordpress\/ -->\n<title>Bobo-Dioulasso : Des r\u00e9sidents de la \u00ab\u00a0Cit\u00e9 de la communaut\u00e9 universitaire Nazi-Boni\u00a0\u00bb somm\u00e9s de quitter la cit\u00e9 par des promoteurs immobiliers dans une affaire fonci\u00e8re - Vox Sahel<\/title>\n<meta name=\"robots\" content=\"index, follow, max-snippet:-1, max-image-preview:large, max-video-preview:-1\" \/>\n<link rel=\"canonical\" href=\"https:\/\/voxsahel.com\/?p=1728\" \/>\n<meta property=\"og:locale\" content=\"fr_FR\" \/>\n<meta property=\"og:type\" content=\"article\" \/>\n<meta property=\"og:title\" content=\"Bobo-Dioulasso : Des r\u00e9sidents de la \u00ab\u00a0Cit\u00e9 de la communaut\u00e9 universitaire Nazi-Boni\u00a0\u00bb somm\u00e9s de quitter la cit\u00e9 par des promoteurs immobiliers dans une affaire fonci\u00e8re - Vox Sahel\" \/>\n<meta property=\"og:description\" content=\"Une d\u00e9cision de justice vient clore un long diff\u00e9rend foncier opposant les agences immobili\u00e8res Soutra-Immo\" \/>\n<meta property=\"og:url\" content=\"https:\/\/voxsahel.com\/?p=1728\" \/>\n<meta property=\"og:site_name\" content=\"Vox Sahel\" \/>\n<meta property=\"article:publisher\" content=\"https:\/\/www.facebook.com\/journal.voxsahel\" \/>\n<meta property=\"article:published_time\" content=\"2025-04-08T18:36:11+00:00\" \/>\n<meta property=\"article:modified_time\" content=\"2025-04-09T14:42:14+00:00\" \/>\n<meta property=\"og:image\" content=\"https:\/\/voxsahel.com\/wp-content\/uploads\/2025\/04\/IMG_2452.png\" \/>\n\t<meta property=\"og:image:width\" content=\"655\" \/>\n\t<meta property=\"og:image:height\" content=\"491\" \/>\n\t<meta property=\"og:image:type\" content=\"image\/png\" \/>\n<meta name=\"author\" content=\"Vox Sahel\" \/>\n<meta name=\"twitter:card\" content=\"summary_large_image\" \/>\n<meta name=\"twitter:label1\" content=\"\u00c9crit par\" \/>\n\t<meta name=\"twitter:data1\" content=\"Vox Sahel\" \/>\n\t<meta name=\"twitter:label2\" content=\"Dur\u00e9e de lecture estim\u00e9e\" \/>\n\t<meta name=\"twitter:data2\" content=\"3 minutes\" \/>\n<script type=\"application\/ld+json\" class=\"yoast-schema-graph\">{\"@context\":\"https:\\\/\\\/schema.org\",\"@graph\":[{\"@type\":\"Article\",\"@id\":\"https:\\\/\\\/voxsahel.com\\\/?p=1728#article\",\"isPartOf\":{\"@id\":\"https:\\\/\\\/voxsahel.com\\\/?p=1728\"},\"author\":{\"name\":\"Vox Sahel\",\"@id\":\"https:\\\/\\\/voxsahel.com\\\/#\\\/schema\\\/person\\\/b4043608248f8fa227cd760e7ff1e19e\"},\"headline\":\"Bobo-Dioulasso : Des r\u00e9sidents de la \u00ab\u00a0Cit\u00e9 de la communaut\u00e9 universitaire Nazi-Boni\u00a0\u00bb somm\u00e9s de quitter la cit\u00e9 par des promoteurs immobiliers dans une affaire fonci\u00e8re\",\"datePublished\":\"2025-04-08T18:36:11+00:00\",\"dateModified\":\"2025-04-09T14:42:14+00:00\",\"mainEntityOfPage\":{\"@id\":\"https:\\\/\\\/voxsahel.com\\\/?p=1728\"},\"wordCount\":511,\"commentCount\":0,\"publisher\":{\"@id\":\"https:\\\/\\\/voxsahel.com\\\/#organization\"},\"image\":{\"@id\":\"https:\\\/\\\/voxsahel.com\\\/?p=1728#primaryimage\"},\"thumbnailUrl\":\"https:\\\/\\\/voxsahel.com\\\/wp-content\\\/uploads\\\/2025\\\/04\\\/IMG_2452.png\",\"keywords\":[\"Abdoul Services International\",\"Bobo-Dioulasso\",\"Burkina Faso\",\"Universit\u00e9 Nazi Boni\"],\"articleSection\":[\"FAITS DIVERS\"],\"inLanguage\":\"fr-FR\",\"potentialAction\":[{\"@type\":\"CommentAction\",\"name\":\"Comment\",\"target\":[\"https:\\\/\\\/voxsahel.com\\\/?p=1728#respond\"]}]},{\"@type\":\"WebPage\",\"@id\":\"https:\\\/\\\/voxsahel.com\\\/?p=1728\",\"url\":\"https:\\\/\\\/voxsahel.com\\\/?p=1728\",\"name\":\"Bobo-Dioulasso : Des r\u00e9sidents de la \u00ab\u00a0Cit\u00e9 de la communaut\u00e9 universitaire Nazi-Boni\u00a0\u00bb somm\u00e9s de quitter la cit\u00e9 par des promoteurs immobiliers dans une affaire fonci\u00e8re - Vox Sahel\",\"isPartOf\":{\"@id\":\"https:\\\/\\\/voxsahel.com\\\/#website\"},\"primaryImageOfPage\":{\"@id\":\"https:\\\/\\\/voxsahel.com\\\/?p=1728#primaryimage\"},\"image\":{\"@id\":\"https:\\\/\\\/voxsahel.com\\\/?p=1728#primaryimage\"},\"thumbnailUrl\":\"https:\\\/\\\/voxsahel.com\\\/wp-content\\\/uploads\\\/2025\\\/04\\\/IMG_2452.png\",\"datePublished\":\"2025-04-08T18:36:11+00:00\",\"dateModified\":\"2025-04-09T14:42:14+00:00\",\"breadcrumb\":{\"@id\":\"https:\\\/\\\/voxsahel.com\\\/?p=1728#breadcrumb\"},\"inLanguage\":\"fr-FR\",\"potentialAction\":[{\"@type\":\"ReadAction\",\"target\":[\"https:\\\/\\\/voxsahel.com\\\/?p=1728\"]}]},{\"@type\":\"ImageObject\",\"inLanguage\":\"fr-FR\",\"@id\":\"https:\\\/\\\/voxsahel.com\\\/?p=1728#primaryimage\",\"url\":\"https:\\\/\\\/voxsahel.com\\\/wp-content\\\/uploads\\\/2025\\\/04\\\/IMG_2452.png\",\"contentUrl\":\"https:\\\/\\\/voxsahel.com\\\/wp-content\\\/uploads\\\/2025\\\/04\\\/IMG_2452.png\",\"width\":655,\"height\":491},{\"@type\":\"BreadcrumbList\",\"@id\":\"https:\\\/\\\/voxsahel.com\\\/?p=1728#breadcrumb\",\"itemListElement\":[{\"@type\":\"ListItem\",\"position\":1,\"name\":\"Home\",\"item\":\"https:\\\/\\\/voxsahel.com\\\/\"},{\"@type\":\"ListItem\",\"position\":2,\"name\":\"Bobo-Dioulasso : Des r\u00e9sidents de la \u00ab\u00a0Cit\u00e9 de la communaut\u00e9 universitaire Nazi-Boni\u00a0\u00bb somm\u00e9s de quitter la cit\u00e9 par des promoteurs immobiliers dans une affaire fonci\u00e8re\"}]},{\"@type\":\"WebSite\",\"@id\":\"https:\\\/\\\/voxsahel.com\\\/#website\",\"url\":\"https:\\\/\\\/voxsahel.com\\\/\",\"name\":\"Vox Sahel\",\"description\":\"Informez-vous sur le Sahel en un clic\",\"publisher\":{\"@id\":\"https:\\\/\\\/voxsahel.com\\\/#organization\"},\"potentialAction\":[{\"@type\":\"SearchAction\",\"target\":{\"@type\":\"EntryPoint\",\"urlTemplate\":\"https:\\\/\\\/voxsahel.com\\\/?s={search_term_string}\"},\"query-input\":{\"@type\":\"PropertyValueSpecification\",\"valueRequired\":true,\"valueName\":\"search_term_string\"}}],\"inLanguage\":\"fr-FR\"},{\"@type\":\"Organization\",\"@id\":\"https:\\\/\\\/voxsahel.com\\\/#organization\",\"name\":\"Vox Sahel\",\"url\":\"https:\\\/\\\/voxsahel.com\\\/\",\"logo\":{\"@type\":\"ImageObject\",\"inLanguage\":\"fr-FR\",\"@id\":\"https:\\\/\\\/voxsahel.com\\\/#\\\/schema\\\/logo\\\/image\\\/\",\"url\":\"https:\\\/\\\/voxsahel.com\\\/wp-content\\\/uploads\\\/2024\\\/09\\\/Logo-Vox-Sahel.jpg\",\"contentUrl\":\"https:\\\/\\\/voxsahel.com\\\/wp-content\\\/uploads\\\/2024\\\/09\\\/Logo-Vox-Sahel.jpg\",\"width\":1181,\"height\":848,\"caption\":\"Vox Sahel\"},\"image\":{\"@id\":\"https:\\\/\\\/voxsahel.com\\\/#\\\/schema\\\/logo\\\/image\\\/\"},\"sameAs\":[\"https:\\\/\\\/www.facebook.com\\\/journal.voxsahel\"]},{\"@type\":\"Person\",\"@id\":\"https:\\\/\\\/voxsahel.com\\\/#\\\/schema\\\/person\\\/b4043608248f8fa227cd760e7ff1e19e\",\"name\":\"Vox Sahel\",\"image\":{\"@type\":\"ImageObject\",\"inLanguage\":\"fr-FR\",\"@id\":\"https:\\\/\\\/secure.gravatar.com\\\/avatar\\\/f70e7fa0cb9b29d4a7c5788d6eb2e9ab4d3135cbae1c9161810fdf77a8964699?s=96&d=mm&r=g\",\"url\":\"https:\\\/\\\/secure.gravatar.com\\\/avatar\\\/f70e7fa0cb9b29d4a7c5788d6eb2e9ab4d3135cbae1c9161810fdf77a8964699?s=96&d=mm&r=g\",\"contentUrl\":\"https:\\\/\\\/secure.gravatar.com\\\/avatar\\\/f70e7fa0cb9b29d4a7c5788d6eb2e9ab4d3135cbae1c9161810fdf77a8964699?s=96&d=mm&r=g\",\"caption\":\"Vox Sahel\"},\"sameAs\":[\"http:\\\/\\\/www.voxsahel.com\"],\"url\":\"https:\\\/\\\/voxsahel.com\\\/?author=2\"}]}<\/script>\n<!-- \/ Yoast SEO plugin. -->","yoast_head_json":{"title":"Bobo-Dioulasso : Des r\u00e9sidents de la \u00ab\u00a0Cit\u00e9 de la communaut\u00e9 universitaire Nazi-Boni\u00a0\u00bb somm\u00e9s de quitter la cit\u00e9 par des promoteurs immobiliers dans une affaire fonci\u00e8re - Vox Sahel","robots":{"index":"index","follow":"follow","max-snippet":"max-snippet:-1","max-image-preview":"max-image-preview:large","max-video-preview":"max-video-preview:-1"},"canonical":"https:\/\/voxsahel.com\/?p=1728","og_locale":"fr_FR","og_type":"article","og_title":"Bobo-Dioulasso : Des r\u00e9sidents de la \u00ab\u00a0Cit\u00e9 de la communaut\u00e9 universitaire Nazi-Boni\u00a0\u00bb somm\u00e9s de quitter la cit\u00e9 par des promoteurs immobiliers dans une affaire fonci\u00e8re - Vox Sahel","og_description":"Une d\u00e9cision de justice vient clore un long diff\u00e9rend foncier opposant les agences immobili\u00e8res Soutra-Immo","og_url":"https:\/\/voxsahel.com\/?p=1728","og_site_name":"Vox Sahel","article_publisher":"https:\/\/www.facebook.com\/journal.voxsahel","article_published_time":"2025-04-08T18:36:11+00:00","article_modified_time":"2025-04-09T14:42:14+00:00","og_image":[{"width":655,"height":491,"url":"https:\/\/voxsahel.com\/wp-content\/uploads\/2025\/04\/IMG_2452.png","type":"image\/png"}],"author":"Vox Sahel","twitter_card":"summary_large_image","twitter_misc":{"\u00c9crit par":"Vox Sahel","Dur\u00e9e de lecture estim\u00e9e":"3 minutes"},"schema":{"@context":"https:\/\/schema.org","@graph":[{"@type":"Article","@id":"https:\/\/voxsahel.com\/?p=1728#article","isPartOf":{"@id":"https:\/\/voxsahel.com\/?p=1728"},"author":{"name":"Vox Sahel","@id":"https:\/\/voxsahel.com\/#\/schema\/person\/b4043608248f8fa227cd760e7ff1e19e"},"headline":"Bobo-Dioulasso : Des r\u00e9sidents de la \u00ab\u00a0Cit\u00e9 de la communaut\u00e9 universitaire Nazi-Boni\u00a0\u00bb somm\u00e9s de quitter la cit\u00e9 par des promoteurs immobiliers dans une affaire fonci\u00e8re","datePublished":"2025-04-08T18:36:11+00:00","dateModified":"2025-04-09T14:42:14+00:00","mainEntityOfPage":{"@id":"https:\/\/voxsahel.com\/?p=1728"},"wordCount":511,"commentCount":0,"publisher":{"@id":"https:\/\/voxsahel.com\/#organization"},"image":{"@id":"https:\/\/voxsahel.com\/?p=1728#primaryimage"},"thumbnailUrl":"https:\/\/voxsahel.com\/wp-content\/uploads\/2025\/04\/IMG_2452.png","keywords":["Abdoul Services International","Bobo-Dioulasso","Burkina Faso","Universit\u00e9 Nazi Boni"],"articleSection":["FAITS DIVERS"],"inLanguage":"fr-FR","potentialAction":[{"@type":"CommentAction","name":"Comment","target":["https:\/\/voxsahel.com\/?p=1728#respond"]}]},{"@type":"WebPage","@id":"https:\/\/voxsahel.com\/?p=1728","url":"https:\/\/voxsahel.com\/?p=1728","name":"Bobo-Dioulasso : Des r\u00e9sidents de la \u00ab\u00a0Cit\u00e9 de la communaut\u00e9 universitaire Nazi-Boni\u00a0\u00bb somm\u00e9s de quitter la cit\u00e9 par des promoteurs immobiliers dans une affaire fonci\u00e8re - Vox Sahel","isPartOf":{"@id":"https:\/\/voxsahel.com\/#website"},"primaryImageOfPage":{"@id":"https:\/\/voxsahel.com\/?p=1728#primaryimage"},"image":{"@id":"https:\/\/voxsahel.com\/?p=1728#primaryimage"},"thumbnailUrl":"https:\/\/voxsahel.com\/wp-content\/uploads\/2025\/04\/IMG_2452.png","datePublished":"2025-04-08T18:36:11+00:00","dateModified":"2025-04-09T14:42:14+00:00","breadcrumb":{"@id":"https:\/\/voxsahel.com\/?p=1728#breadcrumb"},"inLanguage":"fr-FR","potentialAction":[{"@type":"ReadAction","target":["https:\/\/voxsahel.com\/?p=1728"]}]},{"@type":"ImageObject","inLanguage":"fr-FR","@id":"https:\/\/voxsahel.com\/?p=1728#primaryimage","url":"https:\/\/voxsahel.com\/wp-content\/uploads\/2025\/04\/IMG_2452.png","contentUrl":"https:\/\/voxsahel.com\/wp-content\/uploads\/2025\/04\/IMG_2452.png","width":655,"height":491},{"@type":"BreadcrumbList","@id":"https:\/\/voxsahel.com\/?p=1728#breadcrumb","itemListElement":[{"@type":"ListItem","position":1,"name":"Home","item":"https:\/\/voxsahel.com\/"},{"@type":"ListItem","position":2,"name":"Bobo-Dioulasso : Des r\u00e9sidents de la \u00ab\u00a0Cit\u00e9 de la communaut\u00e9 universitaire Nazi-Boni\u00a0\u00bb somm\u00e9s de quitter la cit\u00e9 par des promoteurs immobiliers dans une affaire fonci\u00e8re"}]},{"@type":"WebSite","@id":"https:\/\/voxsahel.com\/#website","url":"https:\/\/voxsahel.com\/","name":"Vox Sahel","description":"Informez-vous sur le Sahel en un clic","publisher":{"@id":"https:\/\/voxsahel.com\/#organization"},"potentialAction":[{"@type":"SearchAction","target":{"@type":"EntryPoint","urlTemplate":"https:\/\/voxsahel.com\/?s={search_term_string}"},"query-input":{"@type":"PropertyValueSpecification","valueRequired":true,"valueName":"search_term_string"}}],"inLanguage":"fr-FR"},{"@type":"Organization","@id":"https:\/\/voxsahel.com\/#organization","name":"Vox Sahel","url":"https:\/\/voxsahel.com\/","logo":{"@type":"ImageObject","inLanguage":"fr-FR","@id":"https:\/\/voxsahel.com\/#\/schema\/logo\/image\/","url":"https:\/\/voxsahel.com\/wp-content\/uploads\/2024\/09\/Logo-Vox-Sahel.jpg","contentUrl":"https:\/\/voxsahel.com\/wp-content\/uploads\/2024\/09\/Logo-Vox-Sahel.jpg","width":1181,"height":848,"caption":"Vox Sahel"},"image":{"@id":"https:\/\/voxsahel.com\/#\/schema\/logo\/image\/"},"sameAs":["https:\/\/www.facebook.com\/journal.voxsahel"]},{"@type":"Person","@id":"https:\/\/voxsahel.com\/#\/schema\/person\/b4043608248f8fa227cd760e7ff1e19e","name":"Vox Sahel","image":{"@type":"ImageObject","inLanguage":"fr-FR","@id":"https:\/\/secure.gravatar.com\/avatar\/f70e7fa0cb9b29d4a7c5788d6eb2e9ab4d3135cbae1c9161810fdf77a8964699?s=96&d=mm&r=g","url":"https:\/\/secure.gravatar.com\/avatar\/f70e7fa0cb9b29d4a7c5788d6eb2e9ab4d3135cbae1c9161810fdf77a8964699?s=96&d=mm&r=g","contentUrl":"https:\/\/secure.gravatar.com\/avatar\/f70e7fa0cb9b29d4a7c5788d6eb2e9ab4d3135cbae1c9161810fdf77a8964699?s=96&d=mm&r=g","caption":"Vox Sahel"},"sameAs":["http:\/\/www.voxsahel.com"],"url":"https:\/\/voxsahel.com\/?author=2"}]}},"_links":{"self":[{"href":"https:\/\/voxsahel.com\/index.php?rest_route=\/wp\/v2\/posts\/1728","targetHints":{"allow":["GET"]}}],"collection":[{"href":"https:\/\/voxsahel.com\/index.php?rest_route=\/wp\/v2\/posts"}],"about":[{"href":"https:\/\/voxsahel.com\/index.php?rest_route=\/wp\/v2\/types\/post"}],"author":[{"embeddable":true,"href":"https:\/\/voxsahel.com\/index.php?rest_route=\/wp\/v2\/users\/2"}],"replies":[{"embeddable":true,"href":"https:\/\/voxsahel.com\/index.php?rest_route=%2Fwp%2Fv2%2Fcomments&post=1728"}],"version-history":[{"count":2,"href":"https:\/\/voxsahel.com\/index.php?rest_route=\/wp\/v2\/posts\/1728\/revisions"}],"predecessor-version":[{"id":1733,"href":"https:\/\/voxsahel.com\/index.php?rest_route=\/wp\/v2\/posts\/1728\/revisions\/1733"}],"wp:featuredmedia":[{"embeddable":true,"href":"https:\/\/voxsahel.com\/index.php?rest_route=\/wp\/v2\/media\/1729"}],"wp:attachment":[{"href":"https:\/\/voxsahel.com\/index.php?rest_route=%2Fwp%2Fv2%2Fmedia&parent=1728"}],"wp:term":[{"taxonomy":"category","embeddable":true,"href":"https:\/\/voxsahel.com\/index.php?rest_route=%2Fwp%2Fv2%2Fcategories&post=1728"},{"taxonomy":"post_tag","embeddable":true,"href":"https:\/\/voxsahel.com\/index.php?rest_route=%2Fwp%2Fv2%2Ftags&post=1728"}],"curies":[{"name":"wp","href":"https:\/\/api.w.org\/{rel}","templated":true}]}}