{"id":1725,"date":"2025-04-08T10:49:22","date_gmt":"2025-04-08T10:49:22","guid":{"rendered":"https:\/\/voxsahel.com\/?p=1725"},"modified":"2025-04-08T10:49:22","modified_gmt":"2025-04-08T10:49:22","slug":"lutte-contre-linsecurite-urbaine-elle-a-enleve-et-sequestre-la-petite-od-pendant-5-ans","status":"publish","type":"post","link":"https:\/\/voxsahel.com\/?p=1725","title":{"rendered":"Lutte contre l\u2019ins\u00e9curit\u00e9 urbaine : Elle a enlev\u00e9 et s\u00e9questr\u00e9 la petite OD pendant 5 ans"},"content":{"rendered":"<p class=\"p1\">La Division des Investigations Criminelles (DIC) de la Police Nationale, gr\u00e2ce \u00e0 une d\u00e9nonciation anonyme, a interpell\u00e9, dans une zone hors lotissement de la ville de Ouagadougou, une pr\u00e9sum\u00e9e auteure d\u2019enl\u00e8vement et de s\u00e9questration d\u2019une fillette (O.D).<\/p>\n<p class=\"p1\"><span class=\"s1\">En effet, les faits remontent au 1er octobre 2019, jour de rentr\u00e9e des classes. Ce jour-l\u00e0, le p\u00e8re de O.D l\u2019avait d\u00e9pos\u00e9 le matin \u00e0 l\u2019\u00e9cole. C\u2019est lors d\u2019une randonn\u00e9e que la pr\u00e9sum\u00e9e auteure va apercevoir O.D, \u00e2g\u00e9e de 05 ans, non loin de son \u00e9cole primaire. Celle-ci va prendre O.D et la conduire chez elle \u00e0 l\u2019aide de sa bicyclette. Elle gardera ainsi O.D chez elle s\u00e9questr\u00e9e pendant deux (02) ans, jusqu\u2019en 2021, avant de s\u2019afficher avec elle en public. C\u2019est lorsque O.D a atteint l\u2019\u00e2ge de onze (11) ans et demi que sa bourrelle l\u2019inscrira \u00e0 l\u2019\u00e9cole au CP1. <\/span><\/p>\n<p class=\"p1\"><span class=\"s1\">Gr\u00e2ce \u00e0 la collaboration des citoyens, les investigations men\u00e9es ont permis de retrouver les parents biologiques de O.D, cela apr\u00e8s plus de cinq (05) ans de s\u00e9paration. <\/span><\/p>\n<p class=\"p1\"><span class=\"s1\">La Police Nationale remercie toutes les bonnes volont\u00e9s et salue le sens \u00e9lev\u00e9 de civisme et l\u2019esprit de collaboration de tous les citoyens gr\u00e2ce \u00e0 qui ce r\u00e9sultat a \u00e9t\u00e9 atteint. Elle les exhorte par ailleurs \u00e0 poursuivre dans la m\u00eame dynamique tout en continuant toujours de d\u00e9noncer les cas suspects aux num\u00e9ros verts mis \u00e0 leur disposition que sont les 17, 16 et 1010. <span class=\"Apple-converted-space\">\u00a0 \u00a0 \u00a0<\/span><\/span><\/p>\n<p class=\"p1\"><span class=\"s1\">La Police Nationale, une force publique au service des citoyens !<\/span><\/p>\n","protected":false},"excerpt":{"rendered":"<p>La Division des Investigations Criminelles (DIC) de la Police Nationale, gr\u00e2ce \u00e0 une d\u00e9nonciation anonyme,<\/p>\n","protected":false},"author":2,"featured_media":1726,"comment_status":"open","ping_status":"open","sticky":false,"template":"","format":"standard","meta":{"_et_pb_use_builder":"","_et_pb_old_content":"","_et_gb_content_width":"","footnotes":""},"categories":[1],"tags":[18,411,216,175],"class_list":["post-1725","post","type-post","status-publish","format-standard","has-post-thumbnail","hentry","category-faits-divers","tag-burkina-faso","tag-commune-de-ouagadougou","tag-insecurite","tag-police-nationale"],"yoast_head":"<!-- This site is optimized with the Yoast SEO plugin v27.5 - https:\/\/yoast.com\/product\/yoast-seo-wordpress\/ -->\n<title>Lutte contre l\u2019ins\u00e9curit\u00e9 urbaine : Elle a enlev\u00e9 et s\u00e9questr\u00e9 la petite OD pendant 5 ans - Vox Sahel<\/title>\n<meta name=\"robots\" content=\"index, follow, max-snippet:-1, max-image-preview:large, max-video-preview:-1\" \/>\n<link rel=\"canonical\" href=\"https:\/\/voxsahel.com\/?p=1725\" \/>\n<meta property=\"og:locale\" content=\"fr_FR\" \/>\n<meta property=\"og:type\" content=\"article\" \/>\n<meta property=\"og:title\" content=\"Lutte contre l\u2019ins\u00e9curit\u00e9 urbaine : Elle a enlev\u00e9 et s\u00e9questr\u00e9 la petite OD pendant 5 ans - Vox Sahel\" \/>\n<meta property=\"og:description\" content=\"La Division des Investigations Criminelles (DIC) de la Police Nationale, gr\u00e2ce \u00e0 une d\u00e9nonciation anonyme,\" \/>\n<meta property=\"og:url\" content=\"https:\/\/voxsahel.com\/?p=1725\" \/>\n<meta property=\"og:site_name\" content=\"Vox Sahel\" \/>\n<meta property=\"article:publisher\" content=\"https:\/\/www.facebook.com\/journal.voxsahel\" \/>\n<meta property=\"article:published_time\" content=\"2025-04-08T10:49:22+00:00\" \/>\n<meta property=\"og:image\" content=\"https:\/\/voxsahel.com\/wp-content\/uploads\/2025\/04\/IMG_2334.jpeg\" \/>\n\t<meta property=\"og:image:width\" content=\"720\" \/>\n\t<meta property=\"og:image:height\" content=\"960\" \/>\n\t<meta property=\"og:image:type\" content=\"image\/jpeg\" \/>\n<meta name=\"author\" content=\"Vox Sahel\" \/>\n<meta name=\"twitter:card\" content=\"summary_large_image\" \/>\n<meta name=\"twitter:label1\" content=\"\u00c9crit par\" \/>\n\t<meta name=\"twitter:data1\" content=\"Vox Sahel\" \/>\n\t<meta name=\"twitter:label2\" content=\"Dur\u00e9e de lecture estim\u00e9e\" \/>\n\t<meta name=\"twitter:data2\" content=\"2 minutes\" \/>\n<script type=\"application\/ld+json\" class=\"yoast-schema-graph\">{\"@context\":\"https:\\\/\\\/schema.org\",\"@graph\":[{\"@type\":\"Article\",\"@id\":\"https:\\\/\\\/voxsahel.com\\\/?p=1725#article\",\"isPartOf\":{\"@id\":\"https:\\\/\\\/voxsahel.com\\\/?p=1725\"},\"author\":{\"name\":\"Vox Sahel\",\"@id\":\"https:\\\/\\\/voxsahel.com\\\/#\\\/schema\\\/person\\\/b4043608248f8fa227cd760e7ff1e19e\"},\"headline\":\"Lutte contre l\u2019ins\u00e9curit\u00e9 urbaine : Elle a enlev\u00e9 et s\u00e9questr\u00e9 la petite OD pendant 5 ans\",\"datePublished\":\"2025-04-08T10:49:22+00:00\",\"mainEntityOfPage\":{\"@id\":\"https:\\\/\\\/voxsahel.com\\\/?p=1725\"},\"wordCount\":286,\"commentCount\":0,\"publisher\":{\"@id\":\"https:\\\/\\\/voxsahel.com\\\/#organization\"},\"image\":{\"@id\":\"https:\\\/\\\/voxsahel.com\\\/?p=1725#primaryimage\"},\"thumbnailUrl\":\"https:\\\/\\\/voxsahel.com\\\/wp-content\\\/uploads\\\/2025\\\/04\\\/IMG_2334.jpeg\",\"keywords\":[\"Burkina Faso\",\"Commune de Ouagadougou\",\"Ins\u00e9curit\u00e9\",\"Police Nationale\"],\"articleSection\":[\"FAITS DIVERS\"],\"inLanguage\":\"fr-FR\",\"potentialAction\":[{\"@type\":\"CommentAction\",\"name\":\"Comment\",\"target\":[\"https:\\\/\\\/voxsahel.com\\\/?p=1725#respond\"]}]},{\"@type\":\"WebPage\",\"@id\":\"https:\\\/\\\/voxsahel.com\\\/?p=1725\",\"url\":\"https:\\\/\\\/voxsahel.com\\\/?p=1725\",\"name\":\"Lutte contre l\u2019ins\u00e9curit\u00e9 urbaine : Elle a enlev\u00e9 et s\u00e9questr\u00e9 la petite OD pendant 5 ans - Vox Sahel\",\"isPartOf\":{\"@id\":\"https:\\\/\\\/voxsahel.com\\\/#website\"},\"primaryImageOfPage\":{\"@id\":\"https:\\\/\\\/voxsahel.com\\\/?p=1725#primaryimage\"},\"image\":{\"@id\":\"https:\\\/\\\/voxsahel.com\\\/?p=1725#primaryimage\"},\"thumbnailUrl\":\"https:\\\/\\\/voxsahel.com\\\/wp-content\\\/uploads\\\/2025\\\/04\\\/IMG_2334.jpeg\",\"datePublished\":\"2025-04-08T10:49:22+00:00\",\"breadcrumb\":{\"@id\":\"https:\\\/\\\/voxsahel.com\\\/?p=1725#breadcrumb\"},\"inLanguage\":\"fr-FR\",\"potentialAction\":[{\"@type\":\"ReadAction\",\"target\":[\"https:\\\/\\\/voxsahel.com\\\/?p=1725\"]}]},{\"@type\":\"ImageObject\",\"inLanguage\":\"fr-FR\",\"@id\":\"https:\\\/\\\/voxsahel.com\\\/?p=1725#primaryimage\",\"url\":\"https:\\\/\\\/voxsahel.com\\\/wp-content\\\/uploads\\\/2025\\\/04\\\/IMG_2334.jpeg\",\"contentUrl\":\"https:\\\/\\\/voxsahel.com\\\/wp-content\\\/uploads\\\/2025\\\/04\\\/IMG_2334.jpeg\",\"width\":720,\"height\":960},{\"@type\":\"BreadcrumbList\",\"@id\":\"https:\\\/\\\/voxsahel.com\\\/?p=1725#breadcrumb\",\"itemListElement\":[{\"@type\":\"ListItem\",\"position\":1,\"name\":\"Home\",\"item\":\"https:\\\/\\\/voxsahel.com\\\/\"},{\"@type\":\"ListItem\",\"position\":2,\"name\":\"Lutte contre l\u2019ins\u00e9curit\u00e9 urbaine : Elle a enlev\u00e9 et s\u00e9questr\u00e9 la petite OD pendant 5 ans\"}]},{\"@type\":\"WebSite\",\"@id\":\"https:\\\/\\\/voxsahel.com\\\/#website\",\"url\":\"https:\\\/\\\/voxsahel.com\\\/\",\"name\":\"Vox Sahel\",\"description\":\"Informez-vous sur le Sahel en un clic\",\"publisher\":{\"@id\":\"https:\\\/\\\/voxsahel.com\\\/#organization\"},\"potentialAction\":[{\"@type\":\"SearchAction\",\"target\":{\"@type\":\"EntryPoint\",\"urlTemplate\":\"https:\\\/\\\/voxsahel.com\\\/?s={search_term_string}\"},\"query-input\":{\"@type\":\"PropertyValueSpecification\",\"valueRequired\":true,\"valueName\":\"search_term_string\"}}],\"inLanguage\":\"fr-FR\"},{\"@type\":\"Organization\",\"@id\":\"https:\\\/\\\/voxsahel.com\\\/#organization\",\"name\":\"Vox Sahel\",\"url\":\"https:\\\/\\\/voxsahel.com\\\/\",\"logo\":{\"@type\":\"ImageObject\",\"inLanguage\":\"fr-FR\",\"@id\":\"https:\\\/\\\/voxsahel.com\\\/#\\\/schema\\\/logo\\\/image\\\/\",\"url\":\"https:\\\/\\\/voxsahel.com\\\/wp-content\\\/uploads\\\/2024\\\/09\\\/Logo-Vox-Sahel.jpg\",\"contentUrl\":\"https:\\\/\\\/voxsahel.com\\\/wp-content\\\/uploads\\\/2024\\\/09\\\/Logo-Vox-Sahel.jpg\",\"width\":1181,\"height\":848,\"caption\":\"Vox Sahel\"},\"image\":{\"@id\":\"https:\\\/\\\/voxsahel.com\\\/#\\\/schema\\\/logo\\\/image\\\/\"},\"sameAs\":[\"https:\\\/\\\/www.facebook.com\\\/journal.voxsahel\"]},{\"@type\":\"Person\",\"@id\":\"https:\\\/\\\/voxsahel.com\\\/#\\\/schema\\\/person\\\/b4043608248f8fa227cd760e7ff1e19e\",\"name\":\"Vox Sahel\",\"image\":{\"@type\":\"ImageObject\",\"inLanguage\":\"fr-FR\",\"@id\":\"https:\\\/\\\/secure.gravatar.com\\\/avatar\\\/f70e7fa0cb9b29d4a7c5788d6eb2e9ab4d3135cbae1c9161810fdf77a8964699?s=96&d=mm&r=g\",\"url\":\"https:\\\/\\\/secure.gravatar.com\\\/avatar\\\/f70e7fa0cb9b29d4a7c5788d6eb2e9ab4d3135cbae1c9161810fdf77a8964699?s=96&d=mm&r=g\",\"contentUrl\":\"https:\\\/\\\/secure.gravatar.com\\\/avatar\\\/f70e7fa0cb9b29d4a7c5788d6eb2e9ab4d3135cbae1c9161810fdf77a8964699?s=96&d=mm&r=g\",\"caption\":\"Vox Sahel\"},\"sameAs\":[\"http:\\\/\\\/www.voxsahel.com\"],\"url\":\"https:\\\/\\\/voxsahel.com\\\/?author=2\"}]}<\/script>\n<!-- \/ Yoast SEO plugin. -->","yoast_head_json":{"title":"Lutte contre l\u2019ins\u00e9curit\u00e9 urbaine : Elle a enlev\u00e9 et s\u00e9questr\u00e9 la petite OD pendant 5 ans - Vox Sahel","robots":{"index":"index","follow":"follow","max-snippet":"max-snippet:-1","max-image-preview":"max-image-preview:large","max-video-preview":"max-video-preview:-1"},"canonical":"https:\/\/voxsahel.com\/?p=1725","og_locale":"fr_FR","og_type":"article","og_title":"Lutte contre l\u2019ins\u00e9curit\u00e9 urbaine : Elle a enlev\u00e9 et s\u00e9questr\u00e9 la petite OD pendant 5 ans - Vox Sahel","og_description":"La Division des Investigations Criminelles (DIC) de la Police Nationale, gr\u00e2ce \u00e0 une d\u00e9nonciation anonyme,","og_url":"https:\/\/voxsahel.com\/?p=1725","og_site_name":"Vox Sahel","article_publisher":"https:\/\/www.facebook.com\/journal.voxsahel","article_published_time":"2025-04-08T10:49:22+00:00","og_image":[{"width":720,"height":960,"url":"https:\/\/voxsahel.com\/wp-content\/uploads\/2025\/04\/IMG_2334.jpeg","type":"image\/jpeg"}],"author":"Vox Sahel","twitter_card":"summary_large_image","twitter_misc":{"\u00c9crit par":"Vox Sahel","Dur\u00e9e de lecture estim\u00e9e":"2 minutes"},"schema":{"@context":"https:\/\/schema.org","@graph":[{"@type":"Article","@id":"https:\/\/voxsahel.com\/?p=1725#article","isPartOf":{"@id":"https:\/\/voxsahel.com\/?p=1725"},"author":{"name":"Vox Sahel","@id":"https:\/\/voxsahel.com\/#\/schema\/person\/b4043608248f8fa227cd760e7ff1e19e"},"headline":"Lutte contre l\u2019ins\u00e9curit\u00e9 urbaine : Elle a enlev\u00e9 et s\u00e9questr\u00e9 la petite OD pendant 5 ans","datePublished":"2025-04-08T10:49:22+00:00","mainEntityOfPage":{"@id":"https:\/\/voxsahel.com\/?p=1725"},"wordCount":286,"commentCount":0,"publisher":{"@id":"https:\/\/voxsahel.com\/#organization"},"image":{"@id":"https:\/\/voxsahel.com\/?p=1725#primaryimage"},"thumbnailUrl":"https:\/\/voxsahel.com\/wp-content\/uploads\/2025\/04\/IMG_2334.jpeg","keywords":["Burkina Faso","Commune de Ouagadougou","Ins\u00e9curit\u00e9","Police Nationale"],"articleSection":["FAITS DIVERS"],"inLanguage":"fr-FR","potentialAction":[{"@type":"CommentAction","name":"Comment","target":["https:\/\/voxsahel.com\/?p=1725#respond"]}]},{"@type":"WebPage","@id":"https:\/\/voxsahel.com\/?p=1725","url":"https:\/\/voxsahel.com\/?p=1725","name":"Lutte contre l\u2019ins\u00e9curit\u00e9 urbaine : Elle a enlev\u00e9 et s\u00e9questr\u00e9 la petite OD pendant 5 ans - Vox Sahel","isPartOf":{"@id":"https:\/\/voxsahel.com\/#website"},"primaryImageOfPage":{"@id":"https:\/\/voxsahel.com\/?p=1725#primaryimage"},"image":{"@id":"https:\/\/voxsahel.com\/?p=1725#primaryimage"},"thumbnailUrl":"https:\/\/voxsahel.com\/wp-content\/uploads\/2025\/04\/IMG_2334.jpeg","datePublished":"2025-04-08T10:49:22+00:00","breadcrumb":{"@id":"https:\/\/voxsahel.com\/?p=1725#breadcrumb"},"inLanguage":"fr-FR","potentialAction":[{"@type":"ReadAction","target":["https:\/\/voxsahel.com\/?p=1725"]}]},{"@type":"ImageObject","inLanguage":"fr-FR","@id":"https:\/\/voxsahel.com\/?p=1725#primaryimage","url":"https:\/\/voxsahel.com\/wp-content\/uploads\/2025\/04\/IMG_2334.jpeg","contentUrl":"https:\/\/voxsahel.com\/wp-content\/uploads\/2025\/04\/IMG_2334.jpeg","width":720,"height":960},{"@type":"BreadcrumbList","@id":"https:\/\/voxsahel.com\/?p=1725#breadcrumb","itemListElement":[{"@type":"ListItem","position":1,"name":"Home","item":"https:\/\/voxsahel.com\/"},{"@type":"ListItem","position":2,"name":"Lutte contre l\u2019ins\u00e9curit\u00e9 urbaine : Elle a enlev\u00e9 et s\u00e9questr\u00e9 la petite OD pendant 5 ans"}]},{"@type":"WebSite","@id":"https:\/\/voxsahel.com\/#website","url":"https:\/\/voxsahel.com\/","name":"Vox Sahel","description":"Informez-vous sur le Sahel en un clic","publisher":{"@id":"https:\/\/voxsahel.com\/#organization"},"potentialAction":[{"@type":"SearchAction","target":{"@type":"EntryPoint","urlTemplate":"https:\/\/voxsahel.com\/?s={search_term_string}"},"query-input":{"@type":"PropertyValueSpecification","valueRequired":true,"valueName":"search_term_string"}}],"inLanguage":"fr-FR"},{"@type":"Organization","@id":"https:\/\/voxsahel.com\/#organization","name":"Vox Sahel","url":"https:\/\/voxsahel.com\/","logo":{"@type":"ImageObject","inLanguage":"fr-FR","@id":"https:\/\/voxsahel.com\/#\/schema\/logo\/image\/","url":"https:\/\/voxsahel.com\/wp-content\/uploads\/2024\/09\/Logo-Vox-Sahel.jpg","contentUrl":"https:\/\/voxsahel.com\/wp-content\/uploads\/2024\/09\/Logo-Vox-Sahel.jpg","width":1181,"height":848,"caption":"Vox Sahel"},"image":{"@id":"https:\/\/voxsahel.com\/#\/schema\/logo\/image\/"},"sameAs":["https:\/\/www.facebook.com\/journal.voxsahel"]},{"@type":"Person","@id":"https:\/\/voxsahel.com\/#\/schema\/person\/b4043608248f8fa227cd760e7ff1e19e","name":"Vox Sahel","image":{"@type":"ImageObject","inLanguage":"fr-FR","@id":"https:\/\/secure.gravatar.com\/avatar\/f70e7fa0cb9b29d4a7c5788d6eb2e9ab4d3135cbae1c9161810fdf77a8964699?s=96&d=mm&r=g","url":"https:\/\/secure.gravatar.com\/avatar\/f70e7fa0cb9b29d4a7c5788d6eb2e9ab4d3135cbae1c9161810fdf77a8964699?s=96&d=mm&r=g","contentUrl":"https:\/\/secure.gravatar.com\/avatar\/f70e7fa0cb9b29d4a7c5788d6eb2e9ab4d3135cbae1c9161810fdf77a8964699?s=96&d=mm&r=g","caption":"Vox Sahel"},"sameAs":["http:\/\/www.voxsahel.com"],"url":"https:\/\/voxsahel.com\/?author=2"}]}},"_links":{"self":[{"href":"https:\/\/voxsahel.com\/index.php?rest_route=\/wp\/v2\/posts\/1725","targetHints":{"allow":["GET"]}}],"collection":[{"href":"https:\/\/voxsahel.com\/index.php?rest_route=\/wp\/v2\/posts"}],"about":[{"href":"https:\/\/voxsahel.com\/index.php?rest_route=\/wp\/v2\/types\/post"}],"author":[{"embeddable":true,"href":"https:\/\/voxsahel.com\/index.php?rest_route=\/wp\/v2\/users\/2"}],"replies":[{"embeddable":true,"href":"https:\/\/voxsahel.com\/index.php?rest_route=%2Fwp%2Fv2%2Fcomments&post=1725"}],"version-history":[{"count":1,"href":"https:\/\/voxsahel.com\/index.php?rest_route=\/wp\/v2\/posts\/1725\/revisions"}],"predecessor-version":[{"id":1727,"href":"https:\/\/voxsahel.com\/index.php?rest_route=\/wp\/v2\/posts\/1725\/revisions\/1727"}],"wp:featuredmedia":[{"embeddable":true,"href":"https:\/\/voxsahel.com\/index.php?rest_route=\/wp\/v2\/media\/1726"}],"wp:attachment":[{"href":"https:\/\/voxsahel.com\/index.php?rest_route=%2Fwp%2Fv2%2Fmedia&parent=1725"}],"wp:term":[{"taxonomy":"category","embeddable":true,"href":"https:\/\/voxsahel.com\/index.php?rest_route=%2Fwp%2Fv2%2Fcategories&post=1725"},{"taxonomy":"post_tag","embeddable":true,"href":"https:\/\/voxsahel.com\/index.php?rest_route=%2Fwp%2Fv2%2Ftags&post=1725"}],"curies":[{"name":"wp","href":"https:\/\/api.w.org\/{rel}","templated":true}]}}