{"id":1711,"date":"2025-04-06T21:16:32","date_gmt":"2025-04-06T21:16:32","guid":{"rendered":"https:\/\/voxsahel.com\/?p=1711"},"modified":"2025-04-06T21:16:32","modified_gmt":"2025-04-06T21:16:32","slug":"destruction-dun-drone-militaire-malien-par-les-forces-algeriennes-les-etats-membres-ont-decide-de-rappeler-pour-consultations-leurs-ambassadeurs-en-poste-a-alger","status":"publish","type":"post","link":"https:\/\/voxsahel.com\/?p=1711","title":{"rendered":"Destruction d\u2019un drone militaire malien par les forces alg\u00e9riennes : Les \u00c9tats membres ont d\u00e9cid\u00e9 de rappeler pour consultations leurs ambassadeurs en poste \u00e0 Alger"},"content":{"rendered":"<p class=\"p1\">La Conf\u00e9d\u00e9ration des \u00c9tats du Sahel (AES), regroupant le Mali, le Burkina Faso et le Niger, a vivement r\u00e9agi \u00e0 la destruction d\u2019un drone militaire malien par les forces alg\u00e9riennes, dans la nuit du 31 mars au 1er avril 2025, \u00e0 Tin-Zaouat\u00e8ne, dans la r\u00e9gion de Kidal.<\/p>\n<p class=\"p1\"><span class=\"s1\">Dans un communiqu\u00e9 officiel publi\u00e9 ce samedi \u00e0 Bamako, le Coll\u00e8ge des Chefs d\u2019\u00c9tat de la Conf\u00e9d\u00e9ration a d\u00e9nonc\u00e9 \u00ab\u00a0un acte d\u2019hostilit\u00e9\u00a0\u00bb commis par le r\u00e9gime alg\u00e9rien contre un appareil immatricul\u00e9 TZ-98D appartenant aux Forces arm\u00e9es et de s\u00e9curit\u00e9 du Mali. Selon les autorit\u00e9s de l\u2019AES, l\u2019incident s\u2019est produit alors que le drone participait \u00e0 une op\u00e9ration visant \u00e0 neutraliser un groupe terroriste actif dans la zone frontali\u00e8re.<\/span><\/p>\n<p class=\"p1\"><span class=\"s1\">Le Coll\u00e8ge a qualifi\u00e9 cette attaque de \u00ab\u00a0grave agression\u00a0\u00bb dirig\u00e9e non seulement contre le Mali, mais \u00e9galement contre l\u2019ensemble des \u00c9tats membres de la Conf\u00e9d\u00e9ration. Il y voit une tentative de \u00ab\u00a0promotion perfide du terrorisme\u00a0\u00bb et une action susceptible de \u00ab\u00a0contribuer \u00e0 la d\u00e9stabilisation de la r\u00e9gion\u00a0\u00bb.<\/span><\/p>\n<p class=\"p1\"><span class=\"s1\">Les r\u00e9sultats de l\u2019enqu\u00eate men\u00e9e par les services comp\u00e9tents de l\u2019AES indiquent que la destruction du drone a compromis une op\u00e9ration antiterroriste majeure. \u00ab\u00a0Cet acte irresponsable du r\u00e9gime alg\u00e9rien a emp\u00each\u00e9 l\u2019\u00e9limination d\u2019un groupe terroriste planifiant des attaques contre l\u2019AES\u00a0\u00bb, souligne le communiqu\u00e9.<\/span><\/p>\n<p class=\"p1\"><span class=\"s1\">En r\u00e9ponse, les \u00c9tats membres ont d\u00e9cid\u00e9 de rappeler pour consultations leurs ambassadeurs en poste \u00e0 Alger. Cette mesure symbolise la gravit\u00e9 de la crise diplomatique en cours et traduit une volont\u00e9 de r\u00e9\u00e9valuer les relations avec le voisin du nord.<\/span><\/p>\n<p class=\"p1\"><span class=\"s1\">Tout en condamnant fermement l\u2019attaque, l\u2019AES rappelle que la lutte contre le terrorisme reste une priorit\u00e9 existentielle pour la r\u00e9gion sah\u00e9lienne. Les autorit\u00e9s rassurent les populations que les Forces de d\u00e9fense et de s\u00e9curit\u00e9 de l\u2019espace conf\u00e9d\u00e9ral \u00ab\u00a0demeurent pleinement engag\u00e9es pour assurer leur s\u00e9curit\u00e9 et d\u00e9fendre l\u2019int\u00e9grit\u00e9 du territoire\u00a0\u00bb.<\/span><\/p>\n<p class=\"p1\"><span class=\"s1\">La d\u00e9claration est sign\u00e9e par le Pr\u00e9sident de la Transition du Mali, le G\u00e9n\u00e9ral d\u2019arm\u00e9e Assimi Go\u00efta, au nom de ses homologues burkinab\u00e8 et nig\u00e9rien.<\/span><\/p>\n","protected":false},"excerpt":{"rendered":"<p>La Conf\u00e9d\u00e9ration des \u00c9tats du Sahel (AES), regroupant le Mali, le Burkina Faso et le<\/p>\n","protected":false},"author":2,"featured_media":1712,"comment_status":"open","ping_status":"open","sticky":false,"template":"","format":"standard","meta":{"_et_pb_use_builder":"","_et_pb_old_content":"","_et_gb_content_width":"","footnotes":""},"categories":[6],"tags":[61,535,534,62,18,123,236,31,60,20],"class_list":["post-1711","post","type-post","status-publish","format-standard","has-post-thumbnail","hentry","category-politique","tag-aes","tag-alger","tag-algerie","tag-alliance-des-etats-du-sahel","tag-burkina-faso","tag-confederation-de-lalliances-des-etats-du-sahel","tag-forces-armees-maliennes","tag-mali","tag-niger","tag-terrorisme"],"yoast_head":"<!-- This site is optimized with the Yoast SEO plugin v27.5 - https:\/\/yoast.com\/product\/yoast-seo-wordpress\/ -->\n<title>Destruction d\u2019un drone militaire malien par les forces alg\u00e9riennes : Les \u00c9tats membres ont d\u00e9cid\u00e9 de rappeler pour consultations leurs ambassadeurs en poste \u00e0 Alger - Vox Sahel<\/title>\n<meta name=\"robots\" content=\"index, follow, max-snippet:-1, max-image-preview:large, max-video-preview:-1\" \/>\n<link rel=\"canonical\" href=\"https:\/\/voxsahel.com\/?p=1711\" \/>\n<meta property=\"og:locale\" content=\"fr_FR\" \/>\n<meta property=\"og:type\" content=\"article\" \/>\n<meta property=\"og:title\" content=\"Destruction d\u2019un drone militaire malien par les forces alg\u00e9riennes : Les \u00c9tats membres ont d\u00e9cid\u00e9 de rappeler pour consultations leurs ambassadeurs en poste \u00e0 Alger - Vox Sahel\" \/>\n<meta property=\"og:description\" content=\"La Conf\u00e9d\u00e9ration des \u00c9tats du Sahel (AES), regroupant le Mali, le Burkina Faso et le\" \/>\n<meta property=\"og:url\" content=\"https:\/\/voxsahel.com\/?p=1711\" \/>\n<meta property=\"og:site_name\" content=\"Vox Sahel\" \/>\n<meta property=\"article:publisher\" content=\"https:\/\/www.facebook.com\/journal.voxsahel\" \/>\n<meta property=\"article:published_time\" content=\"2025-04-06T21:16:32+00:00\" \/>\n<meta property=\"og:image\" content=\"https:\/\/voxsahel.com\/wp-content\/uploads\/2025\/04\/IMG_1897.jpeg\" \/>\n\t<meta property=\"og:image:width\" content=\"679\" \/>\n\t<meta property=\"og:image:height\" content=\"452\" \/>\n\t<meta property=\"og:image:type\" content=\"image\/jpeg\" \/>\n<meta name=\"author\" content=\"Vox Sahel\" \/>\n<meta name=\"twitter:card\" content=\"summary_large_image\" \/>\n<meta name=\"twitter:label1\" content=\"\u00c9crit par\" \/>\n\t<meta name=\"twitter:data1\" content=\"Vox Sahel\" \/>\n\t<meta name=\"twitter:label2\" content=\"Dur\u00e9e de lecture estim\u00e9e\" \/>\n\t<meta name=\"twitter:data2\" content=\"2 minutes\" \/>\n<script type=\"application\/ld+json\" class=\"yoast-schema-graph\">{\"@context\":\"https:\\\/\\\/schema.org\",\"@graph\":[{\"@type\":\"Article\",\"@id\":\"https:\\\/\\\/voxsahel.com\\\/?p=1711#article\",\"isPartOf\":{\"@id\":\"https:\\\/\\\/voxsahel.com\\\/?p=1711\"},\"author\":{\"name\":\"Vox Sahel\",\"@id\":\"https:\\\/\\\/voxsahel.com\\\/#\\\/schema\\\/person\\\/b4043608248f8fa227cd760e7ff1e19e\"},\"headline\":\"Destruction d\u2019un drone militaire malien par les forces alg\u00e9riennes : Les \u00c9tats membres ont d\u00e9cid\u00e9 de rappeler pour consultations leurs ambassadeurs en poste \u00e0 Alger\",\"datePublished\":\"2025-04-06T21:16:32+00:00\",\"mainEntityOfPage\":{\"@id\":\"https:\\\/\\\/voxsahel.com\\\/?p=1711\"},\"wordCount\":408,\"commentCount\":0,\"publisher\":{\"@id\":\"https:\\\/\\\/voxsahel.com\\\/#organization\"},\"image\":{\"@id\":\"https:\\\/\\\/voxsahel.com\\\/?p=1711#primaryimage\"},\"thumbnailUrl\":\"https:\\\/\\\/voxsahel.com\\\/wp-content\\\/uploads\\\/2025\\\/04\\\/IMG_1897.jpeg\",\"keywords\":[\"AES\",\"Alger\",\"Alg\u00e9rie\",\"Alliance des \u00c9tats du Sahel\",\"Burkina Faso\",\"Conf\u00e9d\u00e9ration de l\u2019Alliances des \u00c9tats du Sahel\",\"Forces Arm\u00e9es Maliennes\",\"Mali\",\"Niger\",\"Terrorisme\"],\"articleSection\":[\"POLITIQUE\"],\"inLanguage\":\"fr-FR\",\"potentialAction\":[{\"@type\":\"CommentAction\",\"name\":\"Comment\",\"target\":[\"https:\\\/\\\/voxsahel.com\\\/?p=1711#respond\"]}]},{\"@type\":\"WebPage\",\"@id\":\"https:\\\/\\\/voxsahel.com\\\/?p=1711\",\"url\":\"https:\\\/\\\/voxsahel.com\\\/?p=1711\",\"name\":\"Destruction d\u2019un drone militaire malien par les forces alg\u00e9riennes : Les \u00c9tats membres ont d\u00e9cid\u00e9 de rappeler pour consultations leurs ambassadeurs en poste \u00e0 Alger - Vox Sahel\",\"isPartOf\":{\"@id\":\"https:\\\/\\\/voxsahel.com\\\/#website\"},\"primaryImageOfPage\":{\"@id\":\"https:\\\/\\\/voxsahel.com\\\/?p=1711#primaryimage\"},\"image\":{\"@id\":\"https:\\\/\\\/voxsahel.com\\\/?p=1711#primaryimage\"},\"thumbnailUrl\":\"https:\\\/\\\/voxsahel.com\\\/wp-content\\\/uploads\\\/2025\\\/04\\\/IMG_1897.jpeg\",\"datePublished\":\"2025-04-06T21:16:32+00:00\",\"breadcrumb\":{\"@id\":\"https:\\\/\\\/voxsahel.com\\\/?p=1711#breadcrumb\"},\"inLanguage\":\"fr-FR\",\"potentialAction\":[{\"@type\":\"ReadAction\",\"target\":[\"https:\\\/\\\/voxsahel.com\\\/?p=1711\"]}]},{\"@type\":\"ImageObject\",\"inLanguage\":\"fr-FR\",\"@id\":\"https:\\\/\\\/voxsahel.com\\\/?p=1711#primaryimage\",\"url\":\"https:\\\/\\\/voxsahel.com\\\/wp-content\\\/uploads\\\/2025\\\/04\\\/IMG_1897.jpeg\",\"contentUrl\":\"https:\\\/\\\/voxsahel.com\\\/wp-content\\\/uploads\\\/2025\\\/04\\\/IMG_1897.jpeg\",\"width\":679,\"height\":452},{\"@type\":\"BreadcrumbList\",\"@id\":\"https:\\\/\\\/voxsahel.com\\\/?p=1711#breadcrumb\",\"itemListElement\":[{\"@type\":\"ListItem\",\"position\":1,\"name\":\"Home\",\"item\":\"https:\\\/\\\/voxsahel.com\\\/\"},{\"@type\":\"ListItem\",\"position\":2,\"name\":\"Destruction d\u2019un drone militaire malien par les forces alg\u00e9riennes : Les \u00c9tats membres ont d\u00e9cid\u00e9 de rappeler pour consultations leurs ambassadeurs en poste \u00e0 Alger\"}]},{\"@type\":\"WebSite\",\"@id\":\"https:\\\/\\\/voxsahel.com\\\/#website\",\"url\":\"https:\\\/\\\/voxsahel.com\\\/\",\"name\":\"Vox Sahel\",\"description\":\"Informez-vous sur le Sahel en un clic\",\"publisher\":{\"@id\":\"https:\\\/\\\/voxsahel.com\\\/#organization\"},\"potentialAction\":[{\"@type\":\"SearchAction\",\"target\":{\"@type\":\"EntryPoint\",\"urlTemplate\":\"https:\\\/\\\/voxsahel.com\\\/?s={search_term_string}\"},\"query-input\":{\"@type\":\"PropertyValueSpecification\",\"valueRequired\":true,\"valueName\":\"search_term_string\"}}],\"inLanguage\":\"fr-FR\"},{\"@type\":\"Organization\",\"@id\":\"https:\\\/\\\/voxsahel.com\\\/#organization\",\"name\":\"Vox Sahel\",\"url\":\"https:\\\/\\\/voxsahel.com\\\/\",\"logo\":{\"@type\":\"ImageObject\",\"inLanguage\":\"fr-FR\",\"@id\":\"https:\\\/\\\/voxsahel.com\\\/#\\\/schema\\\/logo\\\/image\\\/\",\"url\":\"https:\\\/\\\/voxsahel.com\\\/wp-content\\\/uploads\\\/2024\\\/09\\\/Logo-Vox-Sahel.jpg\",\"contentUrl\":\"https:\\\/\\\/voxsahel.com\\\/wp-content\\\/uploads\\\/2024\\\/09\\\/Logo-Vox-Sahel.jpg\",\"width\":1181,\"height\":848,\"caption\":\"Vox Sahel\"},\"image\":{\"@id\":\"https:\\\/\\\/voxsahel.com\\\/#\\\/schema\\\/logo\\\/image\\\/\"},\"sameAs\":[\"https:\\\/\\\/www.facebook.com\\\/journal.voxsahel\"]},{\"@type\":\"Person\",\"@id\":\"https:\\\/\\\/voxsahel.com\\\/#\\\/schema\\\/person\\\/b4043608248f8fa227cd760e7ff1e19e\",\"name\":\"Vox Sahel\",\"image\":{\"@type\":\"ImageObject\",\"inLanguage\":\"fr-FR\",\"@id\":\"https:\\\/\\\/secure.gravatar.com\\\/avatar\\\/f70e7fa0cb9b29d4a7c5788d6eb2e9ab4d3135cbae1c9161810fdf77a8964699?s=96&d=mm&r=g\",\"url\":\"https:\\\/\\\/secure.gravatar.com\\\/avatar\\\/f70e7fa0cb9b29d4a7c5788d6eb2e9ab4d3135cbae1c9161810fdf77a8964699?s=96&d=mm&r=g\",\"contentUrl\":\"https:\\\/\\\/secure.gravatar.com\\\/avatar\\\/f70e7fa0cb9b29d4a7c5788d6eb2e9ab4d3135cbae1c9161810fdf77a8964699?s=96&d=mm&r=g\",\"caption\":\"Vox Sahel\"},\"sameAs\":[\"http:\\\/\\\/www.voxsahel.com\"],\"url\":\"https:\\\/\\\/voxsahel.com\\\/?author=2\"}]}<\/script>\n<!-- \/ Yoast SEO plugin. -->","yoast_head_json":{"title":"Destruction d\u2019un drone militaire malien par les forces alg\u00e9riennes : Les \u00c9tats membres ont d\u00e9cid\u00e9 de rappeler pour consultations leurs ambassadeurs en poste \u00e0 Alger - Vox Sahel","robots":{"index":"index","follow":"follow","max-snippet":"max-snippet:-1","max-image-preview":"max-image-preview:large","max-video-preview":"max-video-preview:-1"},"canonical":"https:\/\/voxsahel.com\/?p=1711","og_locale":"fr_FR","og_type":"article","og_title":"Destruction d\u2019un drone militaire malien par les forces alg\u00e9riennes : Les \u00c9tats membres ont d\u00e9cid\u00e9 de rappeler pour consultations leurs ambassadeurs en poste \u00e0 Alger - Vox Sahel","og_description":"La Conf\u00e9d\u00e9ration des \u00c9tats du Sahel (AES), regroupant le Mali, le Burkina Faso et le","og_url":"https:\/\/voxsahel.com\/?p=1711","og_site_name":"Vox Sahel","article_publisher":"https:\/\/www.facebook.com\/journal.voxsahel","article_published_time":"2025-04-06T21:16:32+00:00","og_image":[{"width":679,"height":452,"url":"https:\/\/voxsahel.com\/wp-content\/uploads\/2025\/04\/IMG_1897.jpeg","type":"image\/jpeg"}],"author":"Vox Sahel","twitter_card":"summary_large_image","twitter_misc":{"\u00c9crit par":"Vox Sahel","Dur\u00e9e de lecture estim\u00e9e":"2 minutes"},"schema":{"@context":"https:\/\/schema.org","@graph":[{"@type":"Article","@id":"https:\/\/voxsahel.com\/?p=1711#article","isPartOf":{"@id":"https:\/\/voxsahel.com\/?p=1711"},"author":{"name":"Vox Sahel","@id":"https:\/\/voxsahel.com\/#\/schema\/person\/b4043608248f8fa227cd760e7ff1e19e"},"headline":"Destruction d\u2019un drone militaire malien par les forces alg\u00e9riennes : Les \u00c9tats membres ont d\u00e9cid\u00e9 de rappeler pour consultations leurs ambassadeurs en poste \u00e0 Alger","datePublished":"2025-04-06T21:16:32+00:00","mainEntityOfPage":{"@id":"https:\/\/voxsahel.com\/?p=1711"},"wordCount":408,"commentCount":0,"publisher":{"@id":"https:\/\/voxsahel.com\/#organization"},"image":{"@id":"https:\/\/voxsahel.com\/?p=1711#primaryimage"},"thumbnailUrl":"https:\/\/voxsahel.com\/wp-content\/uploads\/2025\/04\/IMG_1897.jpeg","keywords":["AES","Alger","Alg\u00e9rie","Alliance des \u00c9tats du Sahel","Burkina Faso","Conf\u00e9d\u00e9ration de l\u2019Alliances des \u00c9tats du Sahel","Forces Arm\u00e9es Maliennes","Mali","Niger","Terrorisme"],"articleSection":["POLITIQUE"],"inLanguage":"fr-FR","potentialAction":[{"@type":"CommentAction","name":"Comment","target":["https:\/\/voxsahel.com\/?p=1711#respond"]}]},{"@type":"WebPage","@id":"https:\/\/voxsahel.com\/?p=1711","url":"https:\/\/voxsahel.com\/?p=1711","name":"Destruction d\u2019un drone militaire malien par les forces alg\u00e9riennes : Les \u00c9tats membres ont d\u00e9cid\u00e9 de rappeler pour consultations leurs ambassadeurs en poste \u00e0 Alger - Vox Sahel","isPartOf":{"@id":"https:\/\/voxsahel.com\/#website"},"primaryImageOfPage":{"@id":"https:\/\/voxsahel.com\/?p=1711#primaryimage"},"image":{"@id":"https:\/\/voxsahel.com\/?p=1711#primaryimage"},"thumbnailUrl":"https:\/\/voxsahel.com\/wp-content\/uploads\/2025\/04\/IMG_1897.jpeg","datePublished":"2025-04-06T21:16:32+00:00","breadcrumb":{"@id":"https:\/\/voxsahel.com\/?p=1711#breadcrumb"},"inLanguage":"fr-FR","potentialAction":[{"@type":"ReadAction","target":["https:\/\/voxsahel.com\/?p=1711"]}]},{"@type":"ImageObject","inLanguage":"fr-FR","@id":"https:\/\/voxsahel.com\/?p=1711#primaryimage","url":"https:\/\/voxsahel.com\/wp-content\/uploads\/2025\/04\/IMG_1897.jpeg","contentUrl":"https:\/\/voxsahel.com\/wp-content\/uploads\/2025\/04\/IMG_1897.jpeg","width":679,"height":452},{"@type":"BreadcrumbList","@id":"https:\/\/voxsahel.com\/?p=1711#breadcrumb","itemListElement":[{"@type":"ListItem","position":1,"name":"Home","item":"https:\/\/voxsahel.com\/"},{"@type":"ListItem","position":2,"name":"Destruction d\u2019un drone militaire malien par les forces alg\u00e9riennes : Les \u00c9tats membres ont d\u00e9cid\u00e9 de rappeler pour consultations leurs ambassadeurs en poste \u00e0 Alger"}]},{"@type":"WebSite","@id":"https:\/\/voxsahel.com\/#website","url":"https:\/\/voxsahel.com\/","name":"Vox Sahel","description":"Informez-vous sur le Sahel en un clic","publisher":{"@id":"https:\/\/voxsahel.com\/#organization"},"potentialAction":[{"@type":"SearchAction","target":{"@type":"EntryPoint","urlTemplate":"https:\/\/voxsahel.com\/?s={search_term_string}"},"query-input":{"@type":"PropertyValueSpecification","valueRequired":true,"valueName":"search_term_string"}}],"inLanguage":"fr-FR"},{"@type":"Organization","@id":"https:\/\/voxsahel.com\/#organization","name":"Vox Sahel","url":"https:\/\/voxsahel.com\/","logo":{"@type":"ImageObject","inLanguage":"fr-FR","@id":"https:\/\/voxsahel.com\/#\/schema\/logo\/image\/","url":"https:\/\/voxsahel.com\/wp-content\/uploads\/2024\/09\/Logo-Vox-Sahel.jpg","contentUrl":"https:\/\/voxsahel.com\/wp-content\/uploads\/2024\/09\/Logo-Vox-Sahel.jpg","width":1181,"height":848,"caption":"Vox Sahel"},"image":{"@id":"https:\/\/voxsahel.com\/#\/schema\/logo\/image\/"},"sameAs":["https:\/\/www.facebook.com\/journal.voxsahel"]},{"@type":"Person","@id":"https:\/\/voxsahel.com\/#\/schema\/person\/b4043608248f8fa227cd760e7ff1e19e","name":"Vox Sahel","image":{"@type":"ImageObject","inLanguage":"fr-FR","@id":"https:\/\/secure.gravatar.com\/avatar\/f70e7fa0cb9b29d4a7c5788d6eb2e9ab4d3135cbae1c9161810fdf77a8964699?s=96&d=mm&r=g","url":"https:\/\/secure.gravatar.com\/avatar\/f70e7fa0cb9b29d4a7c5788d6eb2e9ab4d3135cbae1c9161810fdf77a8964699?s=96&d=mm&r=g","contentUrl":"https:\/\/secure.gravatar.com\/avatar\/f70e7fa0cb9b29d4a7c5788d6eb2e9ab4d3135cbae1c9161810fdf77a8964699?s=96&d=mm&r=g","caption":"Vox Sahel"},"sameAs":["http:\/\/www.voxsahel.com"],"url":"https:\/\/voxsahel.com\/?author=2"}]}},"_links":{"self":[{"href":"https:\/\/voxsahel.com\/index.php?rest_route=\/wp\/v2\/posts\/1711","targetHints":{"allow":["GET"]}}],"collection":[{"href":"https:\/\/voxsahel.com\/index.php?rest_route=\/wp\/v2\/posts"}],"about":[{"href":"https:\/\/voxsahel.com\/index.php?rest_route=\/wp\/v2\/types\/post"}],"author":[{"embeddable":true,"href":"https:\/\/voxsahel.com\/index.php?rest_route=\/wp\/v2\/users\/2"}],"replies":[{"embeddable":true,"href":"https:\/\/voxsahel.com\/index.php?rest_route=%2Fwp%2Fv2%2Fcomments&post=1711"}],"version-history":[{"count":1,"href":"https:\/\/voxsahel.com\/index.php?rest_route=\/wp\/v2\/posts\/1711\/revisions"}],"predecessor-version":[{"id":1713,"href":"https:\/\/voxsahel.com\/index.php?rest_route=\/wp\/v2\/posts\/1711\/revisions\/1713"}],"wp:featuredmedia":[{"embeddable":true,"href":"https:\/\/voxsahel.com\/index.php?rest_route=\/wp\/v2\/media\/1712"}],"wp:attachment":[{"href":"https:\/\/voxsahel.com\/index.php?rest_route=%2Fwp%2Fv2%2Fmedia&parent=1711"}],"wp:term":[{"taxonomy":"category","embeddable":true,"href":"https:\/\/voxsahel.com\/index.php?rest_route=%2Fwp%2Fv2%2Fcategories&post=1711"},{"taxonomy":"post_tag","embeddable":true,"href":"https:\/\/voxsahel.com\/index.php?rest_route=%2Fwp%2Fv2%2Ftags&post=1711"}],"curies":[{"name":"wp","href":"https:\/\/api.w.org\/{rel}","templated":true}]}}