{"id":1708,"date":"2025-04-06T09:16:34","date_gmt":"2025-04-06T09:16:34","guid":{"rendered":"https:\/\/voxsahel.com\/?p=1708"},"modified":"2025-04-06T09:16:34","modified_gmt":"2025-04-06T09:16:34","slug":"can-u17-maroc-2025-le-burkina-faso-pret-a-affronter-lafrique-du-sud-pour-la-premiere-place-du-groupe","status":"publish","type":"post","link":"https:\/\/voxsahel.com\/?p=1708","title":{"rendered":"CAN U17 \u2013 Maroc 2025 : Le Burkina Faso pr\u00eat \u00e0 affronter l\u2019Afrique du Sud pour la premi\u00e8re place du groupe"},"content":{"rendered":"<p class=\"p1\"><span class=\"s2\">La phase de groupes de la Coupe d\u2019Afrique des Nations U17 entre dans sa derni\u00e8re ligne droite, et le Burkina Faso, d\u00e9j\u00e0 qualifi\u00e9 pour les quarts de finale ainsi que pour la Coupe du Monde U17, s\u2019appr\u00eate \u00e0 livrer un duel d\u00e9cisif contre l\u2019Afrique du Sud ce dimanche 6 avril \u00e0 Casablanca.<\/span><\/p>\n<p class=\"p1\"><span class=\"s2\">Les \u00c9talons Cadets, dirig\u00e9s par le s\u00e9lectionneur Oscar Barro, ont effectu\u00e9 leur derni\u00e8re s\u00e9ance d\u2019entra\u00eenement ce samedi 5 avril au complexe sportif Moulay Rachid de Bouznika. Une ultime pr\u00e9paration qui s\u2019inscrit dans une dynamique de confiance et de d\u00e9termination.<\/span><\/p>\n<p class=\"p1\"><span class=\"s2\"><strong><em>\u00ab Il y a un duel qui nous attend demain, et nous avons bien envie de terminer premiers de notre groupe \u00bb,<\/em> <\/strong>a d\u00e9clar\u00e9 le technicien burkinab\u00e8. Un message clair qui t\u00e9moigne de l\u2019ambition intacte du groupe malgr\u00e9 la qualification d\u00e9j\u00e0 acquise.<\/span><\/p>\n<p class=\"p1\"><span class=\"s2\">Cependant, les \u00c9talons devront faire face \u00e0 quelques absences de taille. Le capitaine Fadil Barro est suspendu pour cumul de cartons jaunes. \u00c0 cette absence s\u2019ajoutent celles de Mohamed Sako et Assiffou Kon\u00e9, tous deux bless\u00e9s. Le staff m\u00e9dical travaille activement pour leur permettre de r\u00e9int\u00e9grer le groupe dans les prochains jours.<\/span><\/p>\n<p class=\"p1\"><span class=\"s2\">La rencontre face \u00e0 l\u2019Afrique du Sud se jouera au stade Laarbi Zde de Casablanca \u00e0 partir de 16h GMT. Une victoire permettrait au Burkina Faso de consolider sa place de leader du groupe et d\u2019aborder les quarts de finale avec un maximum de confiance.<\/span><\/p>\n<p class=\"p1\"><span class=\"s2\">Le Burkina Faso et le Mali sont pour l\u2019instant les deux premi\u00e8res nations qualifi\u00e9es pour les quarts de finale et pour le prochain Mondial U17. Reste \u00e0 savoir qui terminera en t\u00eate du groupe \u00e0 l\u2019issue de cette derni\u00e8re journ\u00e9e d\u00e9cisive.<\/span><\/p>\n<p style=\"text-align: right;\"><strong>Par Vox Sahel<\/strong><\/p>\n","protected":false},"excerpt":{"rendered":"<p>La phase de groupes de la Coupe d\u2019Afrique des Nations U17 entre dans sa derni\u00e8re<\/p>\n","protected":false},"author":2,"featured_media":1709,"comment_status":"open","ping_status":"open","sticky":false,"template":"","format":"standard","meta":{"_et_pb_use_builder":"","_et_pb_old_content":"","_et_gb_content_width":"","footnotes":""},"categories":[1],"tags":[18,37,673,274,40,35,34],"class_list":["post-1708","post","type-post","status-publish","format-standard","has-post-thumbnail","hentry","category-faits-divers","tag-burkina-faso","tag-can-maroc-2025","tag-can-u17","tag-etalons","tag-federation-burkinabe-de-football","tag-football","tag-sport"],"yoast_head":"<!-- This site is optimized with the Yoast SEO plugin v27.5 - https:\/\/yoast.com\/product\/yoast-seo-wordpress\/ -->\n<title>CAN U17 \u2013 Maroc 2025 : Le Burkina Faso pr\u00eat \u00e0 affronter l\u2019Afrique du Sud pour la premi\u00e8re place du groupe - Vox Sahel<\/title>\n<meta name=\"robots\" content=\"index, follow, max-snippet:-1, max-image-preview:large, max-video-preview:-1\" \/>\n<link rel=\"canonical\" href=\"https:\/\/voxsahel.com\/?p=1708\" \/>\n<meta property=\"og:locale\" content=\"fr_FR\" \/>\n<meta property=\"og:type\" content=\"article\" \/>\n<meta property=\"og:title\" content=\"CAN U17 \u2013 Maroc 2025 : Le Burkina Faso pr\u00eat \u00e0 affronter l\u2019Afrique du Sud pour la premi\u00e8re place du groupe - Vox Sahel\" \/>\n<meta property=\"og:description\" content=\"La phase de groupes de la Coupe d\u2019Afrique des Nations U17 entre dans sa derni\u00e8re\" \/>\n<meta property=\"og:url\" content=\"https:\/\/voxsahel.com\/?p=1708\" \/>\n<meta property=\"og:site_name\" content=\"Vox Sahel\" \/>\n<meta property=\"article:publisher\" content=\"https:\/\/www.facebook.com\/journal.voxsahel\" \/>\n<meta property=\"article:published_time\" content=\"2025-04-06T09:16:34+00:00\" \/>\n<meta property=\"og:image\" content=\"https:\/\/voxsahel.com\/wp-content\/uploads\/2025\/04\/IMG_1772.jpeg\" \/>\n\t<meta property=\"og:image:width\" content=\"960\" \/>\n\t<meta property=\"og:image:height\" content=\"640\" \/>\n\t<meta property=\"og:image:type\" content=\"image\/jpeg\" \/>\n<meta name=\"author\" content=\"Vox Sahel\" \/>\n<meta name=\"twitter:card\" content=\"summary_large_image\" \/>\n<meta name=\"twitter:label1\" content=\"\u00c9crit par\" \/>\n\t<meta name=\"twitter:data1\" content=\"Vox Sahel\" \/>\n\t<meta name=\"twitter:label2\" content=\"Dur\u00e9e de lecture estim\u00e9e\" \/>\n\t<meta name=\"twitter:data2\" content=\"2 minutes\" \/>\n<script type=\"application\/ld+json\" class=\"yoast-schema-graph\">{\"@context\":\"https:\\\/\\\/schema.org\",\"@graph\":[{\"@type\":\"Article\",\"@id\":\"https:\\\/\\\/voxsahel.com\\\/?p=1708#article\",\"isPartOf\":{\"@id\":\"https:\\\/\\\/voxsahel.com\\\/?p=1708\"},\"author\":{\"name\":\"Vox Sahel\",\"@id\":\"https:\\\/\\\/voxsahel.com\\\/#\\\/schema\\\/person\\\/b4043608248f8fa227cd760e7ff1e19e\"},\"headline\":\"CAN U17 \u2013 Maroc 2025 : Le Burkina Faso pr\u00eat \u00e0 affronter l\u2019Afrique du Sud pour la premi\u00e8re place du groupe\",\"datePublished\":\"2025-04-06T09:16:34+00:00\",\"mainEntityOfPage\":{\"@id\":\"https:\\\/\\\/voxsahel.com\\\/?p=1708\"},\"wordCount\":317,\"commentCount\":0,\"publisher\":{\"@id\":\"https:\\\/\\\/voxsahel.com\\\/#organization\"},\"image\":{\"@id\":\"https:\\\/\\\/voxsahel.com\\\/?p=1708#primaryimage\"},\"thumbnailUrl\":\"https:\\\/\\\/voxsahel.com\\\/wp-content\\\/uploads\\\/2025\\\/04\\\/IMG_1772.jpeg\",\"keywords\":[\"Burkina Faso\",\"CAN Maroc 2025\",\"CAN U17\",\"Etalons\",\"F\u00e9d\u00e9ration Burkinab\u00e8 de Football\",\"Football\",\"Sport\"],\"articleSection\":[\"FAITS DIVERS\"],\"inLanguage\":\"fr-FR\",\"potentialAction\":[{\"@type\":\"CommentAction\",\"name\":\"Comment\",\"target\":[\"https:\\\/\\\/voxsahel.com\\\/?p=1708#respond\"]}]},{\"@type\":\"WebPage\",\"@id\":\"https:\\\/\\\/voxsahel.com\\\/?p=1708\",\"url\":\"https:\\\/\\\/voxsahel.com\\\/?p=1708\",\"name\":\"CAN U17 \u2013 Maroc 2025 : Le Burkina Faso pr\u00eat \u00e0 affronter l\u2019Afrique du Sud pour la premi\u00e8re place du groupe - Vox Sahel\",\"isPartOf\":{\"@id\":\"https:\\\/\\\/voxsahel.com\\\/#website\"},\"primaryImageOfPage\":{\"@id\":\"https:\\\/\\\/voxsahel.com\\\/?p=1708#primaryimage\"},\"image\":{\"@id\":\"https:\\\/\\\/voxsahel.com\\\/?p=1708#primaryimage\"},\"thumbnailUrl\":\"https:\\\/\\\/voxsahel.com\\\/wp-content\\\/uploads\\\/2025\\\/04\\\/IMG_1772.jpeg\",\"datePublished\":\"2025-04-06T09:16:34+00:00\",\"breadcrumb\":{\"@id\":\"https:\\\/\\\/voxsahel.com\\\/?p=1708#breadcrumb\"},\"inLanguage\":\"fr-FR\",\"potentialAction\":[{\"@type\":\"ReadAction\",\"target\":[\"https:\\\/\\\/voxsahel.com\\\/?p=1708\"]}]},{\"@type\":\"ImageObject\",\"inLanguage\":\"fr-FR\",\"@id\":\"https:\\\/\\\/voxsahel.com\\\/?p=1708#primaryimage\",\"url\":\"https:\\\/\\\/voxsahel.com\\\/wp-content\\\/uploads\\\/2025\\\/04\\\/IMG_1772.jpeg\",\"contentUrl\":\"https:\\\/\\\/voxsahel.com\\\/wp-content\\\/uploads\\\/2025\\\/04\\\/IMG_1772.jpeg\",\"width\":960,\"height\":640},{\"@type\":\"BreadcrumbList\",\"@id\":\"https:\\\/\\\/voxsahel.com\\\/?p=1708#breadcrumb\",\"itemListElement\":[{\"@type\":\"ListItem\",\"position\":1,\"name\":\"Home\",\"item\":\"https:\\\/\\\/voxsahel.com\\\/\"},{\"@type\":\"ListItem\",\"position\":2,\"name\":\"CAN U17 \u2013 Maroc 2025 : Le Burkina Faso pr\u00eat \u00e0 affronter l\u2019Afrique du Sud pour la premi\u00e8re place du groupe\"}]},{\"@type\":\"WebSite\",\"@id\":\"https:\\\/\\\/voxsahel.com\\\/#website\",\"url\":\"https:\\\/\\\/voxsahel.com\\\/\",\"name\":\"Vox Sahel\",\"description\":\"Informez-vous sur le Sahel en un clic\",\"publisher\":{\"@id\":\"https:\\\/\\\/voxsahel.com\\\/#organization\"},\"potentialAction\":[{\"@type\":\"SearchAction\",\"target\":{\"@type\":\"EntryPoint\",\"urlTemplate\":\"https:\\\/\\\/voxsahel.com\\\/?s={search_term_string}\"},\"query-input\":{\"@type\":\"PropertyValueSpecification\",\"valueRequired\":true,\"valueName\":\"search_term_string\"}}],\"inLanguage\":\"fr-FR\"},{\"@type\":\"Organization\",\"@id\":\"https:\\\/\\\/voxsahel.com\\\/#organization\",\"name\":\"Vox Sahel\",\"url\":\"https:\\\/\\\/voxsahel.com\\\/\",\"logo\":{\"@type\":\"ImageObject\",\"inLanguage\":\"fr-FR\",\"@id\":\"https:\\\/\\\/voxsahel.com\\\/#\\\/schema\\\/logo\\\/image\\\/\",\"url\":\"https:\\\/\\\/voxsahel.com\\\/wp-content\\\/uploads\\\/2024\\\/09\\\/Logo-Vox-Sahel.jpg\",\"contentUrl\":\"https:\\\/\\\/voxsahel.com\\\/wp-content\\\/uploads\\\/2024\\\/09\\\/Logo-Vox-Sahel.jpg\",\"width\":1181,\"height\":848,\"caption\":\"Vox Sahel\"},\"image\":{\"@id\":\"https:\\\/\\\/voxsahel.com\\\/#\\\/schema\\\/logo\\\/image\\\/\"},\"sameAs\":[\"https:\\\/\\\/www.facebook.com\\\/journal.voxsahel\"]},{\"@type\":\"Person\",\"@id\":\"https:\\\/\\\/voxsahel.com\\\/#\\\/schema\\\/person\\\/b4043608248f8fa227cd760e7ff1e19e\",\"name\":\"Vox Sahel\",\"image\":{\"@type\":\"ImageObject\",\"inLanguage\":\"fr-FR\",\"@id\":\"https:\\\/\\\/secure.gravatar.com\\\/avatar\\\/f70e7fa0cb9b29d4a7c5788d6eb2e9ab4d3135cbae1c9161810fdf77a8964699?s=96&d=mm&r=g\",\"url\":\"https:\\\/\\\/secure.gravatar.com\\\/avatar\\\/f70e7fa0cb9b29d4a7c5788d6eb2e9ab4d3135cbae1c9161810fdf77a8964699?s=96&d=mm&r=g\",\"contentUrl\":\"https:\\\/\\\/secure.gravatar.com\\\/avatar\\\/f70e7fa0cb9b29d4a7c5788d6eb2e9ab4d3135cbae1c9161810fdf77a8964699?s=96&d=mm&r=g\",\"caption\":\"Vox Sahel\"},\"sameAs\":[\"http:\\\/\\\/www.voxsahel.com\"],\"url\":\"https:\\\/\\\/voxsahel.com\\\/?author=2\"}]}<\/script>\n<!-- \/ Yoast SEO plugin. -->","yoast_head_json":{"title":"CAN U17 \u2013 Maroc 2025 : Le Burkina Faso pr\u00eat \u00e0 affronter l\u2019Afrique du Sud pour la premi\u00e8re place du groupe - Vox Sahel","robots":{"index":"index","follow":"follow","max-snippet":"max-snippet:-1","max-image-preview":"max-image-preview:large","max-video-preview":"max-video-preview:-1"},"canonical":"https:\/\/voxsahel.com\/?p=1708","og_locale":"fr_FR","og_type":"article","og_title":"CAN U17 \u2013 Maroc 2025 : Le Burkina Faso pr\u00eat \u00e0 affronter l\u2019Afrique du Sud pour la premi\u00e8re place du groupe - Vox Sahel","og_description":"La phase de groupes de la Coupe d\u2019Afrique des Nations U17 entre dans sa derni\u00e8re","og_url":"https:\/\/voxsahel.com\/?p=1708","og_site_name":"Vox Sahel","article_publisher":"https:\/\/www.facebook.com\/journal.voxsahel","article_published_time":"2025-04-06T09:16:34+00:00","og_image":[{"width":960,"height":640,"url":"https:\/\/voxsahel.com\/wp-content\/uploads\/2025\/04\/IMG_1772.jpeg","type":"image\/jpeg"}],"author":"Vox Sahel","twitter_card":"summary_large_image","twitter_misc":{"\u00c9crit par":"Vox Sahel","Dur\u00e9e de lecture estim\u00e9e":"2 minutes"},"schema":{"@context":"https:\/\/schema.org","@graph":[{"@type":"Article","@id":"https:\/\/voxsahel.com\/?p=1708#article","isPartOf":{"@id":"https:\/\/voxsahel.com\/?p=1708"},"author":{"name":"Vox Sahel","@id":"https:\/\/voxsahel.com\/#\/schema\/person\/b4043608248f8fa227cd760e7ff1e19e"},"headline":"CAN U17 \u2013 Maroc 2025 : Le Burkina Faso pr\u00eat \u00e0 affronter l\u2019Afrique du Sud pour la premi\u00e8re place du groupe","datePublished":"2025-04-06T09:16:34+00:00","mainEntityOfPage":{"@id":"https:\/\/voxsahel.com\/?p=1708"},"wordCount":317,"commentCount":0,"publisher":{"@id":"https:\/\/voxsahel.com\/#organization"},"image":{"@id":"https:\/\/voxsahel.com\/?p=1708#primaryimage"},"thumbnailUrl":"https:\/\/voxsahel.com\/wp-content\/uploads\/2025\/04\/IMG_1772.jpeg","keywords":["Burkina Faso","CAN Maroc 2025","CAN U17","Etalons","F\u00e9d\u00e9ration Burkinab\u00e8 de Football","Football","Sport"],"articleSection":["FAITS DIVERS"],"inLanguage":"fr-FR","potentialAction":[{"@type":"CommentAction","name":"Comment","target":["https:\/\/voxsahel.com\/?p=1708#respond"]}]},{"@type":"WebPage","@id":"https:\/\/voxsahel.com\/?p=1708","url":"https:\/\/voxsahel.com\/?p=1708","name":"CAN U17 \u2013 Maroc 2025 : Le Burkina Faso pr\u00eat \u00e0 affronter l\u2019Afrique du Sud pour la premi\u00e8re place du groupe - Vox Sahel","isPartOf":{"@id":"https:\/\/voxsahel.com\/#website"},"primaryImageOfPage":{"@id":"https:\/\/voxsahel.com\/?p=1708#primaryimage"},"image":{"@id":"https:\/\/voxsahel.com\/?p=1708#primaryimage"},"thumbnailUrl":"https:\/\/voxsahel.com\/wp-content\/uploads\/2025\/04\/IMG_1772.jpeg","datePublished":"2025-04-06T09:16:34+00:00","breadcrumb":{"@id":"https:\/\/voxsahel.com\/?p=1708#breadcrumb"},"inLanguage":"fr-FR","potentialAction":[{"@type":"ReadAction","target":["https:\/\/voxsahel.com\/?p=1708"]}]},{"@type":"ImageObject","inLanguage":"fr-FR","@id":"https:\/\/voxsahel.com\/?p=1708#primaryimage","url":"https:\/\/voxsahel.com\/wp-content\/uploads\/2025\/04\/IMG_1772.jpeg","contentUrl":"https:\/\/voxsahel.com\/wp-content\/uploads\/2025\/04\/IMG_1772.jpeg","width":960,"height":640},{"@type":"BreadcrumbList","@id":"https:\/\/voxsahel.com\/?p=1708#breadcrumb","itemListElement":[{"@type":"ListItem","position":1,"name":"Home","item":"https:\/\/voxsahel.com\/"},{"@type":"ListItem","position":2,"name":"CAN U17 \u2013 Maroc 2025 : Le Burkina Faso pr\u00eat \u00e0 affronter l\u2019Afrique du Sud pour la premi\u00e8re place du groupe"}]},{"@type":"WebSite","@id":"https:\/\/voxsahel.com\/#website","url":"https:\/\/voxsahel.com\/","name":"Vox Sahel","description":"Informez-vous sur le Sahel en un clic","publisher":{"@id":"https:\/\/voxsahel.com\/#organization"},"potentialAction":[{"@type":"SearchAction","target":{"@type":"EntryPoint","urlTemplate":"https:\/\/voxsahel.com\/?s={search_term_string}"},"query-input":{"@type":"PropertyValueSpecification","valueRequired":true,"valueName":"search_term_string"}}],"inLanguage":"fr-FR"},{"@type":"Organization","@id":"https:\/\/voxsahel.com\/#organization","name":"Vox Sahel","url":"https:\/\/voxsahel.com\/","logo":{"@type":"ImageObject","inLanguage":"fr-FR","@id":"https:\/\/voxsahel.com\/#\/schema\/logo\/image\/","url":"https:\/\/voxsahel.com\/wp-content\/uploads\/2024\/09\/Logo-Vox-Sahel.jpg","contentUrl":"https:\/\/voxsahel.com\/wp-content\/uploads\/2024\/09\/Logo-Vox-Sahel.jpg","width":1181,"height":848,"caption":"Vox Sahel"},"image":{"@id":"https:\/\/voxsahel.com\/#\/schema\/logo\/image\/"},"sameAs":["https:\/\/www.facebook.com\/journal.voxsahel"]},{"@type":"Person","@id":"https:\/\/voxsahel.com\/#\/schema\/person\/b4043608248f8fa227cd760e7ff1e19e","name":"Vox Sahel","image":{"@type":"ImageObject","inLanguage":"fr-FR","@id":"https:\/\/secure.gravatar.com\/avatar\/f70e7fa0cb9b29d4a7c5788d6eb2e9ab4d3135cbae1c9161810fdf77a8964699?s=96&d=mm&r=g","url":"https:\/\/secure.gravatar.com\/avatar\/f70e7fa0cb9b29d4a7c5788d6eb2e9ab4d3135cbae1c9161810fdf77a8964699?s=96&d=mm&r=g","contentUrl":"https:\/\/secure.gravatar.com\/avatar\/f70e7fa0cb9b29d4a7c5788d6eb2e9ab4d3135cbae1c9161810fdf77a8964699?s=96&d=mm&r=g","caption":"Vox Sahel"},"sameAs":["http:\/\/www.voxsahel.com"],"url":"https:\/\/voxsahel.com\/?author=2"}]}},"_links":{"self":[{"href":"https:\/\/voxsahel.com\/index.php?rest_route=\/wp\/v2\/posts\/1708","targetHints":{"allow":["GET"]}}],"collection":[{"href":"https:\/\/voxsahel.com\/index.php?rest_route=\/wp\/v2\/posts"}],"about":[{"href":"https:\/\/voxsahel.com\/index.php?rest_route=\/wp\/v2\/types\/post"}],"author":[{"embeddable":true,"href":"https:\/\/voxsahel.com\/index.php?rest_route=\/wp\/v2\/users\/2"}],"replies":[{"embeddable":true,"href":"https:\/\/voxsahel.com\/index.php?rest_route=%2Fwp%2Fv2%2Fcomments&post=1708"}],"version-history":[{"count":1,"href":"https:\/\/voxsahel.com\/index.php?rest_route=\/wp\/v2\/posts\/1708\/revisions"}],"predecessor-version":[{"id":1710,"href":"https:\/\/voxsahel.com\/index.php?rest_route=\/wp\/v2\/posts\/1708\/revisions\/1710"}],"wp:featuredmedia":[{"embeddable":true,"href":"https:\/\/voxsahel.com\/index.php?rest_route=\/wp\/v2\/media\/1709"}],"wp:attachment":[{"href":"https:\/\/voxsahel.com\/index.php?rest_route=%2Fwp%2Fv2%2Fmedia&parent=1708"}],"wp:term":[{"taxonomy":"category","embeddable":true,"href":"https:\/\/voxsahel.com\/index.php?rest_route=%2Fwp%2Fv2%2Fcategories&post=1708"},{"taxonomy":"post_tag","embeddable":true,"href":"https:\/\/voxsahel.com\/index.php?rest_route=%2Fwp%2Fv2%2Ftags&post=1708"}],"curies":[{"name":"wp","href":"https:\/\/api.w.org\/{rel}","templated":true}]}}