{"id":1699,"date":"2025-04-02T23:27:28","date_gmt":"2025-04-02T23:27:28","guid":{"rendered":"https:\/\/voxsahel.com\/?p=1699"},"modified":"2025-04-02T23:27:28","modified_gmt":"2025-04-02T23:27:28","slug":"can-u17-les-etalons-face-a-legypte-avec-confiance-et-prudence","status":"publish","type":"post","link":"https:\/\/voxsahel.com\/?p=1699","title":{"rendered":"CAN U17 : Les \u00c9talons face \u00e0 l\u2019\u00c9gypte avec confiance et prudence"},"content":{"rendered":"<p class=\"p3\"><span class=\"s2\">Apr\u00e8s une entr\u00e9e en mati\u00e8re r\u00e9ussie face au Cameroun, les \u00c9talons U17 se pr\u00e9parent \u00e0 affronter l&rsquo;\u00c9gypte ce mercredi 3 avril \u00e0 17h00 \u00e0 Casablanca, pour leur deuxi\u00e8me match de la phase de groupes de la CAN U17. Une rencontre cruciale pour la qualification \u00e0 la Coupe du Monde, qui suscite \u00e0 la fois confiance et prudence au sein de l\u2019\u00e9quipe burkinab\u00e8.<\/span><\/p>\n<p class=\"p3\"><span class=\"s2\">Le capitaine des \u00c9talons U17, Fadil Barro, affiche un \u00e9tat d\u2019esprit conqu\u00e9rant avant cette confrontation :<\/span><\/p>\n<blockquote>\n<p class=\"p3\"><span class=\"s4\">\u00ab Nous aborderons le match contre l&rsquo;\u00c9gypte avec confiance pour aller nous qualifier pour la Coupe du Monde avant d&rsquo;aller chercher le troph\u00e9e. \u00bb<\/span><\/p>\n<\/blockquote>\n<p class=\"p3\"><span class=\"s2\">Des mots forts qui traduisent l\u2019ambition de cette jeune s\u00e9lection burkinab\u00e8, d\u00e9termin\u00e9e \u00e0 s\u2019imposer dans cette CAN et \u00e0 d\u00e9crocher une place pour le mondial.<\/span><\/p>\n<p class=\"p3\"><span class=\"s2\">De son c\u00f4t\u00e9, le s\u00e9lectionneur Oscar Barro adopte un ton plus mesur\u00e9 et met en garde contre un exc\u00e8s de confiance. Il insiste sur l\u2019importance d\u2019une approche rigoureuse face \u00e0 une \u00e9quipe \u00e9gyptienne dos au mur apr\u00e8s sa d\u00e9faite face \u00e0 l\u2019Afrique du Sud :<\/span><\/p>\n<blockquote>\n<p class=\"p3\"><span class=\"s4\">\u00ab On pr\u00e9pare cette deuxi\u00e8me sortie de fa\u00e7on sereine et tr\u00e8s concentr\u00e9e. Il faut aborder ce match avec toute la prudence, car nous serons face \u00e0 une \u00e9quipe qui a une obligation de r\u00e9sultat. Ce sera un match compliqu\u00e9. \u00bb<\/span><\/p>\n<\/blockquote>\n<p class=\"p3\"><span class=\"s2\">L\u2019entra\u00eeneur burkinab\u00e8 souligne \u00e9galement la solidit\u00e9 tactique de l\u2019\u00c9gypte, qui, malgr\u00e9 son faux pas initial, demeure une formation bien organis\u00e9e et disciplin\u00e9e :<\/span><\/p>\n<blockquote>\n<p class=\"p3\"><span class=\"s4\">\u00ab Nous avons vu une \u00e9quipe de l&rsquo;\u00c9gypte tr\u00e8s tactique, appliqu\u00e9e et acad\u00e9mique. Il faut rester dans son dispositif et respecter les consignes pour gagner ce match. \u00bb<\/span><\/p>\n<\/blockquote>\n<p class=\"p3\"><span class=\"s2\">Avec trois points d\u00e9j\u00e0 en poche, une nouvelle victoire permettrait au Burkina Faso de s\u00e9curiser sa place en Coupe du Monde U17 et d\u2019aborder la suite du tournoi avec s\u00e9r\u00e9nit\u00e9. Le d\u00e9fi est de taille face \u00e0 une \u00e9quipe \u00e9gyptienne qui jouera sa survie dans la comp\u00e9tition.<\/span><\/p>\n<p class=\"p3\"><span class=\"s2\">Les \u00c9talons U17 parviendront-ils \u00e0 confirmer leur bon d\u00e9but de tournoi et \u00e0 valider leur billet pour le mondial ? R\u00e9ponse ce Jeudi sur la pelouse de Casablanca.<\/span><\/p>\n<p class=\"p3\" style=\"text-align: right;\"><strong><span class=\"s2\">Par Vox Sahel <\/span><\/strong><\/p>\n","protected":false},"excerpt":{"rendered":"<p>Apr\u00e8s une entr\u00e9e en mati\u00e8re r\u00e9ussie face au Cameroun, les \u00c9talons U17 se pr\u00e9parent \u00e0<\/p>\n","protected":false},"author":2,"featured_media":1701,"comment_status":"open","ping_status":"open","sticky":false,"template":"","format":"standard","meta":{"_et_pb_use_builder":"","_et_pb_old_content":"","_et_gb_content_width":"","footnotes":""},"categories":[12],"tags":[18,37,673,674,274,35,675,34],"class_list":["post-1699","post","type-post","status-publish","format-standard","has-post-thumbnail","hentry","category-sports","tag-burkina-faso","tag-can-maroc-2025","tag-can-u17","tag-egypte","tag-etalons","tag-football","tag-maroc","tag-sport"],"yoast_head":"<!-- This site is optimized with the Yoast SEO plugin v27.5 - https:\/\/yoast.com\/product\/yoast-seo-wordpress\/ -->\n<title>CAN U17 : Les \u00c9talons face \u00e0 l\u2019\u00c9gypte avec confiance et prudence - Vox Sahel<\/title>\n<meta name=\"robots\" content=\"index, follow, max-snippet:-1, max-image-preview:large, max-video-preview:-1\" \/>\n<link rel=\"canonical\" href=\"https:\/\/voxsahel.com\/?p=1699\" \/>\n<meta property=\"og:locale\" content=\"fr_FR\" \/>\n<meta property=\"og:type\" content=\"article\" \/>\n<meta property=\"og:title\" content=\"CAN U17 : Les \u00c9talons face \u00e0 l\u2019\u00c9gypte avec confiance et prudence - Vox Sahel\" \/>\n<meta property=\"og:description\" content=\"Apr\u00e8s une entr\u00e9e en mati\u00e8re r\u00e9ussie face au Cameroun, les \u00c9talons U17 se pr\u00e9parent \u00e0\" \/>\n<meta property=\"og:url\" content=\"https:\/\/voxsahel.com\/?p=1699\" \/>\n<meta property=\"og:site_name\" content=\"Vox Sahel\" \/>\n<meta property=\"article:publisher\" content=\"https:\/\/www.facebook.com\/journal.voxsahel\" \/>\n<meta property=\"article:published_time\" content=\"2025-04-02T23:27:28+00:00\" \/>\n<meta property=\"og:image\" content=\"https:\/\/voxsahel.com\/wp-content\/uploads\/2025\/04\/IMG_0876.jpeg\" \/>\n\t<meta property=\"og:image:width\" content=\"853\" \/>\n\t<meta property=\"og:image:height\" content=\"1280\" \/>\n\t<meta property=\"og:image:type\" content=\"image\/jpeg\" \/>\n<meta name=\"author\" content=\"Vox Sahel\" \/>\n<meta name=\"twitter:card\" content=\"summary_large_image\" \/>\n<meta name=\"twitter:label1\" content=\"\u00c9crit par\" \/>\n\t<meta name=\"twitter:data1\" content=\"Vox Sahel\" \/>\n\t<meta name=\"twitter:label2\" content=\"Dur\u00e9e de lecture estim\u00e9e\" \/>\n\t<meta name=\"twitter:data2\" content=\"2 minutes\" \/>\n<script type=\"application\/ld+json\" class=\"yoast-schema-graph\">{\"@context\":\"https:\\\/\\\/schema.org\",\"@graph\":[{\"@type\":\"Article\",\"@id\":\"https:\\\/\\\/voxsahel.com\\\/?p=1699#article\",\"isPartOf\":{\"@id\":\"https:\\\/\\\/voxsahel.com\\\/?p=1699\"},\"author\":{\"name\":\"Vox Sahel\",\"@id\":\"https:\\\/\\\/voxsahel.com\\\/#\\\/schema\\\/person\\\/b4043608248f8fa227cd760e7ff1e19e\"},\"headline\":\"CAN U17 : Les \u00c9talons face \u00e0 l\u2019\u00c9gypte avec confiance et prudence\",\"datePublished\":\"2025-04-02T23:27:28+00:00\",\"mainEntityOfPage\":{\"@id\":\"https:\\\/\\\/voxsahel.com\\\/?p=1699\"},\"wordCount\":379,\"commentCount\":0,\"publisher\":{\"@id\":\"https:\\\/\\\/voxsahel.com\\\/#organization\"},\"image\":{\"@id\":\"https:\\\/\\\/voxsahel.com\\\/?p=1699#primaryimage\"},\"thumbnailUrl\":\"https:\\\/\\\/voxsahel.com\\\/wp-content\\\/uploads\\\/2025\\\/04\\\/IMG_0876.jpeg\",\"keywords\":[\"Burkina Faso\",\"CAN Maroc 2025\",\"CAN U17\",\"\u00c9gypte\",\"Etalons\",\"Football\",\"Maroc\",\"Sport\"],\"articleSection\":[\"SPORTS\"],\"inLanguage\":\"fr-FR\",\"potentialAction\":[{\"@type\":\"CommentAction\",\"name\":\"Comment\",\"target\":[\"https:\\\/\\\/voxsahel.com\\\/?p=1699#respond\"]}]},{\"@type\":\"WebPage\",\"@id\":\"https:\\\/\\\/voxsahel.com\\\/?p=1699\",\"url\":\"https:\\\/\\\/voxsahel.com\\\/?p=1699\",\"name\":\"CAN U17 : Les \u00c9talons face \u00e0 l\u2019\u00c9gypte avec confiance et prudence - Vox Sahel\",\"isPartOf\":{\"@id\":\"https:\\\/\\\/voxsahel.com\\\/#website\"},\"primaryImageOfPage\":{\"@id\":\"https:\\\/\\\/voxsahel.com\\\/?p=1699#primaryimage\"},\"image\":{\"@id\":\"https:\\\/\\\/voxsahel.com\\\/?p=1699#primaryimage\"},\"thumbnailUrl\":\"https:\\\/\\\/voxsahel.com\\\/wp-content\\\/uploads\\\/2025\\\/04\\\/IMG_0876.jpeg\",\"datePublished\":\"2025-04-02T23:27:28+00:00\",\"breadcrumb\":{\"@id\":\"https:\\\/\\\/voxsahel.com\\\/?p=1699#breadcrumb\"},\"inLanguage\":\"fr-FR\",\"potentialAction\":[{\"@type\":\"ReadAction\",\"target\":[\"https:\\\/\\\/voxsahel.com\\\/?p=1699\"]}]},{\"@type\":\"ImageObject\",\"inLanguage\":\"fr-FR\",\"@id\":\"https:\\\/\\\/voxsahel.com\\\/?p=1699#primaryimage\",\"url\":\"https:\\\/\\\/voxsahel.com\\\/wp-content\\\/uploads\\\/2025\\\/04\\\/IMG_0876.jpeg\",\"contentUrl\":\"https:\\\/\\\/voxsahel.com\\\/wp-content\\\/uploads\\\/2025\\\/04\\\/IMG_0876.jpeg\",\"width\":853,\"height\":1280},{\"@type\":\"BreadcrumbList\",\"@id\":\"https:\\\/\\\/voxsahel.com\\\/?p=1699#breadcrumb\",\"itemListElement\":[{\"@type\":\"ListItem\",\"position\":1,\"name\":\"Home\",\"item\":\"https:\\\/\\\/voxsahel.com\\\/\"},{\"@type\":\"ListItem\",\"position\":2,\"name\":\"CAN U17 : Les \u00c9talons face \u00e0 l\u2019\u00c9gypte avec confiance et prudence\"}]},{\"@type\":\"WebSite\",\"@id\":\"https:\\\/\\\/voxsahel.com\\\/#website\",\"url\":\"https:\\\/\\\/voxsahel.com\\\/\",\"name\":\"Vox Sahel\",\"description\":\"Informez-vous sur le Sahel en un clic\",\"publisher\":{\"@id\":\"https:\\\/\\\/voxsahel.com\\\/#organization\"},\"potentialAction\":[{\"@type\":\"SearchAction\",\"target\":{\"@type\":\"EntryPoint\",\"urlTemplate\":\"https:\\\/\\\/voxsahel.com\\\/?s={search_term_string}\"},\"query-input\":{\"@type\":\"PropertyValueSpecification\",\"valueRequired\":true,\"valueName\":\"search_term_string\"}}],\"inLanguage\":\"fr-FR\"},{\"@type\":\"Organization\",\"@id\":\"https:\\\/\\\/voxsahel.com\\\/#organization\",\"name\":\"Vox Sahel\",\"url\":\"https:\\\/\\\/voxsahel.com\\\/\",\"logo\":{\"@type\":\"ImageObject\",\"inLanguage\":\"fr-FR\",\"@id\":\"https:\\\/\\\/voxsahel.com\\\/#\\\/schema\\\/logo\\\/image\\\/\",\"url\":\"https:\\\/\\\/voxsahel.com\\\/wp-content\\\/uploads\\\/2024\\\/09\\\/Logo-Vox-Sahel.jpg\",\"contentUrl\":\"https:\\\/\\\/voxsahel.com\\\/wp-content\\\/uploads\\\/2024\\\/09\\\/Logo-Vox-Sahel.jpg\",\"width\":1181,\"height\":848,\"caption\":\"Vox Sahel\"},\"image\":{\"@id\":\"https:\\\/\\\/voxsahel.com\\\/#\\\/schema\\\/logo\\\/image\\\/\"},\"sameAs\":[\"https:\\\/\\\/www.facebook.com\\\/journal.voxsahel\"]},{\"@type\":\"Person\",\"@id\":\"https:\\\/\\\/voxsahel.com\\\/#\\\/schema\\\/person\\\/b4043608248f8fa227cd760e7ff1e19e\",\"name\":\"Vox Sahel\",\"image\":{\"@type\":\"ImageObject\",\"inLanguage\":\"fr-FR\",\"@id\":\"https:\\\/\\\/secure.gravatar.com\\\/avatar\\\/f70e7fa0cb9b29d4a7c5788d6eb2e9ab4d3135cbae1c9161810fdf77a8964699?s=96&d=mm&r=g\",\"url\":\"https:\\\/\\\/secure.gravatar.com\\\/avatar\\\/f70e7fa0cb9b29d4a7c5788d6eb2e9ab4d3135cbae1c9161810fdf77a8964699?s=96&d=mm&r=g\",\"contentUrl\":\"https:\\\/\\\/secure.gravatar.com\\\/avatar\\\/f70e7fa0cb9b29d4a7c5788d6eb2e9ab4d3135cbae1c9161810fdf77a8964699?s=96&d=mm&r=g\",\"caption\":\"Vox Sahel\"},\"sameAs\":[\"http:\\\/\\\/www.voxsahel.com\"],\"url\":\"https:\\\/\\\/voxsahel.com\\\/?author=2\"}]}<\/script>\n<!-- \/ Yoast SEO plugin. -->","yoast_head_json":{"title":"CAN U17 : Les \u00c9talons face \u00e0 l\u2019\u00c9gypte avec confiance et prudence - Vox Sahel","robots":{"index":"index","follow":"follow","max-snippet":"max-snippet:-1","max-image-preview":"max-image-preview:large","max-video-preview":"max-video-preview:-1"},"canonical":"https:\/\/voxsahel.com\/?p=1699","og_locale":"fr_FR","og_type":"article","og_title":"CAN U17 : Les \u00c9talons face \u00e0 l\u2019\u00c9gypte avec confiance et prudence - Vox Sahel","og_description":"Apr\u00e8s une entr\u00e9e en mati\u00e8re r\u00e9ussie face au Cameroun, les \u00c9talons U17 se pr\u00e9parent \u00e0","og_url":"https:\/\/voxsahel.com\/?p=1699","og_site_name":"Vox Sahel","article_publisher":"https:\/\/www.facebook.com\/journal.voxsahel","article_published_time":"2025-04-02T23:27:28+00:00","og_image":[{"width":853,"height":1280,"url":"https:\/\/voxsahel.com\/wp-content\/uploads\/2025\/04\/IMG_0876.jpeg","type":"image\/jpeg"}],"author":"Vox Sahel","twitter_card":"summary_large_image","twitter_misc":{"\u00c9crit par":"Vox Sahel","Dur\u00e9e de lecture estim\u00e9e":"2 minutes"},"schema":{"@context":"https:\/\/schema.org","@graph":[{"@type":"Article","@id":"https:\/\/voxsahel.com\/?p=1699#article","isPartOf":{"@id":"https:\/\/voxsahel.com\/?p=1699"},"author":{"name":"Vox Sahel","@id":"https:\/\/voxsahel.com\/#\/schema\/person\/b4043608248f8fa227cd760e7ff1e19e"},"headline":"CAN U17 : Les \u00c9talons face \u00e0 l\u2019\u00c9gypte avec confiance et prudence","datePublished":"2025-04-02T23:27:28+00:00","mainEntityOfPage":{"@id":"https:\/\/voxsahel.com\/?p=1699"},"wordCount":379,"commentCount":0,"publisher":{"@id":"https:\/\/voxsahel.com\/#organization"},"image":{"@id":"https:\/\/voxsahel.com\/?p=1699#primaryimage"},"thumbnailUrl":"https:\/\/voxsahel.com\/wp-content\/uploads\/2025\/04\/IMG_0876.jpeg","keywords":["Burkina Faso","CAN Maroc 2025","CAN U17","\u00c9gypte","Etalons","Football","Maroc","Sport"],"articleSection":["SPORTS"],"inLanguage":"fr-FR","potentialAction":[{"@type":"CommentAction","name":"Comment","target":["https:\/\/voxsahel.com\/?p=1699#respond"]}]},{"@type":"WebPage","@id":"https:\/\/voxsahel.com\/?p=1699","url":"https:\/\/voxsahel.com\/?p=1699","name":"CAN U17 : Les \u00c9talons face \u00e0 l\u2019\u00c9gypte avec confiance et prudence - Vox Sahel","isPartOf":{"@id":"https:\/\/voxsahel.com\/#website"},"primaryImageOfPage":{"@id":"https:\/\/voxsahel.com\/?p=1699#primaryimage"},"image":{"@id":"https:\/\/voxsahel.com\/?p=1699#primaryimage"},"thumbnailUrl":"https:\/\/voxsahel.com\/wp-content\/uploads\/2025\/04\/IMG_0876.jpeg","datePublished":"2025-04-02T23:27:28+00:00","breadcrumb":{"@id":"https:\/\/voxsahel.com\/?p=1699#breadcrumb"},"inLanguage":"fr-FR","potentialAction":[{"@type":"ReadAction","target":["https:\/\/voxsahel.com\/?p=1699"]}]},{"@type":"ImageObject","inLanguage":"fr-FR","@id":"https:\/\/voxsahel.com\/?p=1699#primaryimage","url":"https:\/\/voxsahel.com\/wp-content\/uploads\/2025\/04\/IMG_0876.jpeg","contentUrl":"https:\/\/voxsahel.com\/wp-content\/uploads\/2025\/04\/IMG_0876.jpeg","width":853,"height":1280},{"@type":"BreadcrumbList","@id":"https:\/\/voxsahel.com\/?p=1699#breadcrumb","itemListElement":[{"@type":"ListItem","position":1,"name":"Home","item":"https:\/\/voxsahel.com\/"},{"@type":"ListItem","position":2,"name":"CAN U17 : Les \u00c9talons face \u00e0 l\u2019\u00c9gypte avec confiance et prudence"}]},{"@type":"WebSite","@id":"https:\/\/voxsahel.com\/#website","url":"https:\/\/voxsahel.com\/","name":"Vox Sahel","description":"Informez-vous sur le Sahel en un clic","publisher":{"@id":"https:\/\/voxsahel.com\/#organization"},"potentialAction":[{"@type":"SearchAction","target":{"@type":"EntryPoint","urlTemplate":"https:\/\/voxsahel.com\/?s={search_term_string}"},"query-input":{"@type":"PropertyValueSpecification","valueRequired":true,"valueName":"search_term_string"}}],"inLanguage":"fr-FR"},{"@type":"Organization","@id":"https:\/\/voxsahel.com\/#organization","name":"Vox Sahel","url":"https:\/\/voxsahel.com\/","logo":{"@type":"ImageObject","inLanguage":"fr-FR","@id":"https:\/\/voxsahel.com\/#\/schema\/logo\/image\/","url":"https:\/\/voxsahel.com\/wp-content\/uploads\/2024\/09\/Logo-Vox-Sahel.jpg","contentUrl":"https:\/\/voxsahel.com\/wp-content\/uploads\/2024\/09\/Logo-Vox-Sahel.jpg","width":1181,"height":848,"caption":"Vox Sahel"},"image":{"@id":"https:\/\/voxsahel.com\/#\/schema\/logo\/image\/"},"sameAs":["https:\/\/www.facebook.com\/journal.voxsahel"]},{"@type":"Person","@id":"https:\/\/voxsahel.com\/#\/schema\/person\/b4043608248f8fa227cd760e7ff1e19e","name":"Vox Sahel","image":{"@type":"ImageObject","inLanguage":"fr-FR","@id":"https:\/\/secure.gravatar.com\/avatar\/f70e7fa0cb9b29d4a7c5788d6eb2e9ab4d3135cbae1c9161810fdf77a8964699?s=96&d=mm&r=g","url":"https:\/\/secure.gravatar.com\/avatar\/f70e7fa0cb9b29d4a7c5788d6eb2e9ab4d3135cbae1c9161810fdf77a8964699?s=96&d=mm&r=g","contentUrl":"https:\/\/secure.gravatar.com\/avatar\/f70e7fa0cb9b29d4a7c5788d6eb2e9ab4d3135cbae1c9161810fdf77a8964699?s=96&d=mm&r=g","caption":"Vox Sahel"},"sameAs":["http:\/\/www.voxsahel.com"],"url":"https:\/\/voxsahel.com\/?author=2"}]}},"_links":{"self":[{"href":"https:\/\/voxsahel.com\/index.php?rest_route=\/wp\/v2\/posts\/1699","targetHints":{"allow":["GET"]}}],"collection":[{"href":"https:\/\/voxsahel.com\/index.php?rest_route=\/wp\/v2\/posts"}],"about":[{"href":"https:\/\/voxsahel.com\/index.php?rest_route=\/wp\/v2\/types\/post"}],"author":[{"embeddable":true,"href":"https:\/\/voxsahel.com\/index.php?rest_route=\/wp\/v2\/users\/2"}],"replies":[{"embeddable":true,"href":"https:\/\/voxsahel.com\/index.php?rest_route=%2Fwp%2Fv2%2Fcomments&post=1699"}],"version-history":[{"count":1,"href":"https:\/\/voxsahel.com\/index.php?rest_route=\/wp\/v2\/posts\/1699\/revisions"}],"predecessor-version":[{"id":1702,"href":"https:\/\/voxsahel.com\/index.php?rest_route=\/wp\/v2\/posts\/1699\/revisions\/1702"}],"wp:featuredmedia":[{"embeddable":true,"href":"https:\/\/voxsahel.com\/index.php?rest_route=\/wp\/v2\/media\/1701"}],"wp:attachment":[{"href":"https:\/\/voxsahel.com\/index.php?rest_route=%2Fwp%2Fv2%2Fmedia&parent=1699"}],"wp:term":[{"taxonomy":"category","embeddable":true,"href":"https:\/\/voxsahel.com\/index.php?rest_route=%2Fwp%2Fv2%2Fcategories&post=1699"},{"taxonomy":"post_tag","embeddable":true,"href":"https:\/\/voxsahel.com\/index.php?rest_route=%2Fwp%2Fv2%2Ftags&post=1699"}],"curies":[{"name":"wp","href":"https:\/\/api.w.org\/{rel}","templated":true}]}}