{"id":1696,"date":"2025-04-02T18:14:54","date_gmt":"2025-04-02T18:14:54","guid":{"rendered":"https:\/\/voxsahel.com\/?p=1696"},"modified":"2025-04-02T18:14:54","modified_gmt":"2025-04-02T18:14:54","slug":"burkina-faso-lexportation-de-la-noix-brute-de-cajou-suspendue-jusqua-nouvel-ordre-communique","status":"publish","type":"post","link":"https:\/\/voxsahel.com\/?p=1696","title":{"rendered":"Burkina Faso : L\u2019exportation de la noix brute de cajou suspendue \u201cjusqu\u2019\u00e0 nouvel ordre\u201d (Communiqu\u00e9)"},"content":{"rendered":"<p class=\"p2\"><span class=\"s1\">Dans un communiqu\u00e9 conjoint dat\u00e9 du 28 mars 2025, le minist\u00e8re du Commerce, celui de l\u2019Agriculture et celui des Finances annoncent la suspension de l\u2019exportation de la noix brute de cajou sur toute l\u2019\u00e9tendue du territoire national. La mesure prend effet \u00e0 partir de la date de signature du communiqu\u00e9. Jusqu\u2019\u00e0 nouvel ordre.\u00a0<\/span><\/p>\n<p class=\"p2\"><span class=\"s2\">Elle vise, selon le gouvernement, \u00e0 \u201crendre disponible la noix brute de cajou utilis\u00e9e comme mati\u00e8re premi\u00e8re par les unit\u00e9s industrielles de transformation au niveau national\u201d.<\/span><\/p>\n<p class=\"p2\"><span class=\"s2\">\u201cPar cons\u00e9quent, la d\u00e9livrance des Autorisations sp\u00e9ciales d\u2019exportation (ASE) est suspendue\u201d, indique le communiqu\u00e9. Qui pr\u00e9cise que les op\u00e9rateurs \u00e9conomiques ayant des Autorisations sp\u00e9ciales d\u2019exportation (ASE) en cours de validit\u00e9 et ayant entam\u00e9 d\u00e9j\u00e0 des formalit\u00e9s douani\u00e8res \u00e0 l\u2019exportation disposent d\u2019un d\u00e9lai de 7 jours \u00e0 compter de la signature du pr\u00e9sent communiqu\u00e9 pour achever les proc\u00e9dures d\u2019exportation.<\/span><\/p>\n<p class=\"p2\"><span class=\"s2\">\u201cEn tout \u00e9tat de cause, tout contrevenant \u00e0 cette d\u00e9cision s\u2019expose \u00e0 des sanctions conform\u00e9ment \u00e0 la r\u00e9glementation en vigueur\u201d, pr\u00e9vient le communiqu\u00e9.<\/span><\/p>\n<p class=\"p2\"><span class=\"s2\">Le gouvernement esp\u00e8re \u201cla collaboration et la compr\u00e9hension de l\u2019ensemble des acteurs de la fili\u00e8re cajou et tous les services techniques de l\u2019\u00c9tat\u201d pour la mise en \u0153uvre de cette disposition. Il invite la population \u00e0 \u201csignaler tout cas de non-respect des termes du pr\u00e9sent communiqu\u00e9\u201d.<\/span><\/p>\n<p class=\"p2\"><span class=\"s2\">Les d\u00e9nonciations peuvent \u00eatre faites aux num\u00e9ros verts suivants : 80 00 11 84\/85\/86.<\/span><\/p>\n<p class=\"p2\"><span class=\"s2\">Le gouvernement a suspendu, en septembre dernier, l\u2019exportation de l\u2019amande de karit\u00e9. \u00ab Jusqu\u2019\u00e0 nouvel ordre \u00bb, avait pr\u00e9cis\u00e9 le communiqu\u00e9. Objectif : \u201cPrivil\u00e9gier la transformation locale\u201d.<\/span><\/p>\n<p class=\"p2\"><span class=\"s2\">Malgr\u00e9 cette interdiction, certains commer\u00e7ants tentent de passer entre les mailles du filet. \u00c0 titre d\u2019exemple, la Brigade mobile de contr\u00f4le \u00e9conomique et de r\u00e9pression des fraudes (BMCRF) a intercept\u00e9, en d\u00e9cembre dernier, 453 sacs de 80 kg d\u2019amandes de karit\u00e9 \u00e0 Sapon\u00e9, dans la province du Baz\u00e8ga. \u201cLe trafiquant tentait de sortir cette cargaison sans l\u2019Autorisation Sp\u00e9ciale d\u2019Exportation (ASE) requise\u201d, souligne le communiqu\u00e9.<\/span><\/p>\n","protected":false},"excerpt":{"rendered":"<p>Dans un communiqu\u00e9 conjoint dat\u00e9 du 28 mars 2025, le minist\u00e8re du Commerce, celui de<\/p>\n","protected":false},"author":2,"featured_media":1697,"comment_status":"open","ping_status":"open","sticky":false,"template":"","format":"standard","meta":{"_et_pb_use_builder":"","_et_pb_old_content":"","_et_gb_content_width":"","footnotes":""},"categories":[1],"tags":[],"class_list":["post-1696","post","type-post","status-publish","format-standard","has-post-thumbnail","hentry","category-faits-divers"],"yoast_head":"<!-- This site is optimized with the Yoast SEO plugin v27.5 - https:\/\/yoast.com\/product\/yoast-seo-wordpress\/ -->\n<title>Burkina Faso : L\u2019exportation de la noix brute de cajou suspendue \u201cjusqu\u2019\u00e0 nouvel ordre\u201d (Communiqu\u00e9) - Vox Sahel<\/title>\n<meta name=\"robots\" content=\"index, follow, max-snippet:-1, max-image-preview:large, max-video-preview:-1\" \/>\n<link rel=\"canonical\" href=\"https:\/\/voxsahel.com\/?p=1696\" \/>\n<meta property=\"og:locale\" content=\"fr_FR\" \/>\n<meta property=\"og:type\" content=\"article\" \/>\n<meta property=\"og:title\" content=\"Burkina Faso : L\u2019exportation de la noix brute de cajou suspendue \u201cjusqu\u2019\u00e0 nouvel ordre\u201d (Communiqu\u00e9) - Vox Sahel\" \/>\n<meta property=\"og:description\" content=\"Dans un communiqu\u00e9 conjoint dat\u00e9 du 28 mars 2025, le minist\u00e8re du Commerce, celui de\" \/>\n<meta property=\"og:url\" content=\"https:\/\/voxsahel.com\/?p=1696\" \/>\n<meta property=\"og:site_name\" content=\"Vox Sahel\" \/>\n<meta property=\"article:publisher\" content=\"https:\/\/www.facebook.com\/journal.voxsahel\" \/>\n<meta property=\"article:published_time\" content=\"2025-04-02T18:14:54+00:00\" \/>\n<meta property=\"og:image\" content=\"https:\/\/voxsahel.com\/wp-content\/uploads\/2025\/04\/IMG_0788.jpeg\" \/>\n\t<meta property=\"og:image:width\" content=\"1200\" \/>\n\t<meta property=\"og:image:height\" content=\"800\" \/>\n\t<meta property=\"og:image:type\" content=\"image\/jpeg\" \/>\n<meta name=\"author\" content=\"Vox Sahel\" \/>\n<meta name=\"twitter:card\" content=\"summary_large_image\" \/>\n<meta name=\"twitter:label1\" content=\"\u00c9crit par\" \/>\n\t<meta name=\"twitter:data1\" content=\"Vox Sahel\" \/>\n\t<meta name=\"twitter:label2\" content=\"Dur\u00e9e de lecture estim\u00e9e\" \/>\n\t<meta name=\"twitter:data2\" content=\"2 minutes\" \/>\n<script type=\"application\/ld+json\" class=\"yoast-schema-graph\">{\"@context\":\"https:\\\/\\\/schema.org\",\"@graph\":[{\"@type\":\"Article\",\"@id\":\"https:\\\/\\\/voxsahel.com\\\/?p=1696#article\",\"isPartOf\":{\"@id\":\"https:\\\/\\\/voxsahel.com\\\/?p=1696\"},\"author\":{\"name\":\"Vox Sahel\",\"@id\":\"https:\\\/\\\/voxsahel.com\\\/#\\\/schema\\\/person\\\/b4043608248f8fa227cd760e7ff1e19e\"},\"headline\":\"Burkina Faso : L\u2019exportation de la noix brute de cajou suspendue \u201cjusqu\u2019\u00e0 nouvel ordre\u201d (Communiqu\u00e9)\",\"datePublished\":\"2025-04-02T18:14:54+00:00\",\"mainEntityOfPage\":{\"@id\":\"https:\\\/\\\/voxsahel.com\\\/?p=1696\"},\"wordCount\":355,\"commentCount\":0,\"publisher\":{\"@id\":\"https:\\\/\\\/voxsahel.com\\\/#organization\"},\"image\":{\"@id\":\"https:\\\/\\\/voxsahel.com\\\/?p=1696#primaryimage\"},\"thumbnailUrl\":\"https:\\\/\\\/voxsahel.com\\\/wp-content\\\/uploads\\\/2025\\\/04\\\/IMG_0788.jpeg\",\"articleSection\":[\"FAITS DIVERS\"],\"inLanguage\":\"fr-FR\",\"potentialAction\":[{\"@type\":\"CommentAction\",\"name\":\"Comment\",\"target\":[\"https:\\\/\\\/voxsahel.com\\\/?p=1696#respond\"]}]},{\"@type\":\"WebPage\",\"@id\":\"https:\\\/\\\/voxsahel.com\\\/?p=1696\",\"url\":\"https:\\\/\\\/voxsahel.com\\\/?p=1696\",\"name\":\"Burkina Faso : L\u2019exportation de la noix brute de cajou suspendue \u201cjusqu\u2019\u00e0 nouvel ordre\u201d (Communiqu\u00e9) - Vox Sahel\",\"isPartOf\":{\"@id\":\"https:\\\/\\\/voxsahel.com\\\/#website\"},\"primaryImageOfPage\":{\"@id\":\"https:\\\/\\\/voxsahel.com\\\/?p=1696#primaryimage\"},\"image\":{\"@id\":\"https:\\\/\\\/voxsahel.com\\\/?p=1696#primaryimage\"},\"thumbnailUrl\":\"https:\\\/\\\/voxsahel.com\\\/wp-content\\\/uploads\\\/2025\\\/04\\\/IMG_0788.jpeg\",\"datePublished\":\"2025-04-02T18:14:54+00:00\",\"breadcrumb\":{\"@id\":\"https:\\\/\\\/voxsahel.com\\\/?p=1696#breadcrumb\"},\"inLanguage\":\"fr-FR\",\"potentialAction\":[{\"@type\":\"ReadAction\",\"target\":[\"https:\\\/\\\/voxsahel.com\\\/?p=1696\"]}]},{\"@type\":\"ImageObject\",\"inLanguage\":\"fr-FR\",\"@id\":\"https:\\\/\\\/voxsahel.com\\\/?p=1696#primaryimage\",\"url\":\"https:\\\/\\\/voxsahel.com\\\/wp-content\\\/uploads\\\/2025\\\/04\\\/IMG_0788.jpeg\",\"contentUrl\":\"https:\\\/\\\/voxsahel.com\\\/wp-content\\\/uploads\\\/2025\\\/04\\\/IMG_0788.jpeg\",\"width\":1200,\"height\":800},{\"@type\":\"BreadcrumbList\",\"@id\":\"https:\\\/\\\/voxsahel.com\\\/?p=1696#breadcrumb\",\"itemListElement\":[{\"@type\":\"ListItem\",\"position\":1,\"name\":\"Home\",\"item\":\"https:\\\/\\\/voxsahel.com\\\/\"},{\"@type\":\"ListItem\",\"position\":2,\"name\":\"Burkina Faso : L\u2019exportation de la noix brute de cajou suspendue \u201cjusqu\u2019\u00e0 nouvel ordre\u201d (Communiqu\u00e9)\"}]},{\"@type\":\"WebSite\",\"@id\":\"https:\\\/\\\/voxsahel.com\\\/#website\",\"url\":\"https:\\\/\\\/voxsahel.com\\\/\",\"name\":\"Vox Sahel\",\"description\":\"Informez-vous sur le Sahel en un clic\",\"publisher\":{\"@id\":\"https:\\\/\\\/voxsahel.com\\\/#organization\"},\"potentialAction\":[{\"@type\":\"SearchAction\",\"target\":{\"@type\":\"EntryPoint\",\"urlTemplate\":\"https:\\\/\\\/voxsahel.com\\\/?s={search_term_string}\"},\"query-input\":{\"@type\":\"PropertyValueSpecification\",\"valueRequired\":true,\"valueName\":\"search_term_string\"}}],\"inLanguage\":\"fr-FR\"},{\"@type\":\"Organization\",\"@id\":\"https:\\\/\\\/voxsahel.com\\\/#organization\",\"name\":\"Vox Sahel\",\"url\":\"https:\\\/\\\/voxsahel.com\\\/\",\"logo\":{\"@type\":\"ImageObject\",\"inLanguage\":\"fr-FR\",\"@id\":\"https:\\\/\\\/voxsahel.com\\\/#\\\/schema\\\/logo\\\/image\\\/\",\"url\":\"https:\\\/\\\/voxsahel.com\\\/wp-content\\\/uploads\\\/2024\\\/09\\\/Logo-Vox-Sahel.jpg\",\"contentUrl\":\"https:\\\/\\\/voxsahel.com\\\/wp-content\\\/uploads\\\/2024\\\/09\\\/Logo-Vox-Sahel.jpg\",\"width\":1181,\"height\":848,\"caption\":\"Vox Sahel\"},\"image\":{\"@id\":\"https:\\\/\\\/voxsahel.com\\\/#\\\/schema\\\/logo\\\/image\\\/\"},\"sameAs\":[\"https:\\\/\\\/www.facebook.com\\\/journal.voxsahel\"]},{\"@type\":\"Person\",\"@id\":\"https:\\\/\\\/voxsahel.com\\\/#\\\/schema\\\/person\\\/b4043608248f8fa227cd760e7ff1e19e\",\"name\":\"Vox Sahel\",\"image\":{\"@type\":\"ImageObject\",\"inLanguage\":\"fr-FR\",\"@id\":\"https:\\\/\\\/secure.gravatar.com\\\/avatar\\\/f70e7fa0cb9b29d4a7c5788d6eb2e9ab4d3135cbae1c9161810fdf77a8964699?s=96&d=mm&r=g\",\"url\":\"https:\\\/\\\/secure.gravatar.com\\\/avatar\\\/f70e7fa0cb9b29d4a7c5788d6eb2e9ab4d3135cbae1c9161810fdf77a8964699?s=96&d=mm&r=g\",\"contentUrl\":\"https:\\\/\\\/secure.gravatar.com\\\/avatar\\\/f70e7fa0cb9b29d4a7c5788d6eb2e9ab4d3135cbae1c9161810fdf77a8964699?s=96&d=mm&r=g\",\"caption\":\"Vox Sahel\"},\"sameAs\":[\"http:\\\/\\\/www.voxsahel.com\"],\"url\":\"https:\\\/\\\/voxsahel.com\\\/?author=2\"}]}<\/script>\n<!-- \/ Yoast SEO plugin. -->","yoast_head_json":{"title":"Burkina Faso : L\u2019exportation de la noix brute de cajou suspendue \u201cjusqu\u2019\u00e0 nouvel ordre\u201d (Communiqu\u00e9) - Vox Sahel","robots":{"index":"index","follow":"follow","max-snippet":"max-snippet:-1","max-image-preview":"max-image-preview:large","max-video-preview":"max-video-preview:-1"},"canonical":"https:\/\/voxsahel.com\/?p=1696","og_locale":"fr_FR","og_type":"article","og_title":"Burkina Faso : L\u2019exportation de la noix brute de cajou suspendue \u201cjusqu\u2019\u00e0 nouvel ordre\u201d (Communiqu\u00e9) - Vox Sahel","og_description":"Dans un communiqu\u00e9 conjoint dat\u00e9 du 28 mars 2025, le minist\u00e8re du Commerce, celui de","og_url":"https:\/\/voxsahel.com\/?p=1696","og_site_name":"Vox Sahel","article_publisher":"https:\/\/www.facebook.com\/journal.voxsahel","article_published_time":"2025-04-02T18:14:54+00:00","og_image":[{"width":1200,"height":800,"url":"https:\/\/voxsahel.com\/wp-content\/uploads\/2025\/04\/IMG_0788.jpeg","type":"image\/jpeg"}],"author":"Vox Sahel","twitter_card":"summary_large_image","twitter_misc":{"\u00c9crit par":"Vox Sahel","Dur\u00e9e de lecture estim\u00e9e":"2 minutes"},"schema":{"@context":"https:\/\/schema.org","@graph":[{"@type":"Article","@id":"https:\/\/voxsahel.com\/?p=1696#article","isPartOf":{"@id":"https:\/\/voxsahel.com\/?p=1696"},"author":{"name":"Vox Sahel","@id":"https:\/\/voxsahel.com\/#\/schema\/person\/b4043608248f8fa227cd760e7ff1e19e"},"headline":"Burkina Faso : L\u2019exportation de la noix brute de cajou suspendue \u201cjusqu\u2019\u00e0 nouvel ordre\u201d (Communiqu\u00e9)","datePublished":"2025-04-02T18:14:54+00:00","mainEntityOfPage":{"@id":"https:\/\/voxsahel.com\/?p=1696"},"wordCount":355,"commentCount":0,"publisher":{"@id":"https:\/\/voxsahel.com\/#organization"},"image":{"@id":"https:\/\/voxsahel.com\/?p=1696#primaryimage"},"thumbnailUrl":"https:\/\/voxsahel.com\/wp-content\/uploads\/2025\/04\/IMG_0788.jpeg","articleSection":["FAITS DIVERS"],"inLanguage":"fr-FR","potentialAction":[{"@type":"CommentAction","name":"Comment","target":["https:\/\/voxsahel.com\/?p=1696#respond"]}]},{"@type":"WebPage","@id":"https:\/\/voxsahel.com\/?p=1696","url":"https:\/\/voxsahel.com\/?p=1696","name":"Burkina Faso : L\u2019exportation de la noix brute de cajou suspendue \u201cjusqu\u2019\u00e0 nouvel ordre\u201d (Communiqu\u00e9) - Vox Sahel","isPartOf":{"@id":"https:\/\/voxsahel.com\/#website"},"primaryImageOfPage":{"@id":"https:\/\/voxsahel.com\/?p=1696#primaryimage"},"image":{"@id":"https:\/\/voxsahel.com\/?p=1696#primaryimage"},"thumbnailUrl":"https:\/\/voxsahel.com\/wp-content\/uploads\/2025\/04\/IMG_0788.jpeg","datePublished":"2025-04-02T18:14:54+00:00","breadcrumb":{"@id":"https:\/\/voxsahel.com\/?p=1696#breadcrumb"},"inLanguage":"fr-FR","potentialAction":[{"@type":"ReadAction","target":["https:\/\/voxsahel.com\/?p=1696"]}]},{"@type":"ImageObject","inLanguage":"fr-FR","@id":"https:\/\/voxsahel.com\/?p=1696#primaryimage","url":"https:\/\/voxsahel.com\/wp-content\/uploads\/2025\/04\/IMG_0788.jpeg","contentUrl":"https:\/\/voxsahel.com\/wp-content\/uploads\/2025\/04\/IMG_0788.jpeg","width":1200,"height":800},{"@type":"BreadcrumbList","@id":"https:\/\/voxsahel.com\/?p=1696#breadcrumb","itemListElement":[{"@type":"ListItem","position":1,"name":"Home","item":"https:\/\/voxsahel.com\/"},{"@type":"ListItem","position":2,"name":"Burkina Faso : L\u2019exportation de la noix brute de cajou suspendue \u201cjusqu\u2019\u00e0 nouvel ordre\u201d (Communiqu\u00e9)"}]},{"@type":"WebSite","@id":"https:\/\/voxsahel.com\/#website","url":"https:\/\/voxsahel.com\/","name":"Vox Sahel","description":"Informez-vous sur le Sahel en un clic","publisher":{"@id":"https:\/\/voxsahel.com\/#organization"},"potentialAction":[{"@type":"SearchAction","target":{"@type":"EntryPoint","urlTemplate":"https:\/\/voxsahel.com\/?s={search_term_string}"},"query-input":{"@type":"PropertyValueSpecification","valueRequired":true,"valueName":"search_term_string"}}],"inLanguage":"fr-FR"},{"@type":"Organization","@id":"https:\/\/voxsahel.com\/#organization","name":"Vox Sahel","url":"https:\/\/voxsahel.com\/","logo":{"@type":"ImageObject","inLanguage":"fr-FR","@id":"https:\/\/voxsahel.com\/#\/schema\/logo\/image\/","url":"https:\/\/voxsahel.com\/wp-content\/uploads\/2024\/09\/Logo-Vox-Sahel.jpg","contentUrl":"https:\/\/voxsahel.com\/wp-content\/uploads\/2024\/09\/Logo-Vox-Sahel.jpg","width":1181,"height":848,"caption":"Vox Sahel"},"image":{"@id":"https:\/\/voxsahel.com\/#\/schema\/logo\/image\/"},"sameAs":["https:\/\/www.facebook.com\/journal.voxsahel"]},{"@type":"Person","@id":"https:\/\/voxsahel.com\/#\/schema\/person\/b4043608248f8fa227cd760e7ff1e19e","name":"Vox Sahel","image":{"@type":"ImageObject","inLanguage":"fr-FR","@id":"https:\/\/secure.gravatar.com\/avatar\/f70e7fa0cb9b29d4a7c5788d6eb2e9ab4d3135cbae1c9161810fdf77a8964699?s=96&d=mm&r=g","url":"https:\/\/secure.gravatar.com\/avatar\/f70e7fa0cb9b29d4a7c5788d6eb2e9ab4d3135cbae1c9161810fdf77a8964699?s=96&d=mm&r=g","contentUrl":"https:\/\/secure.gravatar.com\/avatar\/f70e7fa0cb9b29d4a7c5788d6eb2e9ab4d3135cbae1c9161810fdf77a8964699?s=96&d=mm&r=g","caption":"Vox Sahel"},"sameAs":["http:\/\/www.voxsahel.com"],"url":"https:\/\/voxsahel.com\/?author=2"}]}},"_links":{"self":[{"href":"https:\/\/voxsahel.com\/index.php?rest_route=\/wp\/v2\/posts\/1696","targetHints":{"allow":["GET"]}}],"collection":[{"href":"https:\/\/voxsahel.com\/index.php?rest_route=\/wp\/v2\/posts"}],"about":[{"href":"https:\/\/voxsahel.com\/index.php?rest_route=\/wp\/v2\/types\/post"}],"author":[{"embeddable":true,"href":"https:\/\/voxsahel.com\/index.php?rest_route=\/wp\/v2\/users\/2"}],"replies":[{"embeddable":true,"href":"https:\/\/voxsahel.com\/index.php?rest_route=%2Fwp%2Fv2%2Fcomments&post=1696"}],"version-history":[{"count":1,"href":"https:\/\/voxsahel.com\/index.php?rest_route=\/wp\/v2\/posts\/1696\/revisions"}],"predecessor-version":[{"id":1698,"href":"https:\/\/voxsahel.com\/index.php?rest_route=\/wp\/v2\/posts\/1696\/revisions\/1698"}],"wp:featuredmedia":[{"embeddable":true,"href":"https:\/\/voxsahel.com\/index.php?rest_route=\/wp\/v2\/media\/1697"}],"wp:attachment":[{"href":"https:\/\/voxsahel.com\/index.php?rest_route=%2Fwp%2Fv2%2Fmedia&parent=1696"}],"wp:term":[{"taxonomy":"category","embeddable":true,"href":"https:\/\/voxsahel.com\/index.php?rest_route=%2Fwp%2Fv2%2Fcategories&post=1696"},{"taxonomy":"post_tag","embeddable":true,"href":"https:\/\/voxsahel.com\/index.php?rest_route=%2Fwp%2Fv2%2Ftags&post=1696"}],"curies":[{"name":"wp","href":"https:\/\/api.w.org\/{rel}","templated":true}]}}