{"id":1693,"date":"2025-03-31T13:27:31","date_gmt":"2025-03-31T13:27:31","guid":{"rendered":"https:\/\/voxsahel.com\/?p=1693"},"modified":"2025-03-31T13:27:31","modified_gmt":"2025-03-31T13:27:31","slug":"aid-el-fitr-2025-les-burkinabe-invites-a-une-solidarite-agissante-et-a-la-tolerance","status":"publish","type":"post","link":"https:\/\/voxsahel.com\/?p=1693","title":{"rendered":"A\u00cfD EL FITR 2025 : Les Burkinab\u00e8 invit\u00e9s \u00e0 une solidarit\u00e9 agissante et \u00e0 la tol\u00e9rance"},"content":{"rendered":"<p class=\"p1\"><b>Les fid\u00e8les musulmans du Burkina Faso ont c\u00e9l\u00e9br\u00e9 l\u2019A\u00efd-El-Fitr, marquant la fin du Ramadan, le 31 mars dernier. \u00c0 cette occasion, les musulmans ont \u00e9t\u00e9 invit\u00e9s \u00e0 la solidarit\u00e9 et au dialogue lors d\u2019une pri\u00e8re qui a eu lieu \u00e0 la Place de la Nation, \u00e0 Ouagadougou, en pr\u00e9sence de nombreuses personnalit\u00e9s, dont le Mogho Naaba, certains membres du gouvernement, notamment le ministre en charge de l\u2019administration territoriale, de l\u2019\u00e9ducation de base, de la communication, de la justice, ainsi que le cardinal Philippe Ou\u00e9draogo, repr\u00e9sentant l\u2019archev\u00eaque de Ouagadougou.<\/b><\/p>\n<p class=\"p1\"><span class=\"s1\">\u00a0<\/span><span class=\"s1\">Le je\u00fbne musulman a pris fin au Burkina Faso le 31 mars 2025, apr\u00e8s avoir commenc\u00e9 le 1er mars. Pour marquer cette fin de je\u00fbne, les fid\u00e8les musulmans ont afflu\u00e9 vers les points de pri\u00e8re de la capitale sous une chaleur accablante. \u00c0 la Place de la Nation de Ouagadougou, plusieurs d\u2019entre eux ont envahi ce lieu historique pour c\u00e9l\u00e9brer l\u2019A\u00efd-El-Fitr. <\/span><\/p>\n<p class=\"p1\"><span class=\"s1\">La pri\u00e8re a \u00e9t\u00e9 dirig\u00e9e par l\u2019Imam Abdallah Ou\u00e9draogo.Dans son sermon, l\u2019Imam a particuli\u00e8rement \u00e9voqu\u00e9 la paix, la solidarit\u00e9 et la tol\u00e9rance. Il a pri\u00e9 pour le retour de la s\u00e9curit\u00e9 et de la paix au Burkina Faso. Il a exhort\u00e9 les musulmans \u00e0 prier pour que Dieu agr\u00e9e leur je\u00fbne et \u00e0 cultiver la tol\u00e9rance religieuse. Il a pr\u00f4n\u00e9 la paix entre les diff\u00e9rentes religions et entre les individus, pr\u00e9cisant que l\u2019Islam enseigne le vivre ensemble, la coh\u00e9sion sociale et le dialogue interreligieux. \u00ab Celui qui enfreint ces valeurs, ce n\u2019est pas l\u2019Islam, mais son comportement \u00bb, a-t-il soulign\u00e9. <\/span><\/p>\n<p class=\"p1\"><span class=\"s1\">Selon l\u2019imam, l\u2019Islam est une religion de paix, et il a rappel\u00e9 qu\u2019au paradis existe un lieu appel\u00e9 \u00ab Daresalam \u00bb, la porte de la paix, prouvant ainsi que Dieu aime la paix et en est un ardent partisan.L\u2019Imam a \u00e9galement insist\u00e9 sur la n\u00e9cessit\u00e9 d\u2019\u00eatre juste en toutes circonstances, affirmant que \u00ab Dieu est avec les justes et accompagne les justes \u00bb. <\/span><\/p>\n<p class=\"p1\"><span class=\"s1\">Il a rappel\u00e9 que m\u00eame si le mois de Ramadan est termin\u00e9, les bonnes \u0153uvres doivent persister. C\u2019est pourquoi il a encourag\u00e9 les musulmans \u00e0 je\u00fbner les six jours de Chawal, le dixi\u00e8me mois du calendrier musulman, soulignant que ces six jours sont pleins de m\u00e9rites. Il a aussi mentionn\u00e9 que chaque mois, trois jours de je\u00fbne sont \u00e0 observer, tout comme les je\u00fbnes des lundis et jeudis chaque semaine.<\/span><\/p>\n<blockquote>\n<p class=\"p1\" style=\"text-align: center;\"><span class=\"s1\"><b>Les Burkinab\u00e8 invit\u00e9s \u00e0 la tol\u00e9rance<\/b><\/span><\/p>\n<\/blockquote>\n<p class=\"p1\"><span class=\"s1\">En conclusion de son sermon, l\u2019Imam a pri\u00e9 pour le capitaine Ibrahim Traor\u00e9 afin qu\u2019il r\u00e9ussisse dans sa mission de reconqu\u00eate du territoire national. Le ministre en charge de l\u2019administration territoriale, Emile Zerbo, a transmis les salutations des plus hautes autorit\u00e9s du pays \u00e0 la communaut\u00e9 musulmane. <\/span><\/p>\n<p class=\"p1\"><span class=\"s1\">Il a exprim\u00e9 sa reconnaissance pour les actes de coh\u00e9sion sociale et humanitaires accomplis pendant le mois de je\u00fbne, et a appel\u00e9 \u00e0 la tol\u00e9rance interconfessionnelle, au dialogue interreligieux ainsi qu&rsquo;\u00e0 la solidarit\u00e9 avec les Forces de d\u00e9fense et de s\u00e9curit\u00e9, qui permettent aux citoyens de prier et de je\u00fbner en toute s\u00e9curit\u00e9, malgr\u00e9 les risques qu\u2019elles encourent.<\/span><\/p>\n<p class=\"p1\"><span class=\"s1\">L\u2019\u00c9glise catholique, repr\u00e9sent\u00e9e par le cardinal Philippe Ou\u00e9draogo, a \u00e9galement exprim\u00e9 sa solidarit\u00e9 avec la communaut\u00e9 musulmane, au nom de l\u2019archev\u00eaque de Ouagadougou, Monseigneur Prosper Kontiebou. \u00ab La f\u00eate des musulmans est la f\u00eate de tous \u00bb, a-t-il affirm\u00e9. <\/span><\/p>\n<p class=\"p1\"><span class=\"s1\">Le cardinal a rappel\u00e9 que les je\u00fbnes musulmans et catholiques ont co\u00efncid\u00e9 cette ann\u00e9e, et a profit\u00e9 de l\u2019occasion pour exprimer sa reconnaissance au grand imam Kassoum Sana pour sa visite de courtoisie. Il a aussi soulign\u00e9 l\u2019importance de l\u2019unit\u00e9 des Burkinab\u00e8, pr\u00e9cisant que \u00ab la paix est un don de Dieu, mais elle est aussi le fruit des efforts des hommes \u00bb.<\/span><\/p>\n<p class=\"p1\"><span class=\"s1\">De son c\u00f4t\u00e9, El Hadj Moussa Kouanda, pr\u00e9sident de la Communaut\u00e9 musulmane du Burkina Faso (CMBF), a insist\u00e9 sur le fait que la fin du Ramadan est un \u00e9v\u00e9nement bien encadr\u00e9, et a invit\u00e9 la population \u00e0 se rendre au renseignement plut\u00f4t que de critiquer \u00e0 propos de l\u2019observation de la lune. Il a pr\u00e9cis\u00e9 que la F\u00e9d\u00e9ration des Associations Islamiques du Burkina (FAIB) dispose de savants pr\u00eats \u00e0 expliquer l\u2019Islam \u00e0 tous. <\/span><\/p>\n<p class=\"p1\"><span class=\"s1\">Moussa Kouanda a \u00e9galement salu\u00e9 les cinq rois du Burkina et a remerci\u00e9 l\u2019\u00c9glise catholique pour son soutien, soulignant que la tol\u00e9rance religieuse est bien ancr\u00e9e au Burkina Faso.Il a exprim\u00e9 sa gratitude \u00e0 la d\u00e9l\u00e9gation minist\u00e9rielle pour sa pr\u00e9sence, t\u00e9moignage de la solidarit\u00e9 du Burkina Faso. Il a lanc\u00e9 un appel \u00e0 tous les Burkinab\u00e8 pour qu\u2019ils se donnent la main en vue de la paix dans le pays. <\/span><\/p>\n<p class=\"p1\"><span class=\"s1\">Enfin, il a exprim\u00e9 le soutien des musulmans au pr\u00e9sident du Faso, le capitaine Ibrahim Traor\u00e9, dans sa qu\u00eate pour restaurer la paix et le d\u00e9veloppement au Burkina. Aux Forces combattantes, il a adress\u00e9 ses encouragements et pri\u00e9 pour le repos \u00e9ternel de ceux tomb\u00e9s sur le champ d\u2019honneur. Aux terroristes, il a lanc\u00e9 un appel pour qu\u2019ils d\u00e9posent les armes et s\u2019engagent dans un dialogue de paix.<\/span><\/p>\n<p class=\"p1\" style=\"text-align: right;\"><strong><span class=\"s1\">Par Amir BAKO<\/span><\/strong><\/p>\n","protected":false},"excerpt":{"rendered":"<p>Les fid\u00e8les musulmans du Burkina Faso ont c\u00e9l\u00e9br\u00e9 l\u2019A\u00efd-El-Fitr, marquant la fin du Ramadan, le<\/p>\n","protected":false},"author":2,"featured_media":1694,"comment_status":"open","ping_status":"open","sticky":false,"template":"","format":"standard","meta":{"_et_pb_use_builder":"","_et_pb_old_content":"","_et_gb_content_width":"","footnotes":""},"categories":[1],"tags":[203,18,368,397,640,387],"class_list":["post-1693","post","type-post","status-publish","format-standard","has-post-thumbnail","hentry","category-faits-divers","tag-brama-traore","tag-burkina-faso","tag-communaute-musulmane-du-burkina-faso","tag-federation-des-associations-islamiques-du-burkina","tag-ramadan","tag-religion"],"yoast_head":"<!-- This site is optimized with the Yoast SEO plugin v27.5 - https:\/\/yoast.com\/product\/yoast-seo-wordpress\/ -->\n<title>A\u00cfD EL FITR 2025 : Les Burkinab\u00e8 invit\u00e9s \u00e0 une solidarit\u00e9 agissante et \u00e0 la tol\u00e9rance - Vox Sahel<\/title>\n<meta name=\"robots\" content=\"index, follow, max-snippet:-1, max-image-preview:large, max-video-preview:-1\" \/>\n<link rel=\"canonical\" href=\"https:\/\/voxsahel.com\/?p=1693\" \/>\n<meta property=\"og:locale\" content=\"fr_FR\" \/>\n<meta property=\"og:type\" content=\"article\" \/>\n<meta property=\"og:title\" content=\"A\u00cfD EL FITR 2025 : Les Burkinab\u00e8 invit\u00e9s \u00e0 une solidarit\u00e9 agissante et \u00e0 la tol\u00e9rance - Vox Sahel\" \/>\n<meta property=\"og:description\" content=\"Les fid\u00e8les musulmans du Burkina Faso ont c\u00e9l\u00e9br\u00e9 l\u2019A\u00efd-El-Fitr, marquant la fin du Ramadan, le\" \/>\n<meta property=\"og:url\" content=\"https:\/\/voxsahel.com\/?p=1693\" \/>\n<meta property=\"og:site_name\" content=\"Vox Sahel\" \/>\n<meta property=\"article:publisher\" content=\"https:\/\/www.facebook.com\/journal.voxsahel\" \/>\n<meta property=\"article:published_time\" content=\"2025-03-31T13:27:31+00:00\" \/>\n<meta property=\"og:image\" content=\"https:\/\/voxsahel.com\/wp-content\/uploads\/2025\/03\/f40cf226-0ea2-48f8-9cd2-94ee2c00444e.jpeg\" \/>\n\t<meta property=\"og:image:width\" content=\"1080\" \/>\n\t<meta property=\"og:image:height\" content=\"717\" \/>\n\t<meta property=\"og:image:type\" content=\"image\/jpeg\" \/>\n<meta name=\"author\" content=\"Vox Sahel\" \/>\n<meta name=\"twitter:card\" content=\"summary_large_image\" \/>\n<meta name=\"twitter:label1\" content=\"\u00c9crit par\" \/>\n\t<meta name=\"twitter:data1\" content=\"Vox Sahel\" \/>\n\t<meta name=\"twitter:label2\" content=\"Dur\u00e9e de lecture estim\u00e9e\" \/>\n\t<meta name=\"twitter:data2\" content=\"5 minutes\" \/>\n<script type=\"application\/ld+json\" class=\"yoast-schema-graph\">{\"@context\":\"https:\\\/\\\/schema.org\",\"@graph\":[{\"@type\":\"Article\",\"@id\":\"https:\\\/\\\/voxsahel.com\\\/?p=1693#article\",\"isPartOf\":{\"@id\":\"https:\\\/\\\/voxsahel.com\\\/?p=1693\"},\"author\":{\"name\":\"Vox Sahel\",\"@id\":\"https:\\\/\\\/voxsahel.com\\\/#\\\/schema\\\/person\\\/b4043608248f8fa227cd760e7ff1e19e\"},\"headline\":\"A\u00cfD EL FITR 2025 : Les Burkinab\u00e8 invit\u00e9s \u00e0 une solidarit\u00e9 agissante et \u00e0 la tol\u00e9rance\",\"datePublished\":\"2025-03-31T13:27:31+00:00\",\"mainEntityOfPage\":{\"@id\":\"https:\\\/\\\/voxsahel.com\\\/?p=1693\"},\"wordCount\":911,\"commentCount\":0,\"publisher\":{\"@id\":\"https:\\\/\\\/voxsahel.com\\\/#organization\"},\"image\":{\"@id\":\"https:\\\/\\\/voxsahel.com\\\/?p=1693#primaryimage\"},\"thumbnailUrl\":\"https:\\\/\\\/voxsahel.com\\\/wp-content\\\/uploads\\\/2025\\\/03\\\/f40cf226-0ea2-48f8-9cd2-94ee2c00444e.jpeg\",\"keywords\":[\"Brama Traor\u00e9\",\"Burkina Faso\",\"Communaut\u00e9 musulmane du Burkina Faso\",\"F\u00e9d\u00e9ration des associations islamiques du Burkina\",\"Ramadan\",\"Religion\"],\"articleSection\":[\"FAITS DIVERS\"],\"inLanguage\":\"fr-FR\",\"potentialAction\":[{\"@type\":\"CommentAction\",\"name\":\"Comment\",\"target\":[\"https:\\\/\\\/voxsahel.com\\\/?p=1693#respond\"]}]},{\"@type\":\"WebPage\",\"@id\":\"https:\\\/\\\/voxsahel.com\\\/?p=1693\",\"url\":\"https:\\\/\\\/voxsahel.com\\\/?p=1693\",\"name\":\"A\u00cfD EL FITR 2025 : Les Burkinab\u00e8 invit\u00e9s \u00e0 une solidarit\u00e9 agissante et \u00e0 la tol\u00e9rance - Vox Sahel\",\"isPartOf\":{\"@id\":\"https:\\\/\\\/voxsahel.com\\\/#website\"},\"primaryImageOfPage\":{\"@id\":\"https:\\\/\\\/voxsahel.com\\\/?p=1693#primaryimage\"},\"image\":{\"@id\":\"https:\\\/\\\/voxsahel.com\\\/?p=1693#primaryimage\"},\"thumbnailUrl\":\"https:\\\/\\\/voxsahel.com\\\/wp-content\\\/uploads\\\/2025\\\/03\\\/f40cf226-0ea2-48f8-9cd2-94ee2c00444e.jpeg\",\"datePublished\":\"2025-03-31T13:27:31+00:00\",\"breadcrumb\":{\"@id\":\"https:\\\/\\\/voxsahel.com\\\/?p=1693#breadcrumb\"},\"inLanguage\":\"fr-FR\",\"potentialAction\":[{\"@type\":\"ReadAction\",\"target\":[\"https:\\\/\\\/voxsahel.com\\\/?p=1693\"]}]},{\"@type\":\"ImageObject\",\"inLanguage\":\"fr-FR\",\"@id\":\"https:\\\/\\\/voxsahel.com\\\/?p=1693#primaryimage\",\"url\":\"https:\\\/\\\/voxsahel.com\\\/wp-content\\\/uploads\\\/2025\\\/03\\\/f40cf226-0ea2-48f8-9cd2-94ee2c00444e.jpeg\",\"contentUrl\":\"https:\\\/\\\/voxsahel.com\\\/wp-content\\\/uploads\\\/2025\\\/03\\\/f40cf226-0ea2-48f8-9cd2-94ee2c00444e.jpeg\",\"width\":1080,\"height\":717},{\"@type\":\"BreadcrumbList\",\"@id\":\"https:\\\/\\\/voxsahel.com\\\/?p=1693#breadcrumb\",\"itemListElement\":[{\"@type\":\"ListItem\",\"position\":1,\"name\":\"Home\",\"item\":\"https:\\\/\\\/voxsahel.com\\\/\"},{\"@type\":\"ListItem\",\"position\":2,\"name\":\"A\u00cfD EL FITR 2025 : Les Burkinab\u00e8 invit\u00e9s \u00e0 une solidarit\u00e9 agissante et \u00e0 la tol\u00e9rance\"}]},{\"@type\":\"WebSite\",\"@id\":\"https:\\\/\\\/voxsahel.com\\\/#website\",\"url\":\"https:\\\/\\\/voxsahel.com\\\/\",\"name\":\"Vox Sahel\",\"description\":\"Informez-vous sur le Sahel en un clic\",\"publisher\":{\"@id\":\"https:\\\/\\\/voxsahel.com\\\/#organization\"},\"potentialAction\":[{\"@type\":\"SearchAction\",\"target\":{\"@type\":\"EntryPoint\",\"urlTemplate\":\"https:\\\/\\\/voxsahel.com\\\/?s={search_term_string}\"},\"query-input\":{\"@type\":\"PropertyValueSpecification\",\"valueRequired\":true,\"valueName\":\"search_term_string\"}}],\"inLanguage\":\"fr-FR\"},{\"@type\":\"Organization\",\"@id\":\"https:\\\/\\\/voxsahel.com\\\/#organization\",\"name\":\"Vox Sahel\",\"url\":\"https:\\\/\\\/voxsahel.com\\\/\",\"logo\":{\"@type\":\"ImageObject\",\"inLanguage\":\"fr-FR\",\"@id\":\"https:\\\/\\\/voxsahel.com\\\/#\\\/schema\\\/logo\\\/image\\\/\",\"url\":\"https:\\\/\\\/voxsahel.com\\\/wp-content\\\/uploads\\\/2024\\\/09\\\/Logo-Vox-Sahel.jpg\",\"contentUrl\":\"https:\\\/\\\/voxsahel.com\\\/wp-content\\\/uploads\\\/2024\\\/09\\\/Logo-Vox-Sahel.jpg\",\"width\":1181,\"height\":848,\"caption\":\"Vox Sahel\"},\"image\":{\"@id\":\"https:\\\/\\\/voxsahel.com\\\/#\\\/schema\\\/logo\\\/image\\\/\"},\"sameAs\":[\"https:\\\/\\\/www.facebook.com\\\/journal.voxsahel\"]},{\"@type\":\"Person\",\"@id\":\"https:\\\/\\\/voxsahel.com\\\/#\\\/schema\\\/person\\\/b4043608248f8fa227cd760e7ff1e19e\",\"name\":\"Vox Sahel\",\"image\":{\"@type\":\"ImageObject\",\"inLanguage\":\"fr-FR\",\"@id\":\"https:\\\/\\\/secure.gravatar.com\\\/avatar\\\/f70e7fa0cb9b29d4a7c5788d6eb2e9ab4d3135cbae1c9161810fdf77a8964699?s=96&d=mm&r=g\",\"url\":\"https:\\\/\\\/secure.gravatar.com\\\/avatar\\\/f70e7fa0cb9b29d4a7c5788d6eb2e9ab4d3135cbae1c9161810fdf77a8964699?s=96&d=mm&r=g\",\"contentUrl\":\"https:\\\/\\\/secure.gravatar.com\\\/avatar\\\/f70e7fa0cb9b29d4a7c5788d6eb2e9ab4d3135cbae1c9161810fdf77a8964699?s=96&d=mm&r=g\",\"caption\":\"Vox Sahel\"},\"sameAs\":[\"http:\\\/\\\/www.voxsahel.com\"],\"url\":\"https:\\\/\\\/voxsahel.com\\\/?author=2\"}]}<\/script>\n<!-- \/ Yoast SEO plugin. -->","yoast_head_json":{"title":"A\u00cfD EL FITR 2025 : Les Burkinab\u00e8 invit\u00e9s \u00e0 une solidarit\u00e9 agissante et \u00e0 la tol\u00e9rance - Vox Sahel","robots":{"index":"index","follow":"follow","max-snippet":"max-snippet:-1","max-image-preview":"max-image-preview:large","max-video-preview":"max-video-preview:-1"},"canonical":"https:\/\/voxsahel.com\/?p=1693","og_locale":"fr_FR","og_type":"article","og_title":"A\u00cfD EL FITR 2025 : Les Burkinab\u00e8 invit\u00e9s \u00e0 une solidarit\u00e9 agissante et \u00e0 la tol\u00e9rance - Vox Sahel","og_description":"Les fid\u00e8les musulmans du Burkina Faso ont c\u00e9l\u00e9br\u00e9 l\u2019A\u00efd-El-Fitr, marquant la fin du Ramadan, le","og_url":"https:\/\/voxsahel.com\/?p=1693","og_site_name":"Vox Sahel","article_publisher":"https:\/\/www.facebook.com\/journal.voxsahel","article_published_time":"2025-03-31T13:27:31+00:00","og_image":[{"width":1080,"height":717,"url":"https:\/\/voxsahel.com\/wp-content\/uploads\/2025\/03\/f40cf226-0ea2-48f8-9cd2-94ee2c00444e.jpeg","type":"image\/jpeg"}],"author":"Vox Sahel","twitter_card":"summary_large_image","twitter_misc":{"\u00c9crit par":"Vox Sahel","Dur\u00e9e de lecture estim\u00e9e":"5 minutes"},"schema":{"@context":"https:\/\/schema.org","@graph":[{"@type":"Article","@id":"https:\/\/voxsahel.com\/?p=1693#article","isPartOf":{"@id":"https:\/\/voxsahel.com\/?p=1693"},"author":{"name":"Vox Sahel","@id":"https:\/\/voxsahel.com\/#\/schema\/person\/b4043608248f8fa227cd760e7ff1e19e"},"headline":"A\u00cfD EL FITR 2025 : Les Burkinab\u00e8 invit\u00e9s \u00e0 une solidarit\u00e9 agissante et \u00e0 la tol\u00e9rance","datePublished":"2025-03-31T13:27:31+00:00","mainEntityOfPage":{"@id":"https:\/\/voxsahel.com\/?p=1693"},"wordCount":911,"commentCount":0,"publisher":{"@id":"https:\/\/voxsahel.com\/#organization"},"image":{"@id":"https:\/\/voxsahel.com\/?p=1693#primaryimage"},"thumbnailUrl":"https:\/\/voxsahel.com\/wp-content\/uploads\/2025\/03\/f40cf226-0ea2-48f8-9cd2-94ee2c00444e.jpeg","keywords":["Brama Traor\u00e9","Burkina Faso","Communaut\u00e9 musulmane du Burkina Faso","F\u00e9d\u00e9ration des associations islamiques du Burkina","Ramadan","Religion"],"articleSection":["FAITS DIVERS"],"inLanguage":"fr-FR","potentialAction":[{"@type":"CommentAction","name":"Comment","target":["https:\/\/voxsahel.com\/?p=1693#respond"]}]},{"@type":"WebPage","@id":"https:\/\/voxsahel.com\/?p=1693","url":"https:\/\/voxsahel.com\/?p=1693","name":"A\u00cfD EL FITR 2025 : Les Burkinab\u00e8 invit\u00e9s \u00e0 une solidarit\u00e9 agissante et \u00e0 la tol\u00e9rance - Vox Sahel","isPartOf":{"@id":"https:\/\/voxsahel.com\/#website"},"primaryImageOfPage":{"@id":"https:\/\/voxsahel.com\/?p=1693#primaryimage"},"image":{"@id":"https:\/\/voxsahel.com\/?p=1693#primaryimage"},"thumbnailUrl":"https:\/\/voxsahel.com\/wp-content\/uploads\/2025\/03\/f40cf226-0ea2-48f8-9cd2-94ee2c00444e.jpeg","datePublished":"2025-03-31T13:27:31+00:00","breadcrumb":{"@id":"https:\/\/voxsahel.com\/?p=1693#breadcrumb"},"inLanguage":"fr-FR","potentialAction":[{"@type":"ReadAction","target":["https:\/\/voxsahel.com\/?p=1693"]}]},{"@type":"ImageObject","inLanguage":"fr-FR","@id":"https:\/\/voxsahel.com\/?p=1693#primaryimage","url":"https:\/\/voxsahel.com\/wp-content\/uploads\/2025\/03\/f40cf226-0ea2-48f8-9cd2-94ee2c00444e.jpeg","contentUrl":"https:\/\/voxsahel.com\/wp-content\/uploads\/2025\/03\/f40cf226-0ea2-48f8-9cd2-94ee2c00444e.jpeg","width":1080,"height":717},{"@type":"BreadcrumbList","@id":"https:\/\/voxsahel.com\/?p=1693#breadcrumb","itemListElement":[{"@type":"ListItem","position":1,"name":"Home","item":"https:\/\/voxsahel.com\/"},{"@type":"ListItem","position":2,"name":"A\u00cfD EL FITR 2025 : Les Burkinab\u00e8 invit\u00e9s \u00e0 une solidarit\u00e9 agissante et \u00e0 la tol\u00e9rance"}]},{"@type":"WebSite","@id":"https:\/\/voxsahel.com\/#website","url":"https:\/\/voxsahel.com\/","name":"Vox Sahel","description":"Informez-vous sur le Sahel en un clic","publisher":{"@id":"https:\/\/voxsahel.com\/#organization"},"potentialAction":[{"@type":"SearchAction","target":{"@type":"EntryPoint","urlTemplate":"https:\/\/voxsahel.com\/?s={search_term_string}"},"query-input":{"@type":"PropertyValueSpecification","valueRequired":true,"valueName":"search_term_string"}}],"inLanguage":"fr-FR"},{"@type":"Organization","@id":"https:\/\/voxsahel.com\/#organization","name":"Vox Sahel","url":"https:\/\/voxsahel.com\/","logo":{"@type":"ImageObject","inLanguage":"fr-FR","@id":"https:\/\/voxsahel.com\/#\/schema\/logo\/image\/","url":"https:\/\/voxsahel.com\/wp-content\/uploads\/2024\/09\/Logo-Vox-Sahel.jpg","contentUrl":"https:\/\/voxsahel.com\/wp-content\/uploads\/2024\/09\/Logo-Vox-Sahel.jpg","width":1181,"height":848,"caption":"Vox Sahel"},"image":{"@id":"https:\/\/voxsahel.com\/#\/schema\/logo\/image\/"},"sameAs":["https:\/\/www.facebook.com\/journal.voxsahel"]},{"@type":"Person","@id":"https:\/\/voxsahel.com\/#\/schema\/person\/b4043608248f8fa227cd760e7ff1e19e","name":"Vox Sahel","image":{"@type":"ImageObject","inLanguage":"fr-FR","@id":"https:\/\/secure.gravatar.com\/avatar\/f70e7fa0cb9b29d4a7c5788d6eb2e9ab4d3135cbae1c9161810fdf77a8964699?s=96&d=mm&r=g","url":"https:\/\/secure.gravatar.com\/avatar\/f70e7fa0cb9b29d4a7c5788d6eb2e9ab4d3135cbae1c9161810fdf77a8964699?s=96&d=mm&r=g","contentUrl":"https:\/\/secure.gravatar.com\/avatar\/f70e7fa0cb9b29d4a7c5788d6eb2e9ab4d3135cbae1c9161810fdf77a8964699?s=96&d=mm&r=g","caption":"Vox Sahel"},"sameAs":["http:\/\/www.voxsahel.com"],"url":"https:\/\/voxsahel.com\/?author=2"}]}},"_links":{"self":[{"href":"https:\/\/voxsahel.com\/index.php?rest_route=\/wp\/v2\/posts\/1693","targetHints":{"allow":["GET"]}}],"collection":[{"href":"https:\/\/voxsahel.com\/index.php?rest_route=\/wp\/v2\/posts"}],"about":[{"href":"https:\/\/voxsahel.com\/index.php?rest_route=\/wp\/v2\/types\/post"}],"author":[{"embeddable":true,"href":"https:\/\/voxsahel.com\/index.php?rest_route=\/wp\/v2\/users\/2"}],"replies":[{"embeddable":true,"href":"https:\/\/voxsahel.com\/index.php?rest_route=%2Fwp%2Fv2%2Fcomments&post=1693"}],"version-history":[{"count":1,"href":"https:\/\/voxsahel.com\/index.php?rest_route=\/wp\/v2\/posts\/1693\/revisions"}],"predecessor-version":[{"id":1695,"href":"https:\/\/voxsahel.com\/index.php?rest_route=\/wp\/v2\/posts\/1693\/revisions\/1695"}],"wp:featuredmedia":[{"embeddable":true,"href":"https:\/\/voxsahel.com\/index.php?rest_route=\/wp\/v2\/media\/1694"}],"wp:attachment":[{"href":"https:\/\/voxsahel.com\/index.php?rest_route=%2Fwp%2Fv2%2Fmedia&parent=1693"}],"wp:term":[{"taxonomy":"category","embeddable":true,"href":"https:\/\/voxsahel.com\/index.php?rest_route=%2Fwp%2Fv2%2Fcategories&post=1693"},{"taxonomy":"post_tag","embeddable":true,"href":"https:\/\/voxsahel.com\/index.php?rest_route=%2Fwp%2Fv2%2Ftags&post=1693"}],"curies":[{"name":"wp","href":"https:\/\/api.w.org\/{rel}","templated":true}]}}