{"id":1662,"date":"2025-03-26T20:40:25","date_gmt":"2025-03-26T20:40:25","guid":{"rendered":"https:\/\/voxsahel.com\/?p=1662"},"modified":"2025-03-26T20:40:25","modified_gmt":"2025-03-26T20:40:25","slug":"acces-aux-soins-de-sante-lassociation-lydie-fait-don-de-medicaments-et-consommables-dune-valeur-de-60-millions-de-fcfa-au-ministere-de-la-sante","status":"publish","type":"post","link":"https:\/\/voxsahel.com\/?p=1662","title":{"rendered":"Acc\u00e8s aux soins de sant\u00e9: L&rsquo;Association Lydie fait don de m\u00e9dicaments et consommables d\u2019une valeur de 60 millions de FCFA au minist\u00e8re de la Sant\u00e9"},"content":{"rendered":"<p class=\"p2\">L&rsquo;Association Lydie a fait don de m\u00e9dicaments et de consommables au minist\u00e8re de la Sant\u00e9 le 26 mars 2025. La c\u00e9r\u00e9monie a eu lieu en pr\u00e9sence du secr\u00e9taire g\u00e9n\u00e9ral du minist\u00e8re de la Sant\u00e9 et de la pr\u00e9sidente de l\u2019Association Lydie.<\/p>\n<p class=\"p1\"><span class=\"s1\">Dans un contexte sanitaire marqu\u00e9 par de nombreux d\u00e9fis, l&rsquo;Association Lydie, avec ses partenaires comme \u00a0HEIRS of CHRIST et MAP, travaille en faveur des populations vuln\u00e9rables du Burkina Faso pour leur bien-\u00eatre. \u00a0C\u2019est dans ce contexte qu\u2019elle a f ait un don de m\u00e9dicaments et consommables au minist\u00e8re de la Sant\u00e9. Un don qui poursuit l &lsquo;objectif d&rsquo;am\u00e9liorer l&rsquo;acc\u00e8s aux soins de sant\u00e9, particuli\u00e8rement pour les personnes vuln\u00e9rables et les d\u00e9tenus, qui font face \u00e0 des conditions sanitaires pr\u00e9caires.<\/span><\/p>\n<p class=\"p1\"><span class=\"s1\">Hortense Karambiri, pr\u00e9sidente de l&rsquo;Association Lydie, a soulign\u00e9 l&rsquo;importance de l&rsquo;engagement de son organisation face aux d\u00e9fis sanitaires du pays.<\/span><\/p>\n<blockquote>\n<p class=\"p1\"><span class=\"s2\">\u00ab\u00a0Ce geste de ce jour n&rsquo;est donc pas une simple donation. Il traduit notre volont\u00e9 de contribuer \u00e0 all\u00e9ger les souffrances des patients vuln\u00e9rables dans les centres de sant\u00e9 et celles des d\u00e9tenus dans les prisons<\/span><span class=\"s1\">\u00a0\u00bb, a-t-elle d\u00e9clar\u00e9 avec \u00e9motion. <\/span><\/p>\n<\/blockquote>\n<p class=\"p1\"><span class=\"s1\">Elle a pr\u00e9cis\u00e9 que le don a une valeur de 60 millions de FCFA et va b\u00e9n\u00e9ficier aux CHU Yalgado, Charles de Gaulle, Souro Sanou, le CHR de Fada N\u2019gourma, la direction g\u00e9n\u00e9rale de l\u2019administration p\u00e9nitentiaire et le dispensaire du Centre international d\u2019\u00e9vang\u00e9lisation. \u00a0Elle a exprim\u00e9 sa gratitude envers les autorit\u00e9s sanitaires, notamment le minist\u00e8re de la Sant\u00e9, pour leur soutien. <\/span><\/p>\n<p class=\"p1\"><span class=\"s2\">\u00ab\u00a0 Ce geste traduit notre reconnaissance des sacrifices que vous consentez quotidiennement \u00a0pour traiter et soigner des cas de tous genres, certains tr\u00e8s complexes<\/span><span class=\"s1\">\u00a0\u00bb, a-t-elle confi\u00e9. Hortense Karambiri a insist\u00e9 sur l&rsquo;importance de la collaboration avec le minist\u00e8re de la Sant\u00e9 pour faire face \u00e0 la crise sanitaire et s\u00e9curitaire actuelle. <\/span><\/p>\n<blockquote>\n<p class=\"p1\"><span class=\"s2\">\u00ab\u00a0Les besoins en mati\u00e8re de sant\u00e9 sont \u00e9normes, et seule la conjugaison des efforts des uns et des autres peut permettre de relever les nombreux d\u00e9fis qui se posent<\/span><span class=\"s1\">\u00a0\u00bb, a-t-elle fait savoir. <\/span><\/p>\n<\/blockquote>\n<p class=\"p1\"><span class=\"s1\">Elle a rappel\u00e9que l&rsquo;objectif de leur partenariat avec HEIRS of CHRIST, mis en place en octobre 2023, est de mettre en \u0153uvre le \u00ab\u00a0<\/span><span class=\"s2\">Projet de distribution de produits et consommables m\u00e9dicaux<\/span><span class=\"s1\">\u00a0\u00bb. Elle dit esp\u00e9rer que le don contribuera \u00e0 all\u00e9ger la t\u00e2che du minist\u00e8re de la Sant\u00e9 en pr\u00e9cisant que l\u2019Association Lydie est le bras social du CIE MIA dont la mission est d\u2019accorder une place de choix aux \u0153uvres sociales. \u00a0<\/span><\/p>\n<p class=\"p1\"><span class=\"s1\">De son c\u00f4t\u00e9,DrJo\u00ebl Arthur Kiendr\u00e9b\u00e9ogo, Secr\u00e9taire g\u00e9n\u00e9ral du minist\u00e8re de la Sant\u00e9, a exprim\u00e9 toute sa gratitude envers l&rsquo;Association Lydie pour cet appui important. <\/span><\/p>\n<blockquote>\n<p class=\"p1\"><span class=\"s1\">\u00ab\u00a0<\/span><span class=\"s2\">Je me r\u00e9jouis de constater que cet appui n&rsquo;est pas le premier du genre. Le minist\u00e8re de la Sant\u00e9 a d\u00e9j\u00e0 b\u00e9n\u00e9fici\u00e9 de votre accompagnement et nous saluons hautement les efforts consentis par votre association dans le sens de l&rsquo;am\u00e9lioration du bien-\u00eatre de nos populations<\/span><span class=\"s1\">\u00a0\u00bb, a-t-il d\u00e9clar\u00e9. <\/span><\/p>\n<\/blockquote>\n<p class=\"p1\"><span class=\"s1\">Il a \u00e9galement salu\u00e9 l&rsquo;impact de ce don, d&rsquo;une valeur totale de 60 millions de francs CFA, qui viendra r\u00e9pondre aux besoins de plusieurs h\u00f4pitaux et centres de sant\u00e9 du pays. \u00ab\u00a0<\/span><span class=\"s2\">Ce geste cadre parfaitement avec les objectifs du minist\u00e8re, qui privil\u00e9gie les interventions visant \u00e0 la r\u00e9duction des in\u00e9galit\u00e9s d&rsquo;acc\u00e8s aux soins de sant\u00e9 de qualit\u00e9<\/span><span class=\"s1\">\u00a0\u00bb, a-t-il ajout\u00e9.<\/span><\/p>\n<p class=\"p1\"><span class=\"s1\"> Le Secr\u00e9taire g\u00e9n\u00e9ral a r\u00e9affirm\u00e9 l&rsquo;engagement du minist\u00e8re de la Sant\u00e9 \u00e0 utiliser ces m\u00e9dicaments de mani\u00e8re rationnelle et efficiente pour am\u00e9liorer les conditions de soins des malades. <\/span><\/p>\n<p class=\"p1\"><span class=\"s2\">\u00ab\u00a0Je demeure du reste convaincu qu&rsquo;\u00e0 travers les efforts conjugu\u00e9s de nos structures, nous parviendrons \u00e0 relever le d\u00e9fi commun qui nous unit; celui d\u2019assurer \u00e0 tout Burkinab\u00e8 le bien-\u00eatre n\u00e9cessaire \u00e0 son \u00e9panouissement social et \u00e9conomique<\/span><span class=\"s1\">\u00a0\u00bb, a-t-il conclu, en exprimant sa gratitude au nom du Ministre de la Sant\u00e9 et des populations b\u00e9n\u00e9ficiaires au donateur. <\/span><\/p>\n<p class=\"p1\" style=\"text-align: right;\"><strong><span class=\"s1\">Par Amir BAKO<\/span><\/strong><\/p>\n","protected":false},"excerpt":{"rendered":"<p>L&rsquo;Association Lydie a fait don de m\u00e9dicaments et de consommables au minist\u00e8re de la Sant\u00e9<\/p>\n","protected":false},"author":2,"featured_media":1660,"comment_status":"open","ping_status":"open","sticky":false,"template":"","format":"standard","meta":{"_et_pb_use_builder":"","_et_pb_old_content":"","_et_gb_content_width":"","footnotes":""},"categories":[7],"tags":[],"class_list":["post-1662","post","type-post","status-publish","format-standard","has-post-thumbnail","hentry","category-sante"],"yoast_head":"<!-- This site is optimized with the Yoast SEO plugin v27.5 - https:\/\/yoast.com\/product\/yoast-seo-wordpress\/ -->\n<title>Acc\u00e8s aux soins de sant\u00e9: L&#039;Association Lydie fait don de m\u00e9dicaments et consommables d\u2019une valeur de 60 millions de FCFA au minist\u00e8re de la Sant\u00e9 - Vox Sahel<\/title>\n<meta name=\"robots\" content=\"index, follow, max-snippet:-1, max-image-preview:large, max-video-preview:-1\" \/>\n<link rel=\"canonical\" href=\"https:\/\/voxsahel.com\/?p=1662\" \/>\n<meta property=\"og:locale\" content=\"fr_FR\" \/>\n<meta property=\"og:type\" content=\"article\" \/>\n<meta property=\"og:title\" content=\"Acc\u00e8s aux soins de sant\u00e9: L&#039;Association Lydie fait don de m\u00e9dicaments et consommables d\u2019une valeur de 60 millions de FCFA au minist\u00e8re de la Sant\u00e9 - Vox Sahel\" \/>\n<meta property=\"og:description\" content=\"L&rsquo;Association Lydie a fait don de m\u00e9dicaments et de consommables au minist\u00e8re de la Sant\u00e9\" \/>\n<meta property=\"og:url\" content=\"https:\/\/voxsahel.com\/?p=1662\" \/>\n<meta property=\"og:site_name\" content=\"Vox Sahel\" \/>\n<meta property=\"article:publisher\" content=\"https:\/\/www.facebook.com\/journal.voxsahel\" \/>\n<meta property=\"article:published_time\" content=\"2025-03-26T20:40:25+00:00\" \/>\n<meta property=\"og:image\" content=\"https:\/\/voxsahel.com\/wp-content\/uploads\/2025\/03\/4ebf4912-915e-44b1-b246-ea6752b00ea2.jpeg\" \/>\n\t<meta property=\"og:image:width\" content=\"1080\" \/>\n\t<meta property=\"og:image:height\" content=\"717\" \/>\n\t<meta property=\"og:image:type\" content=\"image\/jpeg\" \/>\n<meta name=\"author\" content=\"Vox Sahel\" \/>\n<meta name=\"twitter:card\" content=\"summary_large_image\" \/>\n<meta name=\"twitter:label1\" content=\"\u00c9crit par\" \/>\n\t<meta name=\"twitter:data1\" content=\"Vox Sahel\" \/>\n\t<meta name=\"twitter:label2\" content=\"Dur\u00e9e de lecture estim\u00e9e\" \/>\n\t<meta name=\"twitter:data2\" content=\"3 minutes\" \/>\n<script type=\"application\/ld+json\" class=\"yoast-schema-graph\">{\"@context\":\"https:\\\/\\\/schema.org\",\"@graph\":[{\"@type\":\"Article\",\"@id\":\"https:\\\/\\\/voxsahel.com\\\/?p=1662#article\",\"isPartOf\":{\"@id\":\"https:\\\/\\\/voxsahel.com\\\/?p=1662\"},\"author\":{\"name\":\"Vox Sahel\",\"@id\":\"https:\\\/\\\/voxsahel.com\\\/#\\\/schema\\\/person\\\/b4043608248f8fa227cd760e7ff1e19e\"},\"headline\":\"Acc\u00e8s aux soins de sant\u00e9: L&rsquo;Association Lydie fait don de m\u00e9dicaments et consommables d\u2019une valeur de 60 millions de FCFA au minist\u00e8re de la Sant\u00e9\",\"datePublished\":\"2025-03-26T20:40:25+00:00\",\"mainEntityOfPage\":{\"@id\":\"https:\\\/\\\/voxsahel.com\\\/?p=1662\"},\"wordCount\":739,\"commentCount\":0,\"publisher\":{\"@id\":\"https:\\\/\\\/voxsahel.com\\\/#organization\"},\"image\":{\"@id\":\"https:\\\/\\\/voxsahel.com\\\/?p=1662#primaryimage\"},\"thumbnailUrl\":\"https:\\\/\\\/voxsahel.com\\\/wp-content\\\/uploads\\\/2025\\\/03\\\/4ebf4912-915e-44b1-b246-ea6752b00ea2.jpeg\",\"articleSection\":[\"SANTE\"],\"inLanguage\":\"fr-FR\",\"potentialAction\":[{\"@type\":\"CommentAction\",\"name\":\"Comment\",\"target\":[\"https:\\\/\\\/voxsahel.com\\\/?p=1662#respond\"]}]},{\"@type\":\"WebPage\",\"@id\":\"https:\\\/\\\/voxsahel.com\\\/?p=1662\",\"url\":\"https:\\\/\\\/voxsahel.com\\\/?p=1662\",\"name\":\"Acc\u00e8s aux soins de sant\u00e9: L'Association Lydie fait don de m\u00e9dicaments et consommables d\u2019une valeur de 60 millions de FCFA au minist\u00e8re de la Sant\u00e9 - Vox Sahel\",\"isPartOf\":{\"@id\":\"https:\\\/\\\/voxsahel.com\\\/#website\"},\"primaryImageOfPage\":{\"@id\":\"https:\\\/\\\/voxsahel.com\\\/?p=1662#primaryimage\"},\"image\":{\"@id\":\"https:\\\/\\\/voxsahel.com\\\/?p=1662#primaryimage\"},\"thumbnailUrl\":\"https:\\\/\\\/voxsahel.com\\\/wp-content\\\/uploads\\\/2025\\\/03\\\/4ebf4912-915e-44b1-b246-ea6752b00ea2.jpeg\",\"datePublished\":\"2025-03-26T20:40:25+00:00\",\"breadcrumb\":{\"@id\":\"https:\\\/\\\/voxsahel.com\\\/?p=1662#breadcrumb\"},\"inLanguage\":\"fr-FR\",\"potentialAction\":[{\"@type\":\"ReadAction\",\"target\":[\"https:\\\/\\\/voxsahel.com\\\/?p=1662\"]}]},{\"@type\":\"ImageObject\",\"inLanguage\":\"fr-FR\",\"@id\":\"https:\\\/\\\/voxsahel.com\\\/?p=1662#primaryimage\",\"url\":\"https:\\\/\\\/voxsahel.com\\\/wp-content\\\/uploads\\\/2025\\\/03\\\/4ebf4912-915e-44b1-b246-ea6752b00ea2.jpeg\",\"contentUrl\":\"https:\\\/\\\/voxsahel.com\\\/wp-content\\\/uploads\\\/2025\\\/03\\\/4ebf4912-915e-44b1-b246-ea6752b00ea2.jpeg\",\"width\":1080,\"height\":717},{\"@type\":\"BreadcrumbList\",\"@id\":\"https:\\\/\\\/voxsahel.com\\\/?p=1662#breadcrumb\",\"itemListElement\":[{\"@type\":\"ListItem\",\"position\":1,\"name\":\"Home\",\"item\":\"https:\\\/\\\/voxsahel.com\\\/\"},{\"@type\":\"ListItem\",\"position\":2,\"name\":\"Acc\u00e8s aux soins de sant\u00e9: L&rsquo;Association Lydie fait don de m\u00e9dicaments et consommables d\u2019une valeur de 60 millions de FCFA au minist\u00e8re de la Sant\u00e9\"}]},{\"@type\":\"WebSite\",\"@id\":\"https:\\\/\\\/voxsahel.com\\\/#website\",\"url\":\"https:\\\/\\\/voxsahel.com\\\/\",\"name\":\"Vox Sahel\",\"description\":\"Informez-vous sur le Sahel en un clic\",\"publisher\":{\"@id\":\"https:\\\/\\\/voxsahel.com\\\/#organization\"},\"potentialAction\":[{\"@type\":\"SearchAction\",\"target\":{\"@type\":\"EntryPoint\",\"urlTemplate\":\"https:\\\/\\\/voxsahel.com\\\/?s={search_term_string}\"},\"query-input\":{\"@type\":\"PropertyValueSpecification\",\"valueRequired\":true,\"valueName\":\"search_term_string\"}}],\"inLanguage\":\"fr-FR\"},{\"@type\":\"Organization\",\"@id\":\"https:\\\/\\\/voxsahel.com\\\/#organization\",\"name\":\"Vox Sahel\",\"url\":\"https:\\\/\\\/voxsahel.com\\\/\",\"logo\":{\"@type\":\"ImageObject\",\"inLanguage\":\"fr-FR\",\"@id\":\"https:\\\/\\\/voxsahel.com\\\/#\\\/schema\\\/logo\\\/image\\\/\",\"url\":\"https:\\\/\\\/voxsahel.com\\\/wp-content\\\/uploads\\\/2024\\\/09\\\/Logo-Vox-Sahel.jpg\",\"contentUrl\":\"https:\\\/\\\/voxsahel.com\\\/wp-content\\\/uploads\\\/2024\\\/09\\\/Logo-Vox-Sahel.jpg\",\"width\":1181,\"height\":848,\"caption\":\"Vox Sahel\"},\"image\":{\"@id\":\"https:\\\/\\\/voxsahel.com\\\/#\\\/schema\\\/logo\\\/image\\\/\"},\"sameAs\":[\"https:\\\/\\\/www.facebook.com\\\/journal.voxsahel\"]},{\"@type\":\"Person\",\"@id\":\"https:\\\/\\\/voxsahel.com\\\/#\\\/schema\\\/person\\\/b4043608248f8fa227cd760e7ff1e19e\",\"name\":\"Vox Sahel\",\"image\":{\"@type\":\"ImageObject\",\"inLanguage\":\"fr-FR\",\"@id\":\"https:\\\/\\\/secure.gravatar.com\\\/avatar\\\/f70e7fa0cb9b29d4a7c5788d6eb2e9ab4d3135cbae1c9161810fdf77a8964699?s=96&d=mm&r=g\",\"url\":\"https:\\\/\\\/secure.gravatar.com\\\/avatar\\\/f70e7fa0cb9b29d4a7c5788d6eb2e9ab4d3135cbae1c9161810fdf77a8964699?s=96&d=mm&r=g\",\"contentUrl\":\"https:\\\/\\\/secure.gravatar.com\\\/avatar\\\/f70e7fa0cb9b29d4a7c5788d6eb2e9ab4d3135cbae1c9161810fdf77a8964699?s=96&d=mm&r=g\",\"caption\":\"Vox Sahel\"},\"sameAs\":[\"http:\\\/\\\/www.voxsahel.com\"],\"url\":\"https:\\\/\\\/voxsahel.com\\\/?author=2\"}]}<\/script>\n<!-- \/ Yoast SEO plugin. -->","yoast_head_json":{"title":"Acc\u00e8s aux soins de sant\u00e9: L'Association Lydie fait don de m\u00e9dicaments et consommables d\u2019une valeur de 60 millions de FCFA au minist\u00e8re de la Sant\u00e9 - Vox Sahel","robots":{"index":"index","follow":"follow","max-snippet":"max-snippet:-1","max-image-preview":"max-image-preview:large","max-video-preview":"max-video-preview:-1"},"canonical":"https:\/\/voxsahel.com\/?p=1662","og_locale":"fr_FR","og_type":"article","og_title":"Acc\u00e8s aux soins de sant\u00e9: L'Association Lydie fait don de m\u00e9dicaments et consommables d\u2019une valeur de 60 millions de FCFA au minist\u00e8re de la Sant\u00e9 - Vox Sahel","og_description":"L&rsquo;Association Lydie a fait don de m\u00e9dicaments et de consommables au minist\u00e8re de la Sant\u00e9","og_url":"https:\/\/voxsahel.com\/?p=1662","og_site_name":"Vox Sahel","article_publisher":"https:\/\/www.facebook.com\/journal.voxsahel","article_published_time":"2025-03-26T20:40:25+00:00","og_image":[{"width":1080,"height":717,"url":"https:\/\/voxsahel.com\/wp-content\/uploads\/2025\/03\/4ebf4912-915e-44b1-b246-ea6752b00ea2.jpeg","type":"image\/jpeg"}],"author":"Vox Sahel","twitter_card":"summary_large_image","twitter_misc":{"\u00c9crit par":"Vox Sahel","Dur\u00e9e de lecture estim\u00e9e":"3 minutes"},"schema":{"@context":"https:\/\/schema.org","@graph":[{"@type":"Article","@id":"https:\/\/voxsahel.com\/?p=1662#article","isPartOf":{"@id":"https:\/\/voxsahel.com\/?p=1662"},"author":{"name":"Vox Sahel","@id":"https:\/\/voxsahel.com\/#\/schema\/person\/b4043608248f8fa227cd760e7ff1e19e"},"headline":"Acc\u00e8s aux soins de sant\u00e9: L&rsquo;Association Lydie fait don de m\u00e9dicaments et consommables d\u2019une valeur de 60 millions de FCFA au minist\u00e8re de la Sant\u00e9","datePublished":"2025-03-26T20:40:25+00:00","mainEntityOfPage":{"@id":"https:\/\/voxsahel.com\/?p=1662"},"wordCount":739,"commentCount":0,"publisher":{"@id":"https:\/\/voxsahel.com\/#organization"},"image":{"@id":"https:\/\/voxsahel.com\/?p=1662#primaryimage"},"thumbnailUrl":"https:\/\/voxsahel.com\/wp-content\/uploads\/2025\/03\/4ebf4912-915e-44b1-b246-ea6752b00ea2.jpeg","articleSection":["SANTE"],"inLanguage":"fr-FR","potentialAction":[{"@type":"CommentAction","name":"Comment","target":["https:\/\/voxsahel.com\/?p=1662#respond"]}]},{"@type":"WebPage","@id":"https:\/\/voxsahel.com\/?p=1662","url":"https:\/\/voxsahel.com\/?p=1662","name":"Acc\u00e8s aux soins de sant\u00e9: L'Association Lydie fait don de m\u00e9dicaments et consommables d\u2019une valeur de 60 millions de FCFA au minist\u00e8re de la Sant\u00e9 - Vox Sahel","isPartOf":{"@id":"https:\/\/voxsahel.com\/#website"},"primaryImageOfPage":{"@id":"https:\/\/voxsahel.com\/?p=1662#primaryimage"},"image":{"@id":"https:\/\/voxsahel.com\/?p=1662#primaryimage"},"thumbnailUrl":"https:\/\/voxsahel.com\/wp-content\/uploads\/2025\/03\/4ebf4912-915e-44b1-b246-ea6752b00ea2.jpeg","datePublished":"2025-03-26T20:40:25+00:00","breadcrumb":{"@id":"https:\/\/voxsahel.com\/?p=1662#breadcrumb"},"inLanguage":"fr-FR","potentialAction":[{"@type":"ReadAction","target":["https:\/\/voxsahel.com\/?p=1662"]}]},{"@type":"ImageObject","inLanguage":"fr-FR","@id":"https:\/\/voxsahel.com\/?p=1662#primaryimage","url":"https:\/\/voxsahel.com\/wp-content\/uploads\/2025\/03\/4ebf4912-915e-44b1-b246-ea6752b00ea2.jpeg","contentUrl":"https:\/\/voxsahel.com\/wp-content\/uploads\/2025\/03\/4ebf4912-915e-44b1-b246-ea6752b00ea2.jpeg","width":1080,"height":717},{"@type":"BreadcrumbList","@id":"https:\/\/voxsahel.com\/?p=1662#breadcrumb","itemListElement":[{"@type":"ListItem","position":1,"name":"Home","item":"https:\/\/voxsahel.com\/"},{"@type":"ListItem","position":2,"name":"Acc\u00e8s aux soins de sant\u00e9: L&rsquo;Association Lydie fait don de m\u00e9dicaments et consommables d\u2019une valeur de 60 millions de FCFA au minist\u00e8re de la Sant\u00e9"}]},{"@type":"WebSite","@id":"https:\/\/voxsahel.com\/#website","url":"https:\/\/voxsahel.com\/","name":"Vox Sahel","description":"Informez-vous sur le Sahel en un clic","publisher":{"@id":"https:\/\/voxsahel.com\/#organization"},"potentialAction":[{"@type":"SearchAction","target":{"@type":"EntryPoint","urlTemplate":"https:\/\/voxsahel.com\/?s={search_term_string}"},"query-input":{"@type":"PropertyValueSpecification","valueRequired":true,"valueName":"search_term_string"}}],"inLanguage":"fr-FR"},{"@type":"Organization","@id":"https:\/\/voxsahel.com\/#organization","name":"Vox Sahel","url":"https:\/\/voxsahel.com\/","logo":{"@type":"ImageObject","inLanguage":"fr-FR","@id":"https:\/\/voxsahel.com\/#\/schema\/logo\/image\/","url":"https:\/\/voxsahel.com\/wp-content\/uploads\/2024\/09\/Logo-Vox-Sahel.jpg","contentUrl":"https:\/\/voxsahel.com\/wp-content\/uploads\/2024\/09\/Logo-Vox-Sahel.jpg","width":1181,"height":848,"caption":"Vox Sahel"},"image":{"@id":"https:\/\/voxsahel.com\/#\/schema\/logo\/image\/"},"sameAs":["https:\/\/www.facebook.com\/journal.voxsahel"]},{"@type":"Person","@id":"https:\/\/voxsahel.com\/#\/schema\/person\/b4043608248f8fa227cd760e7ff1e19e","name":"Vox Sahel","image":{"@type":"ImageObject","inLanguage":"fr-FR","@id":"https:\/\/secure.gravatar.com\/avatar\/f70e7fa0cb9b29d4a7c5788d6eb2e9ab4d3135cbae1c9161810fdf77a8964699?s=96&d=mm&r=g","url":"https:\/\/secure.gravatar.com\/avatar\/f70e7fa0cb9b29d4a7c5788d6eb2e9ab4d3135cbae1c9161810fdf77a8964699?s=96&d=mm&r=g","contentUrl":"https:\/\/secure.gravatar.com\/avatar\/f70e7fa0cb9b29d4a7c5788d6eb2e9ab4d3135cbae1c9161810fdf77a8964699?s=96&d=mm&r=g","caption":"Vox Sahel"},"sameAs":["http:\/\/www.voxsahel.com"],"url":"https:\/\/voxsahel.com\/?author=2"}]}},"_links":{"self":[{"href":"https:\/\/voxsahel.com\/index.php?rest_route=\/wp\/v2\/posts\/1662","targetHints":{"allow":["GET"]}}],"collection":[{"href":"https:\/\/voxsahel.com\/index.php?rest_route=\/wp\/v2\/posts"}],"about":[{"href":"https:\/\/voxsahel.com\/index.php?rest_route=\/wp\/v2\/types\/post"}],"author":[{"embeddable":true,"href":"https:\/\/voxsahel.com\/index.php?rest_route=\/wp\/v2\/users\/2"}],"replies":[{"embeddable":true,"href":"https:\/\/voxsahel.com\/index.php?rest_route=%2Fwp%2Fv2%2Fcomments&post=1662"}],"version-history":[{"count":1,"href":"https:\/\/voxsahel.com\/index.php?rest_route=\/wp\/v2\/posts\/1662\/revisions"}],"predecessor-version":[{"id":1663,"href":"https:\/\/voxsahel.com\/index.php?rest_route=\/wp\/v2\/posts\/1662\/revisions\/1663"}],"wp:featuredmedia":[{"embeddable":true,"href":"https:\/\/voxsahel.com\/index.php?rest_route=\/wp\/v2\/media\/1660"}],"wp:attachment":[{"href":"https:\/\/voxsahel.com\/index.php?rest_route=%2Fwp%2Fv2%2Fmedia&parent=1662"}],"wp:term":[{"taxonomy":"category","embeddable":true,"href":"https:\/\/voxsahel.com\/index.php?rest_route=%2Fwp%2Fv2%2Fcategories&post=1662"},{"taxonomy":"post_tag","embeddable":true,"href":"https:\/\/voxsahel.com\/index.php?rest_route=%2Fwp%2Fv2%2Ftags&post=1662"}],"curies":[{"name":"wp","href":"https:\/\/api.w.org\/{rel}","templated":true}]}}