{"id":1649,"date":"2025-03-24T21:23:22","date_gmt":"2025-03-24T21:23:22","guid":{"rendered":"https:\/\/voxsahel.com\/?p=1649"},"modified":"2025-03-24T21:23:53","modified_gmt":"2025-03-24T21:23:53","slug":"banque-finance-le-groupe-vista-finalise-lacquisition-de-societe-generale-burkina-faso","status":"publish","type":"post","link":"https:\/\/voxsahel.com\/?p=1649","title":{"rendered":"Banque\/ Finance : Le Groupe Vista finalise l\u2019acquisition de Soci\u00e9t\u00e9 G\u00e9n\u00e9rale Burkina Faso"},"content":{"rendered":"<p class=\"p1\">Le Groupe Vista a franchi une nouvelle \u00e9tape dans son expansion en Afrique de l\u2019Ouest en finalisant l\u2019acquisition de Soci\u00e9t\u00e9 G\u00e9n\u00e9rale Burkina Faso (SGBF). L\u2019op\u00e9ration, annonc\u00e9e en d\u00e9cembre 2023, vient d\u2019\u00eatre officiellement valid\u00e9e par la Commission bancaire de l\u2019UMOA, marquant ainsi l\u2019aboutissement du processus r\u00e9glementaire.<\/p>\n<p class=\"p1\"><span class=\"s3\">Avec cette transaction, le Groupe Vista, dirig\u00e9 par l\u2019homme d\u2019affaires burkinab\u00e8 Simon Tiemtor\u00e9, acquiert une participation majoritaire de 52,6 % dans la filiale burkinab\u00e8 du groupe bancaire fran\u00e7ais Soci\u00e9t\u00e9 G\u00e9n\u00e9rale. Cette acquisition s\u2019inscrit dans une strat\u00e9gie de consolidation du march\u00e9 bancaire burkinab\u00e8, o\u00f9 Vista Bank Burkina \u2013 anciennement BICIAB et rachet\u00e9e \u00e0 BNP Paribas en 2021 \u2013 \u00e9tait d\u00e9j\u00e0 pr\u00e9sente.<\/span><\/p>\n<p class=\"p1\"><span class=\"s3\">Ce rachat strat\u00e9gique renforce ainsi la position du Groupe Vista au Burkina Faso, lui permettant d\u2019\u00e9tendre ses services bancaires et assurantiels. En effet, le groupe avait d\u00e9j\u00e0 manifest\u00e9 son ambition de diversifier ses activit\u00e9s en lan\u00e7ant, en octobre dernier, une filiale sp\u00e9cialis\u00e9e en assurance.<\/span><\/p>\n<p class=\"p1\"><span class=\"s3\">L\u2019arriv\u00e9e de Vista Bank dans le paysage bancaire burkinab\u00e8 traduit une volont\u00e9 de proposer des services financiers adapt\u00e9s aux besoins du march\u00e9 local tout en favorisant une plus grande inclusion financi\u00e8re. Avec cette acquisition, le groupe renforce \u00e9galement sa pr\u00e9sence en Afrique de l\u2019Ouest, consolidant son r\u00f4le d\u2019acteur cl\u00e9 du secteur bancaire r\u00e9gional.<\/span><\/p>\n<p class=\"p1\" style=\"text-align: left;\"><span class=\"s3\">L\u2019int\u00e9gration de SGBF au sein du Groupe Vista devrait permettre une transition progressive pour les clients et employ\u00e9s, dans un souci de continuit\u00e9 et d\u2019am\u00e9lioration des services. Reste \u00e0 voir comment cette fusion influencera l\u2019offre bancaire au Burkina Faso et la dynamique du secteur financier dans la sous-r\u00e9gion.<\/span><\/p>\n<p class=\"p1\" style=\"text-align: right;\"><strong><span class=\"s3\">Par Vox Sahel <\/span><\/strong><\/p>\n","protected":false},"excerpt":{"rendered":"<p>Le Groupe Vista a franchi une nouvelle \u00e9tape dans son expansion en Afrique de l\u2019Ouest<\/p>\n","protected":false},"author":2,"featured_media":1651,"comment_status":"open","ping_status":"open","sticky":false,"template":"","format":"standard","meta":{"_et_pb_use_builder":"","_et_pb_old_content":"","_et_gb_content_width":"","footnotes":""},"categories":[8],"tags":[307,18,91,669,668,667,666],"class_list":["post-1649","post","type-post","status-publish","format-standard","has-post-thumbnail","hentry","category-developpement","tag-banque","tag-burkina-faso","tag-finance","tag-groupe-vista","tag-simon-tiemtore","tag-societe-generale-burkina-faso","tag-vista-bank"],"yoast_head":"<!-- This site is optimized with the Yoast SEO plugin v27.5 - https:\/\/yoast.com\/product\/yoast-seo-wordpress\/ -->\n<title>Banque\/ Finance : Le Groupe Vista finalise l\u2019acquisition de Soci\u00e9t\u00e9 G\u00e9n\u00e9rale Burkina Faso - Vox Sahel<\/title>\n<meta name=\"robots\" content=\"index, follow, max-snippet:-1, max-image-preview:large, max-video-preview:-1\" \/>\n<link rel=\"canonical\" href=\"https:\/\/voxsahel.com\/?p=1649\" \/>\n<meta property=\"og:locale\" content=\"fr_FR\" \/>\n<meta property=\"og:type\" content=\"article\" \/>\n<meta property=\"og:title\" content=\"Banque\/ Finance : Le Groupe Vista finalise l\u2019acquisition de Soci\u00e9t\u00e9 G\u00e9n\u00e9rale Burkina Faso - Vox Sahel\" \/>\n<meta property=\"og:description\" content=\"Le Groupe Vista a franchi une nouvelle \u00e9tape dans son expansion en Afrique de l\u2019Ouest\" \/>\n<meta property=\"og:url\" content=\"https:\/\/voxsahel.com\/?p=1649\" \/>\n<meta property=\"og:site_name\" content=\"Vox Sahel\" \/>\n<meta property=\"article:publisher\" content=\"https:\/\/www.facebook.com\/journal.voxsahel\" \/>\n<meta property=\"article:published_time\" content=\"2025-03-24T21:23:22+00:00\" \/>\n<meta property=\"article:modified_time\" content=\"2025-03-24T21:23:53+00:00\" \/>\n<meta property=\"og:image\" content=\"https:\/\/voxsahel.com\/wp-content\/uploads\/2025\/03\/IMG_8395.jpeg\" \/>\n\t<meta property=\"og:image:width\" content=\"2048\" \/>\n\t<meta property=\"og:image:height\" content=\"2048\" \/>\n\t<meta property=\"og:image:type\" content=\"image\/jpeg\" \/>\n<meta name=\"author\" content=\"Vox Sahel\" \/>\n<meta name=\"twitter:card\" content=\"summary_large_image\" \/>\n<meta name=\"twitter:label1\" content=\"\u00c9crit par\" \/>\n\t<meta name=\"twitter:data1\" content=\"Vox Sahel\" \/>\n\t<meta name=\"twitter:label2\" content=\"Dur\u00e9e de lecture estim\u00e9e\" \/>\n\t<meta name=\"twitter:data2\" content=\"2 minutes\" \/>\n<script type=\"application\/ld+json\" class=\"yoast-schema-graph\">{\"@context\":\"https:\\\/\\\/schema.org\",\"@graph\":[{\"@type\":\"Article\",\"@id\":\"https:\\\/\\\/voxsahel.com\\\/?p=1649#article\",\"isPartOf\":{\"@id\":\"https:\\\/\\\/voxsahel.com\\\/?p=1649\"},\"author\":{\"name\":\"Vox Sahel\",\"@id\":\"https:\\\/\\\/voxsahel.com\\\/#\\\/schema\\\/person\\\/b4043608248f8fa227cd760e7ff1e19e\"},\"headline\":\"Banque\\\/ Finance : Le Groupe Vista finalise l\u2019acquisition de Soci\u00e9t\u00e9 G\u00e9n\u00e9rale Burkina Faso\",\"datePublished\":\"2025-03-24T21:23:22+00:00\",\"dateModified\":\"2025-03-24T21:23:53+00:00\",\"mainEntityOfPage\":{\"@id\":\"https:\\\/\\\/voxsahel.com\\\/?p=1649\"},\"wordCount\":309,\"commentCount\":0,\"publisher\":{\"@id\":\"https:\\\/\\\/voxsahel.com\\\/#organization\"},\"image\":{\"@id\":\"https:\\\/\\\/voxsahel.com\\\/?p=1649#primaryimage\"},\"thumbnailUrl\":\"https:\\\/\\\/voxsahel.com\\\/wp-content\\\/uploads\\\/2025\\\/03\\\/IMG_8395.jpeg\",\"keywords\":[\"Banque\",\"Burkina Faso\",\"Finance\",\"Groupe Vista\",\"Simon Tiemtor\u00e9\",\"Soci\u00e9t\u00e9 G\u00e9n\u00e9rale Burkina Faso\",\"Vista Bank\"],\"articleSection\":[\"DEVELOPPEMENT\"],\"inLanguage\":\"fr-FR\",\"potentialAction\":[{\"@type\":\"CommentAction\",\"name\":\"Comment\",\"target\":[\"https:\\\/\\\/voxsahel.com\\\/?p=1649#respond\"]}]},{\"@type\":\"WebPage\",\"@id\":\"https:\\\/\\\/voxsahel.com\\\/?p=1649\",\"url\":\"https:\\\/\\\/voxsahel.com\\\/?p=1649\",\"name\":\"Banque\\\/ Finance : Le Groupe Vista finalise l\u2019acquisition de Soci\u00e9t\u00e9 G\u00e9n\u00e9rale Burkina Faso - Vox Sahel\",\"isPartOf\":{\"@id\":\"https:\\\/\\\/voxsahel.com\\\/#website\"},\"primaryImageOfPage\":{\"@id\":\"https:\\\/\\\/voxsahel.com\\\/?p=1649#primaryimage\"},\"image\":{\"@id\":\"https:\\\/\\\/voxsahel.com\\\/?p=1649#primaryimage\"},\"thumbnailUrl\":\"https:\\\/\\\/voxsahel.com\\\/wp-content\\\/uploads\\\/2025\\\/03\\\/IMG_8395.jpeg\",\"datePublished\":\"2025-03-24T21:23:22+00:00\",\"dateModified\":\"2025-03-24T21:23:53+00:00\",\"breadcrumb\":{\"@id\":\"https:\\\/\\\/voxsahel.com\\\/?p=1649#breadcrumb\"},\"inLanguage\":\"fr-FR\",\"potentialAction\":[{\"@type\":\"ReadAction\",\"target\":[\"https:\\\/\\\/voxsahel.com\\\/?p=1649\"]}]},{\"@type\":\"ImageObject\",\"inLanguage\":\"fr-FR\",\"@id\":\"https:\\\/\\\/voxsahel.com\\\/?p=1649#primaryimage\",\"url\":\"https:\\\/\\\/voxsahel.com\\\/wp-content\\\/uploads\\\/2025\\\/03\\\/IMG_8395.jpeg\",\"contentUrl\":\"https:\\\/\\\/voxsahel.com\\\/wp-content\\\/uploads\\\/2025\\\/03\\\/IMG_8395.jpeg\",\"width\":2048,\"height\":2048},{\"@type\":\"BreadcrumbList\",\"@id\":\"https:\\\/\\\/voxsahel.com\\\/?p=1649#breadcrumb\",\"itemListElement\":[{\"@type\":\"ListItem\",\"position\":1,\"name\":\"Home\",\"item\":\"https:\\\/\\\/voxsahel.com\\\/\"},{\"@type\":\"ListItem\",\"position\":2,\"name\":\"Banque\\\/ Finance : Le Groupe Vista finalise l\u2019acquisition de Soci\u00e9t\u00e9 G\u00e9n\u00e9rale Burkina Faso\"}]},{\"@type\":\"WebSite\",\"@id\":\"https:\\\/\\\/voxsahel.com\\\/#website\",\"url\":\"https:\\\/\\\/voxsahel.com\\\/\",\"name\":\"Vox Sahel\",\"description\":\"Informez-vous sur le Sahel en un clic\",\"publisher\":{\"@id\":\"https:\\\/\\\/voxsahel.com\\\/#organization\"},\"potentialAction\":[{\"@type\":\"SearchAction\",\"target\":{\"@type\":\"EntryPoint\",\"urlTemplate\":\"https:\\\/\\\/voxsahel.com\\\/?s={search_term_string}\"},\"query-input\":{\"@type\":\"PropertyValueSpecification\",\"valueRequired\":true,\"valueName\":\"search_term_string\"}}],\"inLanguage\":\"fr-FR\"},{\"@type\":\"Organization\",\"@id\":\"https:\\\/\\\/voxsahel.com\\\/#organization\",\"name\":\"Vox Sahel\",\"url\":\"https:\\\/\\\/voxsahel.com\\\/\",\"logo\":{\"@type\":\"ImageObject\",\"inLanguage\":\"fr-FR\",\"@id\":\"https:\\\/\\\/voxsahel.com\\\/#\\\/schema\\\/logo\\\/image\\\/\",\"url\":\"https:\\\/\\\/voxsahel.com\\\/wp-content\\\/uploads\\\/2024\\\/09\\\/Logo-Vox-Sahel.jpg\",\"contentUrl\":\"https:\\\/\\\/voxsahel.com\\\/wp-content\\\/uploads\\\/2024\\\/09\\\/Logo-Vox-Sahel.jpg\",\"width\":1181,\"height\":848,\"caption\":\"Vox Sahel\"},\"image\":{\"@id\":\"https:\\\/\\\/voxsahel.com\\\/#\\\/schema\\\/logo\\\/image\\\/\"},\"sameAs\":[\"https:\\\/\\\/www.facebook.com\\\/journal.voxsahel\"]},{\"@type\":\"Person\",\"@id\":\"https:\\\/\\\/voxsahel.com\\\/#\\\/schema\\\/person\\\/b4043608248f8fa227cd760e7ff1e19e\",\"name\":\"Vox Sahel\",\"image\":{\"@type\":\"ImageObject\",\"inLanguage\":\"fr-FR\",\"@id\":\"https:\\\/\\\/secure.gravatar.com\\\/avatar\\\/f70e7fa0cb9b29d4a7c5788d6eb2e9ab4d3135cbae1c9161810fdf77a8964699?s=96&d=mm&r=g\",\"url\":\"https:\\\/\\\/secure.gravatar.com\\\/avatar\\\/f70e7fa0cb9b29d4a7c5788d6eb2e9ab4d3135cbae1c9161810fdf77a8964699?s=96&d=mm&r=g\",\"contentUrl\":\"https:\\\/\\\/secure.gravatar.com\\\/avatar\\\/f70e7fa0cb9b29d4a7c5788d6eb2e9ab4d3135cbae1c9161810fdf77a8964699?s=96&d=mm&r=g\",\"caption\":\"Vox Sahel\"},\"sameAs\":[\"http:\\\/\\\/www.voxsahel.com\"],\"url\":\"https:\\\/\\\/voxsahel.com\\\/?author=2\"}]}<\/script>\n<!-- \/ Yoast SEO plugin. -->","yoast_head_json":{"title":"Banque\/ Finance : Le Groupe Vista finalise l\u2019acquisition de Soci\u00e9t\u00e9 G\u00e9n\u00e9rale Burkina Faso - Vox Sahel","robots":{"index":"index","follow":"follow","max-snippet":"max-snippet:-1","max-image-preview":"max-image-preview:large","max-video-preview":"max-video-preview:-1"},"canonical":"https:\/\/voxsahel.com\/?p=1649","og_locale":"fr_FR","og_type":"article","og_title":"Banque\/ Finance : Le Groupe Vista finalise l\u2019acquisition de Soci\u00e9t\u00e9 G\u00e9n\u00e9rale Burkina Faso - Vox Sahel","og_description":"Le Groupe Vista a franchi une nouvelle \u00e9tape dans son expansion en Afrique de l\u2019Ouest","og_url":"https:\/\/voxsahel.com\/?p=1649","og_site_name":"Vox Sahel","article_publisher":"https:\/\/www.facebook.com\/journal.voxsahel","article_published_time":"2025-03-24T21:23:22+00:00","article_modified_time":"2025-03-24T21:23:53+00:00","og_image":[{"width":2048,"height":2048,"url":"https:\/\/voxsahel.com\/wp-content\/uploads\/2025\/03\/IMG_8395.jpeg","type":"image\/jpeg"}],"author":"Vox Sahel","twitter_card":"summary_large_image","twitter_misc":{"\u00c9crit par":"Vox Sahel","Dur\u00e9e de lecture estim\u00e9e":"2 minutes"},"schema":{"@context":"https:\/\/schema.org","@graph":[{"@type":"Article","@id":"https:\/\/voxsahel.com\/?p=1649#article","isPartOf":{"@id":"https:\/\/voxsahel.com\/?p=1649"},"author":{"name":"Vox Sahel","@id":"https:\/\/voxsahel.com\/#\/schema\/person\/b4043608248f8fa227cd760e7ff1e19e"},"headline":"Banque\/ Finance : Le Groupe Vista finalise l\u2019acquisition de Soci\u00e9t\u00e9 G\u00e9n\u00e9rale Burkina Faso","datePublished":"2025-03-24T21:23:22+00:00","dateModified":"2025-03-24T21:23:53+00:00","mainEntityOfPage":{"@id":"https:\/\/voxsahel.com\/?p=1649"},"wordCount":309,"commentCount":0,"publisher":{"@id":"https:\/\/voxsahel.com\/#organization"},"image":{"@id":"https:\/\/voxsahel.com\/?p=1649#primaryimage"},"thumbnailUrl":"https:\/\/voxsahel.com\/wp-content\/uploads\/2025\/03\/IMG_8395.jpeg","keywords":["Banque","Burkina Faso","Finance","Groupe Vista","Simon Tiemtor\u00e9","Soci\u00e9t\u00e9 G\u00e9n\u00e9rale Burkina Faso","Vista Bank"],"articleSection":["DEVELOPPEMENT"],"inLanguage":"fr-FR","potentialAction":[{"@type":"CommentAction","name":"Comment","target":["https:\/\/voxsahel.com\/?p=1649#respond"]}]},{"@type":"WebPage","@id":"https:\/\/voxsahel.com\/?p=1649","url":"https:\/\/voxsahel.com\/?p=1649","name":"Banque\/ Finance : Le Groupe Vista finalise l\u2019acquisition de Soci\u00e9t\u00e9 G\u00e9n\u00e9rale Burkina Faso - Vox Sahel","isPartOf":{"@id":"https:\/\/voxsahel.com\/#website"},"primaryImageOfPage":{"@id":"https:\/\/voxsahel.com\/?p=1649#primaryimage"},"image":{"@id":"https:\/\/voxsahel.com\/?p=1649#primaryimage"},"thumbnailUrl":"https:\/\/voxsahel.com\/wp-content\/uploads\/2025\/03\/IMG_8395.jpeg","datePublished":"2025-03-24T21:23:22+00:00","dateModified":"2025-03-24T21:23:53+00:00","breadcrumb":{"@id":"https:\/\/voxsahel.com\/?p=1649#breadcrumb"},"inLanguage":"fr-FR","potentialAction":[{"@type":"ReadAction","target":["https:\/\/voxsahel.com\/?p=1649"]}]},{"@type":"ImageObject","inLanguage":"fr-FR","@id":"https:\/\/voxsahel.com\/?p=1649#primaryimage","url":"https:\/\/voxsahel.com\/wp-content\/uploads\/2025\/03\/IMG_8395.jpeg","contentUrl":"https:\/\/voxsahel.com\/wp-content\/uploads\/2025\/03\/IMG_8395.jpeg","width":2048,"height":2048},{"@type":"BreadcrumbList","@id":"https:\/\/voxsahel.com\/?p=1649#breadcrumb","itemListElement":[{"@type":"ListItem","position":1,"name":"Home","item":"https:\/\/voxsahel.com\/"},{"@type":"ListItem","position":2,"name":"Banque\/ Finance : Le Groupe Vista finalise l\u2019acquisition de Soci\u00e9t\u00e9 G\u00e9n\u00e9rale Burkina Faso"}]},{"@type":"WebSite","@id":"https:\/\/voxsahel.com\/#website","url":"https:\/\/voxsahel.com\/","name":"Vox Sahel","description":"Informez-vous sur le Sahel en un clic","publisher":{"@id":"https:\/\/voxsahel.com\/#organization"},"potentialAction":[{"@type":"SearchAction","target":{"@type":"EntryPoint","urlTemplate":"https:\/\/voxsahel.com\/?s={search_term_string}"},"query-input":{"@type":"PropertyValueSpecification","valueRequired":true,"valueName":"search_term_string"}}],"inLanguage":"fr-FR"},{"@type":"Organization","@id":"https:\/\/voxsahel.com\/#organization","name":"Vox Sahel","url":"https:\/\/voxsahel.com\/","logo":{"@type":"ImageObject","inLanguage":"fr-FR","@id":"https:\/\/voxsahel.com\/#\/schema\/logo\/image\/","url":"https:\/\/voxsahel.com\/wp-content\/uploads\/2024\/09\/Logo-Vox-Sahel.jpg","contentUrl":"https:\/\/voxsahel.com\/wp-content\/uploads\/2024\/09\/Logo-Vox-Sahel.jpg","width":1181,"height":848,"caption":"Vox Sahel"},"image":{"@id":"https:\/\/voxsahel.com\/#\/schema\/logo\/image\/"},"sameAs":["https:\/\/www.facebook.com\/journal.voxsahel"]},{"@type":"Person","@id":"https:\/\/voxsahel.com\/#\/schema\/person\/b4043608248f8fa227cd760e7ff1e19e","name":"Vox Sahel","image":{"@type":"ImageObject","inLanguage":"fr-FR","@id":"https:\/\/secure.gravatar.com\/avatar\/f70e7fa0cb9b29d4a7c5788d6eb2e9ab4d3135cbae1c9161810fdf77a8964699?s=96&d=mm&r=g","url":"https:\/\/secure.gravatar.com\/avatar\/f70e7fa0cb9b29d4a7c5788d6eb2e9ab4d3135cbae1c9161810fdf77a8964699?s=96&d=mm&r=g","contentUrl":"https:\/\/secure.gravatar.com\/avatar\/f70e7fa0cb9b29d4a7c5788d6eb2e9ab4d3135cbae1c9161810fdf77a8964699?s=96&d=mm&r=g","caption":"Vox Sahel"},"sameAs":["http:\/\/www.voxsahel.com"],"url":"https:\/\/voxsahel.com\/?author=2"}]}},"_links":{"self":[{"href":"https:\/\/voxsahel.com\/index.php?rest_route=\/wp\/v2\/posts\/1649","targetHints":{"allow":["GET"]}}],"collection":[{"href":"https:\/\/voxsahel.com\/index.php?rest_route=\/wp\/v2\/posts"}],"about":[{"href":"https:\/\/voxsahel.com\/index.php?rest_route=\/wp\/v2\/types\/post"}],"author":[{"embeddable":true,"href":"https:\/\/voxsahel.com\/index.php?rest_route=\/wp\/v2\/users\/2"}],"replies":[{"embeddable":true,"href":"https:\/\/voxsahel.com\/index.php?rest_route=%2Fwp%2Fv2%2Fcomments&post=1649"}],"version-history":[{"count":1,"href":"https:\/\/voxsahel.com\/index.php?rest_route=\/wp\/v2\/posts\/1649\/revisions"}],"predecessor-version":[{"id":1652,"href":"https:\/\/voxsahel.com\/index.php?rest_route=\/wp\/v2\/posts\/1649\/revisions\/1652"}],"wp:featuredmedia":[{"embeddable":true,"href":"https:\/\/voxsahel.com\/index.php?rest_route=\/wp\/v2\/media\/1651"}],"wp:attachment":[{"href":"https:\/\/voxsahel.com\/index.php?rest_route=%2Fwp%2Fv2%2Fmedia&parent=1649"}],"wp:term":[{"taxonomy":"category","embeddable":true,"href":"https:\/\/voxsahel.com\/index.php?rest_route=%2Fwp%2Fv2%2Fcategories&post=1649"},{"taxonomy":"post_tag","embeddable":true,"href":"https:\/\/voxsahel.com\/index.php?rest_route=%2Fwp%2Fv2%2Ftags&post=1649"}],"curies":[{"name":"wp","href":"https:\/\/api.w.org\/{rel}","templated":true}]}}