{"id":1643,"date":"2025-03-24T00:33:14","date_gmt":"2025-03-24T00:33:14","guid":{"rendered":"https:\/\/voxsahel.com\/?p=1643"},"modified":"2025-03-24T00:33:14","modified_gmt":"2025-03-24T00:33:14","slug":"eliminatoires-coupe-du-monde-2026-6e-journee-les-etalons-prets-pour-le-defi-contre-la-guinee-bissau","status":"publish","type":"post","link":"https:\/\/voxsahel.com\/?p=1643","title":{"rendered":"\u00c9liminatoires Coupe du Monde 2026 (6e journ\u00e9e) : Les \u00c9talons pr\u00eats pour le d\u00e9fi contre la Guin\u00e9e-Bissau"},"content":{"rendered":"<p class=\"\" data-start=\"0\" data-end=\"107\">Les \u00c9talons du Burkina Faso croisent le fer avec les Djurtus de la Guin\u00e9e-Bissau ce lundi 24 mars 2025 au Stade du 24 Septembre de Bissau, dans le cadre de la 6e journ\u00e9e des \u00e9liminatoires de la Coupe du Monde 2026. Un match capital pour les deux formations qui r\u00eavent de rallier la grand-messe du football mondial.<\/p>\n<p class=\"\" data-start=\"425\" data-end=\"823\">En conf\u00e9rence de presse d\u2019avant-match, le s\u00e9lectionneur national Brama Traor\u00e9 s\u2019est montr\u00e9 confiant malgr\u00e9 les conditions du d\u00e9placement et l\u2019absence d\u2019une s\u00e9ance d\u2019entra\u00eenement la veille.<\/p>\n<blockquote>\n<p class=\"\" data-start=\"425\" data-end=\"823\">\u00ab Ce match sera diff\u00e9rent de celui contre Djibouti. L\u2019\u00e9quipe est en pleine confiance et l\u2019envie de gagner est l\u00e0. Nous savons qu\u2019il faut prendre des points pour rester au contact de l\u2019\u00c9gypte \u00bb, a-t-il d\u00e9clar\u00e9.<\/p>\n<\/blockquote>\n<p class=\"\" data-start=\"825\" data-end=\"1178\">Conscient de l\u2019enjeu et des difficult\u00e9s de cette rencontre face \u00e0 un adversaire qui joue sa survie, Brama Traor\u00e9 reconna\u00eet la complexit\u00e9 de l\u2019opposition : \u00ab Ce sera un match difficile car les Bissau-Guin\u00e9ens sont \u00e0 domicile et voudront se racheter apr\u00e8s leur d\u00e9faite contre la Sierra Leone. Mais ils nous trouveront sur leur chemin. Nous sommes pr\u00eats. \u00bb<\/p>\n<blockquote>\n<p class=\"\" data-start=\"1180\" data-end=\"1512\">Sur le plan de l\u2019effectif, le technicien burkinab\u00e8 a rassur\u00e9 : \u00ab L\u2019\u00e9tat d\u2019esprit du groupe est tr\u00e8s bon. Nous avons des joueurs exp\u00e9riment\u00e9s et aguerris. Nous savons que ce match est d\u00e9cisif. Pas de bless\u00e9s \u00e0 signaler, le moral est au beau fixe m\u00eame si nous ne pourrons toujours pas compter sur Iri\u00e9 Bi Cyriaque et Ars\u00e8ne Kouassi. \u00bb<\/p>\n<\/blockquote>\n<p class=\"\" data-start=\"1514\" data-end=\"1760\">Adamo Nagalo, le jeune d\u00e9fenseur burkinab\u00e8, abonde dans le m\u00eame sens et rappelle l\u2019objectif des \u00c9talons : \u00ab On veut aussi jouer la Coupe du Monde. Donc il n\u2019y a pas d\u2019autre objectif que de gagner les trois points pour se rapprocher de l\u2019\u00c9gypte. \u00bb<\/p>\n<p class=\"\" data-start=\"1762\" data-end=\"2043\">Le coup d\u2019envoi de cette rencontre tr\u00e8s attendue est pr\u00e9vu \u00e0 16h au Stade du 24 septembre de Bissau. Le quatuor arbitral sera rwandais, et le commissaire au match viendra du Cap-Vert. Une rencontre qui s\u2019annonce d\u00e9cisive pour la suite des \u00e9liminatoires dans ce groupe tr\u00e8s disput\u00e9.<\/p>\n<p style=\"text-align: right;\" data-start=\"1762\" data-end=\"2043\"><strong>Par Vox Sahel<\/strong><\/p>\n","protected":false},"excerpt":{"rendered":"<p>Les \u00c9talons du Burkina Faso croisent le fer avec les Djurtus de la Guin\u00e9e-Bissau ce<\/p>\n","protected":false},"author":2,"featured_media":1644,"comment_status":"open","ping_status":"open","sticky":false,"template":"","format":"standard","meta":{"_et_pb_use_builder":"","_et_pb_old_content":"","_et_gb_content_width":"","footnotes":""},"categories":[12],"tags":[18,660,274,35,642,34],"class_list":["post-1643","post","type-post","status-publish","format-standard","has-post-thumbnail","hentry","category-sports","tag-burkina-faso","tag-confederation-africaine-de-football","tag-etalons","tag-football","tag-guinee-bissau","tag-sport"],"yoast_head":"<!-- This site is optimized with the Yoast SEO plugin v27.5 - https:\/\/yoast.com\/product\/yoast-seo-wordpress\/ -->\n<title>\u00c9liminatoires Coupe du Monde 2026 (6e journ\u00e9e) : Les \u00c9talons pr\u00eats pour le d\u00e9fi contre la Guin\u00e9e-Bissau - Vox Sahel<\/title>\n<meta name=\"robots\" content=\"index, follow, max-snippet:-1, max-image-preview:large, max-video-preview:-1\" \/>\n<link rel=\"canonical\" href=\"https:\/\/voxsahel.com\/?p=1643\" \/>\n<meta property=\"og:locale\" content=\"fr_FR\" \/>\n<meta property=\"og:type\" content=\"article\" \/>\n<meta property=\"og:title\" content=\"\u00c9liminatoires Coupe du Monde 2026 (6e journ\u00e9e) : Les \u00c9talons pr\u00eats pour le d\u00e9fi contre la Guin\u00e9e-Bissau - Vox Sahel\" \/>\n<meta property=\"og:description\" content=\"Les \u00c9talons du Burkina Faso croisent le fer avec les Djurtus de la Guin\u00e9e-Bissau ce\" \/>\n<meta property=\"og:url\" content=\"https:\/\/voxsahel.com\/?p=1643\" \/>\n<meta property=\"og:site_name\" content=\"Vox Sahel\" \/>\n<meta property=\"article:publisher\" content=\"https:\/\/www.facebook.com\/journal.voxsahel\" \/>\n<meta property=\"article:published_time\" content=\"2025-03-24T00:33:14+00:00\" \/>\n<meta property=\"og:image\" content=\"https:\/\/voxsahel.com\/wp-content\/uploads\/2025\/03\/IMG_8036.jpeg\" \/>\n\t<meta property=\"og:image:width\" content=\"960\" \/>\n\t<meta property=\"og:image:height\" content=\"578\" \/>\n\t<meta property=\"og:image:type\" content=\"image\/jpeg\" \/>\n<meta name=\"author\" content=\"Vox Sahel\" \/>\n<meta name=\"twitter:card\" content=\"summary_large_image\" \/>\n<meta name=\"twitter:label1\" content=\"\u00c9crit par\" \/>\n\t<meta name=\"twitter:data1\" content=\"Vox Sahel\" \/>\n\t<meta name=\"twitter:label2\" content=\"Dur\u00e9e de lecture estim\u00e9e\" \/>\n\t<meta name=\"twitter:data2\" content=\"2 minutes\" \/>\n<script type=\"application\/ld+json\" class=\"yoast-schema-graph\">{\"@context\":\"https:\\\/\\\/schema.org\",\"@graph\":[{\"@type\":\"Article\",\"@id\":\"https:\\\/\\\/voxsahel.com\\\/?p=1643#article\",\"isPartOf\":{\"@id\":\"https:\\\/\\\/voxsahel.com\\\/?p=1643\"},\"author\":{\"name\":\"Vox Sahel\",\"@id\":\"https:\\\/\\\/voxsahel.com\\\/#\\\/schema\\\/person\\\/b4043608248f8fa227cd760e7ff1e19e\"},\"headline\":\"\u00c9liminatoires Coupe du Monde 2026 (6e journ\u00e9e) : Les \u00c9talons pr\u00eats pour le d\u00e9fi contre la Guin\u00e9e-Bissau\",\"datePublished\":\"2025-03-24T00:33:14+00:00\",\"mainEntityOfPage\":{\"@id\":\"https:\\\/\\\/voxsahel.com\\\/?p=1643\"},\"wordCount\":380,\"commentCount\":0,\"publisher\":{\"@id\":\"https:\\\/\\\/voxsahel.com\\\/#organization\"},\"image\":{\"@id\":\"https:\\\/\\\/voxsahel.com\\\/?p=1643#primaryimage\"},\"thumbnailUrl\":\"https:\\\/\\\/voxsahel.com\\\/wp-content\\\/uploads\\\/2025\\\/03\\\/IMG_8036.jpeg\",\"keywords\":[\"Burkina Faso\",\"Conf\u00e9d\u00e9ration Africaine de Football\",\"Etalons\",\"Football\",\"Guin\u00e9e-Bissau\",\"Sport\"],\"articleSection\":[\"SPORTS\"],\"inLanguage\":\"fr-FR\",\"potentialAction\":[{\"@type\":\"CommentAction\",\"name\":\"Comment\",\"target\":[\"https:\\\/\\\/voxsahel.com\\\/?p=1643#respond\"]}]},{\"@type\":\"WebPage\",\"@id\":\"https:\\\/\\\/voxsahel.com\\\/?p=1643\",\"url\":\"https:\\\/\\\/voxsahel.com\\\/?p=1643\",\"name\":\"\u00c9liminatoires Coupe du Monde 2026 (6e journ\u00e9e) : Les \u00c9talons pr\u00eats pour le d\u00e9fi contre la Guin\u00e9e-Bissau - Vox Sahel\",\"isPartOf\":{\"@id\":\"https:\\\/\\\/voxsahel.com\\\/#website\"},\"primaryImageOfPage\":{\"@id\":\"https:\\\/\\\/voxsahel.com\\\/?p=1643#primaryimage\"},\"image\":{\"@id\":\"https:\\\/\\\/voxsahel.com\\\/?p=1643#primaryimage\"},\"thumbnailUrl\":\"https:\\\/\\\/voxsahel.com\\\/wp-content\\\/uploads\\\/2025\\\/03\\\/IMG_8036.jpeg\",\"datePublished\":\"2025-03-24T00:33:14+00:00\",\"breadcrumb\":{\"@id\":\"https:\\\/\\\/voxsahel.com\\\/?p=1643#breadcrumb\"},\"inLanguage\":\"fr-FR\",\"potentialAction\":[{\"@type\":\"ReadAction\",\"target\":[\"https:\\\/\\\/voxsahel.com\\\/?p=1643\"]}]},{\"@type\":\"ImageObject\",\"inLanguage\":\"fr-FR\",\"@id\":\"https:\\\/\\\/voxsahel.com\\\/?p=1643#primaryimage\",\"url\":\"https:\\\/\\\/voxsahel.com\\\/wp-content\\\/uploads\\\/2025\\\/03\\\/IMG_8036.jpeg\",\"contentUrl\":\"https:\\\/\\\/voxsahel.com\\\/wp-content\\\/uploads\\\/2025\\\/03\\\/IMG_8036.jpeg\",\"width\":960,\"height\":578},{\"@type\":\"BreadcrumbList\",\"@id\":\"https:\\\/\\\/voxsahel.com\\\/?p=1643#breadcrumb\",\"itemListElement\":[{\"@type\":\"ListItem\",\"position\":1,\"name\":\"Home\",\"item\":\"https:\\\/\\\/voxsahel.com\\\/\"},{\"@type\":\"ListItem\",\"position\":2,\"name\":\"\u00c9liminatoires Coupe du Monde 2026 (6e journ\u00e9e) : Les \u00c9talons pr\u00eats pour le d\u00e9fi contre la Guin\u00e9e-Bissau\"}]},{\"@type\":\"WebSite\",\"@id\":\"https:\\\/\\\/voxsahel.com\\\/#website\",\"url\":\"https:\\\/\\\/voxsahel.com\\\/\",\"name\":\"Vox Sahel\",\"description\":\"Informez-vous sur le Sahel en un clic\",\"publisher\":{\"@id\":\"https:\\\/\\\/voxsahel.com\\\/#organization\"},\"potentialAction\":[{\"@type\":\"SearchAction\",\"target\":{\"@type\":\"EntryPoint\",\"urlTemplate\":\"https:\\\/\\\/voxsahel.com\\\/?s={search_term_string}\"},\"query-input\":{\"@type\":\"PropertyValueSpecification\",\"valueRequired\":true,\"valueName\":\"search_term_string\"}}],\"inLanguage\":\"fr-FR\"},{\"@type\":\"Organization\",\"@id\":\"https:\\\/\\\/voxsahel.com\\\/#organization\",\"name\":\"Vox Sahel\",\"url\":\"https:\\\/\\\/voxsahel.com\\\/\",\"logo\":{\"@type\":\"ImageObject\",\"inLanguage\":\"fr-FR\",\"@id\":\"https:\\\/\\\/voxsahel.com\\\/#\\\/schema\\\/logo\\\/image\\\/\",\"url\":\"https:\\\/\\\/voxsahel.com\\\/wp-content\\\/uploads\\\/2024\\\/09\\\/Logo-Vox-Sahel.jpg\",\"contentUrl\":\"https:\\\/\\\/voxsahel.com\\\/wp-content\\\/uploads\\\/2024\\\/09\\\/Logo-Vox-Sahel.jpg\",\"width\":1181,\"height\":848,\"caption\":\"Vox Sahel\"},\"image\":{\"@id\":\"https:\\\/\\\/voxsahel.com\\\/#\\\/schema\\\/logo\\\/image\\\/\"},\"sameAs\":[\"https:\\\/\\\/www.facebook.com\\\/journal.voxsahel\"]},{\"@type\":\"Person\",\"@id\":\"https:\\\/\\\/voxsahel.com\\\/#\\\/schema\\\/person\\\/b4043608248f8fa227cd760e7ff1e19e\",\"name\":\"Vox Sahel\",\"image\":{\"@type\":\"ImageObject\",\"inLanguage\":\"fr-FR\",\"@id\":\"https:\\\/\\\/secure.gravatar.com\\\/avatar\\\/f70e7fa0cb9b29d4a7c5788d6eb2e9ab4d3135cbae1c9161810fdf77a8964699?s=96&d=mm&r=g\",\"url\":\"https:\\\/\\\/secure.gravatar.com\\\/avatar\\\/f70e7fa0cb9b29d4a7c5788d6eb2e9ab4d3135cbae1c9161810fdf77a8964699?s=96&d=mm&r=g\",\"contentUrl\":\"https:\\\/\\\/secure.gravatar.com\\\/avatar\\\/f70e7fa0cb9b29d4a7c5788d6eb2e9ab4d3135cbae1c9161810fdf77a8964699?s=96&d=mm&r=g\",\"caption\":\"Vox Sahel\"},\"sameAs\":[\"http:\\\/\\\/www.voxsahel.com\"],\"url\":\"https:\\\/\\\/voxsahel.com\\\/?author=2\"}]}<\/script>\n<!-- \/ Yoast SEO plugin. -->","yoast_head_json":{"title":"\u00c9liminatoires Coupe du Monde 2026 (6e journ\u00e9e) : Les \u00c9talons pr\u00eats pour le d\u00e9fi contre la Guin\u00e9e-Bissau - Vox Sahel","robots":{"index":"index","follow":"follow","max-snippet":"max-snippet:-1","max-image-preview":"max-image-preview:large","max-video-preview":"max-video-preview:-1"},"canonical":"https:\/\/voxsahel.com\/?p=1643","og_locale":"fr_FR","og_type":"article","og_title":"\u00c9liminatoires Coupe du Monde 2026 (6e journ\u00e9e) : Les \u00c9talons pr\u00eats pour le d\u00e9fi contre la Guin\u00e9e-Bissau - Vox Sahel","og_description":"Les \u00c9talons du Burkina Faso croisent le fer avec les Djurtus de la Guin\u00e9e-Bissau ce","og_url":"https:\/\/voxsahel.com\/?p=1643","og_site_name":"Vox Sahel","article_publisher":"https:\/\/www.facebook.com\/journal.voxsahel","article_published_time":"2025-03-24T00:33:14+00:00","og_image":[{"width":960,"height":578,"url":"https:\/\/voxsahel.com\/wp-content\/uploads\/2025\/03\/IMG_8036.jpeg","type":"image\/jpeg"}],"author":"Vox Sahel","twitter_card":"summary_large_image","twitter_misc":{"\u00c9crit par":"Vox Sahel","Dur\u00e9e de lecture estim\u00e9e":"2 minutes"},"schema":{"@context":"https:\/\/schema.org","@graph":[{"@type":"Article","@id":"https:\/\/voxsahel.com\/?p=1643#article","isPartOf":{"@id":"https:\/\/voxsahel.com\/?p=1643"},"author":{"name":"Vox Sahel","@id":"https:\/\/voxsahel.com\/#\/schema\/person\/b4043608248f8fa227cd760e7ff1e19e"},"headline":"\u00c9liminatoires Coupe du Monde 2026 (6e journ\u00e9e) : Les \u00c9talons pr\u00eats pour le d\u00e9fi contre la Guin\u00e9e-Bissau","datePublished":"2025-03-24T00:33:14+00:00","mainEntityOfPage":{"@id":"https:\/\/voxsahel.com\/?p=1643"},"wordCount":380,"commentCount":0,"publisher":{"@id":"https:\/\/voxsahel.com\/#organization"},"image":{"@id":"https:\/\/voxsahel.com\/?p=1643#primaryimage"},"thumbnailUrl":"https:\/\/voxsahel.com\/wp-content\/uploads\/2025\/03\/IMG_8036.jpeg","keywords":["Burkina Faso","Conf\u00e9d\u00e9ration Africaine de Football","Etalons","Football","Guin\u00e9e-Bissau","Sport"],"articleSection":["SPORTS"],"inLanguage":"fr-FR","potentialAction":[{"@type":"CommentAction","name":"Comment","target":["https:\/\/voxsahel.com\/?p=1643#respond"]}]},{"@type":"WebPage","@id":"https:\/\/voxsahel.com\/?p=1643","url":"https:\/\/voxsahel.com\/?p=1643","name":"\u00c9liminatoires Coupe du Monde 2026 (6e journ\u00e9e) : Les \u00c9talons pr\u00eats pour le d\u00e9fi contre la Guin\u00e9e-Bissau - Vox Sahel","isPartOf":{"@id":"https:\/\/voxsahel.com\/#website"},"primaryImageOfPage":{"@id":"https:\/\/voxsahel.com\/?p=1643#primaryimage"},"image":{"@id":"https:\/\/voxsahel.com\/?p=1643#primaryimage"},"thumbnailUrl":"https:\/\/voxsahel.com\/wp-content\/uploads\/2025\/03\/IMG_8036.jpeg","datePublished":"2025-03-24T00:33:14+00:00","breadcrumb":{"@id":"https:\/\/voxsahel.com\/?p=1643#breadcrumb"},"inLanguage":"fr-FR","potentialAction":[{"@type":"ReadAction","target":["https:\/\/voxsahel.com\/?p=1643"]}]},{"@type":"ImageObject","inLanguage":"fr-FR","@id":"https:\/\/voxsahel.com\/?p=1643#primaryimage","url":"https:\/\/voxsahel.com\/wp-content\/uploads\/2025\/03\/IMG_8036.jpeg","contentUrl":"https:\/\/voxsahel.com\/wp-content\/uploads\/2025\/03\/IMG_8036.jpeg","width":960,"height":578},{"@type":"BreadcrumbList","@id":"https:\/\/voxsahel.com\/?p=1643#breadcrumb","itemListElement":[{"@type":"ListItem","position":1,"name":"Home","item":"https:\/\/voxsahel.com\/"},{"@type":"ListItem","position":2,"name":"\u00c9liminatoires Coupe du Monde 2026 (6e journ\u00e9e) : Les \u00c9talons pr\u00eats pour le d\u00e9fi contre la Guin\u00e9e-Bissau"}]},{"@type":"WebSite","@id":"https:\/\/voxsahel.com\/#website","url":"https:\/\/voxsahel.com\/","name":"Vox Sahel","description":"Informez-vous sur le Sahel en un clic","publisher":{"@id":"https:\/\/voxsahel.com\/#organization"},"potentialAction":[{"@type":"SearchAction","target":{"@type":"EntryPoint","urlTemplate":"https:\/\/voxsahel.com\/?s={search_term_string}"},"query-input":{"@type":"PropertyValueSpecification","valueRequired":true,"valueName":"search_term_string"}}],"inLanguage":"fr-FR"},{"@type":"Organization","@id":"https:\/\/voxsahel.com\/#organization","name":"Vox Sahel","url":"https:\/\/voxsahel.com\/","logo":{"@type":"ImageObject","inLanguage":"fr-FR","@id":"https:\/\/voxsahel.com\/#\/schema\/logo\/image\/","url":"https:\/\/voxsahel.com\/wp-content\/uploads\/2024\/09\/Logo-Vox-Sahel.jpg","contentUrl":"https:\/\/voxsahel.com\/wp-content\/uploads\/2024\/09\/Logo-Vox-Sahel.jpg","width":1181,"height":848,"caption":"Vox Sahel"},"image":{"@id":"https:\/\/voxsahel.com\/#\/schema\/logo\/image\/"},"sameAs":["https:\/\/www.facebook.com\/journal.voxsahel"]},{"@type":"Person","@id":"https:\/\/voxsahel.com\/#\/schema\/person\/b4043608248f8fa227cd760e7ff1e19e","name":"Vox Sahel","image":{"@type":"ImageObject","inLanguage":"fr-FR","@id":"https:\/\/secure.gravatar.com\/avatar\/f70e7fa0cb9b29d4a7c5788d6eb2e9ab4d3135cbae1c9161810fdf77a8964699?s=96&d=mm&r=g","url":"https:\/\/secure.gravatar.com\/avatar\/f70e7fa0cb9b29d4a7c5788d6eb2e9ab4d3135cbae1c9161810fdf77a8964699?s=96&d=mm&r=g","contentUrl":"https:\/\/secure.gravatar.com\/avatar\/f70e7fa0cb9b29d4a7c5788d6eb2e9ab4d3135cbae1c9161810fdf77a8964699?s=96&d=mm&r=g","caption":"Vox Sahel"},"sameAs":["http:\/\/www.voxsahel.com"],"url":"https:\/\/voxsahel.com\/?author=2"}]}},"_links":{"self":[{"href":"https:\/\/voxsahel.com\/index.php?rest_route=\/wp\/v2\/posts\/1643","targetHints":{"allow":["GET"]}}],"collection":[{"href":"https:\/\/voxsahel.com\/index.php?rest_route=\/wp\/v2\/posts"}],"about":[{"href":"https:\/\/voxsahel.com\/index.php?rest_route=\/wp\/v2\/types\/post"}],"author":[{"embeddable":true,"href":"https:\/\/voxsahel.com\/index.php?rest_route=\/wp\/v2\/users\/2"}],"replies":[{"embeddable":true,"href":"https:\/\/voxsahel.com\/index.php?rest_route=%2Fwp%2Fv2%2Fcomments&post=1643"}],"version-history":[{"count":1,"href":"https:\/\/voxsahel.com\/index.php?rest_route=\/wp\/v2\/posts\/1643\/revisions"}],"predecessor-version":[{"id":1645,"href":"https:\/\/voxsahel.com\/index.php?rest_route=\/wp\/v2\/posts\/1643\/revisions\/1645"}],"wp:featuredmedia":[{"embeddable":true,"href":"https:\/\/voxsahel.com\/index.php?rest_route=\/wp\/v2\/media\/1644"}],"wp:attachment":[{"href":"https:\/\/voxsahel.com\/index.php?rest_route=%2Fwp%2Fv2%2Fmedia&parent=1643"}],"wp:term":[{"taxonomy":"category","embeddable":true,"href":"https:\/\/voxsahel.com\/index.php?rest_route=%2Fwp%2Fv2%2Fcategories&post=1643"},{"taxonomy":"post_tag","embeddable":true,"href":"https:\/\/voxsahel.com\/index.php?rest_route=%2Fwp%2Fv2%2Ftags&post=1643"}],"curies":[{"name":"wp","href":"https:\/\/api.w.org\/{rel}","templated":true}]}}