{"id":1640,"date":"2025-03-23T10:57:11","date_gmt":"2025-03-23T10:57:11","guid":{"rendered":"https:\/\/voxsahel.com\/?p=1640"},"modified":"2025-03-23T10:57:11","modified_gmt":"2025-03-23T10:57:11","slug":"athletisme-burkina-de-jeunes-talents-se-revelent-au-championnat-de-la-ligue-du-centre-des-minimes-et-cadets","status":"publish","type":"post","link":"https:\/\/voxsahel.com\/?p=1640","title":{"rendered":"Athl\u00e9tisme\/ Burkina : De jeunes talents se r\u00e9v\u00e8lent au Championnat de la Ligue du Centre des minimes et cadets"},"content":{"rendered":"<p class=\"p3\"><span class=\"s2\">La Ligue d&rsquo;Athl\u00e9tisme du Centre a vibr\u00e9 au rythme des performances prometteuses des minimes et cadets lors de la premi\u00e8re et deuxi\u00e8me journ\u00e9e de son championnat r\u00e9gional, disput\u00e9 sur les installations de l\u2019ISSDH les 15 et 16 mars 2025. Entre records personnels, r\u00e9v\u00e9lations et confirmations, la comp\u00e9tition a tenu toutes ses promesses, mettant en lumi\u00e8re la rel\u00e8ve de l\u2019athl\u00e9tisme r\u00e9gional.<\/span><\/p>\n<p class=\"p3\"><span class=\"s2\">D\u00e8s l\u2019entame du championnat, l\u2019ambiance survolt\u00e9e et la rigueur organisationnelle ont pos\u00e9 les bases d\u2019un \u00e9v\u00e9nement r\u00e9ussi. Sur la piste et aux concours, les jeunes athl\u00e8tes ont rivalis\u00e9 d\u2019ardeur, repoussant leurs limites sous les encouragements de leurs encadreurs et des spectateurs conquis.<\/span><\/p>\n<p class=\"p3\"><span class=\"s2\">La grande r\u00e9v\u00e9lation masculine de cette \u00e9dition se nomme <\/span><span class=\"s3\">Alan Sawadogo<\/span><span class=\"s2\">(JACO). V\u00e9ritable ph\u00e9nom\u00e8ne des \u00e9preuves de sauts, il a survol\u00e9 la comp\u00e9tition en d\u00e9crochant <\/span><span class=\"s3\">trois m\u00e9dailles d\u2019or<\/span><span class=\"s2\">. Avec <\/span><span class=\"s3\">14m78 au triple saut<\/span><span class=\"s2\">, <\/span><span class=\"s3\">6m85 en longueur<\/span><span class=\"s2\"> et <\/span><span class=\"s3\">1m60 en hauteur<\/span><span class=\"s2\">, Alan s\u2019impose d\u00e9j\u00e0 comme un s\u00e9rieux pr\u00e9tendant aux podiums nationaux.<\/span><\/p>\n<p class=\"p3\"><span class=\"s2\">Chez les f\u00e9minines, <\/span><span class=\"s3\">Gr\u00e2ce Sanou<\/span><span class=\"s2\"> (EFO) a brill\u00e9 de mille feux. Sp\u00e9cialiste des sauts, elle s\u2019est adjug\u00e9e la premi\u00e8re place du <\/span><span class=\"s3\">triple saut (11m70)<\/span><span class=\"s2\"> et du <\/span><span class=\"s3\">saut en longueur (5m17)<\/span><span class=\"s2\">, tout en d\u00e9montrant sa polyvalence avec une <\/span><span class=\"s3\">m\u00e9daille d\u2019argent sur 100m haies<\/span><span class=\"s2\">, confirmant ainsi son statut d\u2019athl\u00e8te compl\u00e8te.<\/span><\/p>\n<p class=\"p3\"><span class=\"s2\">Sur les courses de sprint et de demi-fond, <\/span><span class=\"s3\">SOMPOUGDOU Steeve<\/span><span class=\"s2\"> (EFO) s\u2019est illustr\u00e9 avec brio. En s\u2019imposant sur le <\/span><span class=\"s3\">400m plat en 54\u2019\u20193<\/span><span class=\"s2\">, et en montant sur le podium du <\/span><span class=\"s3\">200m (3e)<\/span><span class=\"s2\"> ainsi que du <\/span><span class=\"s3\">400m haies (2e)<\/span><span class=\"s2\">, Steeve a prouv\u00e9 qu\u2019il faudra d\u00e9sormais compter avec lui sur les tours de piste.<\/span><\/p>\n<p class=\"p3\"><span class=\"s2\">Au-del\u00e0 des performances individuelles, cette comp\u00e9tition a d\u00e9montr\u00e9 la vitalit\u00e9 de l\u2019athl\u00e9tisme dans la r\u00e9gion. L\u2019engagement des athl\u00e8tes, la qualit\u00e9 de l\u2019encadrement et l\u2019engouement autour de l\u2019\u00e9v\u00e9nement augurent d\u2019un bel avenir pour la discipline.<\/span><\/p>\n<p class=\"p3\"><span class=\"s2\">Le rendez-vous est d\u2019ores et d\u00e9j\u00e0 pris pour les prochaines \u00e9ch\u00e9ances, o\u00f9 ces jeunes p\u00e9pites auront \u00e0 c\u0153ur de confirmer leur talent et de porter haut les couleurs de la Ligue du Centre sur la sc\u00e8ne nationale.<\/span><\/p>\n<p style=\"text-align: right;\"><strong>Par Vox Sahel<\/strong><\/p>\n","protected":false},"excerpt":{"rendered":"<p>La Ligue d&rsquo;Athl\u00e9tisme du Centre a vibr\u00e9 au rythme des performances prometteuses des minimes et<\/p>\n","protected":false},"author":2,"featured_media":1641,"comment_status":"open","ping_status":"open","sticky":false,"template":"","format":"standard","meta":{"_et_pb_use_builder":"","_et_pb_old_content":"","_et_gb_content_width":"","footnotes":""},"categories":[12],"tags":[565,18,34],"class_list":["post-1640","post","type-post","status-publish","format-standard","has-post-thumbnail","hentry","category-sports","tag-athletisme","tag-burkina-faso","tag-sport"],"yoast_head":"<!-- This site is optimized with the Yoast SEO plugin v27.5 - https:\/\/yoast.com\/product\/yoast-seo-wordpress\/ -->\n<title>Athl\u00e9tisme\/ Burkina : De jeunes talents se r\u00e9v\u00e8lent au Championnat de la Ligue du Centre des minimes et cadets - Vox Sahel<\/title>\n<meta name=\"robots\" content=\"index, follow, max-snippet:-1, max-image-preview:large, max-video-preview:-1\" \/>\n<link rel=\"canonical\" href=\"https:\/\/voxsahel.com\/?p=1640\" \/>\n<meta property=\"og:locale\" content=\"fr_FR\" \/>\n<meta property=\"og:type\" content=\"article\" \/>\n<meta property=\"og:title\" content=\"Athl\u00e9tisme\/ Burkina : De jeunes talents se r\u00e9v\u00e8lent au Championnat de la Ligue du Centre des minimes et cadets - Vox Sahel\" \/>\n<meta property=\"og:description\" content=\"La Ligue d&rsquo;Athl\u00e9tisme du Centre a vibr\u00e9 au rythme des performances prometteuses des minimes et\" \/>\n<meta property=\"og:url\" content=\"https:\/\/voxsahel.com\/?p=1640\" \/>\n<meta property=\"og:site_name\" content=\"Vox Sahel\" \/>\n<meta property=\"article:publisher\" content=\"https:\/\/www.facebook.com\/journal.voxsahel\" \/>\n<meta property=\"article:published_time\" content=\"2025-03-23T10:57:11+00:00\" \/>\n<meta property=\"og:image\" content=\"https:\/\/voxsahel.com\/wp-content\/uploads\/2025\/03\/IMG_5658.jpeg\" \/>\n\t<meta property=\"og:image:width\" content=\"2057\" \/>\n\t<meta property=\"og:image:height\" content=\"2057\" \/>\n\t<meta property=\"og:image:type\" content=\"image\/jpeg\" \/>\n<meta name=\"author\" content=\"Vox Sahel\" \/>\n<meta name=\"twitter:card\" content=\"summary_large_image\" \/>\n<meta name=\"twitter:label1\" content=\"\u00c9crit par\" \/>\n\t<meta name=\"twitter:data1\" content=\"Vox Sahel\" \/>\n\t<meta name=\"twitter:label2\" content=\"Dur\u00e9e de lecture estim\u00e9e\" \/>\n\t<meta name=\"twitter:data2\" content=\"2 minutes\" \/>\n<script type=\"application\/ld+json\" class=\"yoast-schema-graph\">{\"@context\":\"https:\\\/\\\/schema.org\",\"@graph\":[{\"@type\":\"Article\",\"@id\":\"https:\\\/\\\/voxsahel.com\\\/?p=1640#article\",\"isPartOf\":{\"@id\":\"https:\\\/\\\/voxsahel.com\\\/?p=1640\"},\"author\":{\"name\":\"Vox Sahel\",\"@id\":\"https:\\\/\\\/voxsahel.com\\\/#\\\/schema\\\/person\\\/b4043608248f8fa227cd760e7ff1e19e\"},\"headline\":\"Athl\u00e9tisme\\\/ Burkina : De jeunes talents se r\u00e9v\u00e8lent au Championnat de la Ligue du Centre des minimes et cadets\",\"datePublished\":\"2025-03-23T10:57:11+00:00\",\"mainEntityOfPage\":{\"@id\":\"https:\\\/\\\/voxsahel.com\\\/?p=1640\"},\"wordCount\":413,\"commentCount\":0,\"publisher\":{\"@id\":\"https:\\\/\\\/voxsahel.com\\\/#organization\"},\"image\":{\"@id\":\"https:\\\/\\\/voxsahel.com\\\/?p=1640#primaryimage\"},\"thumbnailUrl\":\"https:\\\/\\\/voxsahel.com\\\/wp-content\\\/uploads\\\/2025\\\/03\\\/IMG_5658.jpeg\",\"keywords\":[\"Athl\u00e9tisme\",\"Burkina Faso\",\"Sport\"],\"articleSection\":[\"SPORTS\"],\"inLanguage\":\"fr-FR\",\"potentialAction\":[{\"@type\":\"CommentAction\",\"name\":\"Comment\",\"target\":[\"https:\\\/\\\/voxsahel.com\\\/?p=1640#respond\"]}]},{\"@type\":\"WebPage\",\"@id\":\"https:\\\/\\\/voxsahel.com\\\/?p=1640\",\"url\":\"https:\\\/\\\/voxsahel.com\\\/?p=1640\",\"name\":\"Athl\u00e9tisme\\\/ Burkina : De jeunes talents se r\u00e9v\u00e8lent au Championnat de la Ligue du Centre des minimes et cadets - Vox Sahel\",\"isPartOf\":{\"@id\":\"https:\\\/\\\/voxsahel.com\\\/#website\"},\"primaryImageOfPage\":{\"@id\":\"https:\\\/\\\/voxsahel.com\\\/?p=1640#primaryimage\"},\"image\":{\"@id\":\"https:\\\/\\\/voxsahel.com\\\/?p=1640#primaryimage\"},\"thumbnailUrl\":\"https:\\\/\\\/voxsahel.com\\\/wp-content\\\/uploads\\\/2025\\\/03\\\/IMG_5658.jpeg\",\"datePublished\":\"2025-03-23T10:57:11+00:00\",\"breadcrumb\":{\"@id\":\"https:\\\/\\\/voxsahel.com\\\/?p=1640#breadcrumb\"},\"inLanguage\":\"fr-FR\",\"potentialAction\":[{\"@type\":\"ReadAction\",\"target\":[\"https:\\\/\\\/voxsahel.com\\\/?p=1640\"]}]},{\"@type\":\"ImageObject\",\"inLanguage\":\"fr-FR\",\"@id\":\"https:\\\/\\\/voxsahel.com\\\/?p=1640#primaryimage\",\"url\":\"https:\\\/\\\/voxsahel.com\\\/wp-content\\\/uploads\\\/2025\\\/03\\\/IMG_5658.jpeg\",\"contentUrl\":\"https:\\\/\\\/voxsahel.com\\\/wp-content\\\/uploads\\\/2025\\\/03\\\/IMG_5658.jpeg\",\"width\":2057,\"height\":2057},{\"@type\":\"BreadcrumbList\",\"@id\":\"https:\\\/\\\/voxsahel.com\\\/?p=1640#breadcrumb\",\"itemListElement\":[{\"@type\":\"ListItem\",\"position\":1,\"name\":\"Home\",\"item\":\"https:\\\/\\\/voxsahel.com\\\/\"},{\"@type\":\"ListItem\",\"position\":2,\"name\":\"Athl\u00e9tisme\\\/ Burkina : De jeunes talents se r\u00e9v\u00e8lent au Championnat de la Ligue du Centre des minimes et cadets\"}]},{\"@type\":\"WebSite\",\"@id\":\"https:\\\/\\\/voxsahel.com\\\/#website\",\"url\":\"https:\\\/\\\/voxsahel.com\\\/\",\"name\":\"Vox Sahel\",\"description\":\"Informez-vous sur le Sahel en un clic\",\"publisher\":{\"@id\":\"https:\\\/\\\/voxsahel.com\\\/#organization\"},\"potentialAction\":[{\"@type\":\"SearchAction\",\"target\":{\"@type\":\"EntryPoint\",\"urlTemplate\":\"https:\\\/\\\/voxsahel.com\\\/?s={search_term_string}\"},\"query-input\":{\"@type\":\"PropertyValueSpecification\",\"valueRequired\":true,\"valueName\":\"search_term_string\"}}],\"inLanguage\":\"fr-FR\"},{\"@type\":\"Organization\",\"@id\":\"https:\\\/\\\/voxsahel.com\\\/#organization\",\"name\":\"Vox Sahel\",\"url\":\"https:\\\/\\\/voxsahel.com\\\/\",\"logo\":{\"@type\":\"ImageObject\",\"inLanguage\":\"fr-FR\",\"@id\":\"https:\\\/\\\/voxsahel.com\\\/#\\\/schema\\\/logo\\\/image\\\/\",\"url\":\"https:\\\/\\\/voxsahel.com\\\/wp-content\\\/uploads\\\/2024\\\/09\\\/Logo-Vox-Sahel.jpg\",\"contentUrl\":\"https:\\\/\\\/voxsahel.com\\\/wp-content\\\/uploads\\\/2024\\\/09\\\/Logo-Vox-Sahel.jpg\",\"width\":1181,\"height\":848,\"caption\":\"Vox Sahel\"},\"image\":{\"@id\":\"https:\\\/\\\/voxsahel.com\\\/#\\\/schema\\\/logo\\\/image\\\/\"},\"sameAs\":[\"https:\\\/\\\/www.facebook.com\\\/journal.voxsahel\"]},{\"@type\":\"Person\",\"@id\":\"https:\\\/\\\/voxsahel.com\\\/#\\\/schema\\\/person\\\/b4043608248f8fa227cd760e7ff1e19e\",\"name\":\"Vox Sahel\",\"image\":{\"@type\":\"ImageObject\",\"inLanguage\":\"fr-FR\",\"@id\":\"https:\\\/\\\/secure.gravatar.com\\\/avatar\\\/f70e7fa0cb9b29d4a7c5788d6eb2e9ab4d3135cbae1c9161810fdf77a8964699?s=96&d=mm&r=g\",\"url\":\"https:\\\/\\\/secure.gravatar.com\\\/avatar\\\/f70e7fa0cb9b29d4a7c5788d6eb2e9ab4d3135cbae1c9161810fdf77a8964699?s=96&d=mm&r=g\",\"contentUrl\":\"https:\\\/\\\/secure.gravatar.com\\\/avatar\\\/f70e7fa0cb9b29d4a7c5788d6eb2e9ab4d3135cbae1c9161810fdf77a8964699?s=96&d=mm&r=g\",\"caption\":\"Vox Sahel\"},\"sameAs\":[\"http:\\\/\\\/www.voxsahel.com\"],\"url\":\"https:\\\/\\\/voxsahel.com\\\/?author=2\"}]}<\/script>\n<!-- \/ Yoast SEO plugin. -->","yoast_head_json":{"title":"Athl\u00e9tisme\/ Burkina : De jeunes talents se r\u00e9v\u00e8lent au Championnat de la Ligue du Centre des minimes et cadets - Vox Sahel","robots":{"index":"index","follow":"follow","max-snippet":"max-snippet:-1","max-image-preview":"max-image-preview:large","max-video-preview":"max-video-preview:-1"},"canonical":"https:\/\/voxsahel.com\/?p=1640","og_locale":"fr_FR","og_type":"article","og_title":"Athl\u00e9tisme\/ Burkina : De jeunes talents se r\u00e9v\u00e8lent au Championnat de la Ligue du Centre des minimes et cadets - Vox Sahel","og_description":"La Ligue d&rsquo;Athl\u00e9tisme du Centre a vibr\u00e9 au rythme des performances prometteuses des minimes et","og_url":"https:\/\/voxsahel.com\/?p=1640","og_site_name":"Vox Sahel","article_publisher":"https:\/\/www.facebook.com\/journal.voxsahel","article_published_time":"2025-03-23T10:57:11+00:00","og_image":[{"width":2057,"height":2057,"url":"https:\/\/voxsahel.com\/wp-content\/uploads\/2025\/03\/IMG_5658.jpeg","type":"image\/jpeg"}],"author":"Vox Sahel","twitter_card":"summary_large_image","twitter_misc":{"\u00c9crit par":"Vox Sahel","Dur\u00e9e de lecture estim\u00e9e":"2 minutes"},"schema":{"@context":"https:\/\/schema.org","@graph":[{"@type":"Article","@id":"https:\/\/voxsahel.com\/?p=1640#article","isPartOf":{"@id":"https:\/\/voxsahel.com\/?p=1640"},"author":{"name":"Vox Sahel","@id":"https:\/\/voxsahel.com\/#\/schema\/person\/b4043608248f8fa227cd760e7ff1e19e"},"headline":"Athl\u00e9tisme\/ Burkina : De jeunes talents se r\u00e9v\u00e8lent au Championnat de la Ligue du Centre des minimes et cadets","datePublished":"2025-03-23T10:57:11+00:00","mainEntityOfPage":{"@id":"https:\/\/voxsahel.com\/?p=1640"},"wordCount":413,"commentCount":0,"publisher":{"@id":"https:\/\/voxsahel.com\/#organization"},"image":{"@id":"https:\/\/voxsahel.com\/?p=1640#primaryimage"},"thumbnailUrl":"https:\/\/voxsahel.com\/wp-content\/uploads\/2025\/03\/IMG_5658.jpeg","keywords":["Athl\u00e9tisme","Burkina Faso","Sport"],"articleSection":["SPORTS"],"inLanguage":"fr-FR","potentialAction":[{"@type":"CommentAction","name":"Comment","target":["https:\/\/voxsahel.com\/?p=1640#respond"]}]},{"@type":"WebPage","@id":"https:\/\/voxsahel.com\/?p=1640","url":"https:\/\/voxsahel.com\/?p=1640","name":"Athl\u00e9tisme\/ Burkina : De jeunes talents se r\u00e9v\u00e8lent au Championnat de la Ligue du Centre des minimes et cadets - Vox Sahel","isPartOf":{"@id":"https:\/\/voxsahel.com\/#website"},"primaryImageOfPage":{"@id":"https:\/\/voxsahel.com\/?p=1640#primaryimage"},"image":{"@id":"https:\/\/voxsahel.com\/?p=1640#primaryimage"},"thumbnailUrl":"https:\/\/voxsahel.com\/wp-content\/uploads\/2025\/03\/IMG_5658.jpeg","datePublished":"2025-03-23T10:57:11+00:00","breadcrumb":{"@id":"https:\/\/voxsahel.com\/?p=1640#breadcrumb"},"inLanguage":"fr-FR","potentialAction":[{"@type":"ReadAction","target":["https:\/\/voxsahel.com\/?p=1640"]}]},{"@type":"ImageObject","inLanguage":"fr-FR","@id":"https:\/\/voxsahel.com\/?p=1640#primaryimage","url":"https:\/\/voxsahel.com\/wp-content\/uploads\/2025\/03\/IMG_5658.jpeg","contentUrl":"https:\/\/voxsahel.com\/wp-content\/uploads\/2025\/03\/IMG_5658.jpeg","width":2057,"height":2057},{"@type":"BreadcrumbList","@id":"https:\/\/voxsahel.com\/?p=1640#breadcrumb","itemListElement":[{"@type":"ListItem","position":1,"name":"Home","item":"https:\/\/voxsahel.com\/"},{"@type":"ListItem","position":2,"name":"Athl\u00e9tisme\/ Burkina : De jeunes talents se r\u00e9v\u00e8lent au Championnat de la Ligue du Centre des minimes et cadets"}]},{"@type":"WebSite","@id":"https:\/\/voxsahel.com\/#website","url":"https:\/\/voxsahel.com\/","name":"Vox Sahel","description":"Informez-vous sur le Sahel en un clic","publisher":{"@id":"https:\/\/voxsahel.com\/#organization"},"potentialAction":[{"@type":"SearchAction","target":{"@type":"EntryPoint","urlTemplate":"https:\/\/voxsahel.com\/?s={search_term_string}"},"query-input":{"@type":"PropertyValueSpecification","valueRequired":true,"valueName":"search_term_string"}}],"inLanguage":"fr-FR"},{"@type":"Organization","@id":"https:\/\/voxsahel.com\/#organization","name":"Vox Sahel","url":"https:\/\/voxsahel.com\/","logo":{"@type":"ImageObject","inLanguage":"fr-FR","@id":"https:\/\/voxsahel.com\/#\/schema\/logo\/image\/","url":"https:\/\/voxsahel.com\/wp-content\/uploads\/2024\/09\/Logo-Vox-Sahel.jpg","contentUrl":"https:\/\/voxsahel.com\/wp-content\/uploads\/2024\/09\/Logo-Vox-Sahel.jpg","width":1181,"height":848,"caption":"Vox Sahel"},"image":{"@id":"https:\/\/voxsahel.com\/#\/schema\/logo\/image\/"},"sameAs":["https:\/\/www.facebook.com\/journal.voxsahel"]},{"@type":"Person","@id":"https:\/\/voxsahel.com\/#\/schema\/person\/b4043608248f8fa227cd760e7ff1e19e","name":"Vox Sahel","image":{"@type":"ImageObject","inLanguage":"fr-FR","@id":"https:\/\/secure.gravatar.com\/avatar\/f70e7fa0cb9b29d4a7c5788d6eb2e9ab4d3135cbae1c9161810fdf77a8964699?s=96&d=mm&r=g","url":"https:\/\/secure.gravatar.com\/avatar\/f70e7fa0cb9b29d4a7c5788d6eb2e9ab4d3135cbae1c9161810fdf77a8964699?s=96&d=mm&r=g","contentUrl":"https:\/\/secure.gravatar.com\/avatar\/f70e7fa0cb9b29d4a7c5788d6eb2e9ab4d3135cbae1c9161810fdf77a8964699?s=96&d=mm&r=g","caption":"Vox Sahel"},"sameAs":["http:\/\/www.voxsahel.com"],"url":"https:\/\/voxsahel.com\/?author=2"}]}},"_links":{"self":[{"href":"https:\/\/voxsahel.com\/index.php?rest_route=\/wp\/v2\/posts\/1640","targetHints":{"allow":["GET"]}}],"collection":[{"href":"https:\/\/voxsahel.com\/index.php?rest_route=\/wp\/v2\/posts"}],"about":[{"href":"https:\/\/voxsahel.com\/index.php?rest_route=\/wp\/v2\/types\/post"}],"author":[{"embeddable":true,"href":"https:\/\/voxsahel.com\/index.php?rest_route=\/wp\/v2\/users\/2"}],"replies":[{"embeddable":true,"href":"https:\/\/voxsahel.com\/index.php?rest_route=%2Fwp%2Fv2%2Fcomments&post=1640"}],"version-history":[{"count":1,"href":"https:\/\/voxsahel.com\/index.php?rest_route=\/wp\/v2\/posts\/1640\/revisions"}],"predecessor-version":[{"id":1642,"href":"https:\/\/voxsahel.com\/index.php?rest_route=\/wp\/v2\/posts\/1640\/revisions\/1642"}],"wp:featuredmedia":[{"embeddable":true,"href":"https:\/\/voxsahel.com\/index.php?rest_route=\/wp\/v2\/media\/1641"}],"wp:attachment":[{"href":"https:\/\/voxsahel.com\/index.php?rest_route=%2Fwp%2Fv2%2Fmedia&parent=1640"}],"wp:term":[{"taxonomy":"category","embeddable":true,"href":"https:\/\/voxsahel.com\/index.php?rest_route=%2Fwp%2Fv2%2Fcategories&post=1640"},{"taxonomy":"post_tag","embeddable":true,"href":"https:\/\/voxsahel.com\/index.php?rest_route=%2Fwp%2Fv2%2Ftags&post=1640"}],"curies":[{"name":"wp","href":"https:\/\/api.w.org\/{rel}","templated":true}]}}