{"id":1633,"date":"2025-03-22T23:25:56","date_gmt":"2025-03-22T23:25:56","guid":{"rendered":"https:\/\/voxsahel.com\/?p=1633"},"modified":"2025-03-22T23:26:46","modified_gmt":"2025-03-22T23:26:46","slug":"mohamed-zoungrana-jouer-pour-le-burkina-faso-est-un-choix-du-coeur","status":"publish","type":"post","link":"https:\/\/voxsahel.com\/?p=1633","title":{"rendered":"Mohamed Zoungrana : \u00ab Jouer pour le Burkina Faso est un choix du c\u0153ur \u00bb"},"content":{"rendered":"<p class=\"p1\">Le milieu de terrain Mohamed Zoungrana a r\u00e9cemment fait un choix fort en d\u00e9cidant de repr\u00e9senter le Burkina Faso sur la sc\u00e8ne internationale. N\u00e9 et grandi en C\u00f4te d&rsquo;Ivoire, le joueur a finalement opt\u00e9 pour les \u00c9talons, une d\u00e9cision qu&rsquo;il consid\u00e8re comme un aboutissement personnel et \u00e9motionnel.<\/p>\n<p class=\"p1\"><span class=\"s2\">\u00ab C&rsquo;est un choix profond\u00e9ment personnel, quelque chose que j&rsquo;attendais depuis tr\u00e8s longtemps, \u00bb confie-t-il avec \u00e9motion. Malgr\u00e9 son attachement \u00e0 la C\u00f4te d&rsquo;Ivoire, o\u00f9 il a pass\u00e9 toute sa vie, le Burkina Faso repr\u00e9sentait une \u00e9vidence pour lui. \u00ab J&rsquo;ai beaucoup de respect pour la C\u00f4te d&rsquo;Ivoire, car j&rsquo;y suis n\u00e9, j&rsquo;y ai grandi et j&rsquo;y ai pass\u00e9 toute ma vie. Elle reste, comme on le dit, mon deuxi\u00e8me pays. Mais le Burkina Faso reste un choix du c\u0153ur. \u00bb<\/span><\/p>\n<p class=\"p1\"><span class=\"s2\">Zoungrana a v\u00e9cu un moment inoubliable lors de sa premi\u00e8re apparition sous les couleurs burkinab\u00e8, un match marqu\u00e9 par un but qui a rendu l\u2019instant encore plus sp\u00e9cial. \u00ab C&rsquo;est un sentiment assez particulier, un sentiment vraiment sp\u00e9cial. Porter les couleurs de ma nation me tenait \u00e9norm\u00e9ment \u00e0 c\u0153ur. Je suis vraiment heureux de jouer ce premier match et de le couronner par un premier but. \u00bb<\/span><\/p>\n<p class=\"p1\"><span class=\"s2\">Ce choix repr\u00e9sente l\u2019aboutissement d\u2019un r\u00eave pour le joueur. \u00ab C&rsquo;est un r\u00eave qui se r\u00e9alise. Porter les couleurs de mon pays, jouer pour ma nation, c&rsquo;est un sentiment absolument incroyable. \u00bb<\/span><\/p>\n<p class=\"p1\"><span class=\"s2\">Avec ce premier pas r\u00e9ussi, Mohamed Zoungrana esp\u00e8re d\u00e9sormais s\u2019imposer comme un \u00e9l\u00e9ment cl\u00e9 des \u00c9talons et contribuer au rayonnement du football burkinab\u00e8 sur la sc\u00e8ne internationale.<\/span><\/p>\n<p style=\"text-align: right;\"><strong>Par Vox Sahel\u00a0<\/strong><\/p>\n","protected":false},"excerpt":{"rendered":"<p>Le milieu de terrain Mohamed Zoungrana a r\u00e9cemment fait un choix fort en d\u00e9cidant de<\/p>\n","protected":false},"author":2,"featured_media":1635,"comment_status":"open","ping_status":"open","sticky":false,"template":"","format":"standard","meta":{"_et_pb_use_builder":"","_et_pb_old_content":"","_et_gb_content_width":"","footnotes":""},"categories":[12],"tags":[18,40,35,34],"class_list":["post-1633","post","type-post","status-publish","format-standard","has-post-thumbnail","hentry","category-sports","tag-burkina-faso","tag-federation-burkinabe-de-football","tag-football","tag-sport"],"yoast_head":"<!-- This site is optimized with the Yoast SEO plugin v27.5 - https:\/\/yoast.com\/product\/yoast-seo-wordpress\/ -->\n<title>Mohamed Zoungrana : \u00ab Jouer pour le Burkina Faso est un choix du c\u0153ur \u00bb - Vox Sahel<\/title>\n<meta name=\"robots\" content=\"index, follow, max-snippet:-1, max-image-preview:large, max-video-preview:-1\" \/>\n<link rel=\"canonical\" href=\"https:\/\/voxsahel.com\/?p=1633\" \/>\n<meta property=\"og:locale\" content=\"fr_FR\" \/>\n<meta property=\"og:type\" content=\"article\" \/>\n<meta property=\"og:title\" content=\"Mohamed Zoungrana : \u00ab Jouer pour le Burkina Faso est un choix du c\u0153ur \u00bb - Vox Sahel\" \/>\n<meta property=\"og:description\" content=\"Le milieu de terrain Mohamed Zoungrana a r\u00e9cemment fait un choix fort en d\u00e9cidant de\" \/>\n<meta property=\"og:url\" content=\"https:\/\/voxsahel.com\/?p=1633\" \/>\n<meta property=\"og:site_name\" content=\"Vox Sahel\" \/>\n<meta property=\"article:publisher\" content=\"https:\/\/www.facebook.com\/journal.voxsahel\" \/>\n<meta property=\"article:published_time\" content=\"2025-03-22T23:25:56+00:00\" \/>\n<meta property=\"article:modified_time\" content=\"2025-03-22T23:26:46+00:00\" \/>\n<meta property=\"og:image\" content=\"https:\/\/voxsahel.com\/wp-content\/uploads\/2025\/03\/IMG_7721.jpeg\" \/>\n\t<meta property=\"og:image:width\" content=\"489\" \/>\n\t<meta property=\"og:image:height\" content=\"489\" \/>\n\t<meta property=\"og:image:type\" content=\"image\/jpeg\" \/>\n<meta name=\"author\" content=\"Vox Sahel\" \/>\n<meta name=\"twitter:card\" content=\"summary_large_image\" \/>\n<meta name=\"twitter:label1\" content=\"\u00c9crit par\" \/>\n\t<meta name=\"twitter:data1\" content=\"Vox Sahel\" \/>\n\t<meta name=\"twitter:label2\" content=\"Dur\u00e9e de lecture estim\u00e9e\" \/>\n\t<meta name=\"twitter:data2\" content=\"2 minutes\" \/>\n<script type=\"application\/ld+json\" class=\"yoast-schema-graph\">{\"@context\":\"https:\\\/\\\/schema.org\",\"@graph\":[{\"@type\":\"Article\",\"@id\":\"https:\\\/\\\/voxsahel.com\\\/?p=1633#article\",\"isPartOf\":{\"@id\":\"https:\\\/\\\/voxsahel.com\\\/?p=1633\"},\"author\":{\"name\":\"Vox Sahel\",\"@id\":\"https:\\\/\\\/voxsahel.com\\\/#\\\/schema\\\/person\\\/b4043608248f8fa227cd760e7ff1e19e\"},\"headline\":\"Mohamed Zoungrana : \u00ab Jouer pour le Burkina Faso est un choix du c\u0153ur \u00bb\",\"datePublished\":\"2025-03-22T23:25:56+00:00\",\"dateModified\":\"2025-03-22T23:26:46+00:00\",\"mainEntityOfPage\":{\"@id\":\"https:\\\/\\\/voxsahel.com\\\/?p=1633\"},\"wordCount\":306,\"commentCount\":0,\"publisher\":{\"@id\":\"https:\\\/\\\/voxsahel.com\\\/#organization\"},\"image\":{\"@id\":\"https:\\\/\\\/voxsahel.com\\\/?p=1633#primaryimage\"},\"thumbnailUrl\":\"https:\\\/\\\/voxsahel.com\\\/wp-content\\\/uploads\\\/2025\\\/03\\\/IMG_7721.jpeg\",\"keywords\":[\"Burkina Faso\",\"F\u00e9d\u00e9ration Burkinab\u00e8 de Football\",\"Football\",\"Sport\"],\"articleSection\":[\"SPORTS\"],\"inLanguage\":\"fr-FR\",\"potentialAction\":[{\"@type\":\"CommentAction\",\"name\":\"Comment\",\"target\":[\"https:\\\/\\\/voxsahel.com\\\/?p=1633#respond\"]}]},{\"@type\":\"WebPage\",\"@id\":\"https:\\\/\\\/voxsahel.com\\\/?p=1633\",\"url\":\"https:\\\/\\\/voxsahel.com\\\/?p=1633\",\"name\":\"Mohamed Zoungrana : \u00ab Jouer pour le Burkina Faso est un choix du c\u0153ur \u00bb - Vox Sahel\",\"isPartOf\":{\"@id\":\"https:\\\/\\\/voxsahel.com\\\/#website\"},\"primaryImageOfPage\":{\"@id\":\"https:\\\/\\\/voxsahel.com\\\/?p=1633#primaryimage\"},\"image\":{\"@id\":\"https:\\\/\\\/voxsahel.com\\\/?p=1633#primaryimage\"},\"thumbnailUrl\":\"https:\\\/\\\/voxsahel.com\\\/wp-content\\\/uploads\\\/2025\\\/03\\\/IMG_7721.jpeg\",\"datePublished\":\"2025-03-22T23:25:56+00:00\",\"dateModified\":\"2025-03-22T23:26:46+00:00\",\"breadcrumb\":{\"@id\":\"https:\\\/\\\/voxsahel.com\\\/?p=1633#breadcrumb\"},\"inLanguage\":\"fr-FR\",\"potentialAction\":[{\"@type\":\"ReadAction\",\"target\":[\"https:\\\/\\\/voxsahel.com\\\/?p=1633\"]}]},{\"@type\":\"ImageObject\",\"inLanguage\":\"fr-FR\",\"@id\":\"https:\\\/\\\/voxsahel.com\\\/?p=1633#primaryimage\",\"url\":\"https:\\\/\\\/voxsahel.com\\\/wp-content\\\/uploads\\\/2025\\\/03\\\/IMG_7721.jpeg\",\"contentUrl\":\"https:\\\/\\\/voxsahel.com\\\/wp-content\\\/uploads\\\/2025\\\/03\\\/IMG_7721.jpeg\",\"width\":489,\"height\":489},{\"@type\":\"BreadcrumbList\",\"@id\":\"https:\\\/\\\/voxsahel.com\\\/?p=1633#breadcrumb\",\"itemListElement\":[{\"@type\":\"ListItem\",\"position\":1,\"name\":\"Home\",\"item\":\"https:\\\/\\\/voxsahel.com\\\/\"},{\"@type\":\"ListItem\",\"position\":2,\"name\":\"Mohamed Zoungrana : \u00ab Jouer pour le Burkina Faso est un choix du c\u0153ur \u00bb\"}]},{\"@type\":\"WebSite\",\"@id\":\"https:\\\/\\\/voxsahel.com\\\/#website\",\"url\":\"https:\\\/\\\/voxsahel.com\\\/\",\"name\":\"Vox Sahel\",\"description\":\"Informez-vous sur le Sahel en un clic\",\"publisher\":{\"@id\":\"https:\\\/\\\/voxsahel.com\\\/#organization\"},\"potentialAction\":[{\"@type\":\"SearchAction\",\"target\":{\"@type\":\"EntryPoint\",\"urlTemplate\":\"https:\\\/\\\/voxsahel.com\\\/?s={search_term_string}\"},\"query-input\":{\"@type\":\"PropertyValueSpecification\",\"valueRequired\":true,\"valueName\":\"search_term_string\"}}],\"inLanguage\":\"fr-FR\"},{\"@type\":\"Organization\",\"@id\":\"https:\\\/\\\/voxsahel.com\\\/#organization\",\"name\":\"Vox Sahel\",\"url\":\"https:\\\/\\\/voxsahel.com\\\/\",\"logo\":{\"@type\":\"ImageObject\",\"inLanguage\":\"fr-FR\",\"@id\":\"https:\\\/\\\/voxsahel.com\\\/#\\\/schema\\\/logo\\\/image\\\/\",\"url\":\"https:\\\/\\\/voxsahel.com\\\/wp-content\\\/uploads\\\/2024\\\/09\\\/Logo-Vox-Sahel.jpg\",\"contentUrl\":\"https:\\\/\\\/voxsahel.com\\\/wp-content\\\/uploads\\\/2024\\\/09\\\/Logo-Vox-Sahel.jpg\",\"width\":1181,\"height\":848,\"caption\":\"Vox Sahel\"},\"image\":{\"@id\":\"https:\\\/\\\/voxsahel.com\\\/#\\\/schema\\\/logo\\\/image\\\/\"},\"sameAs\":[\"https:\\\/\\\/www.facebook.com\\\/journal.voxsahel\"]},{\"@type\":\"Person\",\"@id\":\"https:\\\/\\\/voxsahel.com\\\/#\\\/schema\\\/person\\\/b4043608248f8fa227cd760e7ff1e19e\",\"name\":\"Vox Sahel\",\"image\":{\"@type\":\"ImageObject\",\"inLanguage\":\"fr-FR\",\"@id\":\"https:\\\/\\\/secure.gravatar.com\\\/avatar\\\/f70e7fa0cb9b29d4a7c5788d6eb2e9ab4d3135cbae1c9161810fdf77a8964699?s=96&d=mm&r=g\",\"url\":\"https:\\\/\\\/secure.gravatar.com\\\/avatar\\\/f70e7fa0cb9b29d4a7c5788d6eb2e9ab4d3135cbae1c9161810fdf77a8964699?s=96&d=mm&r=g\",\"contentUrl\":\"https:\\\/\\\/secure.gravatar.com\\\/avatar\\\/f70e7fa0cb9b29d4a7c5788d6eb2e9ab4d3135cbae1c9161810fdf77a8964699?s=96&d=mm&r=g\",\"caption\":\"Vox Sahel\"},\"sameAs\":[\"http:\\\/\\\/www.voxsahel.com\"],\"url\":\"https:\\\/\\\/voxsahel.com\\\/?author=2\"}]}<\/script>\n<!-- \/ Yoast SEO plugin. -->","yoast_head_json":{"title":"Mohamed Zoungrana : \u00ab Jouer pour le Burkina Faso est un choix du c\u0153ur \u00bb - Vox Sahel","robots":{"index":"index","follow":"follow","max-snippet":"max-snippet:-1","max-image-preview":"max-image-preview:large","max-video-preview":"max-video-preview:-1"},"canonical":"https:\/\/voxsahel.com\/?p=1633","og_locale":"fr_FR","og_type":"article","og_title":"Mohamed Zoungrana : \u00ab Jouer pour le Burkina Faso est un choix du c\u0153ur \u00bb - Vox Sahel","og_description":"Le milieu de terrain Mohamed Zoungrana a r\u00e9cemment fait un choix fort en d\u00e9cidant de","og_url":"https:\/\/voxsahel.com\/?p=1633","og_site_name":"Vox Sahel","article_publisher":"https:\/\/www.facebook.com\/journal.voxsahel","article_published_time":"2025-03-22T23:25:56+00:00","article_modified_time":"2025-03-22T23:26:46+00:00","og_image":[{"width":489,"height":489,"url":"https:\/\/voxsahel.com\/wp-content\/uploads\/2025\/03\/IMG_7721.jpeg","type":"image\/jpeg"}],"author":"Vox Sahel","twitter_card":"summary_large_image","twitter_misc":{"\u00c9crit par":"Vox Sahel","Dur\u00e9e de lecture estim\u00e9e":"2 minutes"},"schema":{"@context":"https:\/\/schema.org","@graph":[{"@type":"Article","@id":"https:\/\/voxsahel.com\/?p=1633#article","isPartOf":{"@id":"https:\/\/voxsahel.com\/?p=1633"},"author":{"name":"Vox Sahel","@id":"https:\/\/voxsahel.com\/#\/schema\/person\/b4043608248f8fa227cd760e7ff1e19e"},"headline":"Mohamed Zoungrana : \u00ab Jouer pour le Burkina Faso est un choix du c\u0153ur \u00bb","datePublished":"2025-03-22T23:25:56+00:00","dateModified":"2025-03-22T23:26:46+00:00","mainEntityOfPage":{"@id":"https:\/\/voxsahel.com\/?p=1633"},"wordCount":306,"commentCount":0,"publisher":{"@id":"https:\/\/voxsahel.com\/#organization"},"image":{"@id":"https:\/\/voxsahel.com\/?p=1633#primaryimage"},"thumbnailUrl":"https:\/\/voxsahel.com\/wp-content\/uploads\/2025\/03\/IMG_7721.jpeg","keywords":["Burkina Faso","F\u00e9d\u00e9ration Burkinab\u00e8 de Football","Football","Sport"],"articleSection":["SPORTS"],"inLanguage":"fr-FR","potentialAction":[{"@type":"CommentAction","name":"Comment","target":["https:\/\/voxsahel.com\/?p=1633#respond"]}]},{"@type":"WebPage","@id":"https:\/\/voxsahel.com\/?p=1633","url":"https:\/\/voxsahel.com\/?p=1633","name":"Mohamed Zoungrana : \u00ab Jouer pour le Burkina Faso est un choix du c\u0153ur \u00bb - Vox Sahel","isPartOf":{"@id":"https:\/\/voxsahel.com\/#website"},"primaryImageOfPage":{"@id":"https:\/\/voxsahel.com\/?p=1633#primaryimage"},"image":{"@id":"https:\/\/voxsahel.com\/?p=1633#primaryimage"},"thumbnailUrl":"https:\/\/voxsahel.com\/wp-content\/uploads\/2025\/03\/IMG_7721.jpeg","datePublished":"2025-03-22T23:25:56+00:00","dateModified":"2025-03-22T23:26:46+00:00","breadcrumb":{"@id":"https:\/\/voxsahel.com\/?p=1633#breadcrumb"},"inLanguage":"fr-FR","potentialAction":[{"@type":"ReadAction","target":["https:\/\/voxsahel.com\/?p=1633"]}]},{"@type":"ImageObject","inLanguage":"fr-FR","@id":"https:\/\/voxsahel.com\/?p=1633#primaryimage","url":"https:\/\/voxsahel.com\/wp-content\/uploads\/2025\/03\/IMG_7721.jpeg","contentUrl":"https:\/\/voxsahel.com\/wp-content\/uploads\/2025\/03\/IMG_7721.jpeg","width":489,"height":489},{"@type":"BreadcrumbList","@id":"https:\/\/voxsahel.com\/?p=1633#breadcrumb","itemListElement":[{"@type":"ListItem","position":1,"name":"Home","item":"https:\/\/voxsahel.com\/"},{"@type":"ListItem","position":2,"name":"Mohamed Zoungrana : \u00ab Jouer pour le Burkina Faso est un choix du c\u0153ur \u00bb"}]},{"@type":"WebSite","@id":"https:\/\/voxsahel.com\/#website","url":"https:\/\/voxsahel.com\/","name":"Vox Sahel","description":"Informez-vous sur le Sahel en un clic","publisher":{"@id":"https:\/\/voxsahel.com\/#organization"},"potentialAction":[{"@type":"SearchAction","target":{"@type":"EntryPoint","urlTemplate":"https:\/\/voxsahel.com\/?s={search_term_string}"},"query-input":{"@type":"PropertyValueSpecification","valueRequired":true,"valueName":"search_term_string"}}],"inLanguage":"fr-FR"},{"@type":"Organization","@id":"https:\/\/voxsahel.com\/#organization","name":"Vox Sahel","url":"https:\/\/voxsahel.com\/","logo":{"@type":"ImageObject","inLanguage":"fr-FR","@id":"https:\/\/voxsahel.com\/#\/schema\/logo\/image\/","url":"https:\/\/voxsahel.com\/wp-content\/uploads\/2024\/09\/Logo-Vox-Sahel.jpg","contentUrl":"https:\/\/voxsahel.com\/wp-content\/uploads\/2024\/09\/Logo-Vox-Sahel.jpg","width":1181,"height":848,"caption":"Vox Sahel"},"image":{"@id":"https:\/\/voxsahel.com\/#\/schema\/logo\/image\/"},"sameAs":["https:\/\/www.facebook.com\/journal.voxsahel"]},{"@type":"Person","@id":"https:\/\/voxsahel.com\/#\/schema\/person\/b4043608248f8fa227cd760e7ff1e19e","name":"Vox Sahel","image":{"@type":"ImageObject","inLanguage":"fr-FR","@id":"https:\/\/secure.gravatar.com\/avatar\/f70e7fa0cb9b29d4a7c5788d6eb2e9ab4d3135cbae1c9161810fdf77a8964699?s=96&d=mm&r=g","url":"https:\/\/secure.gravatar.com\/avatar\/f70e7fa0cb9b29d4a7c5788d6eb2e9ab4d3135cbae1c9161810fdf77a8964699?s=96&d=mm&r=g","contentUrl":"https:\/\/secure.gravatar.com\/avatar\/f70e7fa0cb9b29d4a7c5788d6eb2e9ab4d3135cbae1c9161810fdf77a8964699?s=96&d=mm&r=g","caption":"Vox Sahel"},"sameAs":["http:\/\/www.voxsahel.com"],"url":"https:\/\/voxsahel.com\/?author=2"}]}},"_links":{"self":[{"href":"https:\/\/voxsahel.com\/index.php?rest_route=\/wp\/v2\/posts\/1633","targetHints":{"allow":["GET"]}}],"collection":[{"href":"https:\/\/voxsahel.com\/index.php?rest_route=\/wp\/v2\/posts"}],"about":[{"href":"https:\/\/voxsahel.com\/index.php?rest_route=\/wp\/v2\/types\/post"}],"author":[{"embeddable":true,"href":"https:\/\/voxsahel.com\/index.php?rest_route=\/wp\/v2\/users\/2"}],"replies":[{"embeddable":true,"href":"https:\/\/voxsahel.com\/index.php?rest_route=%2Fwp%2Fv2%2Fcomments&post=1633"}],"version-history":[{"count":1,"href":"https:\/\/voxsahel.com\/index.php?rest_route=\/wp\/v2\/posts\/1633\/revisions"}],"predecessor-version":[{"id":1636,"href":"https:\/\/voxsahel.com\/index.php?rest_route=\/wp\/v2\/posts\/1633\/revisions\/1636"}],"wp:featuredmedia":[{"embeddable":true,"href":"https:\/\/voxsahel.com\/index.php?rest_route=\/wp\/v2\/media\/1635"}],"wp:attachment":[{"href":"https:\/\/voxsahel.com\/index.php?rest_route=%2Fwp%2Fv2%2Fmedia&parent=1633"}],"wp:term":[{"taxonomy":"category","embeddable":true,"href":"https:\/\/voxsahel.com\/index.php?rest_route=%2Fwp%2Fv2%2Fcategories&post=1633"},{"taxonomy":"post_tag","embeddable":true,"href":"https:\/\/voxsahel.com\/index.php?rest_route=%2Fwp%2Fv2%2Ftags&post=1633"}],"curies":[{"name":"wp","href":"https:\/\/api.w.org\/{rel}","templated":true}]}}