{"id":1626,"date":"2025-03-22T18:52:07","date_gmt":"2025-03-22T18:52:07","guid":{"rendered":"https:\/\/voxsahel.com\/?p=1626"},"modified":"2025-03-22T18:52:07","modified_gmt":"2025-03-22T18:52:07","slug":"burkina-le-gouvernement-denonce-une-campagne-de-desinformation-visant-a-attiser-les-tensions-ethniques","status":"publish","type":"post","link":"https:\/\/voxsahel.com\/?p=1626","title":{"rendered":"Burkina : Le Gouvernement d\u00e9nonce une campagne de d\u00e9sinformation visant \u00e0 attiser les tensions ethniques"},"content":{"rendered":"<p class=\"p1\"><span class=\"s2\">Le Gouvernement du Burkina Faso a vigoureusement d\u00e9nonc\u00e9, dans un communiqu\u00e9 officiel ce samedi <\/span><span class=\"s1\">22 mars 2025<\/span><span class=\"s2\">, la persistance d\u2019actes de d\u00e9sinformation et de manipulation diffus\u00e9s sur les r\u00e9seaux sociaux. Selon les autorit\u00e9s, certains individus malintentionn\u00e9s s\u2019emploient actuellement \u00e0 produire et \u00e0 diffuser des vid\u00e9os mensong\u00e8res cherchant \u00e0 accr\u00e9diter l\u2019id\u00e9e de pr\u00e9tendus massacres ethniques dans le pays.<\/span><\/p>\n<p class=\"p1\"><span class=\"s2\">Malgr\u00e9 le rappel \u00e0 l\u2019ordre du Procureur du Faso sur la lutte contre la diffusion de fausses informations et d\u2019appels \u00e0 la haine, ces actes s\u2019intensifient et s\u2019inscrivent, selon le Gouvernement, dans une vaste campagne politico-m\u00e9diatique de diabolisation du Burkina Faso. \u00ab Ces publications constituent une autre face hideuse du terrorisme, aux c\u00f4t\u00e9s des violences, des pillages et des exactions subies par les populations innocentes \u00bb, pr\u00e9cise le communiqu\u00e9.<\/span><\/p>\n<p class=\"p1\"><span class=\"s2\">Le Gouvernement affirme que ces man\u0153uvres visent \u00e0 semer la division entre les Burkinab\u00e8 et \u00e0 provoquer des affrontements intercommunautaires. Il d\u00e9nonce un projet mal\u00e9fique port\u00e9 par \u00ab des apprentis-sorciers et leurs ma\u00eetres \u00e0 penser \u00bb qui, n\u2019ayant pu remporter la guerre sur le terrain militaire, se tournent d\u00e9sormais vers la guerre de l\u2019information.<\/span><\/p>\n<p class=\"p1\"><span class=\"s2\">Cependant, les autorit\u00e9s se disent confiantes en la capacit\u00e9 du peuple burkinab\u00e8 \u00e0 faire preuve de discernement et \u00e0 r\u00e9sister \u00e0 ces tentatives de manipulation. Elles appellent \u00e0 la vigilance de tous et r\u00e9affirment leur attachement \u00e0 la paix, \u00e0 l\u2019unit\u00e9 nationale et au droit de chaque Burkinab\u00e8 de vivre librement et dignement sur la terre de ses anc\u00eatres.<\/span><\/p>\n<p class=\"p1\"><span class=\"s2\">Le communiqu\u00e9 souligne que les Forces de d\u00e9fense et de s\u00e9curit\u00e9 (FDS), ainsi que les Volontaires pour la d\u00e9fense de la Patrie (VDP), poursuivent leur lutte pour garantir la paix et la souverainet\u00e9 du pays. Face aux \u00ab soubresauts de la b\u00eate immonde \u00bb, le Gouvernement r\u00e9it\u00e8re sa d\u00e9termination \u00e0 restaurer la s\u00e9curit\u00e9 et \u00e0 orienter les efforts nationaux vers le d\u00e9veloppement et la prosp\u00e9rit\u00e9 partag\u00e9e.<\/span><\/p>\n<p style=\"text-align: right;\"><strong>Par Vox Sahel<\/strong><\/p>\n","protected":false},"excerpt":{"rendered":"<p>Le Gouvernement du Burkina Faso a vigoureusement d\u00e9nonc\u00e9, dans un communiqu\u00e9 officiel ce samedi 22<\/p>\n","protected":false},"author":2,"featured_media":1628,"comment_status":"open","ping_status":"open","sticky":false,"template":"","format":"standard","meta":{"_et_pb_use_builder":"","_et_pb_old_content":"","_et_gb_content_width":"","footnotes":""},"categories":[6],"tags":[],"class_list":["post-1626","post","type-post","status-publish","format-standard","has-post-thumbnail","hentry","category-politique"],"yoast_head":"<!-- This site is optimized with the Yoast SEO plugin v27.5 - https:\/\/yoast.com\/product\/yoast-seo-wordpress\/ -->\n<title>Burkina : Le Gouvernement d\u00e9nonce une campagne de d\u00e9sinformation visant \u00e0 attiser les tensions ethniques - Vox Sahel<\/title>\n<meta name=\"robots\" content=\"index, follow, max-snippet:-1, max-image-preview:large, max-video-preview:-1\" \/>\n<link rel=\"canonical\" href=\"https:\/\/voxsahel.com\/?p=1626\" \/>\n<meta property=\"og:locale\" content=\"fr_FR\" \/>\n<meta property=\"og:type\" content=\"article\" \/>\n<meta property=\"og:title\" content=\"Burkina : Le Gouvernement d\u00e9nonce une campagne de d\u00e9sinformation visant \u00e0 attiser les tensions ethniques - Vox Sahel\" \/>\n<meta property=\"og:description\" content=\"Le Gouvernement du Burkina Faso a vigoureusement d\u00e9nonc\u00e9, dans un communiqu\u00e9 officiel ce samedi 22\" \/>\n<meta property=\"og:url\" content=\"https:\/\/voxsahel.com\/?p=1626\" \/>\n<meta property=\"og:site_name\" content=\"Vox Sahel\" \/>\n<meta property=\"article:publisher\" content=\"https:\/\/www.facebook.com\/journal.voxsahel\" \/>\n<meta property=\"article:published_time\" content=\"2025-03-22T18:52:07+00:00\" \/>\n<meta property=\"og:image\" content=\"https:\/\/voxsahel.com\/wp-content\/uploads\/2025\/03\/IMG_7328.jpeg\" \/>\n\t<meta property=\"og:image:width\" content=\"1179\" \/>\n\t<meta property=\"og:image:height\" content=\"787\" \/>\n\t<meta property=\"og:image:type\" content=\"image\/jpeg\" \/>\n<meta name=\"author\" content=\"Vox Sahel\" \/>\n<meta name=\"twitter:card\" content=\"summary_large_image\" \/>\n<meta name=\"twitter:label1\" content=\"\u00c9crit par\" \/>\n\t<meta name=\"twitter:data1\" content=\"Vox Sahel\" \/>\n\t<meta name=\"twitter:label2\" content=\"Dur\u00e9e de lecture estim\u00e9e\" \/>\n\t<meta name=\"twitter:data2\" content=\"2 minutes\" \/>\n<script type=\"application\/ld+json\" class=\"yoast-schema-graph\">{\"@context\":\"https:\\\/\\\/schema.org\",\"@graph\":[{\"@type\":\"Article\",\"@id\":\"https:\\\/\\\/voxsahel.com\\\/?p=1626#article\",\"isPartOf\":{\"@id\":\"https:\\\/\\\/voxsahel.com\\\/?p=1626\"},\"author\":{\"name\":\"Vox Sahel\",\"@id\":\"https:\\\/\\\/voxsahel.com\\\/#\\\/schema\\\/person\\\/b4043608248f8fa227cd760e7ff1e19e\"},\"headline\":\"Burkina : Le Gouvernement d\u00e9nonce une campagne de d\u00e9sinformation visant \u00e0 attiser les tensions ethniques\",\"datePublished\":\"2025-03-22T18:52:07+00:00\",\"mainEntityOfPage\":{\"@id\":\"https:\\\/\\\/voxsahel.com\\\/?p=1626\"},\"wordCount\":344,\"commentCount\":0,\"publisher\":{\"@id\":\"https:\\\/\\\/voxsahel.com\\\/#organization\"},\"image\":{\"@id\":\"https:\\\/\\\/voxsahel.com\\\/?p=1626#primaryimage\"},\"thumbnailUrl\":\"https:\\\/\\\/voxsahel.com\\\/wp-content\\\/uploads\\\/2025\\\/03\\\/IMG_7328.jpeg\",\"articleSection\":[\"POLITIQUE\"],\"inLanguage\":\"fr-FR\",\"potentialAction\":[{\"@type\":\"CommentAction\",\"name\":\"Comment\",\"target\":[\"https:\\\/\\\/voxsahel.com\\\/?p=1626#respond\"]}]},{\"@type\":\"WebPage\",\"@id\":\"https:\\\/\\\/voxsahel.com\\\/?p=1626\",\"url\":\"https:\\\/\\\/voxsahel.com\\\/?p=1626\",\"name\":\"Burkina : Le Gouvernement d\u00e9nonce une campagne de d\u00e9sinformation visant \u00e0 attiser les tensions ethniques - Vox Sahel\",\"isPartOf\":{\"@id\":\"https:\\\/\\\/voxsahel.com\\\/#website\"},\"primaryImageOfPage\":{\"@id\":\"https:\\\/\\\/voxsahel.com\\\/?p=1626#primaryimage\"},\"image\":{\"@id\":\"https:\\\/\\\/voxsahel.com\\\/?p=1626#primaryimage\"},\"thumbnailUrl\":\"https:\\\/\\\/voxsahel.com\\\/wp-content\\\/uploads\\\/2025\\\/03\\\/IMG_7328.jpeg\",\"datePublished\":\"2025-03-22T18:52:07+00:00\",\"breadcrumb\":{\"@id\":\"https:\\\/\\\/voxsahel.com\\\/?p=1626#breadcrumb\"},\"inLanguage\":\"fr-FR\",\"potentialAction\":[{\"@type\":\"ReadAction\",\"target\":[\"https:\\\/\\\/voxsahel.com\\\/?p=1626\"]}]},{\"@type\":\"ImageObject\",\"inLanguage\":\"fr-FR\",\"@id\":\"https:\\\/\\\/voxsahel.com\\\/?p=1626#primaryimage\",\"url\":\"https:\\\/\\\/voxsahel.com\\\/wp-content\\\/uploads\\\/2025\\\/03\\\/IMG_7328.jpeg\",\"contentUrl\":\"https:\\\/\\\/voxsahel.com\\\/wp-content\\\/uploads\\\/2025\\\/03\\\/IMG_7328.jpeg\",\"width\":1179,\"height\":787},{\"@type\":\"BreadcrumbList\",\"@id\":\"https:\\\/\\\/voxsahel.com\\\/?p=1626#breadcrumb\",\"itemListElement\":[{\"@type\":\"ListItem\",\"position\":1,\"name\":\"Home\",\"item\":\"https:\\\/\\\/voxsahel.com\\\/\"},{\"@type\":\"ListItem\",\"position\":2,\"name\":\"Burkina : Le Gouvernement d\u00e9nonce une campagne de d\u00e9sinformation visant \u00e0 attiser les tensions ethniques\"}]},{\"@type\":\"WebSite\",\"@id\":\"https:\\\/\\\/voxsahel.com\\\/#website\",\"url\":\"https:\\\/\\\/voxsahel.com\\\/\",\"name\":\"Vox Sahel\",\"description\":\"Informez-vous sur le Sahel en un clic\",\"publisher\":{\"@id\":\"https:\\\/\\\/voxsahel.com\\\/#organization\"},\"potentialAction\":[{\"@type\":\"SearchAction\",\"target\":{\"@type\":\"EntryPoint\",\"urlTemplate\":\"https:\\\/\\\/voxsahel.com\\\/?s={search_term_string}\"},\"query-input\":{\"@type\":\"PropertyValueSpecification\",\"valueRequired\":true,\"valueName\":\"search_term_string\"}}],\"inLanguage\":\"fr-FR\"},{\"@type\":\"Organization\",\"@id\":\"https:\\\/\\\/voxsahel.com\\\/#organization\",\"name\":\"Vox Sahel\",\"url\":\"https:\\\/\\\/voxsahel.com\\\/\",\"logo\":{\"@type\":\"ImageObject\",\"inLanguage\":\"fr-FR\",\"@id\":\"https:\\\/\\\/voxsahel.com\\\/#\\\/schema\\\/logo\\\/image\\\/\",\"url\":\"https:\\\/\\\/voxsahel.com\\\/wp-content\\\/uploads\\\/2024\\\/09\\\/Logo-Vox-Sahel.jpg\",\"contentUrl\":\"https:\\\/\\\/voxsahel.com\\\/wp-content\\\/uploads\\\/2024\\\/09\\\/Logo-Vox-Sahel.jpg\",\"width\":1181,\"height\":848,\"caption\":\"Vox Sahel\"},\"image\":{\"@id\":\"https:\\\/\\\/voxsahel.com\\\/#\\\/schema\\\/logo\\\/image\\\/\"},\"sameAs\":[\"https:\\\/\\\/www.facebook.com\\\/journal.voxsahel\"]},{\"@type\":\"Person\",\"@id\":\"https:\\\/\\\/voxsahel.com\\\/#\\\/schema\\\/person\\\/b4043608248f8fa227cd760e7ff1e19e\",\"name\":\"Vox Sahel\",\"image\":{\"@type\":\"ImageObject\",\"inLanguage\":\"fr-FR\",\"@id\":\"https:\\\/\\\/secure.gravatar.com\\\/avatar\\\/f70e7fa0cb9b29d4a7c5788d6eb2e9ab4d3135cbae1c9161810fdf77a8964699?s=96&d=mm&r=g\",\"url\":\"https:\\\/\\\/secure.gravatar.com\\\/avatar\\\/f70e7fa0cb9b29d4a7c5788d6eb2e9ab4d3135cbae1c9161810fdf77a8964699?s=96&d=mm&r=g\",\"contentUrl\":\"https:\\\/\\\/secure.gravatar.com\\\/avatar\\\/f70e7fa0cb9b29d4a7c5788d6eb2e9ab4d3135cbae1c9161810fdf77a8964699?s=96&d=mm&r=g\",\"caption\":\"Vox Sahel\"},\"sameAs\":[\"http:\\\/\\\/www.voxsahel.com\"],\"url\":\"https:\\\/\\\/voxsahel.com\\\/?author=2\"}]}<\/script>\n<!-- \/ Yoast SEO plugin. -->","yoast_head_json":{"title":"Burkina : Le Gouvernement d\u00e9nonce une campagne de d\u00e9sinformation visant \u00e0 attiser les tensions ethniques - Vox Sahel","robots":{"index":"index","follow":"follow","max-snippet":"max-snippet:-1","max-image-preview":"max-image-preview:large","max-video-preview":"max-video-preview:-1"},"canonical":"https:\/\/voxsahel.com\/?p=1626","og_locale":"fr_FR","og_type":"article","og_title":"Burkina : Le Gouvernement d\u00e9nonce une campagne de d\u00e9sinformation visant \u00e0 attiser les tensions ethniques - Vox Sahel","og_description":"Le Gouvernement du Burkina Faso a vigoureusement d\u00e9nonc\u00e9, dans un communiqu\u00e9 officiel ce samedi 22","og_url":"https:\/\/voxsahel.com\/?p=1626","og_site_name":"Vox Sahel","article_publisher":"https:\/\/www.facebook.com\/journal.voxsahel","article_published_time":"2025-03-22T18:52:07+00:00","og_image":[{"width":1179,"height":787,"url":"https:\/\/voxsahel.com\/wp-content\/uploads\/2025\/03\/IMG_7328.jpeg","type":"image\/jpeg"}],"author":"Vox Sahel","twitter_card":"summary_large_image","twitter_misc":{"\u00c9crit par":"Vox Sahel","Dur\u00e9e de lecture estim\u00e9e":"2 minutes"},"schema":{"@context":"https:\/\/schema.org","@graph":[{"@type":"Article","@id":"https:\/\/voxsahel.com\/?p=1626#article","isPartOf":{"@id":"https:\/\/voxsahel.com\/?p=1626"},"author":{"name":"Vox Sahel","@id":"https:\/\/voxsahel.com\/#\/schema\/person\/b4043608248f8fa227cd760e7ff1e19e"},"headline":"Burkina : Le Gouvernement d\u00e9nonce une campagne de d\u00e9sinformation visant \u00e0 attiser les tensions ethniques","datePublished":"2025-03-22T18:52:07+00:00","mainEntityOfPage":{"@id":"https:\/\/voxsahel.com\/?p=1626"},"wordCount":344,"commentCount":0,"publisher":{"@id":"https:\/\/voxsahel.com\/#organization"},"image":{"@id":"https:\/\/voxsahel.com\/?p=1626#primaryimage"},"thumbnailUrl":"https:\/\/voxsahel.com\/wp-content\/uploads\/2025\/03\/IMG_7328.jpeg","articleSection":["POLITIQUE"],"inLanguage":"fr-FR","potentialAction":[{"@type":"CommentAction","name":"Comment","target":["https:\/\/voxsahel.com\/?p=1626#respond"]}]},{"@type":"WebPage","@id":"https:\/\/voxsahel.com\/?p=1626","url":"https:\/\/voxsahel.com\/?p=1626","name":"Burkina : Le Gouvernement d\u00e9nonce une campagne de d\u00e9sinformation visant \u00e0 attiser les tensions ethniques - Vox Sahel","isPartOf":{"@id":"https:\/\/voxsahel.com\/#website"},"primaryImageOfPage":{"@id":"https:\/\/voxsahel.com\/?p=1626#primaryimage"},"image":{"@id":"https:\/\/voxsahel.com\/?p=1626#primaryimage"},"thumbnailUrl":"https:\/\/voxsahel.com\/wp-content\/uploads\/2025\/03\/IMG_7328.jpeg","datePublished":"2025-03-22T18:52:07+00:00","breadcrumb":{"@id":"https:\/\/voxsahel.com\/?p=1626#breadcrumb"},"inLanguage":"fr-FR","potentialAction":[{"@type":"ReadAction","target":["https:\/\/voxsahel.com\/?p=1626"]}]},{"@type":"ImageObject","inLanguage":"fr-FR","@id":"https:\/\/voxsahel.com\/?p=1626#primaryimage","url":"https:\/\/voxsahel.com\/wp-content\/uploads\/2025\/03\/IMG_7328.jpeg","contentUrl":"https:\/\/voxsahel.com\/wp-content\/uploads\/2025\/03\/IMG_7328.jpeg","width":1179,"height":787},{"@type":"BreadcrumbList","@id":"https:\/\/voxsahel.com\/?p=1626#breadcrumb","itemListElement":[{"@type":"ListItem","position":1,"name":"Home","item":"https:\/\/voxsahel.com\/"},{"@type":"ListItem","position":2,"name":"Burkina : Le Gouvernement d\u00e9nonce une campagne de d\u00e9sinformation visant \u00e0 attiser les tensions ethniques"}]},{"@type":"WebSite","@id":"https:\/\/voxsahel.com\/#website","url":"https:\/\/voxsahel.com\/","name":"Vox Sahel","description":"Informez-vous sur le Sahel en un clic","publisher":{"@id":"https:\/\/voxsahel.com\/#organization"},"potentialAction":[{"@type":"SearchAction","target":{"@type":"EntryPoint","urlTemplate":"https:\/\/voxsahel.com\/?s={search_term_string}"},"query-input":{"@type":"PropertyValueSpecification","valueRequired":true,"valueName":"search_term_string"}}],"inLanguage":"fr-FR"},{"@type":"Organization","@id":"https:\/\/voxsahel.com\/#organization","name":"Vox Sahel","url":"https:\/\/voxsahel.com\/","logo":{"@type":"ImageObject","inLanguage":"fr-FR","@id":"https:\/\/voxsahel.com\/#\/schema\/logo\/image\/","url":"https:\/\/voxsahel.com\/wp-content\/uploads\/2024\/09\/Logo-Vox-Sahel.jpg","contentUrl":"https:\/\/voxsahel.com\/wp-content\/uploads\/2024\/09\/Logo-Vox-Sahel.jpg","width":1181,"height":848,"caption":"Vox Sahel"},"image":{"@id":"https:\/\/voxsahel.com\/#\/schema\/logo\/image\/"},"sameAs":["https:\/\/www.facebook.com\/journal.voxsahel"]},{"@type":"Person","@id":"https:\/\/voxsahel.com\/#\/schema\/person\/b4043608248f8fa227cd760e7ff1e19e","name":"Vox Sahel","image":{"@type":"ImageObject","inLanguage":"fr-FR","@id":"https:\/\/secure.gravatar.com\/avatar\/f70e7fa0cb9b29d4a7c5788d6eb2e9ab4d3135cbae1c9161810fdf77a8964699?s=96&d=mm&r=g","url":"https:\/\/secure.gravatar.com\/avatar\/f70e7fa0cb9b29d4a7c5788d6eb2e9ab4d3135cbae1c9161810fdf77a8964699?s=96&d=mm&r=g","contentUrl":"https:\/\/secure.gravatar.com\/avatar\/f70e7fa0cb9b29d4a7c5788d6eb2e9ab4d3135cbae1c9161810fdf77a8964699?s=96&d=mm&r=g","caption":"Vox Sahel"},"sameAs":["http:\/\/www.voxsahel.com"],"url":"https:\/\/voxsahel.com\/?author=2"}]}},"_links":{"self":[{"href":"https:\/\/voxsahel.com\/index.php?rest_route=\/wp\/v2\/posts\/1626","targetHints":{"allow":["GET"]}}],"collection":[{"href":"https:\/\/voxsahel.com\/index.php?rest_route=\/wp\/v2\/posts"}],"about":[{"href":"https:\/\/voxsahel.com\/index.php?rest_route=\/wp\/v2\/types\/post"}],"author":[{"embeddable":true,"href":"https:\/\/voxsahel.com\/index.php?rest_route=\/wp\/v2\/users\/2"}],"replies":[{"embeddable":true,"href":"https:\/\/voxsahel.com\/index.php?rest_route=%2Fwp%2Fv2%2Fcomments&post=1626"}],"version-history":[{"count":1,"href":"https:\/\/voxsahel.com\/index.php?rest_route=\/wp\/v2\/posts\/1626\/revisions"}],"predecessor-version":[{"id":1629,"href":"https:\/\/voxsahel.com\/index.php?rest_route=\/wp\/v2\/posts\/1626\/revisions\/1629"}],"wp:featuredmedia":[{"embeddable":true,"href":"https:\/\/voxsahel.com\/index.php?rest_route=\/wp\/v2\/media\/1628"}],"wp:attachment":[{"href":"https:\/\/voxsahel.com\/index.php?rest_route=%2Fwp%2Fv2%2Fmedia&parent=1626"}],"wp:term":[{"taxonomy":"category","embeddable":true,"href":"https:\/\/voxsahel.com\/index.php?rest_route=%2Fwp%2Fv2%2Fcategories&post=1626"},{"taxonomy":"post_tag","embeddable":true,"href":"https:\/\/voxsahel.com\/index.php?rest_route=%2Fwp%2Fv2%2Ftags&post=1626"}],"curies":[{"name":"wp","href":"https:\/\/api.w.org\/{rel}","templated":true}]}}