{"id":1622,"date":"2025-03-20T21:38:19","date_gmt":"2025-03-20T21:38:19","guid":{"rendered":"https:\/\/voxsahel.com\/?p=1622"},"modified":"2025-03-20T21:38:50","modified_gmt":"2025-03-20T21:38:50","slug":"burkina-le-president-du-faso-annonce-le-paiement-de-la-dette-interieure","status":"publish","type":"post","link":"https:\/\/voxsahel.com\/?p=1622","title":{"rendered":"Burkina : Le Pr\u00e9sident du Faso annonce le paiement de la dette int\u00e9rieure"},"content":{"rendered":"<p class=\"p3\"><span class=\"s2\">En visite dans la r\u00e9gion du Plateau-Central, le Pr\u00e9sident du Faso, le Capitaine Ibrahim Traor\u00e9, a \u00e9chang\u00e9 directement avec les Forces vives ce jeudi en mi-journ\u00e9e. Lors de cette rencontre, il a abord\u00e9 plusieurs sujets majeurs, notamment la n\u00e9cessit\u00e9 d\u2019une union entre les op\u00e9rateurs \u00e9conomiques, le paiement de la dette int\u00e9rieure et des mesures en faveur du pouvoir d\u2019achat des populations.<\/span><\/p>\n<p class=\"p3\"><span class=\"s2\">Dans son discours, le Chef de l\u2019\u00c9tat a mis l\u2019accent sur l\u2019importance de la coop\u00e9ration entre les acteurs \u00e9conomiques du pays. Il a d\u00e9plor\u00e9 le manque de volont\u00e9 des op\u00e9rateurs \u00e0 s\u2019unir pour former de grandes entreprises capables de r\u00e9pondre efficacement aux d\u00e9fis du d\u00e9veloppement. \u00ab Il faut pouvoir s\u2019unir, former de grandes entreprises \u00bb, a-t-il insist\u00e9, soulignant que la fragmentation actuelle des entreprises limite leur capacit\u00e9 \u00e0 ex\u00e9cuter des projets d\u2019envergure et \u00e0 contribuer significativement \u00e0 la croissance nationale.<\/span><\/p>\n<p class=\"p3\"><span class=\"s2\">Abordant la question \u00e9conomique, le Pr\u00e9sident du Faso a annonc\u00e9 une mesure cl\u00e9 : le paiement de la dette int\u00e9rieure. Pour concr\u00e9tiser cette initiative, il a exhort\u00e9 les banques \u00e0 lib\u00e9rer 25% des d\u00e9p\u00f4ts \u00e0 terme effectu\u00e9s par les soci\u00e9t\u00e9s d\u2019\u00c9tat afin de permettre \u00e0 l\u2019\u00c9tat de solder ses engagements. Un d\u00e9lai a \u00e9t\u00e9 fix\u00e9 : ces fonds doivent \u00eatre mis \u00e0 disposition avant la fin du mois de mars 2025.<\/span><\/p>\n<p class=\"p3\"><span class=\"s2\">Cette d\u00e9cision s\u2019inscrit dans une dynamique de relance \u00e9conomique et vise \u00e0 soutenir les entreprises locales impact\u00e9es par les retards de paiement, tout en favorisant un climat \u00e9conomique plus sain.<\/span><\/p>\n<p class=\"p3\"><span class=\"s2\">Le Capitaine Ibrahim Traor\u00e9 a \u00e9galement assur\u00e9 que des mesures sont en cours pour permettre aux populations de b\u00e9n\u00e9ficier davantage des retomb\u00e9es de la croissance \u00e9conomique. Il a notamment \u00e9voqu\u00e9 des initiatives visant \u00e0 r\u00e9duire les prix des produits de grande consommation, dans un contexte o\u00f9 le co\u00fbt de la vie reste une pr\u00e9occupation majeure pour de nombreux Burkinab\u00e8.<\/span><\/p>\n<p class=\"p3\"><span class=\"s2\">\u00c0 travers ces annonces, le Pr\u00e9sident du Faso r\u00e9affirme son engagement en faveur d\u2019une \u00e9conomie plus solidaire et dynamique, o\u00f9 les acteurs \u00e9conomiques et l\u2019\u00c9tat travaillent de concert pour un d\u00e9veloppement durable du Burkina Faso.<\/span><\/p>\n<p class=\"p3\" style=\"text-align: right;\"><strong><span class=\"s2\">Par Vox Sahel <\/span><\/strong><\/p>\n","protected":false},"excerpt":{"rendered":"<p>En visite dans la r\u00e9gion du Plateau-Central, le Pr\u00e9sident du Faso, le Capitaine Ibrahim Traor\u00e9,<\/p>\n","protected":false},"author":2,"featured_media":1624,"comment_status":"open","ping_status":"open","sticky":false,"template":"","format":"standard","meta":{"_et_pb_use_builder":"","_et_pb_old_content":"","_et_gb_content_width":"","footnotes":""},"categories":[6],"tags":[],"class_list":["post-1622","post","type-post","status-publish","format-standard","has-post-thumbnail","hentry","category-politique"],"yoast_head":"<!-- This site is optimized with the Yoast SEO plugin v27.5 - https:\/\/yoast.com\/product\/yoast-seo-wordpress\/ -->\n<title>Burkina : Le Pr\u00e9sident du Faso annonce le paiement de la dette int\u00e9rieure - Vox Sahel<\/title>\n<meta name=\"robots\" content=\"index, follow, max-snippet:-1, max-image-preview:large, max-video-preview:-1\" \/>\n<link rel=\"canonical\" href=\"https:\/\/voxsahel.com\/?p=1622\" \/>\n<meta property=\"og:locale\" content=\"fr_FR\" \/>\n<meta property=\"og:type\" content=\"article\" \/>\n<meta property=\"og:title\" content=\"Burkina : Le Pr\u00e9sident du Faso annonce le paiement de la dette int\u00e9rieure - Vox Sahel\" \/>\n<meta property=\"og:description\" content=\"En visite dans la r\u00e9gion du Plateau-Central, le Pr\u00e9sident du Faso, le Capitaine Ibrahim Traor\u00e9,\" \/>\n<meta property=\"og:url\" content=\"https:\/\/voxsahel.com\/?p=1622\" \/>\n<meta property=\"og:site_name\" content=\"Vox Sahel\" \/>\n<meta property=\"article:publisher\" content=\"https:\/\/www.facebook.com\/journal.voxsahel\" \/>\n<meta property=\"article:published_time\" content=\"2025-03-20T21:38:19+00:00\" \/>\n<meta property=\"article:modified_time\" content=\"2025-03-20T21:38:50+00:00\" \/>\n<meta property=\"og:image\" content=\"https:\/\/voxsahel.com\/wp-content\/uploads\/2025\/03\/IMG_7043.jpeg\" \/>\n\t<meta property=\"og:image:width\" content=\"1179\" \/>\n\t<meta property=\"og:image:height\" content=\"820\" \/>\n\t<meta property=\"og:image:type\" content=\"image\/jpeg\" \/>\n<meta name=\"author\" content=\"Vox Sahel\" \/>\n<meta name=\"twitter:card\" content=\"summary_large_image\" \/>\n<meta name=\"twitter:label1\" content=\"\u00c9crit par\" \/>\n\t<meta name=\"twitter:data1\" content=\"Vox Sahel\" \/>\n\t<meta name=\"twitter:label2\" content=\"Dur\u00e9e de lecture estim\u00e9e\" \/>\n\t<meta name=\"twitter:data2\" content=\"2 minutes\" \/>\n<script type=\"application\/ld+json\" class=\"yoast-schema-graph\">{\"@context\":\"https:\\\/\\\/schema.org\",\"@graph\":[{\"@type\":\"Article\",\"@id\":\"https:\\\/\\\/voxsahel.com\\\/?p=1622#article\",\"isPartOf\":{\"@id\":\"https:\\\/\\\/voxsahel.com\\\/?p=1622\"},\"author\":{\"name\":\"Vox Sahel\",\"@id\":\"https:\\\/\\\/voxsahel.com\\\/#\\\/schema\\\/person\\\/b4043608248f8fa227cd760e7ff1e19e\"},\"headline\":\"Burkina : Le Pr\u00e9sident du Faso annonce le paiement de la dette int\u00e9rieure\",\"datePublished\":\"2025-03-20T21:38:19+00:00\",\"dateModified\":\"2025-03-20T21:38:50+00:00\",\"mainEntityOfPage\":{\"@id\":\"https:\\\/\\\/voxsahel.com\\\/?p=1622\"},\"wordCount\":383,\"commentCount\":0,\"publisher\":{\"@id\":\"https:\\\/\\\/voxsahel.com\\\/#organization\"},\"image\":{\"@id\":\"https:\\\/\\\/voxsahel.com\\\/?p=1622#primaryimage\"},\"thumbnailUrl\":\"https:\\\/\\\/voxsahel.com\\\/wp-content\\\/uploads\\\/2025\\\/03\\\/IMG_7043.jpeg\",\"articleSection\":[\"POLITIQUE\"],\"inLanguage\":\"fr-FR\",\"potentialAction\":[{\"@type\":\"CommentAction\",\"name\":\"Comment\",\"target\":[\"https:\\\/\\\/voxsahel.com\\\/?p=1622#respond\"]}]},{\"@type\":\"WebPage\",\"@id\":\"https:\\\/\\\/voxsahel.com\\\/?p=1622\",\"url\":\"https:\\\/\\\/voxsahel.com\\\/?p=1622\",\"name\":\"Burkina : Le Pr\u00e9sident du Faso annonce le paiement de la dette int\u00e9rieure - Vox Sahel\",\"isPartOf\":{\"@id\":\"https:\\\/\\\/voxsahel.com\\\/#website\"},\"primaryImageOfPage\":{\"@id\":\"https:\\\/\\\/voxsahel.com\\\/?p=1622#primaryimage\"},\"image\":{\"@id\":\"https:\\\/\\\/voxsahel.com\\\/?p=1622#primaryimage\"},\"thumbnailUrl\":\"https:\\\/\\\/voxsahel.com\\\/wp-content\\\/uploads\\\/2025\\\/03\\\/IMG_7043.jpeg\",\"datePublished\":\"2025-03-20T21:38:19+00:00\",\"dateModified\":\"2025-03-20T21:38:50+00:00\",\"breadcrumb\":{\"@id\":\"https:\\\/\\\/voxsahel.com\\\/?p=1622#breadcrumb\"},\"inLanguage\":\"fr-FR\",\"potentialAction\":[{\"@type\":\"ReadAction\",\"target\":[\"https:\\\/\\\/voxsahel.com\\\/?p=1622\"]}]},{\"@type\":\"ImageObject\",\"inLanguage\":\"fr-FR\",\"@id\":\"https:\\\/\\\/voxsahel.com\\\/?p=1622#primaryimage\",\"url\":\"https:\\\/\\\/voxsahel.com\\\/wp-content\\\/uploads\\\/2025\\\/03\\\/IMG_7043.jpeg\",\"contentUrl\":\"https:\\\/\\\/voxsahel.com\\\/wp-content\\\/uploads\\\/2025\\\/03\\\/IMG_7043.jpeg\",\"width\":1179,\"height\":820},{\"@type\":\"BreadcrumbList\",\"@id\":\"https:\\\/\\\/voxsahel.com\\\/?p=1622#breadcrumb\",\"itemListElement\":[{\"@type\":\"ListItem\",\"position\":1,\"name\":\"Home\",\"item\":\"https:\\\/\\\/voxsahel.com\\\/\"},{\"@type\":\"ListItem\",\"position\":2,\"name\":\"Burkina : Le Pr\u00e9sident du Faso annonce le paiement de la dette int\u00e9rieure\"}]},{\"@type\":\"WebSite\",\"@id\":\"https:\\\/\\\/voxsahel.com\\\/#website\",\"url\":\"https:\\\/\\\/voxsahel.com\\\/\",\"name\":\"Vox Sahel\",\"description\":\"Informez-vous sur le Sahel en un clic\",\"publisher\":{\"@id\":\"https:\\\/\\\/voxsahel.com\\\/#organization\"},\"potentialAction\":[{\"@type\":\"SearchAction\",\"target\":{\"@type\":\"EntryPoint\",\"urlTemplate\":\"https:\\\/\\\/voxsahel.com\\\/?s={search_term_string}\"},\"query-input\":{\"@type\":\"PropertyValueSpecification\",\"valueRequired\":true,\"valueName\":\"search_term_string\"}}],\"inLanguage\":\"fr-FR\"},{\"@type\":\"Organization\",\"@id\":\"https:\\\/\\\/voxsahel.com\\\/#organization\",\"name\":\"Vox Sahel\",\"url\":\"https:\\\/\\\/voxsahel.com\\\/\",\"logo\":{\"@type\":\"ImageObject\",\"inLanguage\":\"fr-FR\",\"@id\":\"https:\\\/\\\/voxsahel.com\\\/#\\\/schema\\\/logo\\\/image\\\/\",\"url\":\"https:\\\/\\\/voxsahel.com\\\/wp-content\\\/uploads\\\/2024\\\/09\\\/Logo-Vox-Sahel.jpg\",\"contentUrl\":\"https:\\\/\\\/voxsahel.com\\\/wp-content\\\/uploads\\\/2024\\\/09\\\/Logo-Vox-Sahel.jpg\",\"width\":1181,\"height\":848,\"caption\":\"Vox Sahel\"},\"image\":{\"@id\":\"https:\\\/\\\/voxsahel.com\\\/#\\\/schema\\\/logo\\\/image\\\/\"},\"sameAs\":[\"https:\\\/\\\/www.facebook.com\\\/journal.voxsahel\"]},{\"@type\":\"Person\",\"@id\":\"https:\\\/\\\/voxsahel.com\\\/#\\\/schema\\\/person\\\/b4043608248f8fa227cd760e7ff1e19e\",\"name\":\"Vox Sahel\",\"image\":{\"@type\":\"ImageObject\",\"inLanguage\":\"fr-FR\",\"@id\":\"https:\\\/\\\/secure.gravatar.com\\\/avatar\\\/f70e7fa0cb9b29d4a7c5788d6eb2e9ab4d3135cbae1c9161810fdf77a8964699?s=96&d=mm&r=g\",\"url\":\"https:\\\/\\\/secure.gravatar.com\\\/avatar\\\/f70e7fa0cb9b29d4a7c5788d6eb2e9ab4d3135cbae1c9161810fdf77a8964699?s=96&d=mm&r=g\",\"contentUrl\":\"https:\\\/\\\/secure.gravatar.com\\\/avatar\\\/f70e7fa0cb9b29d4a7c5788d6eb2e9ab4d3135cbae1c9161810fdf77a8964699?s=96&d=mm&r=g\",\"caption\":\"Vox Sahel\"},\"sameAs\":[\"http:\\\/\\\/www.voxsahel.com\"],\"url\":\"https:\\\/\\\/voxsahel.com\\\/?author=2\"}]}<\/script>\n<!-- \/ Yoast SEO plugin. -->","yoast_head_json":{"title":"Burkina : Le Pr\u00e9sident du Faso annonce le paiement de la dette int\u00e9rieure - Vox Sahel","robots":{"index":"index","follow":"follow","max-snippet":"max-snippet:-1","max-image-preview":"max-image-preview:large","max-video-preview":"max-video-preview:-1"},"canonical":"https:\/\/voxsahel.com\/?p=1622","og_locale":"fr_FR","og_type":"article","og_title":"Burkina : Le Pr\u00e9sident du Faso annonce le paiement de la dette int\u00e9rieure - Vox Sahel","og_description":"En visite dans la r\u00e9gion du Plateau-Central, le Pr\u00e9sident du Faso, le Capitaine Ibrahim Traor\u00e9,","og_url":"https:\/\/voxsahel.com\/?p=1622","og_site_name":"Vox Sahel","article_publisher":"https:\/\/www.facebook.com\/journal.voxsahel","article_published_time":"2025-03-20T21:38:19+00:00","article_modified_time":"2025-03-20T21:38:50+00:00","og_image":[{"width":1179,"height":820,"url":"https:\/\/voxsahel.com\/wp-content\/uploads\/2025\/03\/IMG_7043.jpeg","type":"image\/jpeg"}],"author":"Vox Sahel","twitter_card":"summary_large_image","twitter_misc":{"\u00c9crit par":"Vox Sahel","Dur\u00e9e de lecture estim\u00e9e":"2 minutes"},"schema":{"@context":"https:\/\/schema.org","@graph":[{"@type":"Article","@id":"https:\/\/voxsahel.com\/?p=1622#article","isPartOf":{"@id":"https:\/\/voxsahel.com\/?p=1622"},"author":{"name":"Vox Sahel","@id":"https:\/\/voxsahel.com\/#\/schema\/person\/b4043608248f8fa227cd760e7ff1e19e"},"headline":"Burkina : Le Pr\u00e9sident du Faso annonce le paiement de la dette int\u00e9rieure","datePublished":"2025-03-20T21:38:19+00:00","dateModified":"2025-03-20T21:38:50+00:00","mainEntityOfPage":{"@id":"https:\/\/voxsahel.com\/?p=1622"},"wordCount":383,"commentCount":0,"publisher":{"@id":"https:\/\/voxsahel.com\/#organization"},"image":{"@id":"https:\/\/voxsahel.com\/?p=1622#primaryimage"},"thumbnailUrl":"https:\/\/voxsahel.com\/wp-content\/uploads\/2025\/03\/IMG_7043.jpeg","articleSection":["POLITIQUE"],"inLanguage":"fr-FR","potentialAction":[{"@type":"CommentAction","name":"Comment","target":["https:\/\/voxsahel.com\/?p=1622#respond"]}]},{"@type":"WebPage","@id":"https:\/\/voxsahel.com\/?p=1622","url":"https:\/\/voxsahel.com\/?p=1622","name":"Burkina : Le Pr\u00e9sident du Faso annonce le paiement de la dette int\u00e9rieure - Vox Sahel","isPartOf":{"@id":"https:\/\/voxsahel.com\/#website"},"primaryImageOfPage":{"@id":"https:\/\/voxsahel.com\/?p=1622#primaryimage"},"image":{"@id":"https:\/\/voxsahel.com\/?p=1622#primaryimage"},"thumbnailUrl":"https:\/\/voxsahel.com\/wp-content\/uploads\/2025\/03\/IMG_7043.jpeg","datePublished":"2025-03-20T21:38:19+00:00","dateModified":"2025-03-20T21:38:50+00:00","breadcrumb":{"@id":"https:\/\/voxsahel.com\/?p=1622#breadcrumb"},"inLanguage":"fr-FR","potentialAction":[{"@type":"ReadAction","target":["https:\/\/voxsahel.com\/?p=1622"]}]},{"@type":"ImageObject","inLanguage":"fr-FR","@id":"https:\/\/voxsahel.com\/?p=1622#primaryimage","url":"https:\/\/voxsahel.com\/wp-content\/uploads\/2025\/03\/IMG_7043.jpeg","contentUrl":"https:\/\/voxsahel.com\/wp-content\/uploads\/2025\/03\/IMG_7043.jpeg","width":1179,"height":820},{"@type":"BreadcrumbList","@id":"https:\/\/voxsahel.com\/?p=1622#breadcrumb","itemListElement":[{"@type":"ListItem","position":1,"name":"Home","item":"https:\/\/voxsahel.com\/"},{"@type":"ListItem","position":2,"name":"Burkina : Le Pr\u00e9sident du Faso annonce le paiement de la dette int\u00e9rieure"}]},{"@type":"WebSite","@id":"https:\/\/voxsahel.com\/#website","url":"https:\/\/voxsahel.com\/","name":"Vox Sahel","description":"Informez-vous sur le Sahel en un clic","publisher":{"@id":"https:\/\/voxsahel.com\/#organization"},"potentialAction":[{"@type":"SearchAction","target":{"@type":"EntryPoint","urlTemplate":"https:\/\/voxsahel.com\/?s={search_term_string}"},"query-input":{"@type":"PropertyValueSpecification","valueRequired":true,"valueName":"search_term_string"}}],"inLanguage":"fr-FR"},{"@type":"Organization","@id":"https:\/\/voxsahel.com\/#organization","name":"Vox Sahel","url":"https:\/\/voxsahel.com\/","logo":{"@type":"ImageObject","inLanguage":"fr-FR","@id":"https:\/\/voxsahel.com\/#\/schema\/logo\/image\/","url":"https:\/\/voxsahel.com\/wp-content\/uploads\/2024\/09\/Logo-Vox-Sahel.jpg","contentUrl":"https:\/\/voxsahel.com\/wp-content\/uploads\/2024\/09\/Logo-Vox-Sahel.jpg","width":1181,"height":848,"caption":"Vox Sahel"},"image":{"@id":"https:\/\/voxsahel.com\/#\/schema\/logo\/image\/"},"sameAs":["https:\/\/www.facebook.com\/journal.voxsahel"]},{"@type":"Person","@id":"https:\/\/voxsahel.com\/#\/schema\/person\/b4043608248f8fa227cd760e7ff1e19e","name":"Vox Sahel","image":{"@type":"ImageObject","inLanguage":"fr-FR","@id":"https:\/\/secure.gravatar.com\/avatar\/f70e7fa0cb9b29d4a7c5788d6eb2e9ab4d3135cbae1c9161810fdf77a8964699?s=96&d=mm&r=g","url":"https:\/\/secure.gravatar.com\/avatar\/f70e7fa0cb9b29d4a7c5788d6eb2e9ab4d3135cbae1c9161810fdf77a8964699?s=96&d=mm&r=g","contentUrl":"https:\/\/secure.gravatar.com\/avatar\/f70e7fa0cb9b29d4a7c5788d6eb2e9ab4d3135cbae1c9161810fdf77a8964699?s=96&d=mm&r=g","caption":"Vox Sahel"},"sameAs":["http:\/\/www.voxsahel.com"],"url":"https:\/\/voxsahel.com\/?author=2"}]}},"_links":{"self":[{"href":"https:\/\/voxsahel.com\/index.php?rest_route=\/wp\/v2\/posts\/1622","targetHints":{"allow":["GET"]}}],"collection":[{"href":"https:\/\/voxsahel.com\/index.php?rest_route=\/wp\/v2\/posts"}],"about":[{"href":"https:\/\/voxsahel.com\/index.php?rest_route=\/wp\/v2\/types\/post"}],"author":[{"embeddable":true,"href":"https:\/\/voxsahel.com\/index.php?rest_route=\/wp\/v2\/users\/2"}],"replies":[{"embeddable":true,"href":"https:\/\/voxsahel.com\/index.php?rest_route=%2Fwp%2Fv2%2Fcomments&post=1622"}],"version-history":[{"count":1,"href":"https:\/\/voxsahel.com\/index.php?rest_route=\/wp\/v2\/posts\/1622\/revisions"}],"predecessor-version":[{"id":1625,"href":"https:\/\/voxsahel.com\/index.php?rest_route=\/wp\/v2\/posts\/1622\/revisions\/1625"}],"wp:featuredmedia":[{"embeddable":true,"href":"https:\/\/voxsahel.com\/index.php?rest_route=\/wp\/v2\/media\/1624"}],"wp:attachment":[{"href":"https:\/\/voxsahel.com\/index.php?rest_route=%2Fwp%2Fv2%2Fmedia&parent=1622"}],"wp:term":[{"taxonomy":"category","embeddable":true,"href":"https:\/\/voxsahel.com\/index.php?rest_route=%2Fwp%2Fv2%2Fcategories&post=1622"},{"taxonomy":"post_tag","embeddable":true,"href":"https:\/\/voxsahel.com\/index.php?rest_route=%2Fwp%2Fv2%2Ftags&post=1622"}],"curies":[{"name":"wp","href":"https:\/\/api.w.org\/{rel}","templated":true}]}}