{"id":1617,"date":"2025-03-20T00:39:07","date_gmt":"2025-03-20T00:39:07","guid":{"rendered":"https:\/\/voxsahel.com\/?p=1617"},"modified":"2025-03-20T00:39:07","modified_gmt":"2025-03-20T00:39:07","slug":"burkina-faso-mali-niger-une-alliance-souverainiste-face-a-une-guerre-mediatique","status":"publish","type":"post","link":"https:\/\/voxsahel.com\/?p=1617","title":{"rendered":"Burkina Faso-Mali-Niger  : Une alliance souverainiste face \u00e0 une guerre m\u00e9diatique"},"content":{"rendered":"<p class=\"p1\"><span class=\"s1\">Le Burkina Faso, aux c\u00f4t\u00e9s du Mali et du Niger, s\u2019impose de plus en plus comme un symbole de r\u00e9sistance et de souverainet\u00e9 en Afrique de l\u2019Ouest. En rompant progressivement avec les influences \u00e9trang\u00e8res et en affirmant leur ind\u00e9pendance politique, \u00e9conomique et militaire, ces trois nations de l\u2019Alliance des \u00c9tats du Sahel (AES) incarnent une dynamique nouvelle qui \u00e9chappe aux anciennes logiques de domination. Cette posture h\u00e9ro\u00efque ne manque pas d\u2019attirer des adversit\u00e9s, notamment \u00e0 travers une intense campagne m\u00e9diatique visant \u00e0 ternir leur image et \u00e0 freiner leur \u00e9lan vers l\u2019autod\u00e9termination.<\/span><\/p>\n<p class=\"p1\"><span class=\"s1\">Dans cette lutte pour l\u2019\u00e9mancipation, les puissances qui voient d\u2019un mauvais \u0153il la mont\u00e9e de cet axe souverainiste cherchent \u00e0 discr\u00e9diter ses actions par tous les moyens. L\u2019une des strat\u00e9gies les plus utilis\u00e9es consiste \u00e0 manipuler l\u2019opinion publique en diffusant des r\u00e9cits biais\u00e9s, exag\u00e9rant les difficult\u00e9s internes des trois pays et tentant de semer le doute sur leur capacit\u00e9 \u00e0 assurer leur propre stabilit\u00e9. Les m\u00e9dias internationaux, souvent align\u00e9s sur les int\u00e9r\u00eats des anciennes puissances coloniales, jouent un r\u00f4le cl\u00e9 dans cette entreprise de d\u00e9sinformation, en d\u00e9peignant ces \u00c9tats comme isol\u00e9s, d\u00e9stabilis\u00e9s ou en crise permanente.<\/span><\/p>\n<p class=\"p1\"><span class=\"s1\">Or, la r\u00e9alit\u00e9 est tout autre. L\u2019union du Burkina Faso, du Mali et du Niger repose sur une volont\u00e9 partag\u00e9e de prendre leur destin en main et de coop\u00e9rer pour assurer leur propre s\u00e9curit\u00e9 et d\u00e9veloppement. Contrairement aux narratifs diffus\u00e9s par certains m\u00e9dias, cette alliance renforce la r\u00e9silience de ces nations face aux d\u00e9fis s\u00e9curitaires et \u00e9conomiques. En mutualisant leurs ressources et en consolidant leur coop\u00e9ration militaire, ces pays prouvent qu\u2019un autre mod\u00e8le est possible, un mod\u00e8le o\u00f9 les \u00c9tats africains ne sont plus de simples ex\u00e9cutants des d\u00e9cisions ext\u00e9rieures, mais des acteurs souverains capables de d\u00e9fendre leurs int\u00e9r\u00eats communs.<\/span><\/p>\n<p class=\"p1\"><span class=\"s1\">Les campagnes de d\u00e9nigrement \u00e0 leur encontre visent \u00e0 freiner cet \u00e9lan et \u00e0 d\u00e9courager d\u2019autres nations africaines de suivre la m\u00eame voie. L\u2019objectif est clair : maintenir l\u2019Afrique sous influence en discr\u00e9ditant toute initiative d\u2019autonomie r\u00e9elle. Toutefois, ces tentatives ne font que renforcer la d\u00e9termination du Burkina Faso et de ses alli\u00e9s \u00e0 poursuivre leur qu\u00eate d\u2019ind\u00e9pendance totale.<\/span><\/p>\n<p class=\"p1\"><span class=\"s1\">Face \u00e0 cette guerre m\u00e9diatique, la riposte passe par une communication strat\u00e9gique et transparente, mais aussi par la consolidation des relations entre les peuples du Sahel. Loin d\u2019\u00eatre isol\u00e9e, l\u2019Alliance des \u00c9tats du Sahel repr\u00e9sente une alternative cr\u00e9dible pour une Afrique plus souveraine et ma\u00eetresse de son destin. En continuant sur cette voie, le Burkina Faso, le Mali et le Niger ne font pas seulement face \u00e0 des adversit\u00e9s m\u00e9diatiques, ils \u00e9crivent une nouvelle page de l\u2019histoire africaine, celle d\u2019un continent qui refuse d\u2019\u00eatre \u00e9ternellement sous tutelle.<\/span><\/p>\n<p class=\"p1\" style=\"text-align: right;\"><span class=\"s1\">Jacob Nitiema<\/span><\/p>\n","protected":false},"excerpt":{"rendered":"<p>Le Burkina Faso, aux c\u00f4t\u00e9s du Mali et du Niger, s\u2019impose de plus en plus<\/p>\n","protected":false},"author":2,"featured_media":1618,"comment_status":"open","ping_status":"open","sticky":false,"template":"","format":"standard","meta":{"_et_pb_use_builder":"","_et_pb_old_content":"","_et_gb_content_width":"","footnotes":""},"categories":[5],"tags":[356,61,62,124,18,174,123,49,31,337,60,75],"class_list":["post-1617","post","type-post","status-publish","format-standard","has-post-thumbnail","hentry","category-societe","tag-abdourahamane-tiani","tag-aes","tag-alliance-des-etats-du-sahel","tag-assimi-goita","tag-burkina-faso","tag-capitaine-ibrahim-traore","tag-confederation-de-lalliances-des-etats-du-sahel","tag-geopolitique","tag-mali","tag-medias","tag-niger","tag-politique"],"yoast_head":"<!-- This site is optimized with the Yoast SEO plugin v27.5 - https:\/\/yoast.com\/product\/yoast-seo-wordpress\/ -->\n<title>Burkina Faso-Mali-Niger : Une alliance souverainiste face \u00e0 une guerre m\u00e9diatique - Vox Sahel<\/title>\n<meta name=\"robots\" content=\"index, follow, max-snippet:-1, max-image-preview:large, max-video-preview:-1\" \/>\n<link rel=\"canonical\" href=\"https:\/\/voxsahel.com\/?p=1617\" \/>\n<meta property=\"og:locale\" content=\"fr_FR\" \/>\n<meta property=\"og:type\" content=\"article\" \/>\n<meta property=\"og:title\" content=\"Burkina Faso-Mali-Niger : Une alliance souverainiste face \u00e0 une guerre m\u00e9diatique - Vox Sahel\" \/>\n<meta property=\"og:description\" content=\"Le Burkina Faso, aux c\u00f4t\u00e9s du Mali et du Niger, s\u2019impose de plus en plus\" \/>\n<meta property=\"og:url\" content=\"https:\/\/voxsahel.com\/?p=1617\" \/>\n<meta property=\"og:site_name\" content=\"Vox Sahel\" \/>\n<meta property=\"article:publisher\" content=\"https:\/\/www.facebook.com\/journal.voxsahel\" \/>\n<meta property=\"article:published_time\" content=\"2025-03-20T00:39:07+00:00\" \/>\n<meta property=\"og:image\" content=\"https:\/\/voxsahel.com\/wp-content\/uploads\/2025\/03\/012ea268-a7f5-4aff-b631-e251971b728b.jpeg\" \/>\n\t<meta property=\"og:image:width\" content=\"482\" \/>\n\t<meta property=\"og:image:height\" content=\"357\" \/>\n\t<meta property=\"og:image:type\" content=\"image\/jpeg\" \/>\n<meta name=\"author\" content=\"Vox Sahel\" \/>\n<meta name=\"twitter:card\" content=\"summary_large_image\" \/>\n<meta name=\"twitter:label1\" content=\"\u00c9crit par\" \/>\n\t<meta name=\"twitter:data1\" content=\"Vox Sahel\" \/>\n\t<meta name=\"twitter:label2\" content=\"Dur\u00e9e de lecture estim\u00e9e\" \/>\n\t<meta name=\"twitter:data2\" content=\"3 minutes\" \/>\n<script type=\"application\/ld+json\" class=\"yoast-schema-graph\">{\"@context\":\"https:\\\/\\\/schema.org\",\"@graph\":[{\"@type\":\"Article\",\"@id\":\"https:\\\/\\\/voxsahel.com\\\/?p=1617#article\",\"isPartOf\":{\"@id\":\"https:\\\/\\\/voxsahel.com\\\/?p=1617\"},\"author\":{\"name\":\"Vox Sahel\",\"@id\":\"https:\\\/\\\/voxsahel.com\\\/#\\\/schema\\\/person\\\/b4043608248f8fa227cd760e7ff1e19e\"},\"headline\":\"Burkina Faso-Mali-Niger : Une alliance souverainiste face \u00e0 une guerre m\u00e9diatique\",\"datePublished\":\"2025-03-20T00:39:07+00:00\",\"mainEntityOfPage\":{\"@id\":\"https:\\\/\\\/voxsahel.com\\\/?p=1617\"},\"wordCount\":518,\"commentCount\":0,\"publisher\":{\"@id\":\"https:\\\/\\\/voxsahel.com\\\/#organization\"},\"image\":{\"@id\":\"https:\\\/\\\/voxsahel.com\\\/?p=1617#primaryimage\"},\"thumbnailUrl\":\"https:\\\/\\\/voxsahel.com\\\/wp-content\\\/uploads\\\/2025\\\/03\\\/012ea268-a7f5-4aff-b631-e251971b728b.jpeg\",\"keywords\":[\"Abdourahamane Tiani\",\"AES\",\"Alliance des \u00c9tats du Sahel\",\"Assimi GO\u00cfTA\",\"Burkina Faso\",\"Capitaine Ibrahim Traor\u00e9\",\"Conf\u00e9d\u00e9ration de l\u2019Alliances des \u00c9tats du Sahel\",\"G\u00e9opolitique\",\"Mali\",\"M\u00e9dias\",\"Niger\",\"Politique\"],\"articleSection\":[\"SOCIETE\"],\"inLanguage\":\"fr-FR\",\"potentialAction\":[{\"@type\":\"CommentAction\",\"name\":\"Comment\",\"target\":[\"https:\\\/\\\/voxsahel.com\\\/?p=1617#respond\"]}]},{\"@type\":\"WebPage\",\"@id\":\"https:\\\/\\\/voxsahel.com\\\/?p=1617\",\"url\":\"https:\\\/\\\/voxsahel.com\\\/?p=1617\",\"name\":\"Burkina Faso-Mali-Niger : Une alliance souverainiste face \u00e0 une guerre m\u00e9diatique - Vox Sahel\",\"isPartOf\":{\"@id\":\"https:\\\/\\\/voxsahel.com\\\/#website\"},\"primaryImageOfPage\":{\"@id\":\"https:\\\/\\\/voxsahel.com\\\/?p=1617#primaryimage\"},\"image\":{\"@id\":\"https:\\\/\\\/voxsahel.com\\\/?p=1617#primaryimage\"},\"thumbnailUrl\":\"https:\\\/\\\/voxsahel.com\\\/wp-content\\\/uploads\\\/2025\\\/03\\\/012ea268-a7f5-4aff-b631-e251971b728b.jpeg\",\"datePublished\":\"2025-03-20T00:39:07+00:00\",\"breadcrumb\":{\"@id\":\"https:\\\/\\\/voxsahel.com\\\/?p=1617#breadcrumb\"},\"inLanguage\":\"fr-FR\",\"potentialAction\":[{\"@type\":\"ReadAction\",\"target\":[\"https:\\\/\\\/voxsahel.com\\\/?p=1617\"]}]},{\"@type\":\"ImageObject\",\"inLanguage\":\"fr-FR\",\"@id\":\"https:\\\/\\\/voxsahel.com\\\/?p=1617#primaryimage\",\"url\":\"https:\\\/\\\/voxsahel.com\\\/wp-content\\\/uploads\\\/2025\\\/03\\\/012ea268-a7f5-4aff-b631-e251971b728b.jpeg\",\"contentUrl\":\"https:\\\/\\\/voxsahel.com\\\/wp-content\\\/uploads\\\/2025\\\/03\\\/012ea268-a7f5-4aff-b631-e251971b728b.jpeg\",\"width\":482,\"height\":357},{\"@type\":\"BreadcrumbList\",\"@id\":\"https:\\\/\\\/voxsahel.com\\\/?p=1617#breadcrumb\",\"itemListElement\":[{\"@type\":\"ListItem\",\"position\":1,\"name\":\"Home\",\"item\":\"https:\\\/\\\/voxsahel.com\\\/\"},{\"@type\":\"ListItem\",\"position\":2,\"name\":\"Burkina Faso-Mali-Niger : Une alliance souverainiste face \u00e0 une guerre m\u00e9diatique\"}]},{\"@type\":\"WebSite\",\"@id\":\"https:\\\/\\\/voxsahel.com\\\/#website\",\"url\":\"https:\\\/\\\/voxsahel.com\\\/\",\"name\":\"Vox Sahel\",\"description\":\"Informez-vous sur le Sahel en un clic\",\"publisher\":{\"@id\":\"https:\\\/\\\/voxsahel.com\\\/#organization\"},\"potentialAction\":[{\"@type\":\"SearchAction\",\"target\":{\"@type\":\"EntryPoint\",\"urlTemplate\":\"https:\\\/\\\/voxsahel.com\\\/?s={search_term_string}\"},\"query-input\":{\"@type\":\"PropertyValueSpecification\",\"valueRequired\":true,\"valueName\":\"search_term_string\"}}],\"inLanguage\":\"fr-FR\"},{\"@type\":\"Organization\",\"@id\":\"https:\\\/\\\/voxsahel.com\\\/#organization\",\"name\":\"Vox Sahel\",\"url\":\"https:\\\/\\\/voxsahel.com\\\/\",\"logo\":{\"@type\":\"ImageObject\",\"inLanguage\":\"fr-FR\",\"@id\":\"https:\\\/\\\/voxsahel.com\\\/#\\\/schema\\\/logo\\\/image\\\/\",\"url\":\"https:\\\/\\\/voxsahel.com\\\/wp-content\\\/uploads\\\/2024\\\/09\\\/Logo-Vox-Sahel.jpg\",\"contentUrl\":\"https:\\\/\\\/voxsahel.com\\\/wp-content\\\/uploads\\\/2024\\\/09\\\/Logo-Vox-Sahel.jpg\",\"width\":1181,\"height\":848,\"caption\":\"Vox Sahel\"},\"image\":{\"@id\":\"https:\\\/\\\/voxsahel.com\\\/#\\\/schema\\\/logo\\\/image\\\/\"},\"sameAs\":[\"https:\\\/\\\/www.facebook.com\\\/journal.voxsahel\"]},{\"@type\":\"Person\",\"@id\":\"https:\\\/\\\/voxsahel.com\\\/#\\\/schema\\\/person\\\/b4043608248f8fa227cd760e7ff1e19e\",\"name\":\"Vox Sahel\",\"image\":{\"@type\":\"ImageObject\",\"inLanguage\":\"fr-FR\",\"@id\":\"https:\\\/\\\/secure.gravatar.com\\\/avatar\\\/f70e7fa0cb9b29d4a7c5788d6eb2e9ab4d3135cbae1c9161810fdf77a8964699?s=96&d=mm&r=g\",\"url\":\"https:\\\/\\\/secure.gravatar.com\\\/avatar\\\/f70e7fa0cb9b29d4a7c5788d6eb2e9ab4d3135cbae1c9161810fdf77a8964699?s=96&d=mm&r=g\",\"contentUrl\":\"https:\\\/\\\/secure.gravatar.com\\\/avatar\\\/f70e7fa0cb9b29d4a7c5788d6eb2e9ab4d3135cbae1c9161810fdf77a8964699?s=96&d=mm&r=g\",\"caption\":\"Vox Sahel\"},\"sameAs\":[\"http:\\\/\\\/www.voxsahel.com\"],\"url\":\"https:\\\/\\\/voxsahel.com\\\/?author=2\"}]}<\/script>\n<!-- \/ Yoast SEO plugin. -->","yoast_head_json":{"title":"Burkina Faso-Mali-Niger : Une alliance souverainiste face \u00e0 une guerre m\u00e9diatique - Vox Sahel","robots":{"index":"index","follow":"follow","max-snippet":"max-snippet:-1","max-image-preview":"max-image-preview:large","max-video-preview":"max-video-preview:-1"},"canonical":"https:\/\/voxsahel.com\/?p=1617","og_locale":"fr_FR","og_type":"article","og_title":"Burkina Faso-Mali-Niger : Une alliance souverainiste face \u00e0 une guerre m\u00e9diatique - Vox Sahel","og_description":"Le Burkina Faso, aux c\u00f4t\u00e9s du Mali et du Niger, s\u2019impose de plus en plus","og_url":"https:\/\/voxsahel.com\/?p=1617","og_site_name":"Vox Sahel","article_publisher":"https:\/\/www.facebook.com\/journal.voxsahel","article_published_time":"2025-03-20T00:39:07+00:00","og_image":[{"width":482,"height":357,"url":"https:\/\/voxsahel.com\/wp-content\/uploads\/2025\/03\/012ea268-a7f5-4aff-b631-e251971b728b.jpeg","type":"image\/jpeg"}],"author":"Vox Sahel","twitter_card":"summary_large_image","twitter_misc":{"\u00c9crit par":"Vox Sahel","Dur\u00e9e de lecture estim\u00e9e":"3 minutes"},"schema":{"@context":"https:\/\/schema.org","@graph":[{"@type":"Article","@id":"https:\/\/voxsahel.com\/?p=1617#article","isPartOf":{"@id":"https:\/\/voxsahel.com\/?p=1617"},"author":{"name":"Vox Sahel","@id":"https:\/\/voxsahel.com\/#\/schema\/person\/b4043608248f8fa227cd760e7ff1e19e"},"headline":"Burkina Faso-Mali-Niger : Une alliance souverainiste face \u00e0 une guerre m\u00e9diatique","datePublished":"2025-03-20T00:39:07+00:00","mainEntityOfPage":{"@id":"https:\/\/voxsahel.com\/?p=1617"},"wordCount":518,"commentCount":0,"publisher":{"@id":"https:\/\/voxsahel.com\/#organization"},"image":{"@id":"https:\/\/voxsahel.com\/?p=1617#primaryimage"},"thumbnailUrl":"https:\/\/voxsahel.com\/wp-content\/uploads\/2025\/03\/012ea268-a7f5-4aff-b631-e251971b728b.jpeg","keywords":["Abdourahamane Tiani","AES","Alliance des \u00c9tats du Sahel","Assimi GO\u00cfTA","Burkina Faso","Capitaine Ibrahim Traor\u00e9","Conf\u00e9d\u00e9ration de l\u2019Alliances des \u00c9tats du Sahel","G\u00e9opolitique","Mali","M\u00e9dias","Niger","Politique"],"articleSection":["SOCIETE"],"inLanguage":"fr-FR","potentialAction":[{"@type":"CommentAction","name":"Comment","target":["https:\/\/voxsahel.com\/?p=1617#respond"]}]},{"@type":"WebPage","@id":"https:\/\/voxsahel.com\/?p=1617","url":"https:\/\/voxsahel.com\/?p=1617","name":"Burkina Faso-Mali-Niger : Une alliance souverainiste face \u00e0 une guerre m\u00e9diatique - Vox Sahel","isPartOf":{"@id":"https:\/\/voxsahel.com\/#website"},"primaryImageOfPage":{"@id":"https:\/\/voxsahel.com\/?p=1617#primaryimage"},"image":{"@id":"https:\/\/voxsahel.com\/?p=1617#primaryimage"},"thumbnailUrl":"https:\/\/voxsahel.com\/wp-content\/uploads\/2025\/03\/012ea268-a7f5-4aff-b631-e251971b728b.jpeg","datePublished":"2025-03-20T00:39:07+00:00","breadcrumb":{"@id":"https:\/\/voxsahel.com\/?p=1617#breadcrumb"},"inLanguage":"fr-FR","potentialAction":[{"@type":"ReadAction","target":["https:\/\/voxsahel.com\/?p=1617"]}]},{"@type":"ImageObject","inLanguage":"fr-FR","@id":"https:\/\/voxsahel.com\/?p=1617#primaryimage","url":"https:\/\/voxsahel.com\/wp-content\/uploads\/2025\/03\/012ea268-a7f5-4aff-b631-e251971b728b.jpeg","contentUrl":"https:\/\/voxsahel.com\/wp-content\/uploads\/2025\/03\/012ea268-a7f5-4aff-b631-e251971b728b.jpeg","width":482,"height":357},{"@type":"BreadcrumbList","@id":"https:\/\/voxsahel.com\/?p=1617#breadcrumb","itemListElement":[{"@type":"ListItem","position":1,"name":"Home","item":"https:\/\/voxsahel.com\/"},{"@type":"ListItem","position":2,"name":"Burkina Faso-Mali-Niger : Une alliance souverainiste face \u00e0 une guerre m\u00e9diatique"}]},{"@type":"WebSite","@id":"https:\/\/voxsahel.com\/#website","url":"https:\/\/voxsahel.com\/","name":"Vox Sahel","description":"Informez-vous sur le Sahel en un clic","publisher":{"@id":"https:\/\/voxsahel.com\/#organization"},"potentialAction":[{"@type":"SearchAction","target":{"@type":"EntryPoint","urlTemplate":"https:\/\/voxsahel.com\/?s={search_term_string}"},"query-input":{"@type":"PropertyValueSpecification","valueRequired":true,"valueName":"search_term_string"}}],"inLanguage":"fr-FR"},{"@type":"Organization","@id":"https:\/\/voxsahel.com\/#organization","name":"Vox Sahel","url":"https:\/\/voxsahel.com\/","logo":{"@type":"ImageObject","inLanguage":"fr-FR","@id":"https:\/\/voxsahel.com\/#\/schema\/logo\/image\/","url":"https:\/\/voxsahel.com\/wp-content\/uploads\/2024\/09\/Logo-Vox-Sahel.jpg","contentUrl":"https:\/\/voxsahel.com\/wp-content\/uploads\/2024\/09\/Logo-Vox-Sahel.jpg","width":1181,"height":848,"caption":"Vox Sahel"},"image":{"@id":"https:\/\/voxsahel.com\/#\/schema\/logo\/image\/"},"sameAs":["https:\/\/www.facebook.com\/journal.voxsahel"]},{"@type":"Person","@id":"https:\/\/voxsahel.com\/#\/schema\/person\/b4043608248f8fa227cd760e7ff1e19e","name":"Vox Sahel","image":{"@type":"ImageObject","inLanguage":"fr-FR","@id":"https:\/\/secure.gravatar.com\/avatar\/f70e7fa0cb9b29d4a7c5788d6eb2e9ab4d3135cbae1c9161810fdf77a8964699?s=96&d=mm&r=g","url":"https:\/\/secure.gravatar.com\/avatar\/f70e7fa0cb9b29d4a7c5788d6eb2e9ab4d3135cbae1c9161810fdf77a8964699?s=96&d=mm&r=g","contentUrl":"https:\/\/secure.gravatar.com\/avatar\/f70e7fa0cb9b29d4a7c5788d6eb2e9ab4d3135cbae1c9161810fdf77a8964699?s=96&d=mm&r=g","caption":"Vox Sahel"},"sameAs":["http:\/\/www.voxsahel.com"],"url":"https:\/\/voxsahel.com\/?author=2"}]}},"_links":{"self":[{"href":"https:\/\/voxsahel.com\/index.php?rest_route=\/wp\/v2\/posts\/1617","targetHints":{"allow":["GET"]}}],"collection":[{"href":"https:\/\/voxsahel.com\/index.php?rest_route=\/wp\/v2\/posts"}],"about":[{"href":"https:\/\/voxsahel.com\/index.php?rest_route=\/wp\/v2\/types\/post"}],"author":[{"embeddable":true,"href":"https:\/\/voxsahel.com\/index.php?rest_route=\/wp\/v2\/users\/2"}],"replies":[{"embeddable":true,"href":"https:\/\/voxsahel.com\/index.php?rest_route=%2Fwp%2Fv2%2Fcomments&post=1617"}],"version-history":[{"count":1,"href":"https:\/\/voxsahel.com\/index.php?rest_route=\/wp\/v2\/posts\/1617\/revisions"}],"predecessor-version":[{"id":1619,"href":"https:\/\/voxsahel.com\/index.php?rest_route=\/wp\/v2\/posts\/1617\/revisions\/1619"}],"wp:featuredmedia":[{"embeddable":true,"href":"https:\/\/voxsahel.com\/index.php?rest_route=\/wp\/v2\/media\/1618"}],"wp:attachment":[{"href":"https:\/\/voxsahel.com\/index.php?rest_route=%2Fwp%2Fv2%2Fmedia&parent=1617"}],"wp:term":[{"taxonomy":"category","embeddable":true,"href":"https:\/\/voxsahel.com\/index.php?rest_route=%2Fwp%2Fv2%2Fcategories&post=1617"},{"taxonomy":"post_tag","embeddable":true,"href":"https:\/\/voxsahel.com\/index.php?rest_route=%2Fwp%2Fv2%2Ftags&post=1617"}],"curies":[{"name":"wp","href":"https:\/\/api.w.org\/{rel}","templated":true}]}}