{"id":1613,"date":"2025-03-18T21:00:47","date_gmt":"2025-03-18T21:00:47","guid":{"rendered":"https:\/\/voxsahel.com\/?p=1613"},"modified":"2025-03-18T21:00:47","modified_gmt":"2025-03-18T21:00:47","slug":"ouagadougou-ultimatum-aux-commercants-du-marche-sankar-yaar-rehabilite","status":"publish","type":"post","link":"https:\/\/voxsahel.com\/?p=1613","title":{"rendered":"Ouagadougou : Ultimatum aux commer\u00e7ants du march\u00e9 Sankar Yaar r\u00e9habilit\u00e9"},"content":{"rendered":"<p class=\"p1\"><span class=\"s2\">Dans un communiqu\u00e9 officiel en date du 20 f\u00e9vrier 2025, le Pr\u00e9sident de la D\u00e9l\u00e9gation Sp\u00e9ciale de la Commune de Ouagadougou rappellait aux commer\u00e7ants du march\u00e9 Sankar Yaar r\u00e9habilit\u00e9 leur obligation d\u2019int\u00e9grer leurs emplacements d\u2019ici au <\/span><span class=\"s1\">30 mars 2025<\/span><span class=\"s2\">.<\/span><\/p>\n<p class=\"p1\"><span class=\"s2\">Mis r\u00e9cemment en exploitation apr\u00e8s d\u2019importants travaux de r\u00e9habilitation, le march\u00e9 Sankar Yaar offre d\u00e9sormais un cadre moderne et s\u00e9curis\u00e9 aux acteurs du commerce local. Toutefois, certaines places attribu\u00e9es restent toujours inoccup\u00e9es, malgr\u00e9 les appels \u00e0 l\u2019installation des b\u00e9n\u00e9ficiaires.<\/span><\/p>\n<p class=\"p1\"><span class=\"s2\">\u00ab Pass\u00e9 ce d\u00e9lai, les emplacements non occup\u00e9s seront retir\u00e9s et r\u00e9attribu\u00e9s \u00bb, pr\u00e9vient le communiqu\u00e9, pr\u00e9cisant que des contr\u00f4les seront men\u00e9s d\u00e8s la fin du mois de mars pour v\u00e9rifier l\u2019occupation effective des lieux. Cette mesure vise \u00e0 optimiser l\u2019utilisation des espaces marchands et \u00e0 garantir un fonctionnement fluide du march\u00e9.<\/span><\/p>\n<p class=\"p1\"><span class=\"s2\">La D\u00e9l\u00e9gation Sp\u00e9ciale de la Commune de Ouagadougou invite l\u2019ensemble des commer\u00e7ants concern\u00e9s \u00e0 faire preuve de civisme en respectant le d\u00e9lai imparti. Elle r\u00e9affirme sa d\u00e9termination \u00e0 assainir la gestion des espaces commerciaux dans la capitale, au b\u00e9n\u00e9fice de tous les acteurs \u00e9conomiques.<\/span><\/p>\n<p class=\"p1\"><span class=\"s2\">Le march\u00e9 Sankar Yaar, pilier du commerce local \u00e0 Ouagadougou, entend ainsi renouer avec sa vocation premi\u00e8re : \u00eatre un v\u00e9ritable centre d\u2019\u00e9changes et de prosp\u00e9rit\u00e9.<\/span><\/p>\n","protected":false},"excerpt":{"rendered":"<p>Dans un communiqu\u00e9 officiel en date du 20 f\u00e9vrier 2025, le Pr\u00e9sident de la D\u00e9l\u00e9gation<\/p>\n","protected":false},"author":2,"featured_media":1614,"comment_status":"open","ping_status":"open","sticky":false,"template":"","format":"standard","meta":{"_et_pb_use_builder":"","_et_pb_old_content":"","_et_gb_content_width":"","footnotes":""},"categories":[1],"tags":[],"class_list":["post-1613","post","type-post","status-publish","format-standard","has-post-thumbnail","hentry","category-faits-divers"],"yoast_head":"<!-- This site is optimized with the Yoast SEO plugin v27.5 - https:\/\/yoast.com\/product\/yoast-seo-wordpress\/ -->\n<title>Ouagadougou : Ultimatum aux commer\u00e7ants du march\u00e9 Sankar Yaar r\u00e9habilit\u00e9 - Vox Sahel<\/title>\n<meta name=\"robots\" content=\"index, follow, max-snippet:-1, max-image-preview:large, max-video-preview:-1\" \/>\n<link rel=\"canonical\" href=\"https:\/\/voxsahel.com\/?p=1613\" \/>\n<meta property=\"og:locale\" content=\"fr_FR\" \/>\n<meta property=\"og:type\" content=\"article\" \/>\n<meta property=\"og:title\" content=\"Ouagadougou : Ultimatum aux commer\u00e7ants du march\u00e9 Sankar Yaar r\u00e9habilit\u00e9 - Vox Sahel\" \/>\n<meta property=\"og:description\" content=\"Dans un communiqu\u00e9 officiel en date du 20 f\u00e9vrier 2025, le Pr\u00e9sident de la D\u00e9l\u00e9gation\" \/>\n<meta property=\"og:url\" content=\"https:\/\/voxsahel.com\/?p=1613\" \/>\n<meta property=\"og:site_name\" content=\"Vox Sahel\" \/>\n<meta property=\"article:publisher\" content=\"https:\/\/www.facebook.com\/journal.voxsahel\" \/>\n<meta property=\"article:published_time\" content=\"2025-03-18T21:00:47+00:00\" \/>\n<meta property=\"og:image\" content=\"https:\/\/voxsahel.com\/wp-content\/uploads\/2025\/03\/IMG_6416.jpeg\" \/>\n\t<meta property=\"og:image:width\" content=\"1024\" \/>\n\t<meta property=\"og:image:height\" content=\"683\" \/>\n\t<meta property=\"og:image:type\" content=\"image\/jpeg\" \/>\n<meta name=\"author\" content=\"Vox Sahel\" \/>\n<meta name=\"twitter:card\" content=\"summary_large_image\" \/>\n<meta name=\"twitter:label1\" content=\"\u00c9crit par\" \/>\n\t<meta name=\"twitter:data1\" content=\"Vox Sahel\" \/>\n\t<meta name=\"twitter:label2\" content=\"Dur\u00e9e de lecture estim\u00e9e\" \/>\n\t<meta name=\"twitter:data2\" content=\"2 minutes\" \/>\n<script type=\"application\/ld+json\" class=\"yoast-schema-graph\">{\"@context\":\"https:\\\/\\\/schema.org\",\"@graph\":[{\"@type\":\"Article\",\"@id\":\"https:\\\/\\\/voxsahel.com\\\/?p=1613#article\",\"isPartOf\":{\"@id\":\"https:\\\/\\\/voxsahel.com\\\/?p=1613\"},\"author\":{\"name\":\"Vox Sahel\",\"@id\":\"https:\\\/\\\/voxsahel.com\\\/#\\\/schema\\\/person\\\/b4043608248f8fa227cd760e7ff1e19e\"},\"headline\":\"Ouagadougou : Ultimatum aux commer\u00e7ants du march\u00e9 Sankar Yaar r\u00e9habilit\u00e9\",\"datePublished\":\"2025-03-18T21:00:47+00:00\",\"mainEntityOfPage\":{\"@id\":\"https:\\\/\\\/voxsahel.com\\\/?p=1613\"},\"wordCount\":247,\"commentCount\":0,\"publisher\":{\"@id\":\"https:\\\/\\\/voxsahel.com\\\/#organization\"},\"image\":{\"@id\":\"https:\\\/\\\/voxsahel.com\\\/?p=1613#primaryimage\"},\"thumbnailUrl\":\"https:\\\/\\\/voxsahel.com\\\/wp-content\\\/uploads\\\/2025\\\/03\\\/IMG_6416.jpeg\",\"articleSection\":[\"FAITS DIVERS\"],\"inLanguage\":\"fr-FR\",\"potentialAction\":[{\"@type\":\"CommentAction\",\"name\":\"Comment\",\"target\":[\"https:\\\/\\\/voxsahel.com\\\/?p=1613#respond\"]}]},{\"@type\":\"WebPage\",\"@id\":\"https:\\\/\\\/voxsahel.com\\\/?p=1613\",\"url\":\"https:\\\/\\\/voxsahel.com\\\/?p=1613\",\"name\":\"Ouagadougou : Ultimatum aux commer\u00e7ants du march\u00e9 Sankar Yaar r\u00e9habilit\u00e9 - Vox Sahel\",\"isPartOf\":{\"@id\":\"https:\\\/\\\/voxsahel.com\\\/#website\"},\"primaryImageOfPage\":{\"@id\":\"https:\\\/\\\/voxsahel.com\\\/?p=1613#primaryimage\"},\"image\":{\"@id\":\"https:\\\/\\\/voxsahel.com\\\/?p=1613#primaryimage\"},\"thumbnailUrl\":\"https:\\\/\\\/voxsahel.com\\\/wp-content\\\/uploads\\\/2025\\\/03\\\/IMG_6416.jpeg\",\"datePublished\":\"2025-03-18T21:00:47+00:00\",\"breadcrumb\":{\"@id\":\"https:\\\/\\\/voxsahel.com\\\/?p=1613#breadcrumb\"},\"inLanguage\":\"fr-FR\",\"potentialAction\":[{\"@type\":\"ReadAction\",\"target\":[\"https:\\\/\\\/voxsahel.com\\\/?p=1613\"]}]},{\"@type\":\"ImageObject\",\"inLanguage\":\"fr-FR\",\"@id\":\"https:\\\/\\\/voxsahel.com\\\/?p=1613#primaryimage\",\"url\":\"https:\\\/\\\/voxsahel.com\\\/wp-content\\\/uploads\\\/2025\\\/03\\\/IMG_6416.jpeg\",\"contentUrl\":\"https:\\\/\\\/voxsahel.com\\\/wp-content\\\/uploads\\\/2025\\\/03\\\/IMG_6416.jpeg\",\"width\":1024,\"height\":683},{\"@type\":\"BreadcrumbList\",\"@id\":\"https:\\\/\\\/voxsahel.com\\\/?p=1613#breadcrumb\",\"itemListElement\":[{\"@type\":\"ListItem\",\"position\":1,\"name\":\"Home\",\"item\":\"https:\\\/\\\/voxsahel.com\\\/\"},{\"@type\":\"ListItem\",\"position\":2,\"name\":\"Ouagadougou : Ultimatum aux commer\u00e7ants du march\u00e9 Sankar Yaar r\u00e9habilit\u00e9\"}]},{\"@type\":\"WebSite\",\"@id\":\"https:\\\/\\\/voxsahel.com\\\/#website\",\"url\":\"https:\\\/\\\/voxsahel.com\\\/\",\"name\":\"Vox Sahel\",\"description\":\"Informez-vous sur le Sahel en un clic\",\"publisher\":{\"@id\":\"https:\\\/\\\/voxsahel.com\\\/#organization\"},\"potentialAction\":[{\"@type\":\"SearchAction\",\"target\":{\"@type\":\"EntryPoint\",\"urlTemplate\":\"https:\\\/\\\/voxsahel.com\\\/?s={search_term_string}\"},\"query-input\":{\"@type\":\"PropertyValueSpecification\",\"valueRequired\":true,\"valueName\":\"search_term_string\"}}],\"inLanguage\":\"fr-FR\"},{\"@type\":\"Organization\",\"@id\":\"https:\\\/\\\/voxsahel.com\\\/#organization\",\"name\":\"Vox Sahel\",\"url\":\"https:\\\/\\\/voxsahel.com\\\/\",\"logo\":{\"@type\":\"ImageObject\",\"inLanguage\":\"fr-FR\",\"@id\":\"https:\\\/\\\/voxsahel.com\\\/#\\\/schema\\\/logo\\\/image\\\/\",\"url\":\"https:\\\/\\\/voxsahel.com\\\/wp-content\\\/uploads\\\/2024\\\/09\\\/Logo-Vox-Sahel.jpg\",\"contentUrl\":\"https:\\\/\\\/voxsahel.com\\\/wp-content\\\/uploads\\\/2024\\\/09\\\/Logo-Vox-Sahel.jpg\",\"width\":1181,\"height\":848,\"caption\":\"Vox Sahel\"},\"image\":{\"@id\":\"https:\\\/\\\/voxsahel.com\\\/#\\\/schema\\\/logo\\\/image\\\/\"},\"sameAs\":[\"https:\\\/\\\/www.facebook.com\\\/journal.voxsahel\"]},{\"@type\":\"Person\",\"@id\":\"https:\\\/\\\/voxsahel.com\\\/#\\\/schema\\\/person\\\/b4043608248f8fa227cd760e7ff1e19e\",\"name\":\"Vox Sahel\",\"image\":{\"@type\":\"ImageObject\",\"inLanguage\":\"fr-FR\",\"@id\":\"https:\\\/\\\/secure.gravatar.com\\\/avatar\\\/f70e7fa0cb9b29d4a7c5788d6eb2e9ab4d3135cbae1c9161810fdf77a8964699?s=96&d=mm&r=g\",\"url\":\"https:\\\/\\\/secure.gravatar.com\\\/avatar\\\/f70e7fa0cb9b29d4a7c5788d6eb2e9ab4d3135cbae1c9161810fdf77a8964699?s=96&d=mm&r=g\",\"contentUrl\":\"https:\\\/\\\/secure.gravatar.com\\\/avatar\\\/f70e7fa0cb9b29d4a7c5788d6eb2e9ab4d3135cbae1c9161810fdf77a8964699?s=96&d=mm&r=g\",\"caption\":\"Vox Sahel\"},\"sameAs\":[\"http:\\\/\\\/www.voxsahel.com\"],\"url\":\"https:\\\/\\\/voxsahel.com\\\/?author=2\"}]}<\/script>\n<!-- \/ Yoast SEO plugin. -->","yoast_head_json":{"title":"Ouagadougou : Ultimatum aux commer\u00e7ants du march\u00e9 Sankar Yaar r\u00e9habilit\u00e9 - Vox Sahel","robots":{"index":"index","follow":"follow","max-snippet":"max-snippet:-1","max-image-preview":"max-image-preview:large","max-video-preview":"max-video-preview:-1"},"canonical":"https:\/\/voxsahel.com\/?p=1613","og_locale":"fr_FR","og_type":"article","og_title":"Ouagadougou : Ultimatum aux commer\u00e7ants du march\u00e9 Sankar Yaar r\u00e9habilit\u00e9 - Vox Sahel","og_description":"Dans un communiqu\u00e9 officiel en date du 20 f\u00e9vrier 2025, le Pr\u00e9sident de la D\u00e9l\u00e9gation","og_url":"https:\/\/voxsahel.com\/?p=1613","og_site_name":"Vox Sahel","article_publisher":"https:\/\/www.facebook.com\/journal.voxsahel","article_published_time":"2025-03-18T21:00:47+00:00","og_image":[{"width":1024,"height":683,"url":"https:\/\/voxsahel.com\/wp-content\/uploads\/2025\/03\/IMG_6416.jpeg","type":"image\/jpeg"}],"author":"Vox Sahel","twitter_card":"summary_large_image","twitter_misc":{"\u00c9crit par":"Vox Sahel","Dur\u00e9e de lecture estim\u00e9e":"2 minutes"},"schema":{"@context":"https:\/\/schema.org","@graph":[{"@type":"Article","@id":"https:\/\/voxsahel.com\/?p=1613#article","isPartOf":{"@id":"https:\/\/voxsahel.com\/?p=1613"},"author":{"name":"Vox Sahel","@id":"https:\/\/voxsahel.com\/#\/schema\/person\/b4043608248f8fa227cd760e7ff1e19e"},"headline":"Ouagadougou : Ultimatum aux commer\u00e7ants du march\u00e9 Sankar Yaar r\u00e9habilit\u00e9","datePublished":"2025-03-18T21:00:47+00:00","mainEntityOfPage":{"@id":"https:\/\/voxsahel.com\/?p=1613"},"wordCount":247,"commentCount":0,"publisher":{"@id":"https:\/\/voxsahel.com\/#organization"},"image":{"@id":"https:\/\/voxsahel.com\/?p=1613#primaryimage"},"thumbnailUrl":"https:\/\/voxsahel.com\/wp-content\/uploads\/2025\/03\/IMG_6416.jpeg","articleSection":["FAITS DIVERS"],"inLanguage":"fr-FR","potentialAction":[{"@type":"CommentAction","name":"Comment","target":["https:\/\/voxsahel.com\/?p=1613#respond"]}]},{"@type":"WebPage","@id":"https:\/\/voxsahel.com\/?p=1613","url":"https:\/\/voxsahel.com\/?p=1613","name":"Ouagadougou : Ultimatum aux commer\u00e7ants du march\u00e9 Sankar Yaar r\u00e9habilit\u00e9 - Vox Sahel","isPartOf":{"@id":"https:\/\/voxsahel.com\/#website"},"primaryImageOfPage":{"@id":"https:\/\/voxsahel.com\/?p=1613#primaryimage"},"image":{"@id":"https:\/\/voxsahel.com\/?p=1613#primaryimage"},"thumbnailUrl":"https:\/\/voxsahel.com\/wp-content\/uploads\/2025\/03\/IMG_6416.jpeg","datePublished":"2025-03-18T21:00:47+00:00","breadcrumb":{"@id":"https:\/\/voxsahel.com\/?p=1613#breadcrumb"},"inLanguage":"fr-FR","potentialAction":[{"@type":"ReadAction","target":["https:\/\/voxsahel.com\/?p=1613"]}]},{"@type":"ImageObject","inLanguage":"fr-FR","@id":"https:\/\/voxsahel.com\/?p=1613#primaryimage","url":"https:\/\/voxsahel.com\/wp-content\/uploads\/2025\/03\/IMG_6416.jpeg","contentUrl":"https:\/\/voxsahel.com\/wp-content\/uploads\/2025\/03\/IMG_6416.jpeg","width":1024,"height":683},{"@type":"BreadcrumbList","@id":"https:\/\/voxsahel.com\/?p=1613#breadcrumb","itemListElement":[{"@type":"ListItem","position":1,"name":"Home","item":"https:\/\/voxsahel.com\/"},{"@type":"ListItem","position":2,"name":"Ouagadougou : Ultimatum aux commer\u00e7ants du march\u00e9 Sankar Yaar r\u00e9habilit\u00e9"}]},{"@type":"WebSite","@id":"https:\/\/voxsahel.com\/#website","url":"https:\/\/voxsahel.com\/","name":"Vox Sahel","description":"Informez-vous sur le Sahel en un clic","publisher":{"@id":"https:\/\/voxsahel.com\/#organization"},"potentialAction":[{"@type":"SearchAction","target":{"@type":"EntryPoint","urlTemplate":"https:\/\/voxsahel.com\/?s={search_term_string}"},"query-input":{"@type":"PropertyValueSpecification","valueRequired":true,"valueName":"search_term_string"}}],"inLanguage":"fr-FR"},{"@type":"Organization","@id":"https:\/\/voxsahel.com\/#organization","name":"Vox Sahel","url":"https:\/\/voxsahel.com\/","logo":{"@type":"ImageObject","inLanguage":"fr-FR","@id":"https:\/\/voxsahel.com\/#\/schema\/logo\/image\/","url":"https:\/\/voxsahel.com\/wp-content\/uploads\/2024\/09\/Logo-Vox-Sahel.jpg","contentUrl":"https:\/\/voxsahel.com\/wp-content\/uploads\/2024\/09\/Logo-Vox-Sahel.jpg","width":1181,"height":848,"caption":"Vox Sahel"},"image":{"@id":"https:\/\/voxsahel.com\/#\/schema\/logo\/image\/"},"sameAs":["https:\/\/www.facebook.com\/journal.voxsahel"]},{"@type":"Person","@id":"https:\/\/voxsahel.com\/#\/schema\/person\/b4043608248f8fa227cd760e7ff1e19e","name":"Vox Sahel","image":{"@type":"ImageObject","inLanguage":"fr-FR","@id":"https:\/\/secure.gravatar.com\/avatar\/f70e7fa0cb9b29d4a7c5788d6eb2e9ab4d3135cbae1c9161810fdf77a8964699?s=96&d=mm&r=g","url":"https:\/\/secure.gravatar.com\/avatar\/f70e7fa0cb9b29d4a7c5788d6eb2e9ab4d3135cbae1c9161810fdf77a8964699?s=96&d=mm&r=g","contentUrl":"https:\/\/secure.gravatar.com\/avatar\/f70e7fa0cb9b29d4a7c5788d6eb2e9ab4d3135cbae1c9161810fdf77a8964699?s=96&d=mm&r=g","caption":"Vox Sahel"},"sameAs":["http:\/\/www.voxsahel.com"],"url":"https:\/\/voxsahel.com\/?author=2"}]}},"_links":{"self":[{"href":"https:\/\/voxsahel.com\/index.php?rest_route=\/wp\/v2\/posts\/1613","targetHints":{"allow":["GET"]}}],"collection":[{"href":"https:\/\/voxsahel.com\/index.php?rest_route=\/wp\/v2\/posts"}],"about":[{"href":"https:\/\/voxsahel.com\/index.php?rest_route=\/wp\/v2\/types\/post"}],"author":[{"embeddable":true,"href":"https:\/\/voxsahel.com\/index.php?rest_route=\/wp\/v2\/users\/2"}],"replies":[{"embeddable":true,"href":"https:\/\/voxsahel.com\/index.php?rest_route=%2Fwp%2Fv2%2Fcomments&post=1613"}],"version-history":[{"count":1,"href":"https:\/\/voxsahel.com\/index.php?rest_route=\/wp\/v2\/posts\/1613\/revisions"}],"predecessor-version":[{"id":1615,"href":"https:\/\/voxsahel.com\/index.php?rest_route=\/wp\/v2\/posts\/1613\/revisions\/1615"}],"wp:featuredmedia":[{"embeddable":true,"href":"https:\/\/voxsahel.com\/index.php?rest_route=\/wp\/v2\/media\/1614"}],"wp:attachment":[{"href":"https:\/\/voxsahel.com\/index.php?rest_route=%2Fwp%2Fv2%2Fmedia&parent=1613"}],"wp:term":[{"taxonomy":"category","embeddable":true,"href":"https:\/\/voxsahel.com\/index.php?rest_route=%2Fwp%2Fv2%2Fcategories&post=1613"},{"taxonomy":"post_tag","embeddable":true,"href":"https:\/\/voxsahel.com\/index.php?rest_route=%2Fwp%2Fv2%2Ftags&post=1613"}],"curies":[{"name":"wp","href":"https:\/\/api.w.org\/{rel}","templated":true}]}}