{"id":1603,"date":"2025-03-18T05:21:26","date_gmt":"2025-03-18T05:21:26","guid":{"rendered":"https:\/\/voxsahel.com\/?p=1603"},"modified":"2025-03-18T05:21:26","modified_gmt":"2025-03-18T05:21:26","slug":"mohamed-doumi-a-propos-de-la-gestion-du-pouvoir-par-le-capitaine-ibrahim-traore-nous-devons-proteger-la-revolution-croire-en-ce-quenous-faisons-et-ne-pas-nous-laisser-distraire-par-ceuxqui-c","status":"publish","type":"post","link":"https:\/\/voxsahel.com\/?p=1603","title":{"rendered":"Mohamed Doumi \u00e0 propos de la gestion du pouvoir par le capitaine Ibrahim traor\u00e9 : \u00ab Nous devons prot\u00e9ger la r\u00e9volution, croire en ce quenous faisons et ne pas nous laisser distraire par ceuxqui cherchent \u00e0 d\u00e9stabiliser le pays \u00bb"},"content":{"rendered":"<p class=\"p1\"><strong><span class=\"s3\">El Hadj Mohamed Doumi, pr\u00e9sident de la F\u00e9d\u00e9ration Assalam International et ambassadeur de la paix universelle, a r\u00e9affirm\u00e9 le 17 mars 2025 son soutien sans r\u00e9serve aux autorit\u00e9s burkinab\u00e8 sous la pr\u00e9sidence du capitaine Ibrahim Traor\u00e9. Il a soulign\u00e9 l\u2019importance capitale de la stabilit\u00e9 politique du Burkina Faso, des r\u00e9formes en cours et de la vigilance face aux manipulations ext\u00e9rieures qui menacent la souverainet\u00e9 nationale.<\/span><\/strong><\/p>\n<p class=\"p3\"><strong><span class=\"s3\"><br \/>\n<\/span><\/strong><span class=\"s3\">\u00a0<\/span>D&rsquo;entr\u00e9e de jeu, El Hadj Mohamed Doumi a abord\u00e9 la situation pr\u00e9occupante de Solenzo, o\u00f9 des vid\u00e9os circulent montrant des membres des Volontaires pour la D\u00e9fense de la Patrie (VDP) accus\u00e9s d\u2019ex\u00e9cuter des civils. Bien que des soup\u00e7ons aient \u00e9merg\u00e9 \u00e0 cet \u00e9gard, le gouvernement burkinab\u00e8 a r\u00e9agi fermement, qualifiant ces all\u00e9gations de fausses et les attribuant \u00e0 une campagne de d\u00e9sinformation visant \u00e0 ternir l&rsquo;image des forces arm\u00e9es nationales.<\/p>\n<p class=\"p3\"><span class=\"s3\">En outre, El Hadj Mohamed Doumi a exprim\u00e9 ses inqui\u00e9tudes concernant les ing\u00e9rences \u00e9trang\u00e8res, notamment occidentales, qu\u2019il accuse de d\u00e9stabiliser le Burkina Faso et la r\u00e9gion. Selon lui, ces puissances financent des groupes arm\u00e9s recrut\u00e9s dans certains pays africains pour semer le chaos dans les villages et provoquer des violences. Il a insist\u00e9 sur le fait que ces man\u0153uvres ont pour objectif de diviser la population et de mettre la pression sur les autorit\u00e9s actuelles, en cherchant \u00e0 inciter \u00e0 la r\u00e9volte contre le gouvernement du capitaine Ibrahim Traor\u00e9. <\/span><\/p>\n<p class=\"p3\"><span class=\"s3\">El Hadj Mohamed Doumi a \u00e9galement \u00e9voqu\u00e9 la situation des Peuls, un groupe ethnique majeur du Burkina Faso, qu\u2019il estime particuli\u00e8rement cibl\u00e9 par ces manipulations ext\u00e9rieures. Il a alert\u00e9 sur l\u2019utilisation de fausses informations pour fracturer la population et \u00e9branler l\u2019unit\u00e9 nationale, soulignant qu\u2019une telle situation constitue une menace pour la stabilit\u00e9 du pays. Dans un autre registre, il a salu\u00e9 les r\u00e9formes en cours sous la pr\u00e9sidence du capitaine Ibrahim Traor\u00e9, notamment dans les secteurs des infrastructures, de l\u2019agriculture, de l\u2019industrie et de la sant\u00e9. <\/span><\/p>\n<blockquote>\n<p class=\"p3\"><span class=\"s3\">\u00ab Des progr\u00e8s significatifs sont r\u00e9alis\u00e9s, que ce soit dans la construction de routes, d\u2019\u00e9coles, d\u2019h\u00f4pitaux ou encore dans la mise en place d\u2019outils modernes pour soutenir l\u2019agriculture et l\u2019industrie. C\u2019est un travail positif qu\u2019il convient de soutenir \u00bb, a affirm\u00e9 le pr\u00e9sident de la F\u00e9d\u00e9ration Assalam International. <\/span><\/p>\n<\/blockquote>\n<p class=\"p3\"><span class=\"s3\">Il a \u00e9galement mis en avant le r\u00f4le central du pr\u00e9sident Traor\u00e9 dans la relance du pays et a salu\u00e9 sa vision dynamique ainsi que son engagement sans faille pour le d\u00e9veloppement du Burkina Faso. El Hadj Mohamed Doumi a par ailleurs salu\u00e9 l&rsquo;expos\u00e9 du Premier ministre devant l\u2019Assembl\u00e9e L\u00e9gislative de Transition (ALT), soulignant que cette pr\u00e9sentation a renforc\u00e9 la confiance du peuple burkinab\u00e8, malgr\u00e9 les campagnes de d\u00e9sinformation. <\/span><\/p>\n<p class=\"p3\"><span class=\"s3\">Pour contrer ces fausses informations, il a pr\u00e9conis\u00e9 un soutien renforc\u00e9 \u00e0 la presse nationale, afin de rendre la voix de ces m\u00e9dias plus forte face \u00e0 l\u2019influence des m\u00e9dias internationaux, qui, selon lui, cherchent \u00e0 miner la gestion du pouvoir burkinab\u00e8.<\/span><\/p>\n<p class=\"p3\"><span class=\"s3\">Sur le plan \u00e9conomique, El Hadj Mohamed Doumi a salu\u00e9 la cr\u00e9ation de la Banque r\u00e9gionale de l&rsquo;AES, une initiative qu\u2019il consid\u00e8re comme un pas d\u00e9cisif vers l\u2019autonomie financi\u00e8re de la r\u00e9gion. <\/span><\/p>\n<blockquote>\n<p class=\"p3\"><span class=\"s3\">\u00ab Cette banque est une excellente initiative qui permettra de renforcer nos \u00e9conomies et de r\u00e9duire l&rsquo;influence \u00e9trang\u00e8re. Apr\u00e8s la banque, il faut vite penser \u00e0 la cr\u00e9ation d\u2019une monnaie commune pour contrer l\u2019imp\u00e9rialisme \u00bb, a-t-il ajout\u00e9, soulignant l\u2019importance d\u2019une telle d\u00e9marche pour garantir la souverainet\u00e9 \u00e9conomique des pays de l&rsquo;AES. <\/span><\/p>\n<\/blockquote>\n<p class=\"p3\"><span class=\"s3\">Il a \u00e9galement exprim\u00e9 son soutien \u00e0 l\u2019intention du Togo de rejoindre l&rsquo;AES, pr\u00e9voyant que d\u2019autres pays viendront bient\u00f4t s\u2019ajouter \u00e0 cette initiative, qui vise \u00e0 promouvoir une coop\u00e9ration r\u00e9gionale solide. Par ailleurs, il a \u00e9voqu\u00e9 la tension entre le pr\u00e9sident Emballo de Guin\u00e9e-Bissau et la CEDEAO, une situation qu\u2019il consid\u00e8re comme un affaiblissement de l\u2019organisation r\u00e9gionale.Enfin, El Hadj Mohamed Doumi a lanc\u00e9 un appel vibrant \u00e0 l\u2019unit\u00e9 nationale, exhortant les Burkinab\u00e8 \u00e0 soutenir la r\u00e9volution et \u00e0 rester unis derri\u00e8re le pr\u00e9sident Ibrahim Traor\u00e9. <\/span><\/p>\n<p class=\"p3\"><span class=\"s3\">\u00ab Nous devons prot\u00e9ger la r\u00e9volution, croire en ce que nous faisons et ne pas nous laisser distraire par ceux qui cherchent \u00e0 d\u00e9stabiliser le pays \u00bb, a-t-il affirm\u00e9. Selon lui, le d\u00e9veloppement du Burkina Faso passe par la solidarit\u00e9 nationale et un soutien ind\u00e9fectible aux initiatives du gouvernement. <\/span><\/p>\n<p class=\"p3\"><span class=\"s3\">\u00ab Le pr\u00e9sident Ibrahim Traor\u00e9 est le leader qu&rsquo;il nous faut. Il est d\u00e9termin\u00e9 \u00e0 faire progresser le pays, et nous devons l\u2019accompagner dans sa mission pour un Burkina Faso prosp\u00e8re \u00bb, a-t-il conclu.Ainsi, le pr\u00e9sident de la F\u00e9d\u00e9ration Assalam International a r\u00e9it\u00e9r\u00e9 son soutien total aux efforts du gouvernement burkinab\u00e8 pour garantir la paix, le d\u00e9veloppement et la stabilit\u00e9 du pays face aux d\u00e9fis int\u00e9rieurs et ext\u00e9rieurs.<\/span><\/p>\n<p class=\"p3\" style=\"text-align: right;\"><span class=\"s3\"><b>Par Amir BAKO <\/b><\/span><\/p>\n","protected":false},"excerpt":{"rendered":"<p>El Hadj Mohamed Doumi, pr\u00e9sident de la F\u00e9d\u00e9ration Assalam International et ambassadeur de la paix<\/p>\n","protected":false},"author":2,"featured_media":1608,"comment_status":"open","ping_status":"open","sticky":false,"template":"","format":"standard","meta":{"_et_pb_use_builder":"","_et_pb_old_content":"","_et_gb_content_width":"","footnotes":""},"categories":[5],"tags":[18,642,75,479,662,20,643],"class_list":["post-1603","post","type-post","status-publish","format-standard","has-post-thumbnail","hentry","category-societe","tag-burkina-faso","tag-guinee-bissau","tag-politique","tag-societe","tag-solenzo","tag-terrorisme","tag-umaro-sissoco-embalo"],"yoast_head":"<!-- This site is optimized with the Yoast SEO plugin v27.5 - https:\/\/yoast.com\/product\/yoast-seo-wordpress\/ -->\n<title>Mohamed Doumi \u00e0 propos de la gestion du pouvoir par le capitaine Ibrahim traor\u00e9 : \u00ab Nous devons prot\u00e9ger la r\u00e9volution, croire en ce quenous faisons et ne pas nous laisser distraire par ceuxqui cherchent \u00e0 d\u00e9stabiliser le pays \u00bb - Vox Sahel<\/title>\n<meta name=\"robots\" content=\"index, follow, max-snippet:-1, max-image-preview:large, max-video-preview:-1\" \/>\n<link rel=\"canonical\" href=\"https:\/\/voxsahel.com\/?p=1603\" \/>\n<meta property=\"og:locale\" content=\"fr_FR\" \/>\n<meta property=\"og:type\" content=\"article\" \/>\n<meta property=\"og:title\" content=\"Mohamed Doumi \u00e0 propos de la gestion du pouvoir par le capitaine Ibrahim traor\u00e9 : \u00ab Nous devons prot\u00e9ger la r\u00e9volution, croire en ce quenous faisons et ne pas nous laisser distraire par ceuxqui cherchent \u00e0 d\u00e9stabiliser le pays \u00bb - Vox Sahel\" \/>\n<meta property=\"og:description\" content=\"El Hadj Mohamed Doumi, pr\u00e9sident de la F\u00e9d\u00e9ration Assalam International et ambassadeur de la paix\" \/>\n<meta property=\"og:url\" content=\"https:\/\/voxsahel.com\/?p=1603\" \/>\n<meta property=\"og:site_name\" content=\"Vox Sahel\" \/>\n<meta property=\"article:publisher\" content=\"https:\/\/www.facebook.com\/journal.voxsahel\" \/>\n<meta property=\"article:published_time\" content=\"2025-03-18T05:21:26+00:00\" \/>\n<meta property=\"og:image\" content=\"https:\/\/voxsahel.com\/wp-content\/uploads\/2025\/03\/119c4e17-7450-41e8-ab5b-1e8edcbe27dc.jpeg\" \/>\n\t<meta property=\"og:image:width\" content=\"963\" \/>\n\t<meta property=\"og:image:height\" content=\"1280\" \/>\n\t<meta property=\"og:image:type\" content=\"image\/jpeg\" \/>\n<meta name=\"author\" content=\"Vox Sahel\" \/>\n<meta name=\"twitter:card\" content=\"summary_large_image\" \/>\n<meta name=\"twitter:label1\" content=\"\u00c9crit par\" \/>\n\t<meta name=\"twitter:data1\" content=\"Vox Sahel\" \/>\n\t<meta name=\"twitter:label2\" content=\"Dur\u00e9e de lecture estim\u00e9e\" \/>\n\t<meta name=\"twitter:data2\" content=\"4 minutes\" \/>\n<script type=\"application\/ld+json\" class=\"yoast-schema-graph\">{\"@context\":\"https:\\\/\\\/schema.org\",\"@graph\":[{\"@type\":\"Article\",\"@id\":\"https:\\\/\\\/voxsahel.com\\\/?p=1603#article\",\"isPartOf\":{\"@id\":\"https:\\\/\\\/voxsahel.com\\\/?p=1603\"},\"author\":{\"name\":\"Vox Sahel\",\"@id\":\"https:\\\/\\\/voxsahel.com\\\/#\\\/schema\\\/person\\\/b4043608248f8fa227cd760e7ff1e19e\"},\"headline\":\"Mohamed Doumi \u00e0 propos de la gestion du pouvoir par le capitaine Ibrahim traor\u00e9 : \u00ab Nous devons prot\u00e9ger la r\u00e9volution, croire en ce quenous faisons et ne pas nous laisser distraire par ceuxqui cherchent \u00e0 d\u00e9stabiliser le pays \u00bb\",\"datePublished\":\"2025-03-18T05:21:26+00:00\",\"mainEntityOfPage\":{\"@id\":\"https:\\\/\\\/voxsahel.com\\\/?p=1603\"},\"wordCount\":900,\"commentCount\":0,\"publisher\":{\"@id\":\"https:\\\/\\\/voxsahel.com\\\/#organization\"},\"image\":{\"@id\":\"https:\\\/\\\/voxsahel.com\\\/?p=1603#primaryimage\"},\"thumbnailUrl\":\"https:\\\/\\\/voxsahel.com\\\/wp-content\\\/uploads\\\/2025\\\/03\\\/119c4e17-7450-41e8-ab5b-1e8edcbe27dc.jpeg\",\"keywords\":[\"Burkina Faso\",\"Guin\u00e9e-Bissau\",\"Politique\",\"Soci\u00e9t\u00e9\",\"Solenzo\",\"Terrorisme\",\"Umaro Sissoco Embal\u00f3\"],\"articleSection\":[\"SOCIETE\"],\"inLanguage\":\"fr-FR\",\"potentialAction\":[{\"@type\":\"CommentAction\",\"name\":\"Comment\",\"target\":[\"https:\\\/\\\/voxsahel.com\\\/?p=1603#respond\"]}]},{\"@type\":\"WebPage\",\"@id\":\"https:\\\/\\\/voxsahel.com\\\/?p=1603\",\"url\":\"https:\\\/\\\/voxsahel.com\\\/?p=1603\",\"name\":\"Mohamed Doumi \u00e0 propos de la gestion du pouvoir par le capitaine Ibrahim traor\u00e9 : \u00ab Nous devons prot\u00e9ger la r\u00e9volution, croire en ce quenous faisons et ne pas nous laisser distraire par ceuxqui cherchent \u00e0 d\u00e9stabiliser le pays \u00bb - Vox Sahel\",\"isPartOf\":{\"@id\":\"https:\\\/\\\/voxsahel.com\\\/#website\"},\"primaryImageOfPage\":{\"@id\":\"https:\\\/\\\/voxsahel.com\\\/?p=1603#primaryimage\"},\"image\":{\"@id\":\"https:\\\/\\\/voxsahel.com\\\/?p=1603#primaryimage\"},\"thumbnailUrl\":\"https:\\\/\\\/voxsahel.com\\\/wp-content\\\/uploads\\\/2025\\\/03\\\/119c4e17-7450-41e8-ab5b-1e8edcbe27dc.jpeg\",\"datePublished\":\"2025-03-18T05:21:26+00:00\",\"breadcrumb\":{\"@id\":\"https:\\\/\\\/voxsahel.com\\\/?p=1603#breadcrumb\"},\"inLanguage\":\"fr-FR\",\"potentialAction\":[{\"@type\":\"ReadAction\",\"target\":[\"https:\\\/\\\/voxsahel.com\\\/?p=1603\"]}]},{\"@type\":\"ImageObject\",\"inLanguage\":\"fr-FR\",\"@id\":\"https:\\\/\\\/voxsahel.com\\\/?p=1603#primaryimage\",\"url\":\"https:\\\/\\\/voxsahel.com\\\/wp-content\\\/uploads\\\/2025\\\/03\\\/119c4e17-7450-41e8-ab5b-1e8edcbe27dc.jpeg\",\"contentUrl\":\"https:\\\/\\\/voxsahel.com\\\/wp-content\\\/uploads\\\/2025\\\/03\\\/119c4e17-7450-41e8-ab5b-1e8edcbe27dc.jpeg\",\"width\":963,\"height\":1280},{\"@type\":\"BreadcrumbList\",\"@id\":\"https:\\\/\\\/voxsahel.com\\\/?p=1603#breadcrumb\",\"itemListElement\":[{\"@type\":\"ListItem\",\"position\":1,\"name\":\"Home\",\"item\":\"https:\\\/\\\/voxsahel.com\\\/\"},{\"@type\":\"ListItem\",\"position\":2,\"name\":\"Mohamed Doumi \u00e0 propos de la gestion du pouvoir par le capitaine Ibrahim traor\u00e9 : \u00ab Nous devons prot\u00e9ger la r\u00e9volution, croire en ce quenous faisons et ne pas nous laisser distraire par ceuxqui cherchent \u00e0 d\u00e9stabiliser le pays \u00bb\"}]},{\"@type\":\"WebSite\",\"@id\":\"https:\\\/\\\/voxsahel.com\\\/#website\",\"url\":\"https:\\\/\\\/voxsahel.com\\\/\",\"name\":\"Vox Sahel\",\"description\":\"Informez-vous sur le Sahel en un clic\",\"publisher\":{\"@id\":\"https:\\\/\\\/voxsahel.com\\\/#organization\"},\"potentialAction\":[{\"@type\":\"SearchAction\",\"target\":{\"@type\":\"EntryPoint\",\"urlTemplate\":\"https:\\\/\\\/voxsahel.com\\\/?s={search_term_string}\"},\"query-input\":{\"@type\":\"PropertyValueSpecification\",\"valueRequired\":true,\"valueName\":\"search_term_string\"}}],\"inLanguage\":\"fr-FR\"},{\"@type\":\"Organization\",\"@id\":\"https:\\\/\\\/voxsahel.com\\\/#organization\",\"name\":\"Vox Sahel\",\"url\":\"https:\\\/\\\/voxsahel.com\\\/\",\"logo\":{\"@type\":\"ImageObject\",\"inLanguage\":\"fr-FR\",\"@id\":\"https:\\\/\\\/voxsahel.com\\\/#\\\/schema\\\/logo\\\/image\\\/\",\"url\":\"https:\\\/\\\/voxsahel.com\\\/wp-content\\\/uploads\\\/2024\\\/09\\\/Logo-Vox-Sahel.jpg\",\"contentUrl\":\"https:\\\/\\\/voxsahel.com\\\/wp-content\\\/uploads\\\/2024\\\/09\\\/Logo-Vox-Sahel.jpg\",\"width\":1181,\"height\":848,\"caption\":\"Vox Sahel\"},\"image\":{\"@id\":\"https:\\\/\\\/voxsahel.com\\\/#\\\/schema\\\/logo\\\/image\\\/\"},\"sameAs\":[\"https:\\\/\\\/www.facebook.com\\\/journal.voxsahel\"]},{\"@type\":\"Person\",\"@id\":\"https:\\\/\\\/voxsahel.com\\\/#\\\/schema\\\/person\\\/b4043608248f8fa227cd760e7ff1e19e\",\"name\":\"Vox Sahel\",\"image\":{\"@type\":\"ImageObject\",\"inLanguage\":\"fr-FR\",\"@id\":\"https:\\\/\\\/secure.gravatar.com\\\/avatar\\\/f70e7fa0cb9b29d4a7c5788d6eb2e9ab4d3135cbae1c9161810fdf77a8964699?s=96&d=mm&r=g\",\"url\":\"https:\\\/\\\/secure.gravatar.com\\\/avatar\\\/f70e7fa0cb9b29d4a7c5788d6eb2e9ab4d3135cbae1c9161810fdf77a8964699?s=96&d=mm&r=g\",\"contentUrl\":\"https:\\\/\\\/secure.gravatar.com\\\/avatar\\\/f70e7fa0cb9b29d4a7c5788d6eb2e9ab4d3135cbae1c9161810fdf77a8964699?s=96&d=mm&r=g\",\"caption\":\"Vox Sahel\"},\"sameAs\":[\"http:\\\/\\\/www.voxsahel.com\"],\"url\":\"https:\\\/\\\/voxsahel.com\\\/?author=2\"}]}<\/script>\n<!-- \/ Yoast SEO plugin. -->","yoast_head_json":{"title":"Mohamed Doumi \u00e0 propos de la gestion du pouvoir par le capitaine Ibrahim traor\u00e9 : \u00ab Nous devons prot\u00e9ger la r\u00e9volution, croire en ce quenous faisons et ne pas nous laisser distraire par ceuxqui cherchent \u00e0 d\u00e9stabiliser le pays \u00bb - Vox Sahel","robots":{"index":"index","follow":"follow","max-snippet":"max-snippet:-1","max-image-preview":"max-image-preview:large","max-video-preview":"max-video-preview:-1"},"canonical":"https:\/\/voxsahel.com\/?p=1603","og_locale":"fr_FR","og_type":"article","og_title":"Mohamed Doumi \u00e0 propos de la gestion du pouvoir par le capitaine Ibrahim traor\u00e9 : \u00ab Nous devons prot\u00e9ger la r\u00e9volution, croire en ce quenous faisons et ne pas nous laisser distraire par ceuxqui cherchent \u00e0 d\u00e9stabiliser le pays \u00bb - Vox Sahel","og_description":"El Hadj Mohamed Doumi, pr\u00e9sident de la F\u00e9d\u00e9ration Assalam International et ambassadeur de la paix","og_url":"https:\/\/voxsahel.com\/?p=1603","og_site_name":"Vox Sahel","article_publisher":"https:\/\/www.facebook.com\/journal.voxsahel","article_published_time":"2025-03-18T05:21:26+00:00","og_image":[{"width":963,"height":1280,"url":"https:\/\/voxsahel.com\/wp-content\/uploads\/2025\/03\/119c4e17-7450-41e8-ab5b-1e8edcbe27dc.jpeg","type":"image\/jpeg"}],"author":"Vox Sahel","twitter_card":"summary_large_image","twitter_misc":{"\u00c9crit par":"Vox Sahel","Dur\u00e9e de lecture estim\u00e9e":"4 minutes"},"schema":{"@context":"https:\/\/schema.org","@graph":[{"@type":"Article","@id":"https:\/\/voxsahel.com\/?p=1603#article","isPartOf":{"@id":"https:\/\/voxsahel.com\/?p=1603"},"author":{"name":"Vox Sahel","@id":"https:\/\/voxsahel.com\/#\/schema\/person\/b4043608248f8fa227cd760e7ff1e19e"},"headline":"Mohamed Doumi \u00e0 propos de la gestion du pouvoir par le capitaine Ibrahim traor\u00e9 : \u00ab Nous devons prot\u00e9ger la r\u00e9volution, croire en ce quenous faisons et ne pas nous laisser distraire par ceuxqui cherchent \u00e0 d\u00e9stabiliser le pays \u00bb","datePublished":"2025-03-18T05:21:26+00:00","mainEntityOfPage":{"@id":"https:\/\/voxsahel.com\/?p=1603"},"wordCount":900,"commentCount":0,"publisher":{"@id":"https:\/\/voxsahel.com\/#organization"},"image":{"@id":"https:\/\/voxsahel.com\/?p=1603#primaryimage"},"thumbnailUrl":"https:\/\/voxsahel.com\/wp-content\/uploads\/2025\/03\/119c4e17-7450-41e8-ab5b-1e8edcbe27dc.jpeg","keywords":["Burkina Faso","Guin\u00e9e-Bissau","Politique","Soci\u00e9t\u00e9","Solenzo","Terrorisme","Umaro Sissoco Embal\u00f3"],"articleSection":["SOCIETE"],"inLanguage":"fr-FR","potentialAction":[{"@type":"CommentAction","name":"Comment","target":["https:\/\/voxsahel.com\/?p=1603#respond"]}]},{"@type":"WebPage","@id":"https:\/\/voxsahel.com\/?p=1603","url":"https:\/\/voxsahel.com\/?p=1603","name":"Mohamed Doumi \u00e0 propos de la gestion du pouvoir par le capitaine Ibrahim traor\u00e9 : \u00ab Nous devons prot\u00e9ger la r\u00e9volution, croire en ce quenous faisons et ne pas nous laisser distraire par ceuxqui cherchent \u00e0 d\u00e9stabiliser le pays \u00bb - Vox Sahel","isPartOf":{"@id":"https:\/\/voxsahel.com\/#website"},"primaryImageOfPage":{"@id":"https:\/\/voxsahel.com\/?p=1603#primaryimage"},"image":{"@id":"https:\/\/voxsahel.com\/?p=1603#primaryimage"},"thumbnailUrl":"https:\/\/voxsahel.com\/wp-content\/uploads\/2025\/03\/119c4e17-7450-41e8-ab5b-1e8edcbe27dc.jpeg","datePublished":"2025-03-18T05:21:26+00:00","breadcrumb":{"@id":"https:\/\/voxsahel.com\/?p=1603#breadcrumb"},"inLanguage":"fr-FR","potentialAction":[{"@type":"ReadAction","target":["https:\/\/voxsahel.com\/?p=1603"]}]},{"@type":"ImageObject","inLanguage":"fr-FR","@id":"https:\/\/voxsahel.com\/?p=1603#primaryimage","url":"https:\/\/voxsahel.com\/wp-content\/uploads\/2025\/03\/119c4e17-7450-41e8-ab5b-1e8edcbe27dc.jpeg","contentUrl":"https:\/\/voxsahel.com\/wp-content\/uploads\/2025\/03\/119c4e17-7450-41e8-ab5b-1e8edcbe27dc.jpeg","width":963,"height":1280},{"@type":"BreadcrumbList","@id":"https:\/\/voxsahel.com\/?p=1603#breadcrumb","itemListElement":[{"@type":"ListItem","position":1,"name":"Home","item":"https:\/\/voxsahel.com\/"},{"@type":"ListItem","position":2,"name":"Mohamed Doumi \u00e0 propos de la gestion du pouvoir par le capitaine Ibrahim traor\u00e9 : \u00ab Nous devons prot\u00e9ger la r\u00e9volution, croire en ce quenous faisons et ne pas nous laisser distraire par ceuxqui cherchent \u00e0 d\u00e9stabiliser le pays \u00bb"}]},{"@type":"WebSite","@id":"https:\/\/voxsahel.com\/#website","url":"https:\/\/voxsahel.com\/","name":"Vox Sahel","description":"Informez-vous sur le Sahel en un clic","publisher":{"@id":"https:\/\/voxsahel.com\/#organization"},"potentialAction":[{"@type":"SearchAction","target":{"@type":"EntryPoint","urlTemplate":"https:\/\/voxsahel.com\/?s={search_term_string}"},"query-input":{"@type":"PropertyValueSpecification","valueRequired":true,"valueName":"search_term_string"}}],"inLanguage":"fr-FR"},{"@type":"Organization","@id":"https:\/\/voxsahel.com\/#organization","name":"Vox Sahel","url":"https:\/\/voxsahel.com\/","logo":{"@type":"ImageObject","inLanguage":"fr-FR","@id":"https:\/\/voxsahel.com\/#\/schema\/logo\/image\/","url":"https:\/\/voxsahel.com\/wp-content\/uploads\/2024\/09\/Logo-Vox-Sahel.jpg","contentUrl":"https:\/\/voxsahel.com\/wp-content\/uploads\/2024\/09\/Logo-Vox-Sahel.jpg","width":1181,"height":848,"caption":"Vox Sahel"},"image":{"@id":"https:\/\/voxsahel.com\/#\/schema\/logo\/image\/"},"sameAs":["https:\/\/www.facebook.com\/journal.voxsahel"]},{"@type":"Person","@id":"https:\/\/voxsahel.com\/#\/schema\/person\/b4043608248f8fa227cd760e7ff1e19e","name":"Vox Sahel","image":{"@type":"ImageObject","inLanguage":"fr-FR","@id":"https:\/\/secure.gravatar.com\/avatar\/f70e7fa0cb9b29d4a7c5788d6eb2e9ab4d3135cbae1c9161810fdf77a8964699?s=96&d=mm&r=g","url":"https:\/\/secure.gravatar.com\/avatar\/f70e7fa0cb9b29d4a7c5788d6eb2e9ab4d3135cbae1c9161810fdf77a8964699?s=96&d=mm&r=g","contentUrl":"https:\/\/secure.gravatar.com\/avatar\/f70e7fa0cb9b29d4a7c5788d6eb2e9ab4d3135cbae1c9161810fdf77a8964699?s=96&d=mm&r=g","caption":"Vox Sahel"},"sameAs":["http:\/\/www.voxsahel.com"],"url":"https:\/\/voxsahel.com\/?author=2"}]}},"_links":{"self":[{"href":"https:\/\/voxsahel.com\/index.php?rest_route=\/wp\/v2\/posts\/1603","targetHints":{"allow":["GET"]}}],"collection":[{"href":"https:\/\/voxsahel.com\/index.php?rest_route=\/wp\/v2\/posts"}],"about":[{"href":"https:\/\/voxsahel.com\/index.php?rest_route=\/wp\/v2\/types\/post"}],"author":[{"embeddable":true,"href":"https:\/\/voxsahel.com\/index.php?rest_route=\/wp\/v2\/users\/2"}],"replies":[{"embeddable":true,"href":"https:\/\/voxsahel.com\/index.php?rest_route=%2Fwp%2Fv2%2Fcomments&post=1603"}],"version-history":[{"count":1,"href":"https:\/\/voxsahel.com\/index.php?rest_route=\/wp\/v2\/posts\/1603\/revisions"}],"predecessor-version":[{"id":1609,"href":"https:\/\/voxsahel.com\/index.php?rest_route=\/wp\/v2\/posts\/1603\/revisions\/1609"}],"wp:featuredmedia":[{"embeddable":true,"href":"https:\/\/voxsahel.com\/index.php?rest_route=\/wp\/v2\/media\/1608"}],"wp:attachment":[{"href":"https:\/\/voxsahel.com\/index.php?rest_route=%2Fwp%2Fv2%2Fmedia&parent=1603"}],"wp:term":[{"taxonomy":"category","embeddable":true,"href":"https:\/\/voxsahel.com\/index.php?rest_route=%2Fwp%2Fv2%2Fcategories&post=1603"},{"taxonomy":"post_tag","embeddable":true,"href":"https:\/\/voxsahel.com\/index.php?rest_route=%2Fwp%2Fv2%2Ftags&post=1603"}],"curies":[{"name":"wp","href":"https:\/\/api.w.org\/{rel}","templated":true}]}}