{"id":160,"date":"2024-09-12T21:09:51","date_gmt":"2024-09-12T21:09:51","guid":{"rendered":"https:\/\/voxsahel.com\/?p=160"},"modified":"2024-09-12T21:09:51","modified_gmt":"2024-09-12T21:09:51","slug":"senegal-le-president-bassirou-diomaye-faye-dissout-lassemblee-nationale-et-convoque-des-elections-legislatives-anticipees","status":"publish","type":"post","link":"https:\/\/voxsahel.com\/?p=160","title":{"rendered":"S\u00e9n\u00e9gal\u00a0: Le Pr\u00e9sident Bassirou Diomaye Faye dissout l&rsquo;Assembl\u00e9e nationale et convoque des \u00e9lections l\u00e9gislatives anticip\u00e9es"},"content":{"rendered":"<p>Le pr\u00e9sident s\u00e9n\u00e9galais Bassirou Diomaye Faye a annonc\u00e9 la dissolution de l&rsquo;Assembl\u00e9e nationale lors d&rsquo;une adresse \u00e0 la nation ce jeudi 12 septembre 2024, et a fix\u00e9 la date des \u00e9lections l\u00e9gislatives anticip\u00e9es au 17 novembre prochain. Cette d\u00e9cision intervient plus de cinq mois apr\u00e8s son accession \u00e0 la pr\u00e9sidence sur la promesse d&rsquo;un changement profond et syst\u00e9mique.<\/p>\n<p>\u00ab Je dissous l&rsquo;Assembl\u00e9e nationale pour demander au peuple souverain les moyens institutionnels qui me permettront de donner corps \u00e0 la transformation syst\u00e9mique que je leur ai promise. Aujourd&rsquo;hui plus que jamais, l&rsquo;heure est lieu d&rsquo;ouvrir une nouvelle temporalit\u00e9 \u00e0 notre quinquennat \u00bb, a d\u00e9clar\u00e9 le pr\u00e9sident \u00e0 la t\u00e9l\u00e9vision nationale, exprimant sa volont\u00e9 de surmonter les blocages parlementaires qu&rsquo;il jugeait hostiles \u00e0 ses r\u00e9formes.<\/p>\n<p>Cette dissolution survient dans un contexte de tensions croissantes entre l&rsquo;Ex\u00e9cutif et un Parlement domin\u00e9 par l&rsquo;alliance Unis par l&rsquo;espoir, incluant le Parti socialiste s\u00e9n\u00e9galais de l&rsquo;ancien pr\u00e9sident Abdoulaye Wade. Selon le pr\u00e9sident Faye, les r\u00e9centes entraves au sein de l&rsquo;Assembl\u00e9e nationale ont rendu impossible une collaboration franche avec la majorit\u00e9 parlementaire, l&rsquo;oblig\u00e9 \u00e0 prendre cette mesure radicale pour relancer ses r\u00e9formes promises.<\/p>\n<p>\u00c9lu en mars 2024 sur une plateforme de \u00ab rupture \u00bb politique et de souverainisme panafricain, Bassirou Diomaye Faye, 44 ans, incarne un espoir de transformation pour de nombreux jeunes S\u00e9n\u00e9galais, dans un pays o\u00f9 les trois quarts de la population ont moins de 35 ans. . Son discours a \u00e9galement \u00e9t\u00e9 l&rsquo;occasion de critiquer s\u00e9v\u00e8rement la gestion \u00e9conomique de son pr\u00e9d\u00e9cesseur Macky Sall, d\u00e9non\u00e7ant des \u00ab manquements \u00bb qui ont \u00ab d\u00e9t\u00e9rior\u00e9 les finances publiques du pays \u00bb.<\/p>\n<p>\u00ab Des d\u00e9rapages volontairement cach\u00e9s \u00bb ont \u00e9t\u00e9 relev\u00e9s dans un audit \u00e9conomique, incluant une \u00e9volution incontr\u00f4l\u00e9e de la masse salariale, de la dette et des subventions, a soulign\u00e9 le pr\u00e9sident, promettant que le rapport approuv\u00e9 par la Cour des comptes serait prochainement publi\u00e9.<\/p>\n<p>L&rsquo;opinion est divis\u00e9e quant aux effets de cette dissolution. Pour les partisans de Bassirou Diomaye Faye, il s&rsquo;agit d&rsquo;une \u00e9tape n\u00e9cessaire pour obtenir une majorit\u00e9 parlementaire qui lui permettra de concr\u00e9tiser ses promesses de campagne. L&rsquo;\u00e9ditorialiste s\u00e9n\u00e9galais Amadou Bator Dieng estime que cette d\u00e9cision pourrait clarifier l&rsquo;espace politique, en donnant \u00e0 l&rsquo;Ex\u00e9cutif les coud\u00e9es franches pour mener ses r\u00e9formes sans entraves.<\/p>\n<p>Cependant, l&rsquo;opposition, bien que s&rsquo;engageant \u00e0 adopter une attitude r\u00e9publicaine, reste sceptique quant \u00e0 la strat\u00e9gie du pr\u00e9sident et mise en garde contre une concentration excessive des pouvoirs. Le r\u00f4le de l&rsquo;opposition pourrait ainsi se renforcer dans un Parlement renouvel\u00e9, dans un souci d&rsquo;\u00e9quilibre des pouvoirs.<\/p>\n<p>L&rsquo;incertitude demeure \u00e9galement quant \u00e0 la prochaine d\u00e9claration de politique g\u00e9n\u00e9rale du Premier ministre Ousmane Sonko, suspendue en raison de divergences sur les r\u00e8glements int\u00e9rieurs r\u00e9cemment modifi\u00e9s pour r\u00e9tablir la fonction de Premier ministre, supprim\u00e9e en 2019.<\/p>\n<p>Avec la date des \u00e9lections l\u00e9gislatives d\u00e9sormais fix\u00e9e, les S\u00e9n\u00e9galais s&rsquo;appr\u00eatent \u00e0 revivre une intense p\u00e9riode \u00e9lectorale, d\u00e9terminante pour l&rsquo;avenir politique et \u00e9conomique du pays. Le pari du pr\u00e9sident Faye de reconqu\u00e9rir une majorit\u00e9 parlementaire sera crucial pour donner suite \u00e0 son projet de transformation syst\u00e9mique, attendu par une jeunesse avide de changement.<\/p>\n<p style=\"text-align: right;\"><strong>Par Fousseni Diallo<\/strong><\/p>\n","protected":false},"excerpt":{"rendered":"<p>Le pr\u00e9sident s\u00e9n\u00e9galais Bassirou Diomaye Faye a annonc\u00e9 la dissolution de l&rsquo;Assembl\u00e9e nationale lors d&rsquo;une<\/p>\n","protected":false},"author":2,"featured_media":161,"comment_status":"open","ping_status":"open","sticky":false,"template":"","format":"standard","meta":{"_et_pb_use_builder":"","_et_pb_old_content":"","_et_gb_content_width":"","footnotes":""},"categories":[15],"tags":[76,49,75,74],"class_list":["post-160","post","type-post","status-publish","format-standard","has-post-thumbnail","hentry","category-international","tag-bassirou-diomaye-faye","tag-geopolitique","tag-politique","tag-senegal"],"yoast_head":"<!-- This site is optimized with the Yoast SEO plugin v27.5 - https:\/\/yoast.com\/product\/yoast-seo-wordpress\/ -->\n<title>S\u00e9n\u00e9gal\u00a0: Le Pr\u00e9sident Bassirou Diomaye Faye dissout l&#039;Assembl\u00e9e nationale et convoque des \u00e9lections l\u00e9gislatives anticip\u00e9es - Vox Sahel<\/title>\n<meta name=\"robots\" content=\"index, follow, max-snippet:-1, max-image-preview:large, max-video-preview:-1\" \/>\n<link rel=\"canonical\" href=\"https:\/\/voxsahel.com\/?p=160\" \/>\n<meta property=\"og:locale\" content=\"fr_FR\" \/>\n<meta property=\"og:type\" content=\"article\" \/>\n<meta property=\"og:title\" content=\"S\u00e9n\u00e9gal\u00a0: Le Pr\u00e9sident Bassirou Diomaye Faye dissout l&#039;Assembl\u00e9e nationale et convoque des \u00e9lections l\u00e9gislatives anticip\u00e9es - Vox Sahel\" \/>\n<meta property=\"og:description\" content=\"Le pr\u00e9sident s\u00e9n\u00e9galais Bassirou Diomaye Faye a annonc\u00e9 la dissolution de l&rsquo;Assembl\u00e9e nationale lors d&rsquo;une\" \/>\n<meta property=\"og:url\" content=\"https:\/\/voxsahel.com\/?p=160\" \/>\n<meta property=\"og:site_name\" content=\"Vox Sahel\" \/>\n<meta property=\"article:publisher\" content=\"https:\/\/www.facebook.com\/journal.voxsahel\" \/>\n<meta property=\"article:published_time\" content=\"2024-09-12T21:09:51+00:00\" \/>\n<meta property=\"og:image\" content=\"https:\/\/voxsahel.com\/wp-content\/uploads\/2024\/09\/BURKINA-FASO-1.png\" \/>\n\t<meta property=\"og:image:width\" content=\"1080\" \/>\n\t<meta property=\"og:image:height\" content=\"1080\" \/>\n\t<meta property=\"og:image:type\" content=\"image\/png\" \/>\n<meta name=\"author\" content=\"Vox Sahel\" \/>\n<meta name=\"twitter:card\" content=\"summary_large_image\" \/>\n<meta name=\"twitter:label1\" content=\"\u00c9crit par\" \/>\n\t<meta name=\"twitter:data1\" content=\"Vox Sahel\" \/>\n\t<meta name=\"twitter:label2\" content=\"Dur\u00e9e de lecture estim\u00e9e\" \/>\n\t<meta name=\"twitter:data2\" content=\"3 minutes\" \/>\n<script type=\"application\/ld+json\" class=\"yoast-schema-graph\">{\"@context\":\"https:\\\/\\\/schema.org\",\"@graph\":[{\"@type\":\"Article\",\"@id\":\"https:\\\/\\\/voxsahel.com\\\/?p=160#article\",\"isPartOf\":{\"@id\":\"https:\\\/\\\/voxsahel.com\\\/?p=160\"},\"author\":{\"name\":\"Vox Sahel\",\"@id\":\"https:\\\/\\\/voxsahel.com\\\/#\\\/schema\\\/person\\\/b4043608248f8fa227cd760e7ff1e19e\"},\"headline\":\"S\u00e9n\u00e9gal\u00a0: Le Pr\u00e9sident Bassirou Diomaye Faye dissout l&rsquo;Assembl\u00e9e nationale et convoque des \u00e9lections l\u00e9gislatives anticip\u00e9es\",\"datePublished\":\"2024-09-12T21:09:51+00:00\",\"mainEntityOfPage\":{\"@id\":\"https:\\\/\\\/voxsahel.com\\\/?p=160\"},\"wordCount\":602,\"commentCount\":0,\"publisher\":{\"@id\":\"https:\\\/\\\/voxsahel.com\\\/#organization\"},\"image\":{\"@id\":\"https:\\\/\\\/voxsahel.com\\\/?p=160#primaryimage\"},\"thumbnailUrl\":\"https:\\\/\\\/voxsahel.com\\\/wp-content\\\/uploads\\\/2024\\\/09\\\/BURKINA-FASO-1.png\",\"keywords\":[\"Bassirou Diomaye Faye\",\"G\u00e9opolitique\",\"Politique\",\"S\u00e9n\u00e9gal\"],\"articleSection\":[\"INTERNATIONAL\"],\"inLanguage\":\"fr-FR\",\"potentialAction\":[{\"@type\":\"CommentAction\",\"name\":\"Comment\",\"target\":[\"https:\\\/\\\/voxsahel.com\\\/?p=160#respond\"]}]},{\"@type\":\"WebPage\",\"@id\":\"https:\\\/\\\/voxsahel.com\\\/?p=160\",\"url\":\"https:\\\/\\\/voxsahel.com\\\/?p=160\",\"name\":\"S\u00e9n\u00e9gal\u00a0: Le Pr\u00e9sident Bassirou Diomaye Faye dissout l'Assembl\u00e9e nationale et convoque des \u00e9lections l\u00e9gislatives anticip\u00e9es - Vox Sahel\",\"isPartOf\":{\"@id\":\"https:\\\/\\\/voxsahel.com\\\/#website\"},\"primaryImageOfPage\":{\"@id\":\"https:\\\/\\\/voxsahel.com\\\/?p=160#primaryimage\"},\"image\":{\"@id\":\"https:\\\/\\\/voxsahel.com\\\/?p=160#primaryimage\"},\"thumbnailUrl\":\"https:\\\/\\\/voxsahel.com\\\/wp-content\\\/uploads\\\/2024\\\/09\\\/BURKINA-FASO-1.png\",\"datePublished\":\"2024-09-12T21:09:51+00:00\",\"breadcrumb\":{\"@id\":\"https:\\\/\\\/voxsahel.com\\\/?p=160#breadcrumb\"},\"inLanguage\":\"fr-FR\",\"potentialAction\":[{\"@type\":\"ReadAction\",\"target\":[\"https:\\\/\\\/voxsahel.com\\\/?p=160\"]}]},{\"@type\":\"ImageObject\",\"inLanguage\":\"fr-FR\",\"@id\":\"https:\\\/\\\/voxsahel.com\\\/?p=160#primaryimage\",\"url\":\"https:\\\/\\\/voxsahel.com\\\/wp-content\\\/uploads\\\/2024\\\/09\\\/BURKINA-FASO-1.png\",\"contentUrl\":\"https:\\\/\\\/voxsahel.com\\\/wp-content\\\/uploads\\\/2024\\\/09\\\/BURKINA-FASO-1.png\",\"width\":1080,\"height\":1080},{\"@type\":\"BreadcrumbList\",\"@id\":\"https:\\\/\\\/voxsahel.com\\\/?p=160#breadcrumb\",\"itemListElement\":[{\"@type\":\"ListItem\",\"position\":1,\"name\":\"Home\",\"item\":\"https:\\\/\\\/voxsahel.com\\\/\"},{\"@type\":\"ListItem\",\"position\":2,\"name\":\"S\u00e9n\u00e9gal\u00a0: Le Pr\u00e9sident Bassirou Diomaye Faye dissout l&rsquo;Assembl\u00e9e nationale et convoque des \u00e9lections l\u00e9gislatives anticip\u00e9es\"}]},{\"@type\":\"WebSite\",\"@id\":\"https:\\\/\\\/voxsahel.com\\\/#website\",\"url\":\"https:\\\/\\\/voxsahel.com\\\/\",\"name\":\"Vox Sahel\",\"description\":\"Informez-vous sur le Sahel en un clic\",\"publisher\":{\"@id\":\"https:\\\/\\\/voxsahel.com\\\/#organization\"},\"potentialAction\":[{\"@type\":\"SearchAction\",\"target\":{\"@type\":\"EntryPoint\",\"urlTemplate\":\"https:\\\/\\\/voxsahel.com\\\/?s={search_term_string}\"},\"query-input\":{\"@type\":\"PropertyValueSpecification\",\"valueRequired\":true,\"valueName\":\"search_term_string\"}}],\"inLanguage\":\"fr-FR\"},{\"@type\":\"Organization\",\"@id\":\"https:\\\/\\\/voxsahel.com\\\/#organization\",\"name\":\"Vox Sahel\",\"url\":\"https:\\\/\\\/voxsahel.com\\\/\",\"logo\":{\"@type\":\"ImageObject\",\"inLanguage\":\"fr-FR\",\"@id\":\"https:\\\/\\\/voxsahel.com\\\/#\\\/schema\\\/logo\\\/image\\\/\",\"url\":\"https:\\\/\\\/voxsahel.com\\\/wp-content\\\/uploads\\\/2024\\\/09\\\/Logo-Vox-Sahel.jpg\",\"contentUrl\":\"https:\\\/\\\/voxsahel.com\\\/wp-content\\\/uploads\\\/2024\\\/09\\\/Logo-Vox-Sahel.jpg\",\"width\":1181,\"height\":848,\"caption\":\"Vox Sahel\"},\"image\":{\"@id\":\"https:\\\/\\\/voxsahel.com\\\/#\\\/schema\\\/logo\\\/image\\\/\"},\"sameAs\":[\"https:\\\/\\\/www.facebook.com\\\/journal.voxsahel\"]},{\"@type\":\"Person\",\"@id\":\"https:\\\/\\\/voxsahel.com\\\/#\\\/schema\\\/person\\\/b4043608248f8fa227cd760e7ff1e19e\",\"name\":\"Vox Sahel\",\"image\":{\"@type\":\"ImageObject\",\"inLanguage\":\"fr-FR\",\"@id\":\"https:\\\/\\\/secure.gravatar.com\\\/avatar\\\/f70e7fa0cb9b29d4a7c5788d6eb2e9ab4d3135cbae1c9161810fdf77a8964699?s=96&d=mm&r=g\",\"url\":\"https:\\\/\\\/secure.gravatar.com\\\/avatar\\\/f70e7fa0cb9b29d4a7c5788d6eb2e9ab4d3135cbae1c9161810fdf77a8964699?s=96&d=mm&r=g\",\"contentUrl\":\"https:\\\/\\\/secure.gravatar.com\\\/avatar\\\/f70e7fa0cb9b29d4a7c5788d6eb2e9ab4d3135cbae1c9161810fdf77a8964699?s=96&d=mm&r=g\",\"caption\":\"Vox Sahel\"},\"sameAs\":[\"http:\\\/\\\/www.voxsahel.com\"],\"url\":\"https:\\\/\\\/voxsahel.com\\\/?author=2\"}]}<\/script>\n<!-- \/ Yoast SEO plugin. -->","yoast_head_json":{"title":"S\u00e9n\u00e9gal\u00a0: Le Pr\u00e9sident Bassirou Diomaye Faye dissout l'Assembl\u00e9e nationale et convoque des \u00e9lections l\u00e9gislatives anticip\u00e9es - Vox Sahel","robots":{"index":"index","follow":"follow","max-snippet":"max-snippet:-1","max-image-preview":"max-image-preview:large","max-video-preview":"max-video-preview:-1"},"canonical":"https:\/\/voxsahel.com\/?p=160","og_locale":"fr_FR","og_type":"article","og_title":"S\u00e9n\u00e9gal\u00a0: Le Pr\u00e9sident Bassirou Diomaye Faye dissout l'Assembl\u00e9e nationale et convoque des \u00e9lections l\u00e9gislatives anticip\u00e9es - Vox Sahel","og_description":"Le pr\u00e9sident s\u00e9n\u00e9galais Bassirou Diomaye Faye a annonc\u00e9 la dissolution de l&rsquo;Assembl\u00e9e nationale lors d&rsquo;une","og_url":"https:\/\/voxsahel.com\/?p=160","og_site_name":"Vox Sahel","article_publisher":"https:\/\/www.facebook.com\/journal.voxsahel","article_published_time":"2024-09-12T21:09:51+00:00","og_image":[{"width":1080,"height":1080,"url":"https:\/\/voxsahel.com\/wp-content\/uploads\/2024\/09\/BURKINA-FASO-1.png","type":"image\/png"}],"author":"Vox Sahel","twitter_card":"summary_large_image","twitter_misc":{"\u00c9crit par":"Vox Sahel","Dur\u00e9e de lecture estim\u00e9e":"3 minutes"},"schema":{"@context":"https:\/\/schema.org","@graph":[{"@type":"Article","@id":"https:\/\/voxsahel.com\/?p=160#article","isPartOf":{"@id":"https:\/\/voxsahel.com\/?p=160"},"author":{"name":"Vox Sahel","@id":"https:\/\/voxsahel.com\/#\/schema\/person\/b4043608248f8fa227cd760e7ff1e19e"},"headline":"S\u00e9n\u00e9gal\u00a0: Le Pr\u00e9sident Bassirou Diomaye Faye dissout l&rsquo;Assembl\u00e9e nationale et convoque des \u00e9lections l\u00e9gislatives anticip\u00e9es","datePublished":"2024-09-12T21:09:51+00:00","mainEntityOfPage":{"@id":"https:\/\/voxsahel.com\/?p=160"},"wordCount":602,"commentCount":0,"publisher":{"@id":"https:\/\/voxsahel.com\/#organization"},"image":{"@id":"https:\/\/voxsahel.com\/?p=160#primaryimage"},"thumbnailUrl":"https:\/\/voxsahel.com\/wp-content\/uploads\/2024\/09\/BURKINA-FASO-1.png","keywords":["Bassirou Diomaye Faye","G\u00e9opolitique","Politique","S\u00e9n\u00e9gal"],"articleSection":["INTERNATIONAL"],"inLanguage":"fr-FR","potentialAction":[{"@type":"CommentAction","name":"Comment","target":["https:\/\/voxsahel.com\/?p=160#respond"]}]},{"@type":"WebPage","@id":"https:\/\/voxsahel.com\/?p=160","url":"https:\/\/voxsahel.com\/?p=160","name":"S\u00e9n\u00e9gal\u00a0: Le Pr\u00e9sident Bassirou Diomaye Faye dissout l'Assembl\u00e9e nationale et convoque des \u00e9lections l\u00e9gislatives anticip\u00e9es - Vox Sahel","isPartOf":{"@id":"https:\/\/voxsahel.com\/#website"},"primaryImageOfPage":{"@id":"https:\/\/voxsahel.com\/?p=160#primaryimage"},"image":{"@id":"https:\/\/voxsahel.com\/?p=160#primaryimage"},"thumbnailUrl":"https:\/\/voxsahel.com\/wp-content\/uploads\/2024\/09\/BURKINA-FASO-1.png","datePublished":"2024-09-12T21:09:51+00:00","breadcrumb":{"@id":"https:\/\/voxsahel.com\/?p=160#breadcrumb"},"inLanguage":"fr-FR","potentialAction":[{"@type":"ReadAction","target":["https:\/\/voxsahel.com\/?p=160"]}]},{"@type":"ImageObject","inLanguage":"fr-FR","@id":"https:\/\/voxsahel.com\/?p=160#primaryimage","url":"https:\/\/voxsahel.com\/wp-content\/uploads\/2024\/09\/BURKINA-FASO-1.png","contentUrl":"https:\/\/voxsahel.com\/wp-content\/uploads\/2024\/09\/BURKINA-FASO-1.png","width":1080,"height":1080},{"@type":"BreadcrumbList","@id":"https:\/\/voxsahel.com\/?p=160#breadcrumb","itemListElement":[{"@type":"ListItem","position":1,"name":"Home","item":"https:\/\/voxsahel.com\/"},{"@type":"ListItem","position":2,"name":"S\u00e9n\u00e9gal\u00a0: Le Pr\u00e9sident Bassirou Diomaye Faye dissout l&rsquo;Assembl\u00e9e nationale et convoque des \u00e9lections l\u00e9gislatives anticip\u00e9es"}]},{"@type":"WebSite","@id":"https:\/\/voxsahel.com\/#website","url":"https:\/\/voxsahel.com\/","name":"Vox Sahel","description":"Informez-vous sur le Sahel en un clic","publisher":{"@id":"https:\/\/voxsahel.com\/#organization"},"potentialAction":[{"@type":"SearchAction","target":{"@type":"EntryPoint","urlTemplate":"https:\/\/voxsahel.com\/?s={search_term_string}"},"query-input":{"@type":"PropertyValueSpecification","valueRequired":true,"valueName":"search_term_string"}}],"inLanguage":"fr-FR"},{"@type":"Organization","@id":"https:\/\/voxsahel.com\/#organization","name":"Vox Sahel","url":"https:\/\/voxsahel.com\/","logo":{"@type":"ImageObject","inLanguage":"fr-FR","@id":"https:\/\/voxsahel.com\/#\/schema\/logo\/image\/","url":"https:\/\/voxsahel.com\/wp-content\/uploads\/2024\/09\/Logo-Vox-Sahel.jpg","contentUrl":"https:\/\/voxsahel.com\/wp-content\/uploads\/2024\/09\/Logo-Vox-Sahel.jpg","width":1181,"height":848,"caption":"Vox Sahel"},"image":{"@id":"https:\/\/voxsahel.com\/#\/schema\/logo\/image\/"},"sameAs":["https:\/\/www.facebook.com\/journal.voxsahel"]},{"@type":"Person","@id":"https:\/\/voxsahel.com\/#\/schema\/person\/b4043608248f8fa227cd760e7ff1e19e","name":"Vox Sahel","image":{"@type":"ImageObject","inLanguage":"fr-FR","@id":"https:\/\/secure.gravatar.com\/avatar\/f70e7fa0cb9b29d4a7c5788d6eb2e9ab4d3135cbae1c9161810fdf77a8964699?s=96&d=mm&r=g","url":"https:\/\/secure.gravatar.com\/avatar\/f70e7fa0cb9b29d4a7c5788d6eb2e9ab4d3135cbae1c9161810fdf77a8964699?s=96&d=mm&r=g","contentUrl":"https:\/\/secure.gravatar.com\/avatar\/f70e7fa0cb9b29d4a7c5788d6eb2e9ab4d3135cbae1c9161810fdf77a8964699?s=96&d=mm&r=g","caption":"Vox Sahel"},"sameAs":["http:\/\/www.voxsahel.com"],"url":"https:\/\/voxsahel.com\/?author=2"}]}},"_links":{"self":[{"href":"https:\/\/voxsahel.com\/index.php?rest_route=\/wp\/v2\/posts\/160","targetHints":{"allow":["GET"]}}],"collection":[{"href":"https:\/\/voxsahel.com\/index.php?rest_route=\/wp\/v2\/posts"}],"about":[{"href":"https:\/\/voxsahel.com\/index.php?rest_route=\/wp\/v2\/types\/post"}],"author":[{"embeddable":true,"href":"https:\/\/voxsahel.com\/index.php?rest_route=\/wp\/v2\/users\/2"}],"replies":[{"embeddable":true,"href":"https:\/\/voxsahel.com\/index.php?rest_route=%2Fwp%2Fv2%2Fcomments&post=160"}],"version-history":[{"count":1,"href":"https:\/\/voxsahel.com\/index.php?rest_route=\/wp\/v2\/posts\/160\/revisions"}],"predecessor-version":[{"id":162,"href":"https:\/\/voxsahel.com\/index.php?rest_route=\/wp\/v2\/posts\/160\/revisions\/162"}],"wp:featuredmedia":[{"embeddable":true,"href":"https:\/\/voxsahel.com\/index.php?rest_route=\/wp\/v2\/media\/161"}],"wp:attachment":[{"href":"https:\/\/voxsahel.com\/index.php?rest_route=%2Fwp%2Fv2%2Fmedia&parent=160"}],"wp:term":[{"taxonomy":"category","embeddable":true,"href":"https:\/\/voxsahel.com\/index.php?rest_route=%2Fwp%2Fv2%2Fcategories&post=160"},{"taxonomy":"post_tag","embeddable":true,"href":"https:\/\/voxsahel.com\/index.php?rest_route=%2Fwp%2Fv2%2Ftags&post=160"}],"curies":[{"name":"wp","href":"https:\/\/api.w.org\/{rel}","templated":true}]}}