{"id":1594,"date":"2025-03-16T16:55:58","date_gmt":"2025-03-16T16:55:58","guid":{"rendered":"https:\/\/voxsahel.com\/?p=1594"},"modified":"2025-03-16T16:55:58","modified_gmt":"2025-03-16T16:55:58","slug":"alerte-canicule-le-mercure-flambe-a-44c-dans-certaines-regions-du-burkina","status":"publish","type":"post","link":"https:\/\/voxsahel.com\/?p=1594","title":{"rendered":"Alerte canicule : Le mercure flambe \u00e0 44\u00b0C dans certaines r\u00e9gions du Burkina"},"content":{"rendered":"<p class=\"p1\">Des temp\u00e9ratures extr\u00eames frappent le pays<\/p>\n<p class=\"p3\"><span class=\"s3\">Ce dimanche 16 mars 2025, le pays est confront\u00e9 \u00e0 une vague de chaleur particuli\u00e8rement intense. \u00c0 15h00, les relev\u00e9s m\u00e9t\u00e9orologiques indiquaient que le thermom\u00e8tre a atteint des niveaux record dans plusieurs localit\u00e9s. Fada N\u2019Gourma s\u2019illustre comme la ville la plus torride du jour avec une temp\u00e9rature vertigineuse de <\/span><span class=\"s2\">44\u00b0C<\/span><span class=\"s3\">.<\/span><\/p>\n<p class=\"p3\"><span class=\"s3\">D\u2019autres localit\u00e9s ne sont pas en reste : <\/span><span class=\"s2\">Ouagadougou, Ouahigouya, Bogand\u00e9, D\u00e9dougou, Boromo et P\u00f4<\/span><span class=\"s3\"> enregistrent des valeurs tout aussi suffocantes de <\/span><span class=\"s2\">42\u00b0C<\/span><span class=\"s3\">. Pendant ce temps, des temp\u00e9ratures relativement plus mod\u00e9r\u00e9es sont observ\u00e9es \u00e0 <\/span><span class=\"s2\">Bobo-Dioulasso et Gaoua<\/span><span class=\"s3\">, o\u00f9 le mercure affiche <\/span><span class=\"s2\">39\u00b0C<\/span><span class=\"s3\">.<\/span><\/p>\n<p class=\"p3\"><span class=\"s2\">Des orages dans le Sud-Ouest et les Cascades<\/span><\/p>\n<p class=\"p3\"><span class=\"s3\">Si la chaleur r\u00e8gne en ma\u00eetre dans la majeure partie du pays, certaines r\u00e9gions connaissent des conditions m\u00e9t\u00e9orologiques plus instables. Des <\/span><span class=\"s2\">orages isol\u00e9s accompagn\u00e9s de pluies<\/span><span class=\"s3\"> ont \u00e9t\u00e9 signal\u00e9s dans le <\/span><span class=\"s2\">Sud-Ouest et les Cascades<\/span><span class=\"s3\">, offrant un l\u00e9ger r\u00e9pit \u00e0 ces zones.<\/span><\/p>\n<p class=\"p3\"><span class=\"s2\">Des pr\u00e9cautions \u00e0 adopter face \u00e0 la canicule<\/span><\/p>\n<p class=\"p3\"><span class=\"s3\">Face \u00e0 cette vague de chaleur accablante, les autorit\u00e9s et les experts en sant\u00e9 rappellent quelques gestes essentiels pour \u00e9viter les coups de chaleur et la d\u00e9shydratation :<\/span><\/p>\n<p class=\"p3\"><span class=\"s3\">\u2705 <\/span><span class=\"s2\">Hydratez-vous r\u00e9guli\u00e8rement<\/span><span class=\"s3\"> : Il est recommand\u00e9 de boire beaucoup d\u2019eau, m\u00eame en l\u2019absence de sensation de soif.<br \/>\n\u2705 <\/span><span class=\"s2\">\u00c9vitez les efforts physiques intenses<\/span><span class=\"s3\"> : Les activit\u00e9s sportives ou physiques sous le soleil peuvent entra\u00eener des malaises.<br \/>\n\u2705 <\/span><span class=\"s2\">Privil\u00e9giez les endroits frais et ombrag\u00e9s<\/span><span class=\"s3\"> : Restez \u00e0 l\u2019abri du soleil autant que possible et portez des v\u00eatements l\u00e9gers et clairs pour mieux supporter la chaleur.<\/span><\/p>\n<p class=\"p3\"><span class=\"s3\">Avec ces temp\u00e9ratures extr\u00eames, la vigilance est de mise, en particulier pour les personnes vuln\u00e9rables telles que les enfants, les personnes \u00e2g\u00e9es et les travailleurs en ext\u00e9rieur. Les prochains jours s\u2019annoncent encore chauds, il est donc crucial de rester prudent et de suivre les mises \u00e0 jour m\u00e9t\u00e9orologiques.<\/span><\/p>\n<p style=\"text-align: right;\"><strong>Par Vox Sahel\u00a0<\/strong><\/p>\n<p style=\"text-align: right;\"><strong>Source : ANAM\u00a0<\/strong><\/p>\n","protected":false},"excerpt":{"rendered":"<p>Des temp\u00e9ratures extr\u00eames frappent le pays Ce dimanche 16 mars 2025, le pays est confront\u00e9<\/p>\n","protected":false},"author":2,"featured_media":1596,"comment_status":"open","ping_status":"open","sticky":false,"template":"","format":"standard","meta":{"_et_pb_use_builder":"","_et_pb_old_content":"","_et_gb_content_width":"","footnotes":""},"categories":[5],"tags":[18,665,664],"class_list":["post-1594","post","type-post","status-publish","format-standard","has-post-thumbnail","hentry","category-societe","tag-burkina-faso","tag-meteo","tag-meteorologie"],"yoast_head":"<!-- This site is optimized with the Yoast SEO plugin v27.5 - https:\/\/yoast.com\/product\/yoast-seo-wordpress\/ -->\n<title>Alerte canicule : Le mercure flambe \u00e0 44\u00b0C dans certaines r\u00e9gions du Burkina - Vox Sahel<\/title>\n<meta name=\"robots\" content=\"index, follow, max-snippet:-1, max-image-preview:large, max-video-preview:-1\" \/>\n<link rel=\"canonical\" href=\"https:\/\/voxsahel.com\/?p=1594\" \/>\n<meta property=\"og:locale\" content=\"fr_FR\" \/>\n<meta property=\"og:type\" content=\"article\" \/>\n<meta property=\"og:title\" content=\"Alerte canicule : Le mercure flambe \u00e0 44\u00b0C dans certaines r\u00e9gions du Burkina - Vox Sahel\" \/>\n<meta property=\"og:description\" content=\"Des temp\u00e9ratures extr\u00eames frappent le pays Ce dimanche 16 mars 2025, le pays est confront\u00e9\" \/>\n<meta property=\"og:url\" content=\"https:\/\/voxsahel.com\/?p=1594\" \/>\n<meta property=\"og:site_name\" content=\"Vox Sahel\" \/>\n<meta property=\"article:publisher\" content=\"https:\/\/www.facebook.com\/journal.voxsahel\" \/>\n<meta property=\"article:published_time\" content=\"2025-03-16T16:55:58+00:00\" \/>\n<meta property=\"og:image\" content=\"https:\/\/voxsahel.com\/wp-content\/uploads\/2025\/03\/0251fd95-4bfa-4778-bec4-14a9a53dbd1a.jpeg\" \/>\n\t<meta property=\"og:image:width\" content=\"840\" \/>\n\t<meta property=\"og:image:height\" content=\"647\" \/>\n\t<meta property=\"og:image:type\" content=\"image\/jpeg\" \/>\n<meta name=\"author\" content=\"Vox Sahel\" \/>\n<meta name=\"twitter:card\" content=\"summary_large_image\" \/>\n<meta name=\"twitter:label1\" content=\"\u00c9crit par\" \/>\n\t<meta name=\"twitter:data1\" content=\"Vox Sahel\" \/>\n\t<meta name=\"twitter:label2\" content=\"Dur\u00e9e de lecture estim\u00e9e\" \/>\n\t<meta name=\"twitter:data2\" content=\"2 minutes\" \/>\n<script type=\"application\/ld+json\" class=\"yoast-schema-graph\">{\"@context\":\"https:\\\/\\\/schema.org\",\"@graph\":[{\"@type\":\"Article\",\"@id\":\"https:\\\/\\\/voxsahel.com\\\/?p=1594#article\",\"isPartOf\":{\"@id\":\"https:\\\/\\\/voxsahel.com\\\/?p=1594\"},\"author\":{\"name\":\"Vox Sahel\",\"@id\":\"https:\\\/\\\/voxsahel.com\\\/#\\\/schema\\\/person\\\/b4043608248f8fa227cd760e7ff1e19e\"},\"headline\":\"Alerte canicule : Le mercure flambe \u00e0 44\u00b0C dans certaines r\u00e9gions du Burkina\",\"datePublished\":\"2025-03-16T16:55:58+00:00\",\"mainEntityOfPage\":{\"@id\":\"https:\\\/\\\/voxsahel.com\\\/?p=1594\"},\"wordCount\":346,\"commentCount\":0,\"publisher\":{\"@id\":\"https:\\\/\\\/voxsahel.com\\\/#organization\"},\"image\":{\"@id\":\"https:\\\/\\\/voxsahel.com\\\/?p=1594#primaryimage\"},\"thumbnailUrl\":\"https:\\\/\\\/voxsahel.com\\\/wp-content\\\/uploads\\\/2025\\\/03\\\/0251fd95-4bfa-4778-bec4-14a9a53dbd1a.jpeg\",\"keywords\":[\"Burkina Faso\",\"M\u00e9t\u00e9o\",\"M\u00e9t\u00e9orologie\"],\"articleSection\":[\"SOCIETE\"],\"inLanguage\":\"fr-FR\",\"potentialAction\":[{\"@type\":\"CommentAction\",\"name\":\"Comment\",\"target\":[\"https:\\\/\\\/voxsahel.com\\\/?p=1594#respond\"]}]},{\"@type\":\"WebPage\",\"@id\":\"https:\\\/\\\/voxsahel.com\\\/?p=1594\",\"url\":\"https:\\\/\\\/voxsahel.com\\\/?p=1594\",\"name\":\"Alerte canicule : Le mercure flambe \u00e0 44\u00b0C dans certaines r\u00e9gions du Burkina - Vox Sahel\",\"isPartOf\":{\"@id\":\"https:\\\/\\\/voxsahel.com\\\/#website\"},\"primaryImageOfPage\":{\"@id\":\"https:\\\/\\\/voxsahel.com\\\/?p=1594#primaryimage\"},\"image\":{\"@id\":\"https:\\\/\\\/voxsahel.com\\\/?p=1594#primaryimage\"},\"thumbnailUrl\":\"https:\\\/\\\/voxsahel.com\\\/wp-content\\\/uploads\\\/2025\\\/03\\\/0251fd95-4bfa-4778-bec4-14a9a53dbd1a.jpeg\",\"datePublished\":\"2025-03-16T16:55:58+00:00\",\"breadcrumb\":{\"@id\":\"https:\\\/\\\/voxsahel.com\\\/?p=1594#breadcrumb\"},\"inLanguage\":\"fr-FR\",\"potentialAction\":[{\"@type\":\"ReadAction\",\"target\":[\"https:\\\/\\\/voxsahel.com\\\/?p=1594\"]}]},{\"@type\":\"ImageObject\",\"inLanguage\":\"fr-FR\",\"@id\":\"https:\\\/\\\/voxsahel.com\\\/?p=1594#primaryimage\",\"url\":\"https:\\\/\\\/voxsahel.com\\\/wp-content\\\/uploads\\\/2025\\\/03\\\/0251fd95-4bfa-4778-bec4-14a9a53dbd1a.jpeg\",\"contentUrl\":\"https:\\\/\\\/voxsahel.com\\\/wp-content\\\/uploads\\\/2025\\\/03\\\/0251fd95-4bfa-4778-bec4-14a9a53dbd1a.jpeg\",\"width\":840,\"height\":647},{\"@type\":\"BreadcrumbList\",\"@id\":\"https:\\\/\\\/voxsahel.com\\\/?p=1594#breadcrumb\",\"itemListElement\":[{\"@type\":\"ListItem\",\"position\":1,\"name\":\"Home\",\"item\":\"https:\\\/\\\/voxsahel.com\\\/\"},{\"@type\":\"ListItem\",\"position\":2,\"name\":\"Alerte canicule : Le mercure flambe \u00e0 44\u00b0C dans certaines r\u00e9gions du Burkina\"}]},{\"@type\":\"WebSite\",\"@id\":\"https:\\\/\\\/voxsahel.com\\\/#website\",\"url\":\"https:\\\/\\\/voxsahel.com\\\/\",\"name\":\"Vox Sahel\",\"description\":\"Informez-vous sur le Sahel en un clic\",\"publisher\":{\"@id\":\"https:\\\/\\\/voxsahel.com\\\/#organization\"},\"potentialAction\":[{\"@type\":\"SearchAction\",\"target\":{\"@type\":\"EntryPoint\",\"urlTemplate\":\"https:\\\/\\\/voxsahel.com\\\/?s={search_term_string}\"},\"query-input\":{\"@type\":\"PropertyValueSpecification\",\"valueRequired\":true,\"valueName\":\"search_term_string\"}}],\"inLanguage\":\"fr-FR\"},{\"@type\":\"Organization\",\"@id\":\"https:\\\/\\\/voxsahel.com\\\/#organization\",\"name\":\"Vox Sahel\",\"url\":\"https:\\\/\\\/voxsahel.com\\\/\",\"logo\":{\"@type\":\"ImageObject\",\"inLanguage\":\"fr-FR\",\"@id\":\"https:\\\/\\\/voxsahel.com\\\/#\\\/schema\\\/logo\\\/image\\\/\",\"url\":\"https:\\\/\\\/voxsahel.com\\\/wp-content\\\/uploads\\\/2024\\\/09\\\/Logo-Vox-Sahel.jpg\",\"contentUrl\":\"https:\\\/\\\/voxsahel.com\\\/wp-content\\\/uploads\\\/2024\\\/09\\\/Logo-Vox-Sahel.jpg\",\"width\":1181,\"height\":848,\"caption\":\"Vox Sahel\"},\"image\":{\"@id\":\"https:\\\/\\\/voxsahel.com\\\/#\\\/schema\\\/logo\\\/image\\\/\"},\"sameAs\":[\"https:\\\/\\\/www.facebook.com\\\/journal.voxsahel\"]},{\"@type\":\"Person\",\"@id\":\"https:\\\/\\\/voxsahel.com\\\/#\\\/schema\\\/person\\\/b4043608248f8fa227cd760e7ff1e19e\",\"name\":\"Vox Sahel\",\"image\":{\"@type\":\"ImageObject\",\"inLanguage\":\"fr-FR\",\"@id\":\"https:\\\/\\\/secure.gravatar.com\\\/avatar\\\/f70e7fa0cb9b29d4a7c5788d6eb2e9ab4d3135cbae1c9161810fdf77a8964699?s=96&d=mm&r=g\",\"url\":\"https:\\\/\\\/secure.gravatar.com\\\/avatar\\\/f70e7fa0cb9b29d4a7c5788d6eb2e9ab4d3135cbae1c9161810fdf77a8964699?s=96&d=mm&r=g\",\"contentUrl\":\"https:\\\/\\\/secure.gravatar.com\\\/avatar\\\/f70e7fa0cb9b29d4a7c5788d6eb2e9ab4d3135cbae1c9161810fdf77a8964699?s=96&d=mm&r=g\",\"caption\":\"Vox Sahel\"},\"sameAs\":[\"http:\\\/\\\/www.voxsahel.com\"],\"url\":\"https:\\\/\\\/voxsahel.com\\\/?author=2\"}]}<\/script>\n<!-- \/ Yoast SEO plugin. -->","yoast_head_json":{"title":"Alerte canicule : Le mercure flambe \u00e0 44\u00b0C dans certaines r\u00e9gions du Burkina - Vox Sahel","robots":{"index":"index","follow":"follow","max-snippet":"max-snippet:-1","max-image-preview":"max-image-preview:large","max-video-preview":"max-video-preview:-1"},"canonical":"https:\/\/voxsahel.com\/?p=1594","og_locale":"fr_FR","og_type":"article","og_title":"Alerte canicule : Le mercure flambe \u00e0 44\u00b0C dans certaines r\u00e9gions du Burkina - Vox Sahel","og_description":"Des temp\u00e9ratures extr\u00eames frappent le pays Ce dimanche 16 mars 2025, le pays est confront\u00e9","og_url":"https:\/\/voxsahel.com\/?p=1594","og_site_name":"Vox Sahel","article_publisher":"https:\/\/www.facebook.com\/journal.voxsahel","article_published_time":"2025-03-16T16:55:58+00:00","og_image":[{"width":840,"height":647,"url":"https:\/\/voxsahel.com\/wp-content\/uploads\/2025\/03\/0251fd95-4bfa-4778-bec4-14a9a53dbd1a.jpeg","type":"image\/jpeg"}],"author":"Vox Sahel","twitter_card":"summary_large_image","twitter_misc":{"\u00c9crit par":"Vox Sahel","Dur\u00e9e de lecture estim\u00e9e":"2 minutes"},"schema":{"@context":"https:\/\/schema.org","@graph":[{"@type":"Article","@id":"https:\/\/voxsahel.com\/?p=1594#article","isPartOf":{"@id":"https:\/\/voxsahel.com\/?p=1594"},"author":{"name":"Vox Sahel","@id":"https:\/\/voxsahel.com\/#\/schema\/person\/b4043608248f8fa227cd760e7ff1e19e"},"headline":"Alerte canicule : Le mercure flambe \u00e0 44\u00b0C dans certaines r\u00e9gions du Burkina","datePublished":"2025-03-16T16:55:58+00:00","mainEntityOfPage":{"@id":"https:\/\/voxsahel.com\/?p=1594"},"wordCount":346,"commentCount":0,"publisher":{"@id":"https:\/\/voxsahel.com\/#organization"},"image":{"@id":"https:\/\/voxsahel.com\/?p=1594#primaryimage"},"thumbnailUrl":"https:\/\/voxsahel.com\/wp-content\/uploads\/2025\/03\/0251fd95-4bfa-4778-bec4-14a9a53dbd1a.jpeg","keywords":["Burkina Faso","M\u00e9t\u00e9o","M\u00e9t\u00e9orologie"],"articleSection":["SOCIETE"],"inLanguage":"fr-FR","potentialAction":[{"@type":"CommentAction","name":"Comment","target":["https:\/\/voxsahel.com\/?p=1594#respond"]}]},{"@type":"WebPage","@id":"https:\/\/voxsahel.com\/?p=1594","url":"https:\/\/voxsahel.com\/?p=1594","name":"Alerte canicule : Le mercure flambe \u00e0 44\u00b0C dans certaines r\u00e9gions du Burkina - Vox Sahel","isPartOf":{"@id":"https:\/\/voxsahel.com\/#website"},"primaryImageOfPage":{"@id":"https:\/\/voxsahel.com\/?p=1594#primaryimage"},"image":{"@id":"https:\/\/voxsahel.com\/?p=1594#primaryimage"},"thumbnailUrl":"https:\/\/voxsahel.com\/wp-content\/uploads\/2025\/03\/0251fd95-4bfa-4778-bec4-14a9a53dbd1a.jpeg","datePublished":"2025-03-16T16:55:58+00:00","breadcrumb":{"@id":"https:\/\/voxsahel.com\/?p=1594#breadcrumb"},"inLanguage":"fr-FR","potentialAction":[{"@type":"ReadAction","target":["https:\/\/voxsahel.com\/?p=1594"]}]},{"@type":"ImageObject","inLanguage":"fr-FR","@id":"https:\/\/voxsahel.com\/?p=1594#primaryimage","url":"https:\/\/voxsahel.com\/wp-content\/uploads\/2025\/03\/0251fd95-4bfa-4778-bec4-14a9a53dbd1a.jpeg","contentUrl":"https:\/\/voxsahel.com\/wp-content\/uploads\/2025\/03\/0251fd95-4bfa-4778-bec4-14a9a53dbd1a.jpeg","width":840,"height":647},{"@type":"BreadcrumbList","@id":"https:\/\/voxsahel.com\/?p=1594#breadcrumb","itemListElement":[{"@type":"ListItem","position":1,"name":"Home","item":"https:\/\/voxsahel.com\/"},{"@type":"ListItem","position":2,"name":"Alerte canicule : Le mercure flambe \u00e0 44\u00b0C dans certaines r\u00e9gions du Burkina"}]},{"@type":"WebSite","@id":"https:\/\/voxsahel.com\/#website","url":"https:\/\/voxsahel.com\/","name":"Vox Sahel","description":"Informez-vous sur le Sahel en un clic","publisher":{"@id":"https:\/\/voxsahel.com\/#organization"},"potentialAction":[{"@type":"SearchAction","target":{"@type":"EntryPoint","urlTemplate":"https:\/\/voxsahel.com\/?s={search_term_string}"},"query-input":{"@type":"PropertyValueSpecification","valueRequired":true,"valueName":"search_term_string"}}],"inLanguage":"fr-FR"},{"@type":"Organization","@id":"https:\/\/voxsahel.com\/#organization","name":"Vox Sahel","url":"https:\/\/voxsahel.com\/","logo":{"@type":"ImageObject","inLanguage":"fr-FR","@id":"https:\/\/voxsahel.com\/#\/schema\/logo\/image\/","url":"https:\/\/voxsahel.com\/wp-content\/uploads\/2024\/09\/Logo-Vox-Sahel.jpg","contentUrl":"https:\/\/voxsahel.com\/wp-content\/uploads\/2024\/09\/Logo-Vox-Sahel.jpg","width":1181,"height":848,"caption":"Vox Sahel"},"image":{"@id":"https:\/\/voxsahel.com\/#\/schema\/logo\/image\/"},"sameAs":["https:\/\/www.facebook.com\/journal.voxsahel"]},{"@type":"Person","@id":"https:\/\/voxsahel.com\/#\/schema\/person\/b4043608248f8fa227cd760e7ff1e19e","name":"Vox Sahel","image":{"@type":"ImageObject","inLanguage":"fr-FR","@id":"https:\/\/secure.gravatar.com\/avatar\/f70e7fa0cb9b29d4a7c5788d6eb2e9ab4d3135cbae1c9161810fdf77a8964699?s=96&d=mm&r=g","url":"https:\/\/secure.gravatar.com\/avatar\/f70e7fa0cb9b29d4a7c5788d6eb2e9ab4d3135cbae1c9161810fdf77a8964699?s=96&d=mm&r=g","contentUrl":"https:\/\/secure.gravatar.com\/avatar\/f70e7fa0cb9b29d4a7c5788d6eb2e9ab4d3135cbae1c9161810fdf77a8964699?s=96&d=mm&r=g","caption":"Vox Sahel"},"sameAs":["http:\/\/www.voxsahel.com"],"url":"https:\/\/voxsahel.com\/?author=2"}]}},"_links":{"self":[{"href":"https:\/\/voxsahel.com\/index.php?rest_route=\/wp\/v2\/posts\/1594","targetHints":{"allow":["GET"]}}],"collection":[{"href":"https:\/\/voxsahel.com\/index.php?rest_route=\/wp\/v2\/posts"}],"about":[{"href":"https:\/\/voxsahel.com\/index.php?rest_route=\/wp\/v2\/types\/post"}],"author":[{"embeddable":true,"href":"https:\/\/voxsahel.com\/index.php?rest_route=\/wp\/v2\/users\/2"}],"replies":[{"embeddable":true,"href":"https:\/\/voxsahel.com\/index.php?rest_route=%2Fwp%2Fv2%2Fcomments&post=1594"}],"version-history":[{"count":1,"href":"https:\/\/voxsahel.com\/index.php?rest_route=\/wp\/v2\/posts\/1594\/revisions"}],"predecessor-version":[{"id":1597,"href":"https:\/\/voxsahel.com\/index.php?rest_route=\/wp\/v2\/posts\/1594\/revisions\/1597"}],"wp:featuredmedia":[{"embeddable":true,"href":"https:\/\/voxsahel.com\/index.php?rest_route=\/wp\/v2\/media\/1596"}],"wp:attachment":[{"href":"https:\/\/voxsahel.com\/index.php?rest_route=%2Fwp%2Fv2%2Fmedia&parent=1594"}],"wp:term":[{"taxonomy":"category","embeddable":true,"href":"https:\/\/voxsahel.com\/index.php?rest_route=%2Fwp%2Fv2%2Fcategories&post=1594"},{"taxonomy":"post_tag","embeddable":true,"href":"https:\/\/voxsahel.com\/index.php?rest_route=%2Fwp%2Fv2%2Ftags&post=1594"}],"curies":[{"name":"wp","href":"https:\/\/api.w.org\/{rel}","templated":true}]}}