{"id":1584,"date":"2025-03-15T14:22:49","date_gmt":"2025-03-15T14:22:49","guid":{"rendered":"https:\/\/voxsahel.com\/?p=1584"},"modified":"2025-03-15T14:22:49","modified_gmt":"2025-03-15T14:22:49","slug":"evenements-de-solenzo-le-gouvernement-met-en-garde-contre-la-desinformation","status":"publish","type":"post","link":"https:\/\/voxsahel.com\/?p=1584","title":{"rendered":"Ev\u00e9nements de Solenzo : Le gouvernement met en garde contre la d\u00e9sinformation"},"content":{"rendered":"<p class=\"p1\">Le Gouvernement burkinab\u00e8 a vivement r\u00e9agi ce samedi 15 mars 2025, aux r\u00e9centes pol\u00e9miques qui enflamment les r\u00e9seaux sociaux \u00e0 la suite des \u00e9v\u00e9nements survenus \u00e0 Solenzo. Dans un communiqu\u00e9 officiel, il condamne fermement la diffusion d\u2019images et d\u2019informations qu\u2019il qualifie de \u00ab fausses \u00bb et de nature \u00e0 attiser la haine et la violence communautaire.<\/p>\n<p class=\"p3\"><span class=\"s3\">D\u2019apr\u00e8s le communiqu\u00e9, les forces burkinab\u00e8 ont r\u00e9cemment men\u00e9 une op\u00e9ration de reconqu\u00eate dans une zone strat\u00e9gique de la Boucle du Mouhoun. Le 10 mars, un poste avanc\u00e9 des Volontaires pour la d\u00e9fense de la Patrie (VDP) a \u00e9t\u00e9 attaqu\u00e9 par des groupes terroristes. L\u2019assaut a \u00e9t\u00e9 repouss\u00e9 avec succ\u00e8s par les VDP, appuy\u00e9s par les Forces de d\u00e9fense et de s\u00e9curit\u00e9 (FDS). Selon le Gouvernement, cette riposte a permis de neutraliser une centaine d\u2019assaillants et de d\u00e9sorganiser les rangs ennemis.<\/span><\/p>\n<p class=\"p3\"><span class=\"s3\">Dans la poursuite de leur mission, les forces engag\u00e9es ont d\u00e9couvert une base terroriste dissimul\u00e9e en for\u00eat. Elles y ont trouv\u00e9 plusieurs familles en \u00e9tat de d\u00e9tresse, compos\u00e9es de femmes, d\u2019enfants et de personnes \u00e2g\u00e9es, que les terroristes auraient tent\u00e9 d\u2019utiliser comme bouclier humain. De plus, un important troupeau de b\u00e9tail, soup\u00e7onn\u00e9 d\u2019avoir \u00e9t\u00e9 vol\u00e9, a \u00e9t\u00e9 retrouv\u00e9 sur les lieux.<\/span><\/p>\n<p class=\"p3\"><span class=\"s3\">Face \u00e0 cette situation, le Gouvernement assure que des mesures humanitaires ont \u00e9t\u00e9 imm\u00e9diatement prises pour \u00e9vacuer ces populations vuln\u00e9rables vers un site s\u00e9curis\u00e9 o\u00f9 elles re\u00e7oivent une assistance adapt\u00e9e.<\/span><\/p>\n<p class=\"p3\"><strong><span class=\"s2\">Une campagne de d\u00e9sinformation d\u00e9nonc\u00e9e<\/span><\/strong><\/p>\n<p class=\"p3\"><span class=\"s3\">Le Gouvernement burkinab\u00e8 s\u2019insurge contre ce qu\u2019il consid\u00e8re comme une manipulation m\u00e9diatique visant \u00e0 discr\u00e9diter l\u2019action des forces combattantes et \u00e0 semer la discorde au sein des communaut\u00e9s. Il met en garde contre la propagation d\u2019informations erron\u00e9es susceptibles de nuire \u00e0 la coh\u00e9sion sociale et \u00e0 la paix.<\/span><\/p>\n<p class=\"p3\"><span class=\"s3\">Dans ce contexte, l\u2019ex\u00e9cutif exhorte les populations \u00e0 \u00e9viter les zones \u00e0 risque et \u00e0 signaler toute pr\u00e9sence suspecte afin d\u2019appuyer les efforts de s\u00e9curisation du territoire. Il r\u00e9affirme \u00e9galement sa d\u00e9termination \u00e0 poursuivre sans rel\u00e2che les op\u00e9rations militaires jusqu\u2019\u00e0 l\u2019\u00e9limination totale des groupes arm\u00e9s qui menacent la stabilit\u00e9 du pays.<\/span><\/p>\n<p class=\"p3\"><strong><span class=\"s2\">Un appel \u00e0 la r\u00e9silience nationale<\/span><\/strong><\/p>\n<p class=\"p3\"><span class=\"s3\">Alors que le Burkina Faso reste confront\u00e9 \u00e0 une ins\u00e9curit\u00e9 persistante, le Gouvernement appelle \u00e0 l\u2019unit\u00e9 nationale et \u00e0 la vigilance face aux \u00ab man\u0153uvres orchestr\u00e9es dans des officines obscures \u00bb. Il r\u00e9it\u00e8re son engagement \u00e0 b\u00e2tir un pays fond\u00e9 sur la paix, la s\u00e9curit\u00e9 et la coexistence pacifique, malgr\u00e9 les tentatives de division.<\/span><\/p>\n<p class=\"p3\"><span class=\"s3\">Avec cette d\u00e9claration, les autorit\u00e9s cherchent \u00e0 rassurer l\u2019opinion publique tout en maintenant une ligne ferme contre les campagnes de d\u00e9sinformation et les menaces terroristes. Reste \u00e0 voir si ces efforts permettront d\u2019apaiser les tensions et de renforcer l\u2019adh\u00e9sion populaire aux op\u00e9rations de s\u00e9curisation en cours.<\/span><\/p>\n","protected":false},"excerpt":{"rendered":"<p>Le Gouvernement burkinab\u00e8 a vivement r\u00e9agi ce samedi 15 mars 2025, aux r\u00e9centes pol\u00e9miques qui<\/p>\n","protected":false},"author":2,"featured_media":1585,"comment_status":"open","ping_status":"open","sticky":false,"template":"","format":"standard","meta":{"_et_pb_use_builder":"","_et_pb_old_content":"","_et_gb_content_width":"","footnotes":""},"categories":[6],"tags":[18,663,180,216,662],"class_list":["post-1584","post","type-post","status-publish","format-standard","has-post-thumbnail","hentry","category-politique","tag-burkina-faso","tag-desinformation","tag-fds","tag-insecurite","tag-solenzo"],"yoast_head":"<!-- This site is optimized with the Yoast SEO plugin v27.5 - https:\/\/yoast.com\/product\/yoast-seo-wordpress\/ -->\n<title>Ev\u00e9nements de Solenzo : Le gouvernement met en garde contre la d\u00e9sinformation - Vox Sahel<\/title>\n<meta name=\"robots\" content=\"index, follow, max-snippet:-1, max-image-preview:large, max-video-preview:-1\" \/>\n<link rel=\"canonical\" href=\"https:\/\/voxsahel.com\/?p=1584\" \/>\n<meta property=\"og:locale\" content=\"fr_FR\" \/>\n<meta property=\"og:type\" content=\"article\" \/>\n<meta property=\"og:title\" content=\"Ev\u00e9nements de Solenzo : Le gouvernement met en garde contre la d\u00e9sinformation - Vox Sahel\" \/>\n<meta property=\"og:description\" content=\"Le Gouvernement burkinab\u00e8 a vivement r\u00e9agi ce samedi 15 mars 2025, aux r\u00e9centes pol\u00e9miques qui\" \/>\n<meta property=\"og:url\" content=\"https:\/\/voxsahel.com\/?p=1584\" \/>\n<meta property=\"og:site_name\" content=\"Vox Sahel\" \/>\n<meta property=\"article:publisher\" content=\"https:\/\/www.facebook.com\/journal.voxsahel\" \/>\n<meta property=\"article:published_time\" content=\"2025-03-15T14:22:49+00:00\" \/>\n<meta property=\"og:image\" content=\"https:\/\/voxsahel.com\/wp-content\/uploads\/2025\/03\/IMG_5492.jpeg\" \/>\n\t<meta property=\"og:image:width\" content=\"1200\" \/>\n\t<meta property=\"og:image:height\" content=\"675\" \/>\n\t<meta property=\"og:image:type\" content=\"image\/jpeg\" \/>\n<meta name=\"author\" content=\"Vox Sahel\" \/>\n<meta name=\"twitter:card\" content=\"summary_large_image\" \/>\n<meta name=\"twitter:label1\" content=\"\u00c9crit par\" \/>\n\t<meta name=\"twitter:data1\" content=\"Vox Sahel\" \/>\n\t<meta name=\"twitter:label2\" content=\"Dur\u00e9e de lecture estim\u00e9e\" \/>\n\t<meta name=\"twitter:data2\" content=\"3 minutes\" \/>\n<script type=\"application\/ld+json\" class=\"yoast-schema-graph\">{\"@context\":\"https:\\\/\\\/schema.org\",\"@graph\":[{\"@type\":\"Article\",\"@id\":\"https:\\\/\\\/voxsahel.com\\\/?p=1584#article\",\"isPartOf\":{\"@id\":\"https:\\\/\\\/voxsahel.com\\\/?p=1584\"},\"author\":{\"name\":\"Vox Sahel\",\"@id\":\"https:\\\/\\\/voxsahel.com\\\/#\\\/schema\\\/person\\\/b4043608248f8fa227cd760e7ff1e19e\"},\"headline\":\"Ev\u00e9nements de Solenzo : Le gouvernement met en garde contre la d\u00e9sinformation\",\"datePublished\":\"2025-03-15T14:22:49+00:00\",\"mainEntityOfPage\":{\"@id\":\"https:\\\/\\\/voxsahel.com\\\/?p=1584\"},\"wordCount\":506,\"commentCount\":0,\"publisher\":{\"@id\":\"https:\\\/\\\/voxsahel.com\\\/#organization\"},\"image\":{\"@id\":\"https:\\\/\\\/voxsahel.com\\\/?p=1584#primaryimage\"},\"thumbnailUrl\":\"https:\\\/\\\/voxsahel.com\\\/wp-content\\\/uploads\\\/2025\\\/03\\\/IMG_5492.jpeg\",\"keywords\":[\"Burkina Faso\",\"D\u00e9sinformation\",\"FDS\",\"Ins\u00e9curit\u00e9\",\"Solenzo\"],\"articleSection\":[\"POLITIQUE\"],\"inLanguage\":\"fr-FR\",\"potentialAction\":[{\"@type\":\"CommentAction\",\"name\":\"Comment\",\"target\":[\"https:\\\/\\\/voxsahel.com\\\/?p=1584#respond\"]}]},{\"@type\":\"WebPage\",\"@id\":\"https:\\\/\\\/voxsahel.com\\\/?p=1584\",\"url\":\"https:\\\/\\\/voxsahel.com\\\/?p=1584\",\"name\":\"Ev\u00e9nements de Solenzo : Le gouvernement met en garde contre la d\u00e9sinformation - Vox Sahel\",\"isPartOf\":{\"@id\":\"https:\\\/\\\/voxsahel.com\\\/#website\"},\"primaryImageOfPage\":{\"@id\":\"https:\\\/\\\/voxsahel.com\\\/?p=1584#primaryimage\"},\"image\":{\"@id\":\"https:\\\/\\\/voxsahel.com\\\/?p=1584#primaryimage\"},\"thumbnailUrl\":\"https:\\\/\\\/voxsahel.com\\\/wp-content\\\/uploads\\\/2025\\\/03\\\/IMG_5492.jpeg\",\"datePublished\":\"2025-03-15T14:22:49+00:00\",\"breadcrumb\":{\"@id\":\"https:\\\/\\\/voxsahel.com\\\/?p=1584#breadcrumb\"},\"inLanguage\":\"fr-FR\",\"potentialAction\":[{\"@type\":\"ReadAction\",\"target\":[\"https:\\\/\\\/voxsahel.com\\\/?p=1584\"]}]},{\"@type\":\"ImageObject\",\"inLanguage\":\"fr-FR\",\"@id\":\"https:\\\/\\\/voxsahel.com\\\/?p=1584#primaryimage\",\"url\":\"https:\\\/\\\/voxsahel.com\\\/wp-content\\\/uploads\\\/2025\\\/03\\\/IMG_5492.jpeg\",\"contentUrl\":\"https:\\\/\\\/voxsahel.com\\\/wp-content\\\/uploads\\\/2025\\\/03\\\/IMG_5492.jpeg\",\"width\":1200,\"height\":675},{\"@type\":\"BreadcrumbList\",\"@id\":\"https:\\\/\\\/voxsahel.com\\\/?p=1584#breadcrumb\",\"itemListElement\":[{\"@type\":\"ListItem\",\"position\":1,\"name\":\"Home\",\"item\":\"https:\\\/\\\/voxsahel.com\\\/\"},{\"@type\":\"ListItem\",\"position\":2,\"name\":\"Ev\u00e9nements de Solenzo : Le gouvernement met en garde contre la d\u00e9sinformation\"}]},{\"@type\":\"WebSite\",\"@id\":\"https:\\\/\\\/voxsahel.com\\\/#website\",\"url\":\"https:\\\/\\\/voxsahel.com\\\/\",\"name\":\"Vox Sahel\",\"description\":\"Informez-vous sur le Sahel en un clic\",\"publisher\":{\"@id\":\"https:\\\/\\\/voxsahel.com\\\/#organization\"},\"potentialAction\":[{\"@type\":\"SearchAction\",\"target\":{\"@type\":\"EntryPoint\",\"urlTemplate\":\"https:\\\/\\\/voxsahel.com\\\/?s={search_term_string}\"},\"query-input\":{\"@type\":\"PropertyValueSpecification\",\"valueRequired\":true,\"valueName\":\"search_term_string\"}}],\"inLanguage\":\"fr-FR\"},{\"@type\":\"Organization\",\"@id\":\"https:\\\/\\\/voxsahel.com\\\/#organization\",\"name\":\"Vox Sahel\",\"url\":\"https:\\\/\\\/voxsahel.com\\\/\",\"logo\":{\"@type\":\"ImageObject\",\"inLanguage\":\"fr-FR\",\"@id\":\"https:\\\/\\\/voxsahel.com\\\/#\\\/schema\\\/logo\\\/image\\\/\",\"url\":\"https:\\\/\\\/voxsahel.com\\\/wp-content\\\/uploads\\\/2024\\\/09\\\/Logo-Vox-Sahel.jpg\",\"contentUrl\":\"https:\\\/\\\/voxsahel.com\\\/wp-content\\\/uploads\\\/2024\\\/09\\\/Logo-Vox-Sahel.jpg\",\"width\":1181,\"height\":848,\"caption\":\"Vox Sahel\"},\"image\":{\"@id\":\"https:\\\/\\\/voxsahel.com\\\/#\\\/schema\\\/logo\\\/image\\\/\"},\"sameAs\":[\"https:\\\/\\\/www.facebook.com\\\/journal.voxsahel\"]},{\"@type\":\"Person\",\"@id\":\"https:\\\/\\\/voxsahel.com\\\/#\\\/schema\\\/person\\\/b4043608248f8fa227cd760e7ff1e19e\",\"name\":\"Vox Sahel\",\"image\":{\"@type\":\"ImageObject\",\"inLanguage\":\"fr-FR\",\"@id\":\"https:\\\/\\\/secure.gravatar.com\\\/avatar\\\/f70e7fa0cb9b29d4a7c5788d6eb2e9ab4d3135cbae1c9161810fdf77a8964699?s=96&d=mm&r=g\",\"url\":\"https:\\\/\\\/secure.gravatar.com\\\/avatar\\\/f70e7fa0cb9b29d4a7c5788d6eb2e9ab4d3135cbae1c9161810fdf77a8964699?s=96&d=mm&r=g\",\"contentUrl\":\"https:\\\/\\\/secure.gravatar.com\\\/avatar\\\/f70e7fa0cb9b29d4a7c5788d6eb2e9ab4d3135cbae1c9161810fdf77a8964699?s=96&d=mm&r=g\",\"caption\":\"Vox Sahel\"},\"sameAs\":[\"http:\\\/\\\/www.voxsahel.com\"],\"url\":\"https:\\\/\\\/voxsahel.com\\\/?author=2\"}]}<\/script>\n<!-- \/ Yoast SEO plugin. -->","yoast_head_json":{"title":"Ev\u00e9nements de Solenzo : Le gouvernement met en garde contre la d\u00e9sinformation - Vox Sahel","robots":{"index":"index","follow":"follow","max-snippet":"max-snippet:-1","max-image-preview":"max-image-preview:large","max-video-preview":"max-video-preview:-1"},"canonical":"https:\/\/voxsahel.com\/?p=1584","og_locale":"fr_FR","og_type":"article","og_title":"Ev\u00e9nements de Solenzo : Le gouvernement met en garde contre la d\u00e9sinformation - Vox Sahel","og_description":"Le Gouvernement burkinab\u00e8 a vivement r\u00e9agi ce samedi 15 mars 2025, aux r\u00e9centes pol\u00e9miques qui","og_url":"https:\/\/voxsahel.com\/?p=1584","og_site_name":"Vox Sahel","article_publisher":"https:\/\/www.facebook.com\/journal.voxsahel","article_published_time":"2025-03-15T14:22:49+00:00","og_image":[{"width":1200,"height":675,"url":"https:\/\/voxsahel.com\/wp-content\/uploads\/2025\/03\/IMG_5492.jpeg","type":"image\/jpeg"}],"author":"Vox Sahel","twitter_card":"summary_large_image","twitter_misc":{"\u00c9crit par":"Vox Sahel","Dur\u00e9e de lecture estim\u00e9e":"3 minutes"},"schema":{"@context":"https:\/\/schema.org","@graph":[{"@type":"Article","@id":"https:\/\/voxsahel.com\/?p=1584#article","isPartOf":{"@id":"https:\/\/voxsahel.com\/?p=1584"},"author":{"name":"Vox Sahel","@id":"https:\/\/voxsahel.com\/#\/schema\/person\/b4043608248f8fa227cd760e7ff1e19e"},"headline":"Ev\u00e9nements de Solenzo : Le gouvernement met en garde contre la d\u00e9sinformation","datePublished":"2025-03-15T14:22:49+00:00","mainEntityOfPage":{"@id":"https:\/\/voxsahel.com\/?p=1584"},"wordCount":506,"commentCount":0,"publisher":{"@id":"https:\/\/voxsahel.com\/#organization"},"image":{"@id":"https:\/\/voxsahel.com\/?p=1584#primaryimage"},"thumbnailUrl":"https:\/\/voxsahel.com\/wp-content\/uploads\/2025\/03\/IMG_5492.jpeg","keywords":["Burkina Faso","D\u00e9sinformation","FDS","Ins\u00e9curit\u00e9","Solenzo"],"articleSection":["POLITIQUE"],"inLanguage":"fr-FR","potentialAction":[{"@type":"CommentAction","name":"Comment","target":["https:\/\/voxsahel.com\/?p=1584#respond"]}]},{"@type":"WebPage","@id":"https:\/\/voxsahel.com\/?p=1584","url":"https:\/\/voxsahel.com\/?p=1584","name":"Ev\u00e9nements de Solenzo : Le gouvernement met en garde contre la d\u00e9sinformation - Vox Sahel","isPartOf":{"@id":"https:\/\/voxsahel.com\/#website"},"primaryImageOfPage":{"@id":"https:\/\/voxsahel.com\/?p=1584#primaryimage"},"image":{"@id":"https:\/\/voxsahel.com\/?p=1584#primaryimage"},"thumbnailUrl":"https:\/\/voxsahel.com\/wp-content\/uploads\/2025\/03\/IMG_5492.jpeg","datePublished":"2025-03-15T14:22:49+00:00","breadcrumb":{"@id":"https:\/\/voxsahel.com\/?p=1584#breadcrumb"},"inLanguage":"fr-FR","potentialAction":[{"@type":"ReadAction","target":["https:\/\/voxsahel.com\/?p=1584"]}]},{"@type":"ImageObject","inLanguage":"fr-FR","@id":"https:\/\/voxsahel.com\/?p=1584#primaryimage","url":"https:\/\/voxsahel.com\/wp-content\/uploads\/2025\/03\/IMG_5492.jpeg","contentUrl":"https:\/\/voxsahel.com\/wp-content\/uploads\/2025\/03\/IMG_5492.jpeg","width":1200,"height":675},{"@type":"BreadcrumbList","@id":"https:\/\/voxsahel.com\/?p=1584#breadcrumb","itemListElement":[{"@type":"ListItem","position":1,"name":"Home","item":"https:\/\/voxsahel.com\/"},{"@type":"ListItem","position":2,"name":"Ev\u00e9nements de Solenzo : Le gouvernement met en garde contre la d\u00e9sinformation"}]},{"@type":"WebSite","@id":"https:\/\/voxsahel.com\/#website","url":"https:\/\/voxsahel.com\/","name":"Vox Sahel","description":"Informez-vous sur le Sahel en un clic","publisher":{"@id":"https:\/\/voxsahel.com\/#organization"},"potentialAction":[{"@type":"SearchAction","target":{"@type":"EntryPoint","urlTemplate":"https:\/\/voxsahel.com\/?s={search_term_string}"},"query-input":{"@type":"PropertyValueSpecification","valueRequired":true,"valueName":"search_term_string"}}],"inLanguage":"fr-FR"},{"@type":"Organization","@id":"https:\/\/voxsahel.com\/#organization","name":"Vox Sahel","url":"https:\/\/voxsahel.com\/","logo":{"@type":"ImageObject","inLanguage":"fr-FR","@id":"https:\/\/voxsahel.com\/#\/schema\/logo\/image\/","url":"https:\/\/voxsahel.com\/wp-content\/uploads\/2024\/09\/Logo-Vox-Sahel.jpg","contentUrl":"https:\/\/voxsahel.com\/wp-content\/uploads\/2024\/09\/Logo-Vox-Sahel.jpg","width":1181,"height":848,"caption":"Vox Sahel"},"image":{"@id":"https:\/\/voxsahel.com\/#\/schema\/logo\/image\/"},"sameAs":["https:\/\/www.facebook.com\/journal.voxsahel"]},{"@type":"Person","@id":"https:\/\/voxsahel.com\/#\/schema\/person\/b4043608248f8fa227cd760e7ff1e19e","name":"Vox Sahel","image":{"@type":"ImageObject","inLanguage":"fr-FR","@id":"https:\/\/secure.gravatar.com\/avatar\/f70e7fa0cb9b29d4a7c5788d6eb2e9ab4d3135cbae1c9161810fdf77a8964699?s=96&d=mm&r=g","url":"https:\/\/secure.gravatar.com\/avatar\/f70e7fa0cb9b29d4a7c5788d6eb2e9ab4d3135cbae1c9161810fdf77a8964699?s=96&d=mm&r=g","contentUrl":"https:\/\/secure.gravatar.com\/avatar\/f70e7fa0cb9b29d4a7c5788d6eb2e9ab4d3135cbae1c9161810fdf77a8964699?s=96&d=mm&r=g","caption":"Vox Sahel"},"sameAs":["http:\/\/www.voxsahel.com"],"url":"https:\/\/voxsahel.com\/?author=2"}]}},"_links":{"self":[{"href":"https:\/\/voxsahel.com\/index.php?rest_route=\/wp\/v2\/posts\/1584","targetHints":{"allow":["GET"]}}],"collection":[{"href":"https:\/\/voxsahel.com\/index.php?rest_route=\/wp\/v2\/posts"}],"about":[{"href":"https:\/\/voxsahel.com\/index.php?rest_route=\/wp\/v2\/types\/post"}],"author":[{"embeddable":true,"href":"https:\/\/voxsahel.com\/index.php?rest_route=\/wp\/v2\/users\/2"}],"replies":[{"embeddable":true,"href":"https:\/\/voxsahel.com\/index.php?rest_route=%2Fwp%2Fv2%2Fcomments&post=1584"}],"version-history":[{"count":1,"href":"https:\/\/voxsahel.com\/index.php?rest_route=\/wp\/v2\/posts\/1584\/revisions"}],"predecessor-version":[{"id":1586,"href":"https:\/\/voxsahel.com\/index.php?rest_route=\/wp\/v2\/posts\/1584\/revisions\/1586"}],"wp:featuredmedia":[{"embeddable":true,"href":"https:\/\/voxsahel.com\/index.php?rest_route=\/wp\/v2\/media\/1585"}],"wp:attachment":[{"href":"https:\/\/voxsahel.com\/index.php?rest_route=%2Fwp%2Fv2%2Fmedia&parent=1584"}],"wp:term":[{"taxonomy":"category","embeddable":true,"href":"https:\/\/voxsahel.com\/index.php?rest_route=%2Fwp%2Fv2%2Fcategories&post=1584"},{"taxonomy":"post_tag","embeddable":true,"href":"https:\/\/voxsahel.com\/index.php?rest_route=%2Fwp%2Fv2%2Ftags&post=1584"}],"curies":[{"name":"wp","href":"https:\/\/api.w.org\/{rel}","templated":true}]}}