{"id":1571,"date":"2025-03-13T05:22:18","date_gmt":"2025-03-13T05:22:18","guid":{"rendered":"https:\/\/voxsahel.com\/?p=1571"},"modified":"2025-03-13T05:22:18","modified_gmt":"2025-03-13T05:22:18","slug":"crise-diplomatique-en-guinee-bissau-umaro-sissoko-embalo-defie-la-cedeao","status":"publish","type":"post","link":"https:\/\/voxsahel.com\/?p=1571","title":{"rendered":"Crise diplomatique en Guin\u00e9e-Bissau : Umaro Sissoko Embalo d\u00e9fie la CEDEAO"},"content":{"rendered":"<p class=\"p3\"><span class=\"s3\">Dans une interview exclusive accord\u00e9e \u00e0 <\/span><span class=\"s2\">Russia Today (RT)<\/span><span class=\"s3\">, le pr\u00e9sident de la Guin\u00e9e-Bissau, <\/span><span class=\"s2\">Umaro Sissoko Embalo<\/span><span class=\"s3\">, a justifi\u00e9 sa r\u00e9cente d\u00e9cision d\u2019expulser une mission de la <\/span><span class=\"s2\">CEDEAO<\/span><span class=\"s3\"> et des <\/span><span class=\"s2\">Nations Unies<\/span><span class=\"s3\">, envoy\u00e9e pour r\u00e9soudre une crise politique dans son pays. Estimant que cette mission ne respectait ni la souverainet\u00e9 nationale ni les textes en vigueur, le chef de l\u2019\u00c9tat a vivement critiqu\u00e9 l\u2019attitude de l\u2019organisation sous-r\u00e9gionale et plaid\u00e9 pour une r\u00e9forme en profondeur de son fonctionnement.<\/span><\/p>\n<p class=\"p3\"><span class=\"s3\">Le pr\u00e9sident Embalo n\u2019a pas m\u00e2ch\u00e9 ses mots pour d\u00e9noncer ce qu\u2019il consid\u00e8re comme une <\/span><span class=\"s2\">ing\u00e9rence inacceptable<\/span><span class=\"s3\">. Selon lui, la mission de la CEDEAO s\u2019est rendue en Guin\u00e9e-Bissau sans pr\u00e9senter au pr\u00e9alable une <\/span><span class=\"s2\">feuille de route claire<\/span><span class=\"s3\">, un \u00e9l\u00e9ment essentiel pour garantir la transparence de ses actions.<\/span><\/p>\n<p class=\"p3\"><span class=\"s3\">\u00ab Chacun doit savoir o\u00f9 son pouvoir commence et o\u00f9 il se termine \u00bb, a-t-il martel\u00e9, soulignant que la mission n\u2019avait pas respect\u00e9 la <\/span><span class=\"s2\">Constitution bissau-guin\u00e9enne<\/span><span class=\"s3\">, pourtant plac\u00e9e au-dessus des d\u00e9cisions de l\u2019organisation sous-r\u00e9gionale.<\/span><\/p>\n<p class=\"p3\"><span class=\"s3\">Face \u00e0 ce qu\u2019il qualifie d\u2019<\/span><span class=\"s2\">entorse aux r\u00e8gles diplomatiques<\/span><span class=\"s3\">, Embalo a pris une d\u00e9cision radicale : <\/span><span class=\"s2\">l\u2019expulsion pure et simple des \u00e9missaires de la CEDEAO et de l\u2019ONU<\/span><span class=\"s3\">. \u00ab Ils sont all\u00e9s trop loin. Ils voulaient cr\u00e9er une crise politique profonde. \u00c7a, c\u2019est inacceptable ! \u00bb, a-t-il d\u00e9nonc\u00e9.<\/span><\/p>\n<p class=\"p3\"><span class=\"s3\">Loin de craindre d\u2019\u00e9ventuelles repr\u00e9sailles, le pr\u00e9sident bissau-guin\u00e9en se montre confiant. Il exclut toute sanction \u00e0 l\u2019encontre de son pays et r\u00e9affirme la souverainet\u00e9 de la Guin\u00e9e-Bissau :<\/span><\/p>\n<blockquote>\n<p class=\"p3\"><span class=\"s3\">\u00ab Ce ne sont pas des petits fonctionnaires de la CEDEAO qui vont venir nous dicter ce que nous devons faire. Non, \u00e7a jamais ! \u00bb, a-t-il lanc\u00e9 avec fermet\u00e9.<\/span><\/p>\n<\/blockquote>\n<p class=\"p3\"><span class=\"s3\">Selon lui, la CEDEAO doit revoir son organisation interne et mieux d\u00e9finir ses pr\u00e9rogatives. \u00ab C\u2019est une organisation qu\u2019on doit calibrer. Nous, les chefs d\u2019\u00c9tat, allons la calibrer \u00bb, a-t-il insist\u00e9, d\u00e9non\u00e7ant la pr\u00e9sence de <\/span><span class=\"s2\">\u00ab militants et activistes \u00bb<\/span><span class=\"s3\"> au sein de la commission r\u00e9gionale.<\/span><\/p>\n<p class=\"p3\"><span class=\"s3\">Revenant sur la crise nig\u00e9rienne, Umaro Sissoko Embalo a \u00e9galement reconnu des erreurs dans la gestion du coup d\u2019\u00c9tat qui a renvers\u00e9 le pr\u00e9sident <\/span><span class=\"s2\">Mohamed Bazoum<\/span><span class=\"s3\"> en juillet 2023.<\/span><\/p>\n<p class=\"p3\"><span class=\"s3\">Alors que la CEDEAO avait menac\u00e9 d\u2019une <\/span><span class=\"s2\">intervention militaire<\/span><span class=\"s3\"> pour restaurer le pouvoir civil, Embalo consid\u00e8re aujourd\u2019hui cette option comme une mauvaise approche. \u00ab C\u2019est de notre faute. On aurait d\u00fb envisager une autre strat\u00e9gie \u00bb, a-t-il admis, estimant qu\u2019il faut d\u00e9sormais <\/span><span class=\"s2\">se concentrer sur l\u2019avenir et sur le redressement de la CEDEAO<\/span><span class=\"s3\">.<\/span><\/p>\n<p class=\"p3\"><span class=\"s3\">Concernant le retrait du <\/span><span class=\"s2\">Mali, du Burkina Faso et du Niger<\/span><span class=\"s3\"> de la CEDEAO, le pr\u00e9sident bissau-guin\u00e9en s\u2019est dit profond\u00e9ment attrist\u00e9 par cette d\u00e9cision. Ces trois pays, qui ont form\u00e9 l\u2019<\/span><span class=\"s2\">Alliance des \u00c9tats du Sahel (AES)<\/span><span class=\"s3\">, ont choisi de prendre leurs distances avec l\u2019organisation sous-r\u00e9gionale, mettant en p\u00e9ril la coh\u00e9sion de l\u2019espace ouest-africain.<\/span><\/p>\n<p class=\"p3\"><span class=\"s3\">\u00ab C\u2019est regrettable, dommage et p\u00e9nible \u00bb, a-t-il d\u00e9clar\u00e9, tout en reconnaissant leur <\/span><span class=\"s2\">souverainet\u00e9 nationale<\/span><span class=\"s3\">.<\/span><\/p>\n<p class=\"p3\" style=\"text-align: center;\"><strong><span class=\"s2\">Un avenir incertain pour la CEDEAO<\/span><\/strong><\/p>\n<p class=\"p3\"><span class=\"s3\">Face aux d\u00e9fis croissants qui secouent la CEDEAO, Umaro Sissoko Embalo appelle \u00e0 une r\u00e9forme en profondeur pour \u00e9viter l\u2019<\/span><span class=\"s2\">effondrement<\/span><span class=\"s3\"> de l\u2019organisation. \u00ab La CEDEAO est cr\u00e9dible\u2026 On doit la relever \u00bb, a-t-il conclu.<\/span><\/p>\n<p class=\"p3\"><span class=\"s3\">Dans un contexte de tensions croissantes entre certains \u00c9tats membres et l\u2019organisation, l\u2019avenir de la CEDEAO semble plus incertain que jamais. La position tranch\u00e9e du pr\u00e9sident bissau-guin\u00e9en illustre la <\/span><span class=\"s2\">fracture grandissante<\/span><span class=\"s3\"> entre les dirigeants ouest-africains et la n\u00e9cessit\u00e9 d\u2019une refonte du cadre institutionnel pour assurer la stabilit\u00e9 de la r\u00e9gion.<\/span><\/p>\n","protected":false},"excerpt":{"rendered":"<p>Dans une interview exclusive accord\u00e9e \u00e0 Russia Today (RT), le pr\u00e9sident de la Guin\u00e9e-Bissau, Umaro<\/p>\n","protected":false},"author":2,"featured_media":1572,"comment_status":"open","ping_status":"open","sticky":false,"template":"","format":"standard","meta":{"_et_pb_use_builder":"","_et_pb_old_content":"","_et_gb_content_width":"","footnotes":""},"categories":[6],"tags":[61,289,642,643],"class_list":["post-1571","post","type-post","status-publish","format-standard","has-post-thumbnail","hentry","category-politique","tag-aes","tag-cedeao","tag-guinee-bissau","tag-umaro-sissoco-embalo"],"yoast_head":"<!-- This site is optimized with the Yoast SEO plugin v27.5 - https:\/\/yoast.com\/product\/yoast-seo-wordpress\/ -->\n<title>Crise diplomatique en Guin\u00e9e-Bissau : Umaro Sissoko Embalo d\u00e9fie la CEDEAO - Vox Sahel<\/title>\n<meta name=\"robots\" content=\"index, follow, max-snippet:-1, max-image-preview:large, max-video-preview:-1\" \/>\n<link rel=\"canonical\" href=\"https:\/\/voxsahel.com\/?p=1571\" \/>\n<meta property=\"og:locale\" content=\"fr_FR\" \/>\n<meta property=\"og:type\" content=\"article\" \/>\n<meta property=\"og:title\" content=\"Crise diplomatique en Guin\u00e9e-Bissau : Umaro Sissoko Embalo d\u00e9fie la CEDEAO - Vox Sahel\" \/>\n<meta property=\"og:description\" content=\"Dans une interview exclusive accord\u00e9e \u00e0 Russia Today (RT), le pr\u00e9sident de la Guin\u00e9e-Bissau, Umaro\" \/>\n<meta property=\"og:url\" content=\"https:\/\/voxsahel.com\/?p=1571\" \/>\n<meta property=\"og:site_name\" content=\"Vox Sahel\" \/>\n<meta property=\"article:publisher\" content=\"https:\/\/www.facebook.com\/journal.voxsahel\" \/>\n<meta property=\"article:published_time\" content=\"2025-03-13T05:22:18+00:00\" \/>\n<meta property=\"og:image\" content=\"https:\/\/voxsahel.com\/wp-content\/uploads\/2025\/03\/IMG_4808.png\" \/>\n\t<meta property=\"og:image:width\" content=\"680\" \/>\n\t<meta property=\"og:image:height\" content=\"420\" \/>\n\t<meta property=\"og:image:type\" content=\"image\/png\" \/>\n<meta name=\"author\" content=\"Vox Sahel\" \/>\n<meta name=\"twitter:card\" content=\"summary_large_image\" \/>\n<meta name=\"twitter:label1\" content=\"\u00c9crit par\" \/>\n\t<meta name=\"twitter:data1\" content=\"Vox Sahel\" \/>\n\t<meta name=\"twitter:label2\" content=\"Dur\u00e9e de lecture estim\u00e9e\" \/>\n\t<meta name=\"twitter:data2\" content=\"3 minutes\" \/>\n<script type=\"application\/ld+json\" class=\"yoast-schema-graph\">{\"@context\":\"https:\\\/\\\/schema.org\",\"@graph\":[{\"@type\":\"Article\",\"@id\":\"https:\\\/\\\/voxsahel.com\\\/?p=1571#article\",\"isPartOf\":{\"@id\":\"https:\\\/\\\/voxsahel.com\\\/?p=1571\"},\"author\":{\"name\":\"Vox Sahel\",\"@id\":\"https:\\\/\\\/voxsahel.com\\\/#\\\/schema\\\/person\\\/b4043608248f8fa227cd760e7ff1e19e\"},\"headline\":\"Crise diplomatique en Guin\u00e9e-Bissau : Umaro Sissoko Embalo d\u00e9fie la CEDEAO\",\"datePublished\":\"2025-03-13T05:22:18+00:00\",\"mainEntityOfPage\":{\"@id\":\"https:\\\/\\\/voxsahel.com\\\/?p=1571\"},\"wordCount\":632,\"commentCount\":0,\"publisher\":{\"@id\":\"https:\\\/\\\/voxsahel.com\\\/#organization\"},\"image\":{\"@id\":\"https:\\\/\\\/voxsahel.com\\\/?p=1571#primaryimage\"},\"thumbnailUrl\":\"https:\\\/\\\/voxsahel.com\\\/wp-content\\\/uploads\\\/2025\\\/03\\\/IMG_4808.png\",\"keywords\":[\"AES\",\"CEDEAO\",\"Guin\u00e9e-Bissau\",\"Umaro Sissoco Embal\u00f3\"],\"articleSection\":[\"POLITIQUE\"],\"inLanguage\":\"fr-FR\",\"potentialAction\":[{\"@type\":\"CommentAction\",\"name\":\"Comment\",\"target\":[\"https:\\\/\\\/voxsahel.com\\\/?p=1571#respond\"]}]},{\"@type\":\"WebPage\",\"@id\":\"https:\\\/\\\/voxsahel.com\\\/?p=1571\",\"url\":\"https:\\\/\\\/voxsahel.com\\\/?p=1571\",\"name\":\"Crise diplomatique en Guin\u00e9e-Bissau : Umaro Sissoko Embalo d\u00e9fie la CEDEAO - Vox Sahel\",\"isPartOf\":{\"@id\":\"https:\\\/\\\/voxsahel.com\\\/#website\"},\"primaryImageOfPage\":{\"@id\":\"https:\\\/\\\/voxsahel.com\\\/?p=1571#primaryimage\"},\"image\":{\"@id\":\"https:\\\/\\\/voxsahel.com\\\/?p=1571#primaryimage\"},\"thumbnailUrl\":\"https:\\\/\\\/voxsahel.com\\\/wp-content\\\/uploads\\\/2025\\\/03\\\/IMG_4808.png\",\"datePublished\":\"2025-03-13T05:22:18+00:00\",\"breadcrumb\":{\"@id\":\"https:\\\/\\\/voxsahel.com\\\/?p=1571#breadcrumb\"},\"inLanguage\":\"fr-FR\",\"potentialAction\":[{\"@type\":\"ReadAction\",\"target\":[\"https:\\\/\\\/voxsahel.com\\\/?p=1571\"]}]},{\"@type\":\"ImageObject\",\"inLanguage\":\"fr-FR\",\"@id\":\"https:\\\/\\\/voxsahel.com\\\/?p=1571#primaryimage\",\"url\":\"https:\\\/\\\/voxsahel.com\\\/wp-content\\\/uploads\\\/2025\\\/03\\\/IMG_4808.png\",\"contentUrl\":\"https:\\\/\\\/voxsahel.com\\\/wp-content\\\/uploads\\\/2025\\\/03\\\/IMG_4808.png\",\"width\":680,\"height\":420},{\"@type\":\"BreadcrumbList\",\"@id\":\"https:\\\/\\\/voxsahel.com\\\/?p=1571#breadcrumb\",\"itemListElement\":[{\"@type\":\"ListItem\",\"position\":1,\"name\":\"Home\",\"item\":\"https:\\\/\\\/voxsahel.com\\\/\"},{\"@type\":\"ListItem\",\"position\":2,\"name\":\"Crise diplomatique en Guin\u00e9e-Bissau : Umaro Sissoko Embalo d\u00e9fie la CEDEAO\"}]},{\"@type\":\"WebSite\",\"@id\":\"https:\\\/\\\/voxsahel.com\\\/#website\",\"url\":\"https:\\\/\\\/voxsahel.com\\\/\",\"name\":\"Vox Sahel\",\"description\":\"Informez-vous sur le Sahel en un clic\",\"publisher\":{\"@id\":\"https:\\\/\\\/voxsahel.com\\\/#organization\"},\"potentialAction\":[{\"@type\":\"SearchAction\",\"target\":{\"@type\":\"EntryPoint\",\"urlTemplate\":\"https:\\\/\\\/voxsahel.com\\\/?s={search_term_string}\"},\"query-input\":{\"@type\":\"PropertyValueSpecification\",\"valueRequired\":true,\"valueName\":\"search_term_string\"}}],\"inLanguage\":\"fr-FR\"},{\"@type\":\"Organization\",\"@id\":\"https:\\\/\\\/voxsahel.com\\\/#organization\",\"name\":\"Vox Sahel\",\"url\":\"https:\\\/\\\/voxsahel.com\\\/\",\"logo\":{\"@type\":\"ImageObject\",\"inLanguage\":\"fr-FR\",\"@id\":\"https:\\\/\\\/voxsahel.com\\\/#\\\/schema\\\/logo\\\/image\\\/\",\"url\":\"https:\\\/\\\/voxsahel.com\\\/wp-content\\\/uploads\\\/2024\\\/09\\\/Logo-Vox-Sahel.jpg\",\"contentUrl\":\"https:\\\/\\\/voxsahel.com\\\/wp-content\\\/uploads\\\/2024\\\/09\\\/Logo-Vox-Sahel.jpg\",\"width\":1181,\"height\":848,\"caption\":\"Vox Sahel\"},\"image\":{\"@id\":\"https:\\\/\\\/voxsahel.com\\\/#\\\/schema\\\/logo\\\/image\\\/\"},\"sameAs\":[\"https:\\\/\\\/www.facebook.com\\\/journal.voxsahel\"]},{\"@type\":\"Person\",\"@id\":\"https:\\\/\\\/voxsahel.com\\\/#\\\/schema\\\/person\\\/b4043608248f8fa227cd760e7ff1e19e\",\"name\":\"Vox Sahel\",\"image\":{\"@type\":\"ImageObject\",\"inLanguage\":\"fr-FR\",\"@id\":\"https:\\\/\\\/secure.gravatar.com\\\/avatar\\\/f70e7fa0cb9b29d4a7c5788d6eb2e9ab4d3135cbae1c9161810fdf77a8964699?s=96&d=mm&r=g\",\"url\":\"https:\\\/\\\/secure.gravatar.com\\\/avatar\\\/f70e7fa0cb9b29d4a7c5788d6eb2e9ab4d3135cbae1c9161810fdf77a8964699?s=96&d=mm&r=g\",\"contentUrl\":\"https:\\\/\\\/secure.gravatar.com\\\/avatar\\\/f70e7fa0cb9b29d4a7c5788d6eb2e9ab4d3135cbae1c9161810fdf77a8964699?s=96&d=mm&r=g\",\"caption\":\"Vox Sahel\"},\"sameAs\":[\"http:\\\/\\\/www.voxsahel.com\"],\"url\":\"https:\\\/\\\/voxsahel.com\\\/?author=2\"}]}<\/script>\n<!-- \/ Yoast SEO plugin. -->","yoast_head_json":{"title":"Crise diplomatique en Guin\u00e9e-Bissau : Umaro Sissoko Embalo d\u00e9fie la CEDEAO - Vox Sahel","robots":{"index":"index","follow":"follow","max-snippet":"max-snippet:-1","max-image-preview":"max-image-preview:large","max-video-preview":"max-video-preview:-1"},"canonical":"https:\/\/voxsahel.com\/?p=1571","og_locale":"fr_FR","og_type":"article","og_title":"Crise diplomatique en Guin\u00e9e-Bissau : Umaro Sissoko Embalo d\u00e9fie la CEDEAO - Vox Sahel","og_description":"Dans une interview exclusive accord\u00e9e \u00e0 Russia Today (RT), le pr\u00e9sident de la Guin\u00e9e-Bissau, Umaro","og_url":"https:\/\/voxsahel.com\/?p=1571","og_site_name":"Vox Sahel","article_publisher":"https:\/\/www.facebook.com\/journal.voxsahel","article_published_time":"2025-03-13T05:22:18+00:00","og_image":[{"width":680,"height":420,"url":"https:\/\/voxsahel.com\/wp-content\/uploads\/2025\/03\/IMG_4808.png","type":"image\/png"}],"author":"Vox Sahel","twitter_card":"summary_large_image","twitter_misc":{"\u00c9crit par":"Vox Sahel","Dur\u00e9e de lecture estim\u00e9e":"3 minutes"},"schema":{"@context":"https:\/\/schema.org","@graph":[{"@type":"Article","@id":"https:\/\/voxsahel.com\/?p=1571#article","isPartOf":{"@id":"https:\/\/voxsahel.com\/?p=1571"},"author":{"name":"Vox Sahel","@id":"https:\/\/voxsahel.com\/#\/schema\/person\/b4043608248f8fa227cd760e7ff1e19e"},"headline":"Crise diplomatique en Guin\u00e9e-Bissau : Umaro Sissoko Embalo d\u00e9fie la CEDEAO","datePublished":"2025-03-13T05:22:18+00:00","mainEntityOfPage":{"@id":"https:\/\/voxsahel.com\/?p=1571"},"wordCount":632,"commentCount":0,"publisher":{"@id":"https:\/\/voxsahel.com\/#organization"},"image":{"@id":"https:\/\/voxsahel.com\/?p=1571#primaryimage"},"thumbnailUrl":"https:\/\/voxsahel.com\/wp-content\/uploads\/2025\/03\/IMG_4808.png","keywords":["AES","CEDEAO","Guin\u00e9e-Bissau","Umaro Sissoco Embal\u00f3"],"articleSection":["POLITIQUE"],"inLanguage":"fr-FR","potentialAction":[{"@type":"CommentAction","name":"Comment","target":["https:\/\/voxsahel.com\/?p=1571#respond"]}]},{"@type":"WebPage","@id":"https:\/\/voxsahel.com\/?p=1571","url":"https:\/\/voxsahel.com\/?p=1571","name":"Crise diplomatique en Guin\u00e9e-Bissau : Umaro Sissoko Embalo d\u00e9fie la CEDEAO - Vox Sahel","isPartOf":{"@id":"https:\/\/voxsahel.com\/#website"},"primaryImageOfPage":{"@id":"https:\/\/voxsahel.com\/?p=1571#primaryimage"},"image":{"@id":"https:\/\/voxsahel.com\/?p=1571#primaryimage"},"thumbnailUrl":"https:\/\/voxsahel.com\/wp-content\/uploads\/2025\/03\/IMG_4808.png","datePublished":"2025-03-13T05:22:18+00:00","breadcrumb":{"@id":"https:\/\/voxsahel.com\/?p=1571#breadcrumb"},"inLanguage":"fr-FR","potentialAction":[{"@type":"ReadAction","target":["https:\/\/voxsahel.com\/?p=1571"]}]},{"@type":"ImageObject","inLanguage":"fr-FR","@id":"https:\/\/voxsahel.com\/?p=1571#primaryimage","url":"https:\/\/voxsahel.com\/wp-content\/uploads\/2025\/03\/IMG_4808.png","contentUrl":"https:\/\/voxsahel.com\/wp-content\/uploads\/2025\/03\/IMG_4808.png","width":680,"height":420},{"@type":"BreadcrumbList","@id":"https:\/\/voxsahel.com\/?p=1571#breadcrumb","itemListElement":[{"@type":"ListItem","position":1,"name":"Home","item":"https:\/\/voxsahel.com\/"},{"@type":"ListItem","position":2,"name":"Crise diplomatique en Guin\u00e9e-Bissau : Umaro Sissoko Embalo d\u00e9fie la CEDEAO"}]},{"@type":"WebSite","@id":"https:\/\/voxsahel.com\/#website","url":"https:\/\/voxsahel.com\/","name":"Vox Sahel","description":"Informez-vous sur le Sahel en un clic","publisher":{"@id":"https:\/\/voxsahel.com\/#organization"},"potentialAction":[{"@type":"SearchAction","target":{"@type":"EntryPoint","urlTemplate":"https:\/\/voxsahel.com\/?s={search_term_string}"},"query-input":{"@type":"PropertyValueSpecification","valueRequired":true,"valueName":"search_term_string"}}],"inLanguage":"fr-FR"},{"@type":"Organization","@id":"https:\/\/voxsahel.com\/#organization","name":"Vox Sahel","url":"https:\/\/voxsahel.com\/","logo":{"@type":"ImageObject","inLanguage":"fr-FR","@id":"https:\/\/voxsahel.com\/#\/schema\/logo\/image\/","url":"https:\/\/voxsahel.com\/wp-content\/uploads\/2024\/09\/Logo-Vox-Sahel.jpg","contentUrl":"https:\/\/voxsahel.com\/wp-content\/uploads\/2024\/09\/Logo-Vox-Sahel.jpg","width":1181,"height":848,"caption":"Vox Sahel"},"image":{"@id":"https:\/\/voxsahel.com\/#\/schema\/logo\/image\/"},"sameAs":["https:\/\/www.facebook.com\/journal.voxsahel"]},{"@type":"Person","@id":"https:\/\/voxsahel.com\/#\/schema\/person\/b4043608248f8fa227cd760e7ff1e19e","name":"Vox Sahel","image":{"@type":"ImageObject","inLanguage":"fr-FR","@id":"https:\/\/secure.gravatar.com\/avatar\/f70e7fa0cb9b29d4a7c5788d6eb2e9ab4d3135cbae1c9161810fdf77a8964699?s=96&d=mm&r=g","url":"https:\/\/secure.gravatar.com\/avatar\/f70e7fa0cb9b29d4a7c5788d6eb2e9ab4d3135cbae1c9161810fdf77a8964699?s=96&d=mm&r=g","contentUrl":"https:\/\/secure.gravatar.com\/avatar\/f70e7fa0cb9b29d4a7c5788d6eb2e9ab4d3135cbae1c9161810fdf77a8964699?s=96&d=mm&r=g","caption":"Vox Sahel"},"sameAs":["http:\/\/www.voxsahel.com"],"url":"https:\/\/voxsahel.com\/?author=2"}]}},"_links":{"self":[{"href":"https:\/\/voxsahel.com\/index.php?rest_route=\/wp\/v2\/posts\/1571","targetHints":{"allow":["GET"]}}],"collection":[{"href":"https:\/\/voxsahel.com\/index.php?rest_route=\/wp\/v2\/posts"}],"about":[{"href":"https:\/\/voxsahel.com\/index.php?rest_route=\/wp\/v2\/types\/post"}],"author":[{"embeddable":true,"href":"https:\/\/voxsahel.com\/index.php?rest_route=\/wp\/v2\/users\/2"}],"replies":[{"embeddable":true,"href":"https:\/\/voxsahel.com\/index.php?rest_route=%2Fwp%2Fv2%2Fcomments&post=1571"}],"version-history":[{"count":1,"href":"https:\/\/voxsahel.com\/index.php?rest_route=\/wp\/v2\/posts\/1571\/revisions"}],"predecessor-version":[{"id":1573,"href":"https:\/\/voxsahel.com\/index.php?rest_route=\/wp\/v2\/posts\/1571\/revisions\/1573"}],"wp:featuredmedia":[{"embeddable":true,"href":"https:\/\/voxsahel.com\/index.php?rest_route=\/wp\/v2\/media\/1572"}],"wp:attachment":[{"href":"https:\/\/voxsahel.com\/index.php?rest_route=%2Fwp%2Fv2%2Fmedia&parent=1571"}],"wp:term":[{"taxonomy":"category","embeddable":true,"href":"https:\/\/voxsahel.com\/index.php?rest_route=%2Fwp%2Fv2%2Fcategories&post=1571"},{"taxonomy":"post_tag","embeddable":true,"href":"https:\/\/voxsahel.com\/index.php?rest_route=%2Fwp%2Fv2%2Ftags&post=1571"}],"curies":[{"name":"wp","href":"https:\/\/api.w.org\/{rel}","templated":true}]}}