{"id":1567,"date":"2025-03-12T18:21:43","date_gmt":"2025-03-12T18:21:43","guid":{"rendered":"https:\/\/voxsahel.com\/?p=1567"},"modified":"2025-03-12T18:21:43","modified_gmt":"2025-03-12T18:21:43","slug":"football-patrice-motsepe-reelu-a-la-tete-de-la-caf-samuel-etoo-rejoint-le-comite-executif-de-la-fifa","status":"publish","type":"post","link":"https:\/\/voxsahel.com\/?p=1567","title":{"rendered":"FOOTBALL : Patrice Motsepe r\u00e9\u00e9lu \u00e0 la t\u00eate de la CAF, Samuel Eto\u2019o rejoint le comit\u00e9 ex\u00e9cutif de la FIFA"},"content":{"rendered":"<p class=\"p1\"><span class=\"s2\">Le Sud-Africain <\/span><span class=\"s1\">Patrice Motsepe<\/span><span class=\"s2\"> a \u00e9t\u00e9 r\u00e9\u00e9lu par acclamations \u00e0 la pr\u00e9sidence de la <\/span><span class=\"s1\">Conf\u00e9d\u00e9ration Africaine de Football (CAF)<\/span><span class=\"s2\"> ce mercredi, \u00e0 l\u2019occasion de la 14e assembl\u00e9e g\u00e9n\u00e9rale extraordinaire de l\u2019instance, tenue dans la capitale \u00e9gyptienne. Seul candidat en lice, il entame ainsi un second mandat de quatre ans, couvrant la p\u00e9riode <\/span><span class=\"s1\">2025-2029<\/span><span class=\"s2\">.<\/span><\/p>\n<p class=\"p1\"><span class=\"s2\">Dans le m\u00eame temps, l\u2019ancien international camerounais <\/span><span class=\"s1\">Samuel Eto\u2019o<\/span><span class=\"s2\">, actuel pr\u00e9sident de la <\/span><span class=\"s1\">F\u00e9d\u00e9ration camerounaise de football (F\u00e9cafoot)<\/span><span class=\"s2\">, a fait son entr\u00e9e au <\/span><span class=\"s1\">comit\u00e9 ex\u00e9cutif de la FIFA<\/span><span class=\"s2\">. Unique candidat pour la zone <\/span><span class=\"s1\">UNIFFAC<\/span><span class=\"s2\">(Union des f\u00e9d\u00e9rations de football d&rsquo;Afrique centrale), il a \u00e9t\u00e9 \u00e9lu par acclamations apr\u00e8s avoir \u00e9t\u00e9 r\u00e9int\u00e9gr\u00e9 dans la course par le <\/span><span class=\"s1\">Tribunal Arbitral du Sport (TAS)<\/span><span class=\"s2\">et blanchi par la <\/span><span class=\"s1\">CAF<\/span><span class=\"s2\">. Il succ\u00e8de \u00e0 son compatriote <\/span><span class=\"s1\">Seidou Mbombo Njoya<\/span><span class=\"s2\"> pour un mandat de <\/span><span class=\"s1\">quatre ans<\/span><span class=\"s2\">.<\/span><\/p>\n","protected":false},"excerpt":{"rendered":"<p>Le Sud-Africain Patrice Motsepe a \u00e9t\u00e9 r\u00e9\u00e9lu par acclamations \u00e0 la pr\u00e9sidence de la Conf\u00e9d\u00e9ration<\/p>\n","protected":false},"author":2,"featured_media":1569,"comment_status":"open","ping_status":"open","sticky":false,"template":"","format":"standard","meta":{"_et_pb_use_builder":"","_et_pb_old_content":"","_et_gb_content_width":"","footnotes":""},"categories":[12],"tags":[51,39,660,35,34],"class_list":["post-1567","post","type-post","status-publish","format-standard","has-post-thumbnail","hentry","category-sports","tag-afrique","tag-caf","tag-confederation-africaine-de-football","tag-football","tag-sport"],"yoast_head":"<!-- This site is optimized with the Yoast SEO plugin v27.5 - https:\/\/yoast.com\/product\/yoast-seo-wordpress\/ -->\n<title>FOOTBALL : Patrice Motsepe r\u00e9\u00e9lu \u00e0 la t\u00eate de la CAF, Samuel Eto\u2019o rejoint le comit\u00e9 ex\u00e9cutif de la FIFA - Vox Sahel<\/title>\n<meta name=\"robots\" content=\"index, follow, max-snippet:-1, max-image-preview:large, max-video-preview:-1\" \/>\n<link rel=\"canonical\" href=\"https:\/\/voxsahel.com\/?p=1567\" \/>\n<meta property=\"og:locale\" content=\"fr_FR\" \/>\n<meta property=\"og:type\" content=\"article\" \/>\n<meta property=\"og:title\" content=\"FOOTBALL : Patrice Motsepe r\u00e9\u00e9lu \u00e0 la t\u00eate de la CAF, Samuel Eto\u2019o rejoint le comit\u00e9 ex\u00e9cutif de la FIFA - Vox Sahel\" \/>\n<meta property=\"og:description\" content=\"Le Sud-Africain Patrice Motsepe a \u00e9t\u00e9 r\u00e9\u00e9lu par acclamations \u00e0 la pr\u00e9sidence de la Conf\u00e9d\u00e9ration\" \/>\n<meta property=\"og:url\" content=\"https:\/\/voxsahel.com\/?p=1567\" \/>\n<meta property=\"og:site_name\" content=\"Vox Sahel\" \/>\n<meta property=\"article:publisher\" content=\"https:\/\/www.facebook.com\/journal.voxsahel\" \/>\n<meta property=\"article:published_time\" content=\"2025-03-12T18:21:43+00:00\" \/>\n<meta property=\"og:image\" content=\"https:\/\/voxsahel.com\/wp-content\/uploads\/2025\/03\/IMG_4565.jpeg\" \/>\n\t<meta property=\"og:image:width\" content=\"961\" \/>\n\t<meta property=\"og:image:height\" content=\"548\" \/>\n\t<meta property=\"og:image:type\" content=\"image\/jpeg\" \/>\n<meta name=\"author\" content=\"Vox Sahel\" \/>\n<meta name=\"twitter:card\" content=\"summary_large_image\" \/>\n<meta name=\"twitter:label1\" content=\"\u00c9crit par\" \/>\n\t<meta name=\"twitter:data1\" content=\"Vox Sahel\" \/>\n\t<meta name=\"twitter:label2\" content=\"Dur\u00e9e de lecture estim\u00e9e\" \/>\n\t<meta name=\"twitter:data2\" content=\"1 minute\" \/>\n<script type=\"application\/ld+json\" class=\"yoast-schema-graph\">{\"@context\":\"https:\\\/\\\/schema.org\",\"@graph\":[{\"@type\":\"Article\",\"@id\":\"https:\\\/\\\/voxsahel.com\\\/?p=1567#article\",\"isPartOf\":{\"@id\":\"https:\\\/\\\/voxsahel.com\\\/?p=1567\"},\"author\":{\"name\":\"Vox Sahel\",\"@id\":\"https:\\\/\\\/voxsahel.com\\\/#\\\/schema\\\/person\\\/b4043608248f8fa227cd760e7ff1e19e\"},\"headline\":\"FOOTBALL : Patrice Motsepe r\u00e9\u00e9lu \u00e0 la t\u00eate de la CAF, Samuel Eto\u2019o rejoint le comit\u00e9 ex\u00e9cutif de la FIFA\",\"datePublished\":\"2025-03-12T18:21:43+00:00\",\"mainEntityOfPage\":{\"@id\":\"https:\\\/\\\/voxsahel.com\\\/?p=1567\"},\"wordCount\":178,\"commentCount\":0,\"publisher\":{\"@id\":\"https:\\\/\\\/voxsahel.com\\\/#organization\"},\"image\":{\"@id\":\"https:\\\/\\\/voxsahel.com\\\/?p=1567#primaryimage\"},\"thumbnailUrl\":\"https:\\\/\\\/voxsahel.com\\\/wp-content\\\/uploads\\\/2025\\\/03\\\/IMG_4565.jpeg\",\"keywords\":[\"Afrique\",\"CAF\",\"Conf\u00e9d\u00e9ration Africaine de Football\",\"Football\",\"Sport\"],\"articleSection\":[\"SPORTS\"],\"inLanguage\":\"fr-FR\",\"potentialAction\":[{\"@type\":\"CommentAction\",\"name\":\"Comment\",\"target\":[\"https:\\\/\\\/voxsahel.com\\\/?p=1567#respond\"]}]},{\"@type\":\"WebPage\",\"@id\":\"https:\\\/\\\/voxsahel.com\\\/?p=1567\",\"url\":\"https:\\\/\\\/voxsahel.com\\\/?p=1567\",\"name\":\"FOOTBALL : Patrice Motsepe r\u00e9\u00e9lu \u00e0 la t\u00eate de la CAF, Samuel Eto\u2019o rejoint le comit\u00e9 ex\u00e9cutif de la FIFA - Vox Sahel\",\"isPartOf\":{\"@id\":\"https:\\\/\\\/voxsahel.com\\\/#website\"},\"primaryImageOfPage\":{\"@id\":\"https:\\\/\\\/voxsahel.com\\\/?p=1567#primaryimage\"},\"image\":{\"@id\":\"https:\\\/\\\/voxsahel.com\\\/?p=1567#primaryimage\"},\"thumbnailUrl\":\"https:\\\/\\\/voxsahel.com\\\/wp-content\\\/uploads\\\/2025\\\/03\\\/IMG_4565.jpeg\",\"datePublished\":\"2025-03-12T18:21:43+00:00\",\"breadcrumb\":{\"@id\":\"https:\\\/\\\/voxsahel.com\\\/?p=1567#breadcrumb\"},\"inLanguage\":\"fr-FR\",\"potentialAction\":[{\"@type\":\"ReadAction\",\"target\":[\"https:\\\/\\\/voxsahel.com\\\/?p=1567\"]}]},{\"@type\":\"ImageObject\",\"inLanguage\":\"fr-FR\",\"@id\":\"https:\\\/\\\/voxsahel.com\\\/?p=1567#primaryimage\",\"url\":\"https:\\\/\\\/voxsahel.com\\\/wp-content\\\/uploads\\\/2025\\\/03\\\/IMG_4565.jpeg\",\"contentUrl\":\"https:\\\/\\\/voxsahel.com\\\/wp-content\\\/uploads\\\/2025\\\/03\\\/IMG_4565.jpeg\",\"width\":961,\"height\":548},{\"@type\":\"BreadcrumbList\",\"@id\":\"https:\\\/\\\/voxsahel.com\\\/?p=1567#breadcrumb\",\"itemListElement\":[{\"@type\":\"ListItem\",\"position\":1,\"name\":\"Home\",\"item\":\"https:\\\/\\\/voxsahel.com\\\/\"},{\"@type\":\"ListItem\",\"position\":2,\"name\":\"FOOTBALL : Patrice Motsepe r\u00e9\u00e9lu \u00e0 la t\u00eate de la CAF, Samuel Eto\u2019o rejoint le comit\u00e9 ex\u00e9cutif de la FIFA\"}]},{\"@type\":\"WebSite\",\"@id\":\"https:\\\/\\\/voxsahel.com\\\/#website\",\"url\":\"https:\\\/\\\/voxsahel.com\\\/\",\"name\":\"Vox Sahel\",\"description\":\"Informez-vous sur le Sahel en un clic\",\"publisher\":{\"@id\":\"https:\\\/\\\/voxsahel.com\\\/#organization\"},\"potentialAction\":[{\"@type\":\"SearchAction\",\"target\":{\"@type\":\"EntryPoint\",\"urlTemplate\":\"https:\\\/\\\/voxsahel.com\\\/?s={search_term_string}\"},\"query-input\":{\"@type\":\"PropertyValueSpecification\",\"valueRequired\":true,\"valueName\":\"search_term_string\"}}],\"inLanguage\":\"fr-FR\"},{\"@type\":\"Organization\",\"@id\":\"https:\\\/\\\/voxsahel.com\\\/#organization\",\"name\":\"Vox Sahel\",\"url\":\"https:\\\/\\\/voxsahel.com\\\/\",\"logo\":{\"@type\":\"ImageObject\",\"inLanguage\":\"fr-FR\",\"@id\":\"https:\\\/\\\/voxsahel.com\\\/#\\\/schema\\\/logo\\\/image\\\/\",\"url\":\"https:\\\/\\\/voxsahel.com\\\/wp-content\\\/uploads\\\/2024\\\/09\\\/Logo-Vox-Sahel.jpg\",\"contentUrl\":\"https:\\\/\\\/voxsahel.com\\\/wp-content\\\/uploads\\\/2024\\\/09\\\/Logo-Vox-Sahel.jpg\",\"width\":1181,\"height\":848,\"caption\":\"Vox Sahel\"},\"image\":{\"@id\":\"https:\\\/\\\/voxsahel.com\\\/#\\\/schema\\\/logo\\\/image\\\/\"},\"sameAs\":[\"https:\\\/\\\/www.facebook.com\\\/journal.voxsahel\"]},{\"@type\":\"Person\",\"@id\":\"https:\\\/\\\/voxsahel.com\\\/#\\\/schema\\\/person\\\/b4043608248f8fa227cd760e7ff1e19e\",\"name\":\"Vox Sahel\",\"image\":{\"@type\":\"ImageObject\",\"inLanguage\":\"fr-FR\",\"@id\":\"https:\\\/\\\/secure.gravatar.com\\\/avatar\\\/f70e7fa0cb9b29d4a7c5788d6eb2e9ab4d3135cbae1c9161810fdf77a8964699?s=96&d=mm&r=g\",\"url\":\"https:\\\/\\\/secure.gravatar.com\\\/avatar\\\/f70e7fa0cb9b29d4a7c5788d6eb2e9ab4d3135cbae1c9161810fdf77a8964699?s=96&d=mm&r=g\",\"contentUrl\":\"https:\\\/\\\/secure.gravatar.com\\\/avatar\\\/f70e7fa0cb9b29d4a7c5788d6eb2e9ab4d3135cbae1c9161810fdf77a8964699?s=96&d=mm&r=g\",\"caption\":\"Vox Sahel\"},\"sameAs\":[\"http:\\\/\\\/www.voxsahel.com\"],\"url\":\"https:\\\/\\\/voxsahel.com\\\/?author=2\"}]}<\/script>\n<!-- \/ Yoast SEO plugin. -->","yoast_head_json":{"title":"FOOTBALL : Patrice Motsepe r\u00e9\u00e9lu \u00e0 la t\u00eate de la CAF, Samuel Eto\u2019o rejoint le comit\u00e9 ex\u00e9cutif de la FIFA - Vox Sahel","robots":{"index":"index","follow":"follow","max-snippet":"max-snippet:-1","max-image-preview":"max-image-preview:large","max-video-preview":"max-video-preview:-1"},"canonical":"https:\/\/voxsahel.com\/?p=1567","og_locale":"fr_FR","og_type":"article","og_title":"FOOTBALL : Patrice Motsepe r\u00e9\u00e9lu \u00e0 la t\u00eate de la CAF, Samuel Eto\u2019o rejoint le comit\u00e9 ex\u00e9cutif de la FIFA - Vox Sahel","og_description":"Le Sud-Africain Patrice Motsepe a \u00e9t\u00e9 r\u00e9\u00e9lu par acclamations \u00e0 la pr\u00e9sidence de la Conf\u00e9d\u00e9ration","og_url":"https:\/\/voxsahel.com\/?p=1567","og_site_name":"Vox Sahel","article_publisher":"https:\/\/www.facebook.com\/journal.voxsahel","article_published_time":"2025-03-12T18:21:43+00:00","og_image":[{"width":961,"height":548,"url":"https:\/\/voxsahel.com\/wp-content\/uploads\/2025\/03\/IMG_4565.jpeg","type":"image\/jpeg"}],"author":"Vox Sahel","twitter_card":"summary_large_image","twitter_misc":{"\u00c9crit par":"Vox Sahel","Dur\u00e9e de lecture estim\u00e9e":"1 minute"},"schema":{"@context":"https:\/\/schema.org","@graph":[{"@type":"Article","@id":"https:\/\/voxsahel.com\/?p=1567#article","isPartOf":{"@id":"https:\/\/voxsahel.com\/?p=1567"},"author":{"name":"Vox Sahel","@id":"https:\/\/voxsahel.com\/#\/schema\/person\/b4043608248f8fa227cd760e7ff1e19e"},"headline":"FOOTBALL : Patrice Motsepe r\u00e9\u00e9lu \u00e0 la t\u00eate de la CAF, Samuel Eto\u2019o rejoint le comit\u00e9 ex\u00e9cutif de la FIFA","datePublished":"2025-03-12T18:21:43+00:00","mainEntityOfPage":{"@id":"https:\/\/voxsahel.com\/?p=1567"},"wordCount":178,"commentCount":0,"publisher":{"@id":"https:\/\/voxsahel.com\/#organization"},"image":{"@id":"https:\/\/voxsahel.com\/?p=1567#primaryimage"},"thumbnailUrl":"https:\/\/voxsahel.com\/wp-content\/uploads\/2025\/03\/IMG_4565.jpeg","keywords":["Afrique","CAF","Conf\u00e9d\u00e9ration Africaine de Football","Football","Sport"],"articleSection":["SPORTS"],"inLanguage":"fr-FR","potentialAction":[{"@type":"CommentAction","name":"Comment","target":["https:\/\/voxsahel.com\/?p=1567#respond"]}]},{"@type":"WebPage","@id":"https:\/\/voxsahel.com\/?p=1567","url":"https:\/\/voxsahel.com\/?p=1567","name":"FOOTBALL : Patrice Motsepe r\u00e9\u00e9lu \u00e0 la t\u00eate de la CAF, Samuel Eto\u2019o rejoint le comit\u00e9 ex\u00e9cutif de la FIFA - Vox Sahel","isPartOf":{"@id":"https:\/\/voxsahel.com\/#website"},"primaryImageOfPage":{"@id":"https:\/\/voxsahel.com\/?p=1567#primaryimage"},"image":{"@id":"https:\/\/voxsahel.com\/?p=1567#primaryimage"},"thumbnailUrl":"https:\/\/voxsahel.com\/wp-content\/uploads\/2025\/03\/IMG_4565.jpeg","datePublished":"2025-03-12T18:21:43+00:00","breadcrumb":{"@id":"https:\/\/voxsahel.com\/?p=1567#breadcrumb"},"inLanguage":"fr-FR","potentialAction":[{"@type":"ReadAction","target":["https:\/\/voxsahel.com\/?p=1567"]}]},{"@type":"ImageObject","inLanguage":"fr-FR","@id":"https:\/\/voxsahel.com\/?p=1567#primaryimage","url":"https:\/\/voxsahel.com\/wp-content\/uploads\/2025\/03\/IMG_4565.jpeg","contentUrl":"https:\/\/voxsahel.com\/wp-content\/uploads\/2025\/03\/IMG_4565.jpeg","width":961,"height":548},{"@type":"BreadcrumbList","@id":"https:\/\/voxsahel.com\/?p=1567#breadcrumb","itemListElement":[{"@type":"ListItem","position":1,"name":"Home","item":"https:\/\/voxsahel.com\/"},{"@type":"ListItem","position":2,"name":"FOOTBALL : Patrice Motsepe r\u00e9\u00e9lu \u00e0 la t\u00eate de la CAF, Samuel Eto\u2019o rejoint le comit\u00e9 ex\u00e9cutif de la FIFA"}]},{"@type":"WebSite","@id":"https:\/\/voxsahel.com\/#website","url":"https:\/\/voxsahel.com\/","name":"Vox Sahel","description":"Informez-vous sur le Sahel en un clic","publisher":{"@id":"https:\/\/voxsahel.com\/#organization"},"potentialAction":[{"@type":"SearchAction","target":{"@type":"EntryPoint","urlTemplate":"https:\/\/voxsahel.com\/?s={search_term_string}"},"query-input":{"@type":"PropertyValueSpecification","valueRequired":true,"valueName":"search_term_string"}}],"inLanguage":"fr-FR"},{"@type":"Organization","@id":"https:\/\/voxsahel.com\/#organization","name":"Vox Sahel","url":"https:\/\/voxsahel.com\/","logo":{"@type":"ImageObject","inLanguage":"fr-FR","@id":"https:\/\/voxsahel.com\/#\/schema\/logo\/image\/","url":"https:\/\/voxsahel.com\/wp-content\/uploads\/2024\/09\/Logo-Vox-Sahel.jpg","contentUrl":"https:\/\/voxsahel.com\/wp-content\/uploads\/2024\/09\/Logo-Vox-Sahel.jpg","width":1181,"height":848,"caption":"Vox Sahel"},"image":{"@id":"https:\/\/voxsahel.com\/#\/schema\/logo\/image\/"},"sameAs":["https:\/\/www.facebook.com\/journal.voxsahel"]},{"@type":"Person","@id":"https:\/\/voxsahel.com\/#\/schema\/person\/b4043608248f8fa227cd760e7ff1e19e","name":"Vox Sahel","image":{"@type":"ImageObject","inLanguage":"fr-FR","@id":"https:\/\/secure.gravatar.com\/avatar\/f70e7fa0cb9b29d4a7c5788d6eb2e9ab4d3135cbae1c9161810fdf77a8964699?s=96&d=mm&r=g","url":"https:\/\/secure.gravatar.com\/avatar\/f70e7fa0cb9b29d4a7c5788d6eb2e9ab4d3135cbae1c9161810fdf77a8964699?s=96&d=mm&r=g","contentUrl":"https:\/\/secure.gravatar.com\/avatar\/f70e7fa0cb9b29d4a7c5788d6eb2e9ab4d3135cbae1c9161810fdf77a8964699?s=96&d=mm&r=g","caption":"Vox Sahel"},"sameAs":["http:\/\/www.voxsahel.com"],"url":"https:\/\/voxsahel.com\/?author=2"}]}},"_links":{"self":[{"href":"https:\/\/voxsahel.com\/index.php?rest_route=\/wp\/v2\/posts\/1567","targetHints":{"allow":["GET"]}}],"collection":[{"href":"https:\/\/voxsahel.com\/index.php?rest_route=\/wp\/v2\/posts"}],"about":[{"href":"https:\/\/voxsahel.com\/index.php?rest_route=\/wp\/v2\/types\/post"}],"author":[{"embeddable":true,"href":"https:\/\/voxsahel.com\/index.php?rest_route=\/wp\/v2\/users\/2"}],"replies":[{"embeddable":true,"href":"https:\/\/voxsahel.com\/index.php?rest_route=%2Fwp%2Fv2%2Fcomments&post=1567"}],"version-history":[{"count":1,"href":"https:\/\/voxsahel.com\/index.php?rest_route=\/wp\/v2\/posts\/1567\/revisions"}],"predecessor-version":[{"id":1570,"href":"https:\/\/voxsahel.com\/index.php?rest_route=\/wp\/v2\/posts\/1567\/revisions\/1570"}],"wp:featuredmedia":[{"embeddable":true,"href":"https:\/\/voxsahel.com\/index.php?rest_route=\/wp\/v2\/media\/1569"}],"wp:attachment":[{"href":"https:\/\/voxsahel.com\/index.php?rest_route=%2Fwp%2Fv2%2Fmedia&parent=1567"}],"wp:term":[{"taxonomy":"category","embeddable":true,"href":"https:\/\/voxsahel.com\/index.php?rest_route=%2Fwp%2Fv2%2Fcategories&post=1567"},{"taxonomy":"post_tag","embeddable":true,"href":"https:\/\/voxsahel.com\/index.php?rest_route=%2Fwp%2Fv2%2Ftags&post=1567"}],"curies":[{"name":"wp","href":"https:\/\/api.w.org\/{rel}","templated":true}]}}