{"id":1564,"date":"2025-03-11T15:27:51","date_gmt":"2025-03-11T15:27:51","guid":{"rendered":"https:\/\/voxsahel.com\/?p=1564"},"modified":"2025-03-11T15:27:51","modified_gmt":"2025-03-11T15:27:51","slug":"burkina-faso-obligation-de-declaration-des-lieux-de-stockage-des-produits-destines-a-la-vente","status":"publish","type":"post","link":"https:\/\/voxsahel.com\/?p=1564","title":{"rendered":"Burkina Faso : Obligation de d\u00e9claration des lieux de stockage des produits destin\u00e9s \u00e0 la vente"},"content":{"rendered":"<p class=\"p1\">Le gouvernement burkinab\u00e8 rappelle aux op\u00e9rateurs \u00e9conomiques l&rsquo;obligation de d\u00e9clarer leurs lieux de stockage des produits destin\u00e9s \u00e0 la vente, conform\u00e9ment aux dispositions de la loi n\u00b0016-2017\/AN du 27 avril 2017 portant organisation de la concurrence.<\/p>\n<p class=\"p2\"><span class=\"s2\">Dans un communiqu\u00e9 officiel, les autorit\u00e9s pr\u00e9cisent que cette d\u00e9claration doit \u00eatre effectu\u00e9e aupr\u00e8s de la Brigade Mobile de Contr\u00f4le \u00c9conomique et de la R\u00e9pression des Fraudes (BMCRF) ou des Directions R\u00e9gionales de l&rsquo;Industrie, du Commerce et de l&rsquo;Artisanat. Un mod\u00e8le-type de fiche de d\u00e9claration est disponible aupr\u00e8s de ces services pour faciliter la d\u00e9marche.<\/span><\/p>\n<p class=\"p2\" style=\"text-align: center;\"><strong><span class=\"s3\">Stockage clandestin : des sanctions pr\u00e9vues<\/span><\/strong><\/p>\n<p class=\"p2\"><span class=\"s2\">Le non-respect de cette obligation est consid\u00e9r\u00e9 comme du stockage clandestin, une pratique strictement interdite par l\u2019article 50 de la loi susmentionn\u00e9e. Les op\u00e9rateurs \u00e9conomiques concern\u00e9s disposent d\u2019un d\u00e9lai d\u2019une semaine \u00e0 compter de la date de signature du communiqu\u00e9 pour se conformer aux exigences r\u00e9glementaires.<\/span><\/p>\n<p class=\"p2\"><span class=\"s2\">Au-del\u00e0 de ce d\u00e9lai, les contr\u00f4les seront renforc\u00e9s et les contrevenants s\u2019exposeront \u00e0 des sanctions, conform\u00e9ment \u00e0 l\u2019article 98 de la loi. Ces sanctions peuvent inclure des amendes, des fermetures d&rsquo;entrep\u00f4ts et d&rsquo;autres mesures coercitives visant \u00e0 assurer le respect de la r\u00e9glementation.<\/span><\/p>\n<p class=\"p2\"><span class=\"s2\">Les autorit\u00e9s encouragent \u00e9galement la population \u00e0 signaler tout magasin suspect aux num\u00e9ros verts 80 00 11 84, 80 00 11 85 et 80 00 11 86. Cet appel \u00e0 la d\u00e9nonciation vise \u00e0 lutter efficacement contre les pratiques ill\u00e9gales qui peuvent fausser la concurrence et impacter n\u00e9gativement l\u2019\u00e9conomie nationale.<\/span><\/p>\n<p class=\"p2\"><span class=\"s2\">Le gouvernement burkinab\u00e8 compte sur la collaboration et la responsabilit\u00e9 des op\u00e9rateurs \u00e9conomiques pour le strict respect de cette mesure, essentielle \u00e0 la transparence et \u00e0 la r\u00e9gulation du march\u00e9.<\/p>\n<p><\/span><\/p>\n<p style=\"text-align: right;\"><strong>Par Vox Sahel\u00a0<\/strong><\/p>\n","protected":false},"excerpt":{"rendered":"<p>Le gouvernement burkinab\u00e8 rappelle aux op\u00e9rateurs \u00e9conomiques l&rsquo;obligation de d\u00e9clarer leurs lieux de stockage des<\/p>\n","protected":false},"author":2,"featured_media":1565,"comment_status":"open","ping_status":"open","sticky":false,"template":"","format":"standard","meta":{"_et_pb_use_builder":"","_et_pb_old_content":"","_et_gb_content_width":"","footnotes":""},"categories":[8],"tags":[18,69],"class_list":["post-1564","post","type-post","status-publish","format-standard","has-post-thumbnail","hentry","category-developpement","tag-burkina-faso","tag-commerce"],"yoast_head":"<!-- This site is optimized with the Yoast SEO plugin v27.5 - https:\/\/yoast.com\/product\/yoast-seo-wordpress\/ -->\n<title>Burkina Faso : Obligation de d\u00e9claration des lieux de stockage des produits destin\u00e9s \u00e0 la vente - Vox Sahel<\/title>\n<meta name=\"robots\" content=\"index, follow, max-snippet:-1, max-image-preview:large, max-video-preview:-1\" \/>\n<link rel=\"canonical\" href=\"https:\/\/voxsahel.com\/?p=1564\" \/>\n<meta property=\"og:locale\" content=\"fr_FR\" \/>\n<meta property=\"og:type\" content=\"article\" \/>\n<meta property=\"og:title\" content=\"Burkina Faso : Obligation de d\u00e9claration des lieux de stockage des produits destin\u00e9s \u00e0 la vente - Vox Sahel\" \/>\n<meta property=\"og:description\" content=\"Le gouvernement burkinab\u00e8 rappelle aux op\u00e9rateurs \u00e9conomiques l&rsquo;obligation de d\u00e9clarer leurs lieux de stockage des\" \/>\n<meta property=\"og:url\" content=\"https:\/\/voxsahel.com\/?p=1564\" \/>\n<meta property=\"og:site_name\" content=\"Vox Sahel\" \/>\n<meta property=\"article:publisher\" content=\"https:\/\/www.facebook.com\/journal.voxsahel\" \/>\n<meta property=\"article:published_time\" content=\"2025-03-11T15:27:51+00:00\" \/>\n<meta property=\"og:image\" content=\"https:\/\/voxsahel.com\/wp-content\/uploads\/2025\/03\/IMG_4232.jpeg\" \/>\n\t<meta property=\"og:image:width\" content=\"992\" \/>\n\t<meta property=\"og:image:height\" content=\"744\" \/>\n\t<meta property=\"og:image:type\" content=\"image\/jpeg\" \/>\n<meta name=\"author\" content=\"Vox Sahel\" \/>\n<meta name=\"twitter:card\" content=\"summary_large_image\" \/>\n<meta name=\"twitter:label1\" content=\"\u00c9crit par\" \/>\n\t<meta name=\"twitter:data1\" content=\"Vox Sahel\" \/>\n\t<meta name=\"twitter:label2\" content=\"Dur\u00e9e de lecture estim\u00e9e\" \/>\n\t<meta name=\"twitter:data2\" content=\"2 minutes\" \/>\n<script type=\"application\/ld+json\" class=\"yoast-schema-graph\">{\"@context\":\"https:\\\/\\\/schema.org\",\"@graph\":[{\"@type\":\"Article\",\"@id\":\"https:\\\/\\\/voxsahel.com\\\/?p=1564#article\",\"isPartOf\":{\"@id\":\"https:\\\/\\\/voxsahel.com\\\/?p=1564\"},\"author\":{\"name\":\"Vox Sahel\",\"@id\":\"https:\\\/\\\/voxsahel.com\\\/#\\\/schema\\\/person\\\/b4043608248f8fa227cd760e7ff1e19e\"},\"headline\":\"Burkina Faso : Obligation de d\u00e9claration des lieux de stockage des produits destin\u00e9s \u00e0 la vente\",\"datePublished\":\"2025-03-11T15:27:51+00:00\",\"mainEntityOfPage\":{\"@id\":\"https:\\\/\\\/voxsahel.com\\\/?p=1564\"},\"wordCount\":307,\"commentCount\":0,\"publisher\":{\"@id\":\"https:\\\/\\\/voxsahel.com\\\/#organization\"},\"image\":{\"@id\":\"https:\\\/\\\/voxsahel.com\\\/?p=1564#primaryimage\"},\"thumbnailUrl\":\"https:\\\/\\\/voxsahel.com\\\/wp-content\\\/uploads\\\/2025\\\/03\\\/IMG_4232.jpeg\",\"keywords\":[\"Burkina Faso\",\"Commerce\"],\"articleSection\":[\"DEVELOPPEMENT\"],\"inLanguage\":\"fr-FR\",\"potentialAction\":[{\"@type\":\"CommentAction\",\"name\":\"Comment\",\"target\":[\"https:\\\/\\\/voxsahel.com\\\/?p=1564#respond\"]}]},{\"@type\":\"WebPage\",\"@id\":\"https:\\\/\\\/voxsahel.com\\\/?p=1564\",\"url\":\"https:\\\/\\\/voxsahel.com\\\/?p=1564\",\"name\":\"Burkina Faso : Obligation de d\u00e9claration des lieux de stockage des produits destin\u00e9s \u00e0 la vente - Vox Sahel\",\"isPartOf\":{\"@id\":\"https:\\\/\\\/voxsahel.com\\\/#website\"},\"primaryImageOfPage\":{\"@id\":\"https:\\\/\\\/voxsahel.com\\\/?p=1564#primaryimage\"},\"image\":{\"@id\":\"https:\\\/\\\/voxsahel.com\\\/?p=1564#primaryimage\"},\"thumbnailUrl\":\"https:\\\/\\\/voxsahel.com\\\/wp-content\\\/uploads\\\/2025\\\/03\\\/IMG_4232.jpeg\",\"datePublished\":\"2025-03-11T15:27:51+00:00\",\"breadcrumb\":{\"@id\":\"https:\\\/\\\/voxsahel.com\\\/?p=1564#breadcrumb\"},\"inLanguage\":\"fr-FR\",\"potentialAction\":[{\"@type\":\"ReadAction\",\"target\":[\"https:\\\/\\\/voxsahel.com\\\/?p=1564\"]}]},{\"@type\":\"ImageObject\",\"inLanguage\":\"fr-FR\",\"@id\":\"https:\\\/\\\/voxsahel.com\\\/?p=1564#primaryimage\",\"url\":\"https:\\\/\\\/voxsahel.com\\\/wp-content\\\/uploads\\\/2025\\\/03\\\/IMG_4232.jpeg\",\"contentUrl\":\"https:\\\/\\\/voxsahel.com\\\/wp-content\\\/uploads\\\/2025\\\/03\\\/IMG_4232.jpeg\",\"width\":992,\"height\":744},{\"@type\":\"BreadcrumbList\",\"@id\":\"https:\\\/\\\/voxsahel.com\\\/?p=1564#breadcrumb\",\"itemListElement\":[{\"@type\":\"ListItem\",\"position\":1,\"name\":\"Home\",\"item\":\"https:\\\/\\\/voxsahel.com\\\/\"},{\"@type\":\"ListItem\",\"position\":2,\"name\":\"Burkina Faso : Obligation de d\u00e9claration des lieux de stockage des produits destin\u00e9s \u00e0 la vente\"}]},{\"@type\":\"WebSite\",\"@id\":\"https:\\\/\\\/voxsahel.com\\\/#website\",\"url\":\"https:\\\/\\\/voxsahel.com\\\/\",\"name\":\"Vox Sahel\",\"description\":\"Informez-vous sur le Sahel en un clic\",\"publisher\":{\"@id\":\"https:\\\/\\\/voxsahel.com\\\/#organization\"},\"potentialAction\":[{\"@type\":\"SearchAction\",\"target\":{\"@type\":\"EntryPoint\",\"urlTemplate\":\"https:\\\/\\\/voxsahel.com\\\/?s={search_term_string}\"},\"query-input\":{\"@type\":\"PropertyValueSpecification\",\"valueRequired\":true,\"valueName\":\"search_term_string\"}}],\"inLanguage\":\"fr-FR\"},{\"@type\":\"Organization\",\"@id\":\"https:\\\/\\\/voxsahel.com\\\/#organization\",\"name\":\"Vox Sahel\",\"url\":\"https:\\\/\\\/voxsahel.com\\\/\",\"logo\":{\"@type\":\"ImageObject\",\"inLanguage\":\"fr-FR\",\"@id\":\"https:\\\/\\\/voxsahel.com\\\/#\\\/schema\\\/logo\\\/image\\\/\",\"url\":\"https:\\\/\\\/voxsahel.com\\\/wp-content\\\/uploads\\\/2024\\\/09\\\/Logo-Vox-Sahel.jpg\",\"contentUrl\":\"https:\\\/\\\/voxsahel.com\\\/wp-content\\\/uploads\\\/2024\\\/09\\\/Logo-Vox-Sahel.jpg\",\"width\":1181,\"height\":848,\"caption\":\"Vox Sahel\"},\"image\":{\"@id\":\"https:\\\/\\\/voxsahel.com\\\/#\\\/schema\\\/logo\\\/image\\\/\"},\"sameAs\":[\"https:\\\/\\\/www.facebook.com\\\/journal.voxsahel\"]},{\"@type\":\"Person\",\"@id\":\"https:\\\/\\\/voxsahel.com\\\/#\\\/schema\\\/person\\\/b4043608248f8fa227cd760e7ff1e19e\",\"name\":\"Vox Sahel\",\"image\":{\"@type\":\"ImageObject\",\"inLanguage\":\"fr-FR\",\"@id\":\"https:\\\/\\\/secure.gravatar.com\\\/avatar\\\/f70e7fa0cb9b29d4a7c5788d6eb2e9ab4d3135cbae1c9161810fdf77a8964699?s=96&d=mm&r=g\",\"url\":\"https:\\\/\\\/secure.gravatar.com\\\/avatar\\\/f70e7fa0cb9b29d4a7c5788d6eb2e9ab4d3135cbae1c9161810fdf77a8964699?s=96&d=mm&r=g\",\"contentUrl\":\"https:\\\/\\\/secure.gravatar.com\\\/avatar\\\/f70e7fa0cb9b29d4a7c5788d6eb2e9ab4d3135cbae1c9161810fdf77a8964699?s=96&d=mm&r=g\",\"caption\":\"Vox Sahel\"},\"sameAs\":[\"http:\\\/\\\/www.voxsahel.com\"],\"url\":\"https:\\\/\\\/voxsahel.com\\\/?author=2\"}]}<\/script>\n<!-- \/ Yoast SEO plugin. -->","yoast_head_json":{"title":"Burkina Faso : Obligation de d\u00e9claration des lieux de stockage des produits destin\u00e9s \u00e0 la vente - Vox Sahel","robots":{"index":"index","follow":"follow","max-snippet":"max-snippet:-1","max-image-preview":"max-image-preview:large","max-video-preview":"max-video-preview:-1"},"canonical":"https:\/\/voxsahel.com\/?p=1564","og_locale":"fr_FR","og_type":"article","og_title":"Burkina Faso : Obligation de d\u00e9claration des lieux de stockage des produits destin\u00e9s \u00e0 la vente - Vox Sahel","og_description":"Le gouvernement burkinab\u00e8 rappelle aux op\u00e9rateurs \u00e9conomiques l&rsquo;obligation de d\u00e9clarer leurs lieux de stockage des","og_url":"https:\/\/voxsahel.com\/?p=1564","og_site_name":"Vox Sahel","article_publisher":"https:\/\/www.facebook.com\/journal.voxsahel","article_published_time":"2025-03-11T15:27:51+00:00","og_image":[{"width":992,"height":744,"url":"https:\/\/voxsahel.com\/wp-content\/uploads\/2025\/03\/IMG_4232.jpeg","type":"image\/jpeg"}],"author":"Vox Sahel","twitter_card":"summary_large_image","twitter_misc":{"\u00c9crit par":"Vox Sahel","Dur\u00e9e de lecture estim\u00e9e":"2 minutes"},"schema":{"@context":"https:\/\/schema.org","@graph":[{"@type":"Article","@id":"https:\/\/voxsahel.com\/?p=1564#article","isPartOf":{"@id":"https:\/\/voxsahel.com\/?p=1564"},"author":{"name":"Vox Sahel","@id":"https:\/\/voxsahel.com\/#\/schema\/person\/b4043608248f8fa227cd760e7ff1e19e"},"headline":"Burkina Faso : Obligation de d\u00e9claration des lieux de stockage des produits destin\u00e9s \u00e0 la vente","datePublished":"2025-03-11T15:27:51+00:00","mainEntityOfPage":{"@id":"https:\/\/voxsahel.com\/?p=1564"},"wordCount":307,"commentCount":0,"publisher":{"@id":"https:\/\/voxsahel.com\/#organization"},"image":{"@id":"https:\/\/voxsahel.com\/?p=1564#primaryimage"},"thumbnailUrl":"https:\/\/voxsahel.com\/wp-content\/uploads\/2025\/03\/IMG_4232.jpeg","keywords":["Burkina Faso","Commerce"],"articleSection":["DEVELOPPEMENT"],"inLanguage":"fr-FR","potentialAction":[{"@type":"CommentAction","name":"Comment","target":["https:\/\/voxsahel.com\/?p=1564#respond"]}]},{"@type":"WebPage","@id":"https:\/\/voxsahel.com\/?p=1564","url":"https:\/\/voxsahel.com\/?p=1564","name":"Burkina Faso : Obligation de d\u00e9claration des lieux de stockage des produits destin\u00e9s \u00e0 la vente - Vox Sahel","isPartOf":{"@id":"https:\/\/voxsahel.com\/#website"},"primaryImageOfPage":{"@id":"https:\/\/voxsahel.com\/?p=1564#primaryimage"},"image":{"@id":"https:\/\/voxsahel.com\/?p=1564#primaryimage"},"thumbnailUrl":"https:\/\/voxsahel.com\/wp-content\/uploads\/2025\/03\/IMG_4232.jpeg","datePublished":"2025-03-11T15:27:51+00:00","breadcrumb":{"@id":"https:\/\/voxsahel.com\/?p=1564#breadcrumb"},"inLanguage":"fr-FR","potentialAction":[{"@type":"ReadAction","target":["https:\/\/voxsahel.com\/?p=1564"]}]},{"@type":"ImageObject","inLanguage":"fr-FR","@id":"https:\/\/voxsahel.com\/?p=1564#primaryimage","url":"https:\/\/voxsahel.com\/wp-content\/uploads\/2025\/03\/IMG_4232.jpeg","contentUrl":"https:\/\/voxsahel.com\/wp-content\/uploads\/2025\/03\/IMG_4232.jpeg","width":992,"height":744},{"@type":"BreadcrumbList","@id":"https:\/\/voxsahel.com\/?p=1564#breadcrumb","itemListElement":[{"@type":"ListItem","position":1,"name":"Home","item":"https:\/\/voxsahel.com\/"},{"@type":"ListItem","position":2,"name":"Burkina Faso : Obligation de d\u00e9claration des lieux de stockage des produits destin\u00e9s \u00e0 la vente"}]},{"@type":"WebSite","@id":"https:\/\/voxsahel.com\/#website","url":"https:\/\/voxsahel.com\/","name":"Vox Sahel","description":"Informez-vous sur le Sahel en un clic","publisher":{"@id":"https:\/\/voxsahel.com\/#organization"},"potentialAction":[{"@type":"SearchAction","target":{"@type":"EntryPoint","urlTemplate":"https:\/\/voxsahel.com\/?s={search_term_string}"},"query-input":{"@type":"PropertyValueSpecification","valueRequired":true,"valueName":"search_term_string"}}],"inLanguage":"fr-FR"},{"@type":"Organization","@id":"https:\/\/voxsahel.com\/#organization","name":"Vox Sahel","url":"https:\/\/voxsahel.com\/","logo":{"@type":"ImageObject","inLanguage":"fr-FR","@id":"https:\/\/voxsahel.com\/#\/schema\/logo\/image\/","url":"https:\/\/voxsahel.com\/wp-content\/uploads\/2024\/09\/Logo-Vox-Sahel.jpg","contentUrl":"https:\/\/voxsahel.com\/wp-content\/uploads\/2024\/09\/Logo-Vox-Sahel.jpg","width":1181,"height":848,"caption":"Vox Sahel"},"image":{"@id":"https:\/\/voxsahel.com\/#\/schema\/logo\/image\/"},"sameAs":["https:\/\/www.facebook.com\/journal.voxsahel"]},{"@type":"Person","@id":"https:\/\/voxsahel.com\/#\/schema\/person\/b4043608248f8fa227cd760e7ff1e19e","name":"Vox Sahel","image":{"@type":"ImageObject","inLanguage":"fr-FR","@id":"https:\/\/secure.gravatar.com\/avatar\/f70e7fa0cb9b29d4a7c5788d6eb2e9ab4d3135cbae1c9161810fdf77a8964699?s=96&d=mm&r=g","url":"https:\/\/secure.gravatar.com\/avatar\/f70e7fa0cb9b29d4a7c5788d6eb2e9ab4d3135cbae1c9161810fdf77a8964699?s=96&d=mm&r=g","contentUrl":"https:\/\/secure.gravatar.com\/avatar\/f70e7fa0cb9b29d4a7c5788d6eb2e9ab4d3135cbae1c9161810fdf77a8964699?s=96&d=mm&r=g","caption":"Vox Sahel"},"sameAs":["http:\/\/www.voxsahel.com"],"url":"https:\/\/voxsahel.com\/?author=2"}]}},"_links":{"self":[{"href":"https:\/\/voxsahel.com\/index.php?rest_route=\/wp\/v2\/posts\/1564","targetHints":{"allow":["GET"]}}],"collection":[{"href":"https:\/\/voxsahel.com\/index.php?rest_route=\/wp\/v2\/posts"}],"about":[{"href":"https:\/\/voxsahel.com\/index.php?rest_route=\/wp\/v2\/types\/post"}],"author":[{"embeddable":true,"href":"https:\/\/voxsahel.com\/index.php?rest_route=\/wp\/v2\/users\/2"}],"replies":[{"embeddable":true,"href":"https:\/\/voxsahel.com\/index.php?rest_route=%2Fwp%2Fv2%2Fcomments&post=1564"}],"version-history":[{"count":1,"href":"https:\/\/voxsahel.com\/index.php?rest_route=\/wp\/v2\/posts\/1564\/revisions"}],"predecessor-version":[{"id":1566,"href":"https:\/\/voxsahel.com\/index.php?rest_route=\/wp\/v2\/posts\/1564\/revisions\/1566"}],"wp:featuredmedia":[{"embeddable":true,"href":"https:\/\/voxsahel.com\/index.php?rest_route=\/wp\/v2\/media\/1565"}],"wp:attachment":[{"href":"https:\/\/voxsahel.com\/index.php?rest_route=%2Fwp%2Fv2%2Fmedia&parent=1564"}],"wp:term":[{"taxonomy":"category","embeddable":true,"href":"https:\/\/voxsahel.com\/index.php?rest_route=%2Fwp%2Fv2%2Fcategories&post=1564"},{"taxonomy":"post_tag","embeddable":true,"href":"https:\/\/voxsahel.com\/index.php?rest_route=%2Fwp%2Fv2%2Ftags&post=1564"}],"curies":[{"name":"wp","href":"https:\/\/api.w.org\/{rel}","templated":true}]}}