{"id":1561,"date":"2025-03-11T07:03:03","date_gmt":"2025-03-11T07:03:03","guid":{"rendered":"https:\/\/voxsahel.com\/?p=1561"},"modified":"2025-03-11T07:03:03","modified_gmt":"2025-03-11T07:03:03","slug":"burkina-faso-iamgold-essakane-sa-enregistre-un-chiffre-daffaires-de-6767-milliards-fcfa-en-2024","status":"publish","type":"post","link":"https:\/\/voxsahel.com\/?p=1561","title":{"rendered":"Burkina Faso : IAMGOLD Essakane SA enregistre un chiffre d\u2019affaires de 676,7 milliards FCFA en 2024"},"content":{"rendered":"<p class=\"p1\"><span class=\"s1\">La soci\u00e9t\u00e9 mini\u00e8re canadienne <\/span><span class=\"s2\">IAMGOLD<\/span><span class=\"s1\"> a connu une ann\u00e9e 2024 remarquable, d\u00e9passant ses pr\u00e9visions de production gr\u00e2ce \u00e0 une exploitation optimis\u00e9e de sa mine d\u2019Essakane, situ\u00e9e au <\/span><span class=\"s2\">Burkina Faso<\/span><span class=\"s1\">. Malgr\u00e9 un environnement op\u00e9rationnel marqu\u00e9 par divers d\u00e9fis, l\u2019entreprise a produit <\/span><span class=\"s2\">11,595 tonnes d\u2019or<\/span><span class=\"s1\">, soit une hausse de <\/span><span class=\"s2\">10 %<\/span><span class=\"s1\"> par rapport \u00e0 l\u2019ann\u00e9e pr\u00e9c\u00e9dente.<\/span><\/p>\n<p class=\"p1\"><strong><span class=\"s2\">Une production en hausse et un march\u00e9 favorable<\/span><\/strong><\/p>\n<p class=\"p1\"><span class=\"s1\">Cette performance est attribuable \u00e0 <\/span><span class=\"s2\">une augmentation des teneurs en or<\/span><span class=\"s1\"> ainsi qu\u2019\u00e0 un volume plus \u00e9lev\u00e9 de min\u00e9raux trait\u00e9s. IAMGOLD a \u00e9galement b\u00e9n\u00e9fici\u00e9 d\u2019un <\/span><span class=\"s2\">contexte de march\u00e9 favorable<\/span><span class=\"s1\">, avec une progression significative des prix de l\u2019or. En 2024, l\u2019entreprise a vendu son or \u00e0 un prix moyen de <\/span><span class=\"s2\">1 487 123 FCFA l\u2019once<\/span><span class=\"s1\">, contre <\/span><span class=\"s2\">1 221 956 FCFA<\/span><span class=\"s1\"> en 2023, marquant ainsi une croissance substantielle de son chiffre d\u2019affaires.<\/span><\/p>\n<p class=\"p1\"><span class=\"s1\">Au total, IAMGOLD a vendu <\/span><span class=\"s2\">12,87 tonnes d\u2019or<\/span><span class=\"s1\">, incluant la part revenant \u00e0 l\u2019\u00c9tat burkinab\u00e8. Cette dynamique a permis \u00e0 l\u2019entreprise de g\u00e9n\u00e9rer un <\/span><span class=\"s2\">chiffre d\u2019affaires de 676,7 milliards FCFA<\/span><span class=\"s1\">, en hausse de <\/span><span class=\"s2\">34 %<\/span><span class=\"s1\"> par rapport aux <\/span><span class=\"s2\">505,8 milliards FCFA<\/span><span class=\"s1\"> enregistr\u00e9s en 2023.<\/span><\/p>\n<p class=\"p1\"><span class=\"s1\">L\u2019augmentation des ventes d\u2019or a entra\u00een\u00e9 une hausse des <\/span><span class=\"s2\">redevances mini\u00e8res<\/span><span class=\"s1\">, qui ont grimp\u00e9 de pr\u00e8s de <\/span><span class=\"s2\">67 %<\/span><span class=\"s1\"> pour atteindre <\/span><span class=\"s2\">46,5 milliards FCFA<\/span><span class=\"s1\">, contre <\/span><span class=\"s2\">27,8 milliards FCFA<\/span><span class=\"s1\"> en 2023. Parall\u00e8lement, les <\/span><span class=\"s2\">co\u00fbts de production<\/span><span class=\"s1\"> ont \u00e9galement progress\u00e9, s\u2019\u00e9levant \u00e0 <\/span><span class=\"s2\">292,7 milliards FCFA<\/span><span class=\"s1\">, soit <\/span><span class=\"s2\">6,5 milliards FCFA<\/span><span class=\"s1\"> de plus que l\u2019ann\u00e9e pr\u00e9c\u00e9dente.<\/span><\/p>\n<p class=\"p1\"><span class=\"s1\">Avec une <\/span><span class=\"s2\">production industrielle d\u2019or nationale estim\u00e9e \u00e0 53,374 tonnes en 2024<\/span><span class=\"s1\">, Essakane SA repr\u00e9sente <\/span><span class=\"s2\">24,11 % de la production aurif\u00e8re du Burkina Faso<\/span><span class=\"s1\">, confirmant ainsi son statut de <\/span><span class=\"s2\">poids lourd du secteur extractif national<\/span><span class=\"s1\">.<\/span><\/p>\n<p class=\"p1\"><strong><span class=\"s2\">Des perspectives optimistes pour 2025<\/span><\/strong><\/p>\n<p class=\"p1\"><span class=\"s1\">Forte de ces performances, IAMGOLD reste optimiste pour l\u2019ann\u00e9e <\/span><span class=\"s2\">2025<\/span><span class=\"s1\">. L\u2019entreprise pr\u00e9voit une production attribuable \u00e0 la mine d\u2019Essakane comprise entre <\/span><span class=\"s2\">10,205 et 11,339 tonnes d\u2019or<\/span><span class=\"s1\">. Cette projection s\u2019inscrit dans une strat\u00e9gie de consolidation et d\u2019optimisation des ressources afin de maintenir <\/span><span class=\"s2\">une production rentable et durable<\/span><span class=\"s1\">.<\/span><\/p>\n<p class=\"p1\"><span class=\"s1\">Avec ces r\u00e9sultats, <\/span><span class=\"s2\">IAMGOLD renforce son r\u00f4le d\u2019acteur cl\u00e9 dans l\u2019industrie mini\u00e8re burkinab\u00e8<\/span><span class=\"s1\">, contribuant de mani\u00e8re significative \u00e0 l\u2019\u00e9conomie du pays tout en poursuivant ses ambitions de croissance pour les ann\u00e9es \u00e0 venir.<\/span><\/p>\n<p style=\"text-align: right;\"><strong>Par Vox Sahel<\/strong><\/p>\n","protected":false},"excerpt":{"rendered":"<p>La soci\u00e9t\u00e9 mini\u00e8re canadienne IAMGOLD a connu une ann\u00e9e 2024 remarquable, d\u00e9passant ses pr\u00e9visions de<\/p>\n","protected":false},"author":2,"featured_media":1562,"comment_status":"open","ping_status":"open","sticky":false,"template":"","format":"standard","meta":{"_et_pb_use_builder":"","_et_pb_old_content":"","_et_gb_content_width":"","footnotes":""},"categories":[8],"tags":[149,18,659,658,657,656,150,395],"class_list":["post-1561","post","type-post","status-publish","format-standard","has-post-thumbnail","hentry","category-developpement","tag-bureau-des-mines-et-de-la-geologie-du-burkina","tag-burkina-faso","tag-canada","tag-essakane-sa","tag-iamgold","tag-minerais","tag-mines","tag-or"],"yoast_head":"<!-- This site is optimized with the Yoast SEO plugin v27.5 - https:\/\/yoast.com\/product\/yoast-seo-wordpress\/ -->\n<title>Burkina Faso : IAMGOLD Essakane SA enregistre un chiffre d\u2019affaires de 676,7 milliards FCFA en 2024 - Vox Sahel<\/title>\n<meta name=\"robots\" content=\"index, follow, max-snippet:-1, max-image-preview:large, max-video-preview:-1\" \/>\n<link rel=\"canonical\" href=\"https:\/\/voxsahel.com\/?p=1561\" \/>\n<meta property=\"og:locale\" content=\"fr_FR\" \/>\n<meta property=\"og:type\" content=\"article\" \/>\n<meta property=\"og:title\" content=\"Burkina Faso : IAMGOLD Essakane SA enregistre un chiffre d\u2019affaires de 676,7 milliards FCFA en 2024 - Vox Sahel\" \/>\n<meta property=\"og:description\" content=\"La soci\u00e9t\u00e9 mini\u00e8re canadienne IAMGOLD a connu une ann\u00e9e 2024 remarquable, d\u00e9passant ses pr\u00e9visions de\" \/>\n<meta property=\"og:url\" content=\"https:\/\/voxsahel.com\/?p=1561\" \/>\n<meta property=\"og:site_name\" content=\"Vox Sahel\" \/>\n<meta property=\"article:publisher\" content=\"https:\/\/www.facebook.com\/journal.voxsahel\" \/>\n<meta property=\"article:published_time\" content=\"2025-03-11T07:03:03+00:00\" \/>\n<meta property=\"og:image\" content=\"https:\/\/voxsahel.com\/wp-content\/uploads\/2025\/03\/IMG_4030.gif\" \/>\n\t<meta property=\"og:image:width\" content=\"813\" \/>\n\t<meta property=\"og:image:height\" content=\"301\" \/>\n\t<meta property=\"og:image:type\" content=\"image\/gif\" \/>\n<meta name=\"author\" content=\"Vox Sahel\" \/>\n<meta name=\"twitter:card\" content=\"summary_large_image\" \/>\n<meta name=\"twitter:label1\" content=\"\u00c9crit par\" \/>\n\t<meta name=\"twitter:data1\" content=\"Vox Sahel\" \/>\n\t<meta name=\"twitter:label2\" content=\"Dur\u00e9e de lecture estim\u00e9e\" \/>\n\t<meta name=\"twitter:data2\" content=\"2 minutes\" \/>\n<script type=\"application\/ld+json\" class=\"yoast-schema-graph\">{\"@context\":\"https:\\\/\\\/schema.org\",\"@graph\":[{\"@type\":\"Article\",\"@id\":\"https:\\\/\\\/voxsahel.com\\\/?p=1561#article\",\"isPartOf\":{\"@id\":\"https:\\\/\\\/voxsahel.com\\\/?p=1561\"},\"author\":{\"name\":\"Vox Sahel\",\"@id\":\"https:\\\/\\\/voxsahel.com\\\/#\\\/schema\\\/person\\\/b4043608248f8fa227cd760e7ff1e19e\"},\"headline\":\"Burkina Faso : IAMGOLD Essakane SA enregistre un chiffre d\u2019affaires de 676,7 milliards FCFA en 2024\",\"datePublished\":\"2025-03-11T07:03:03+00:00\",\"mainEntityOfPage\":{\"@id\":\"https:\\\/\\\/voxsahel.com\\\/?p=1561\"},\"wordCount\":386,\"commentCount\":0,\"publisher\":{\"@id\":\"https:\\\/\\\/voxsahel.com\\\/#organization\"},\"image\":{\"@id\":\"https:\\\/\\\/voxsahel.com\\\/?p=1561#primaryimage\"},\"thumbnailUrl\":\"https:\\\/\\\/voxsahel.com\\\/wp-content\\\/uploads\\\/2025\\\/03\\\/IMG_4030.gif\",\"keywords\":[\"Bureau des Mines et de la G\u00e9ologie du Burkina\",\"Burkina Faso\",\"Canada\",\"Essakane SA\",\"IAMGOLD\",\"Minerais\",\"Mines\",\"Or\"],\"articleSection\":[\"DEVELOPPEMENT\"],\"inLanguage\":\"fr-FR\",\"potentialAction\":[{\"@type\":\"CommentAction\",\"name\":\"Comment\",\"target\":[\"https:\\\/\\\/voxsahel.com\\\/?p=1561#respond\"]}]},{\"@type\":\"WebPage\",\"@id\":\"https:\\\/\\\/voxsahel.com\\\/?p=1561\",\"url\":\"https:\\\/\\\/voxsahel.com\\\/?p=1561\",\"name\":\"Burkina Faso : IAMGOLD Essakane SA enregistre un chiffre d\u2019affaires de 676,7 milliards FCFA en 2024 - Vox Sahel\",\"isPartOf\":{\"@id\":\"https:\\\/\\\/voxsahel.com\\\/#website\"},\"primaryImageOfPage\":{\"@id\":\"https:\\\/\\\/voxsahel.com\\\/?p=1561#primaryimage\"},\"image\":{\"@id\":\"https:\\\/\\\/voxsahel.com\\\/?p=1561#primaryimage\"},\"thumbnailUrl\":\"https:\\\/\\\/voxsahel.com\\\/wp-content\\\/uploads\\\/2025\\\/03\\\/IMG_4030.gif\",\"datePublished\":\"2025-03-11T07:03:03+00:00\",\"breadcrumb\":{\"@id\":\"https:\\\/\\\/voxsahel.com\\\/?p=1561#breadcrumb\"},\"inLanguage\":\"fr-FR\",\"potentialAction\":[{\"@type\":\"ReadAction\",\"target\":[\"https:\\\/\\\/voxsahel.com\\\/?p=1561\"]}]},{\"@type\":\"ImageObject\",\"inLanguage\":\"fr-FR\",\"@id\":\"https:\\\/\\\/voxsahel.com\\\/?p=1561#primaryimage\",\"url\":\"https:\\\/\\\/voxsahel.com\\\/wp-content\\\/uploads\\\/2025\\\/03\\\/IMG_4030.gif\",\"contentUrl\":\"https:\\\/\\\/voxsahel.com\\\/wp-content\\\/uploads\\\/2025\\\/03\\\/IMG_4030.gif\",\"width\":813,\"height\":301},{\"@type\":\"BreadcrumbList\",\"@id\":\"https:\\\/\\\/voxsahel.com\\\/?p=1561#breadcrumb\",\"itemListElement\":[{\"@type\":\"ListItem\",\"position\":1,\"name\":\"Home\",\"item\":\"https:\\\/\\\/voxsahel.com\\\/\"},{\"@type\":\"ListItem\",\"position\":2,\"name\":\"Burkina Faso : IAMGOLD Essakane SA enregistre un chiffre d\u2019affaires de 676,7 milliards FCFA en 2024\"}]},{\"@type\":\"WebSite\",\"@id\":\"https:\\\/\\\/voxsahel.com\\\/#website\",\"url\":\"https:\\\/\\\/voxsahel.com\\\/\",\"name\":\"Vox Sahel\",\"description\":\"Informez-vous sur le Sahel en un clic\",\"publisher\":{\"@id\":\"https:\\\/\\\/voxsahel.com\\\/#organization\"},\"potentialAction\":[{\"@type\":\"SearchAction\",\"target\":{\"@type\":\"EntryPoint\",\"urlTemplate\":\"https:\\\/\\\/voxsahel.com\\\/?s={search_term_string}\"},\"query-input\":{\"@type\":\"PropertyValueSpecification\",\"valueRequired\":true,\"valueName\":\"search_term_string\"}}],\"inLanguage\":\"fr-FR\"},{\"@type\":\"Organization\",\"@id\":\"https:\\\/\\\/voxsahel.com\\\/#organization\",\"name\":\"Vox Sahel\",\"url\":\"https:\\\/\\\/voxsahel.com\\\/\",\"logo\":{\"@type\":\"ImageObject\",\"inLanguage\":\"fr-FR\",\"@id\":\"https:\\\/\\\/voxsahel.com\\\/#\\\/schema\\\/logo\\\/image\\\/\",\"url\":\"https:\\\/\\\/voxsahel.com\\\/wp-content\\\/uploads\\\/2024\\\/09\\\/Logo-Vox-Sahel.jpg\",\"contentUrl\":\"https:\\\/\\\/voxsahel.com\\\/wp-content\\\/uploads\\\/2024\\\/09\\\/Logo-Vox-Sahel.jpg\",\"width\":1181,\"height\":848,\"caption\":\"Vox Sahel\"},\"image\":{\"@id\":\"https:\\\/\\\/voxsahel.com\\\/#\\\/schema\\\/logo\\\/image\\\/\"},\"sameAs\":[\"https:\\\/\\\/www.facebook.com\\\/journal.voxsahel\"]},{\"@type\":\"Person\",\"@id\":\"https:\\\/\\\/voxsahel.com\\\/#\\\/schema\\\/person\\\/b4043608248f8fa227cd760e7ff1e19e\",\"name\":\"Vox Sahel\",\"image\":{\"@type\":\"ImageObject\",\"inLanguage\":\"fr-FR\",\"@id\":\"https:\\\/\\\/secure.gravatar.com\\\/avatar\\\/f70e7fa0cb9b29d4a7c5788d6eb2e9ab4d3135cbae1c9161810fdf77a8964699?s=96&d=mm&r=g\",\"url\":\"https:\\\/\\\/secure.gravatar.com\\\/avatar\\\/f70e7fa0cb9b29d4a7c5788d6eb2e9ab4d3135cbae1c9161810fdf77a8964699?s=96&d=mm&r=g\",\"contentUrl\":\"https:\\\/\\\/secure.gravatar.com\\\/avatar\\\/f70e7fa0cb9b29d4a7c5788d6eb2e9ab4d3135cbae1c9161810fdf77a8964699?s=96&d=mm&r=g\",\"caption\":\"Vox Sahel\"},\"sameAs\":[\"http:\\\/\\\/www.voxsahel.com\"],\"url\":\"https:\\\/\\\/voxsahel.com\\\/?author=2\"}]}<\/script>\n<!-- \/ Yoast SEO plugin. -->","yoast_head_json":{"title":"Burkina Faso : IAMGOLD Essakane SA enregistre un chiffre d\u2019affaires de 676,7 milliards FCFA en 2024 - Vox Sahel","robots":{"index":"index","follow":"follow","max-snippet":"max-snippet:-1","max-image-preview":"max-image-preview:large","max-video-preview":"max-video-preview:-1"},"canonical":"https:\/\/voxsahel.com\/?p=1561","og_locale":"fr_FR","og_type":"article","og_title":"Burkina Faso : IAMGOLD Essakane SA enregistre un chiffre d\u2019affaires de 676,7 milliards FCFA en 2024 - Vox Sahel","og_description":"La soci\u00e9t\u00e9 mini\u00e8re canadienne IAMGOLD a connu une ann\u00e9e 2024 remarquable, d\u00e9passant ses pr\u00e9visions de","og_url":"https:\/\/voxsahel.com\/?p=1561","og_site_name":"Vox Sahel","article_publisher":"https:\/\/www.facebook.com\/journal.voxsahel","article_published_time":"2025-03-11T07:03:03+00:00","og_image":[{"width":813,"height":301,"url":"https:\/\/voxsahel.com\/wp-content\/uploads\/2025\/03\/IMG_4030.gif","type":"image\/gif"}],"author":"Vox Sahel","twitter_card":"summary_large_image","twitter_misc":{"\u00c9crit par":"Vox Sahel","Dur\u00e9e de lecture estim\u00e9e":"2 minutes"},"schema":{"@context":"https:\/\/schema.org","@graph":[{"@type":"Article","@id":"https:\/\/voxsahel.com\/?p=1561#article","isPartOf":{"@id":"https:\/\/voxsahel.com\/?p=1561"},"author":{"name":"Vox Sahel","@id":"https:\/\/voxsahel.com\/#\/schema\/person\/b4043608248f8fa227cd760e7ff1e19e"},"headline":"Burkina Faso : IAMGOLD Essakane SA enregistre un chiffre d\u2019affaires de 676,7 milliards FCFA en 2024","datePublished":"2025-03-11T07:03:03+00:00","mainEntityOfPage":{"@id":"https:\/\/voxsahel.com\/?p=1561"},"wordCount":386,"commentCount":0,"publisher":{"@id":"https:\/\/voxsahel.com\/#organization"},"image":{"@id":"https:\/\/voxsahel.com\/?p=1561#primaryimage"},"thumbnailUrl":"https:\/\/voxsahel.com\/wp-content\/uploads\/2025\/03\/IMG_4030.gif","keywords":["Bureau des Mines et de la G\u00e9ologie du Burkina","Burkina Faso","Canada","Essakane SA","IAMGOLD","Minerais","Mines","Or"],"articleSection":["DEVELOPPEMENT"],"inLanguage":"fr-FR","potentialAction":[{"@type":"CommentAction","name":"Comment","target":["https:\/\/voxsahel.com\/?p=1561#respond"]}]},{"@type":"WebPage","@id":"https:\/\/voxsahel.com\/?p=1561","url":"https:\/\/voxsahel.com\/?p=1561","name":"Burkina Faso : IAMGOLD Essakane SA enregistre un chiffre d\u2019affaires de 676,7 milliards FCFA en 2024 - Vox Sahel","isPartOf":{"@id":"https:\/\/voxsahel.com\/#website"},"primaryImageOfPage":{"@id":"https:\/\/voxsahel.com\/?p=1561#primaryimage"},"image":{"@id":"https:\/\/voxsahel.com\/?p=1561#primaryimage"},"thumbnailUrl":"https:\/\/voxsahel.com\/wp-content\/uploads\/2025\/03\/IMG_4030.gif","datePublished":"2025-03-11T07:03:03+00:00","breadcrumb":{"@id":"https:\/\/voxsahel.com\/?p=1561#breadcrumb"},"inLanguage":"fr-FR","potentialAction":[{"@type":"ReadAction","target":["https:\/\/voxsahel.com\/?p=1561"]}]},{"@type":"ImageObject","inLanguage":"fr-FR","@id":"https:\/\/voxsahel.com\/?p=1561#primaryimage","url":"https:\/\/voxsahel.com\/wp-content\/uploads\/2025\/03\/IMG_4030.gif","contentUrl":"https:\/\/voxsahel.com\/wp-content\/uploads\/2025\/03\/IMG_4030.gif","width":813,"height":301},{"@type":"BreadcrumbList","@id":"https:\/\/voxsahel.com\/?p=1561#breadcrumb","itemListElement":[{"@type":"ListItem","position":1,"name":"Home","item":"https:\/\/voxsahel.com\/"},{"@type":"ListItem","position":2,"name":"Burkina Faso : IAMGOLD Essakane SA enregistre un chiffre d\u2019affaires de 676,7 milliards FCFA en 2024"}]},{"@type":"WebSite","@id":"https:\/\/voxsahel.com\/#website","url":"https:\/\/voxsahel.com\/","name":"Vox Sahel","description":"Informez-vous sur le Sahel en un clic","publisher":{"@id":"https:\/\/voxsahel.com\/#organization"},"potentialAction":[{"@type":"SearchAction","target":{"@type":"EntryPoint","urlTemplate":"https:\/\/voxsahel.com\/?s={search_term_string}"},"query-input":{"@type":"PropertyValueSpecification","valueRequired":true,"valueName":"search_term_string"}}],"inLanguage":"fr-FR"},{"@type":"Organization","@id":"https:\/\/voxsahel.com\/#organization","name":"Vox Sahel","url":"https:\/\/voxsahel.com\/","logo":{"@type":"ImageObject","inLanguage":"fr-FR","@id":"https:\/\/voxsahel.com\/#\/schema\/logo\/image\/","url":"https:\/\/voxsahel.com\/wp-content\/uploads\/2024\/09\/Logo-Vox-Sahel.jpg","contentUrl":"https:\/\/voxsahel.com\/wp-content\/uploads\/2024\/09\/Logo-Vox-Sahel.jpg","width":1181,"height":848,"caption":"Vox Sahel"},"image":{"@id":"https:\/\/voxsahel.com\/#\/schema\/logo\/image\/"},"sameAs":["https:\/\/www.facebook.com\/journal.voxsahel"]},{"@type":"Person","@id":"https:\/\/voxsahel.com\/#\/schema\/person\/b4043608248f8fa227cd760e7ff1e19e","name":"Vox Sahel","image":{"@type":"ImageObject","inLanguage":"fr-FR","@id":"https:\/\/secure.gravatar.com\/avatar\/f70e7fa0cb9b29d4a7c5788d6eb2e9ab4d3135cbae1c9161810fdf77a8964699?s=96&d=mm&r=g","url":"https:\/\/secure.gravatar.com\/avatar\/f70e7fa0cb9b29d4a7c5788d6eb2e9ab4d3135cbae1c9161810fdf77a8964699?s=96&d=mm&r=g","contentUrl":"https:\/\/secure.gravatar.com\/avatar\/f70e7fa0cb9b29d4a7c5788d6eb2e9ab4d3135cbae1c9161810fdf77a8964699?s=96&d=mm&r=g","caption":"Vox Sahel"},"sameAs":["http:\/\/www.voxsahel.com"],"url":"https:\/\/voxsahel.com\/?author=2"}]}},"_links":{"self":[{"href":"https:\/\/voxsahel.com\/index.php?rest_route=\/wp\/v2\/posts\/1561","targetHints":{"allow":["GET"]}}],"collection":[{"href":"https:\/\/voxsahel.com\/index.php?rest_route=\/wp\/v2\/posts"}],"about":[{"href":"https:\/\/voxsahel.com\/index.php?rest_route=\/wp\/v2\/types\/post"}],"author":[{"embeddable":true,"href":"https:\/\/voxsahel.com\/index.php?rest_route=\/wp\/v2\/users\/2"}],"replies":[{"embeddable":true,"href":"https:\/\/voxsahel.com\/index.php?rest_route=%2Fwp%2Fv2%2Fcomments&post=1561"}],"version-history":[{"count":1,"href":"https:\/\/voxsahel.com\/index.php?rest_route=\/wp\/v2\/posts\/1561\/revisions"}],"predecessor-version":[{"id":1563,"href":"https:\/\/voxsahel.com\/index.php?rest_route=\/wp\/v2\/posts\/1561\/revisions\/1563"}],"wp:featuredmedia":[{"embeddable":true,"href":"https:\/\/voxsahel.com\/index.php?rest_route=\/wp\/v2\/media\/1562"}],"wp:attachment":[{"href":"https:\/\/voxsahel.com\/index.php?rest_route=%2Fwp%2Fv2%2Fmedia&parent=1561"}],"wp:term":[{"taxonomy":"category","embeddable":true,"href":"https:\/\/voxsahel.com\/index.php?rest_route=%2Fwp%2Fv2%2Fcategories&post=1561"},{"taxonomy":"post_tag","embeddable":true,"href":"https:\/\/voxsahel.com\/index.php?rest_route=%2Fwp%2Fv2%2Ftags&post=1561"}],"curies":[{"name":"wp","href":"https:\/\/api.w.org\/{rel}","templated":true}]}}