{"id":1551,"date":"2025-03-10T12:54:44","date_gmt":"2025-03-10T12:54:44","guid":{"rendered":"https:\/\/voxsahel.com\/?p=1551"},"modified":"2025-03-10T12:54:44","modified_gmt":"2025-03-10T12:54:44","slug":"rue-des-etoiles-un-hommage-a-lheritage-et-a-la-resilience-du-burkina-faso","status":"publish","type":"post","link":"https:\/\/voxsahel.com\/?p=1551","title":{"rendered":"Rue des Etoiles: Un hommage \u00e0 l\u2019h\u00e9ritage et \u00e0 la r\u00e9silience du Burkina Faso"},"content":{"rendered":"<p class=\"p1\">Le 22 f\u00e9vrier 2025, une initiative exceptionnelle a vu le jour sur l&rsquo;avenue Kwame N\u2019Krumah : l\u2019inauguration de la Rue des \u00c9toiles. Ce projet, qui rend hommage \u00e0 140 personnalit\u00e9s ayant marqu\u00e9 de leur empreinte l\u2019histoire, la culture, le sport et le rayonnement du Burkina Faso et du monde, est bien plus qu\u2019une simple d\u00e9marche symbolique.<\/p>\n<p class=\"p1\"><span class=\"s1\">Il s\u2019agit d\u2019un hommage vibrant \u00e0 la richesse de notre patrimoine, mais \u00e9galement d\u2019un acte fort de r\u00e9silience et de<span class=\"Apple-converted-space\">\u00a0 <\/span>reconstruction. Cette avenue, jadis anim\u00e9e et empreinte de vie, a \u00e9t\u00e9 durement frapp\u00e9e par les attaques terroristes du 15 janvier 2016. Elle portait en elle les cicatrices de ces \u00e9v\u00e9nements tragiques qui ont marqu\u00e9 l\u2019histoire du pays. Cependant, aujourd\u2019hui, la Rue des \u00c9toiles redonne \u00e0 cet espace sa dignit\u00e9, sa splendeur et sa vocation premi\u00e8re : \u00eatre un lieu d\u2019inspiration et de fiert\u00e9 pour les Burkinab\u00e8 et pour le monde.<\/span><\/p>\n<p class=\"p1\"><span class=\"s1\">Les personnalit\u00e9s honor\u00e9es, qu\u2019elles soient vivantes ou disparues, ont toutes contribu\u00e9 \u00e0 enrichir le tissu culturel, historique et sportif de notre nation. Certains de ces h\u00e9ros, c\u00e9l\u00e9br\u00e9s \u00e0 titre posthume, ont \u0153uvr\u00e9 dans l\u2019ombre mais ont laiss\u00e9 une empreinte ind\u00e9l\u00e9bile dans le c\u0153ur des Burkinab\u00e8. Leur m\u00e9moire continue de briller et, gr\u00e2ce \u00e0 cette initiative, leur h\u00e9ritage sera transmis aux g\u00e9n\u00e9rations futures. <\/span><\/p>\n<p class=\"p1\"><span class=\"s1\">Leurs actions, parfois men\u00e9es dans l\u2019anonymat, trouvent enfin la reconnaissance qu\u2019elles m\u00e9ritent.Cette Rue des \u00c9toiles est bien plus qu\u2019une simple avenue d\u00e9cor\u00e9e de noms. Elle incarne l\u2019espoir d\u2019un avenir lumineux pour un pays qui, malgr\u00e9 les \u00e9preuves, reste d\u00e9termin\u00e9 \u00e0 honorer son pass\u00e9 et \u00e0 construire son avenir. C\u2019est un lieu o\u00f9 l\u2019histoire se m\u00eale au pr\u00e9sent, o\u00f9 chaque pas nous rappelle les luttes et les victoires qui ont fa\u00e7onn\u00e9 notre identit\u00e9.<\/span><\/p>\n<p class=\"p1\"><span class=\"s1\">Saluer cette initiative, c\u2019est aussi encourager d\u2019autres projets similaires, ceux qui, comme cette rue, \u00e9clairent nos vies, c\u00e9l\u00e8brent nos h\u00e9ros et r\u00e9affirment la r\u00e9silience d\u2019un peuple fier de son histoire. Le Burkina Faso, par des actions comme celle-ci, continue de prouver qu\u2019il est un mod\u00e8le de solidarit\u00e9, de culture et de courage.<\/span><\/p>\n<p class=\"p1\" style=\"text-align: left;\"><span class=\"s1\">Alors, saluons la Rue des \u00c9toiles. Un symbole de lumi\u00e8re, de m\u00e9moire et d\u2019espoir. Un t\u00e9moignage vibrant de la force et de la r\u00e9silience d\u2019un peuple qui, m\u00eame apr\u00e8s les pires adversit\u00e9s, se rel\u00e8ve toujours pour honorer son pass\u00e9 et pr\u00e9parer son avenir. Que cette rue devienne, pour nous tous, un phare qui \u00e9claire notre chemin et nous inspire \u00e0 poursuivre la construction d\u2019un Burkina Faso plus fort et plus uni.<\/span><\/p>\n<p class=\"p1\" style=\"text-align: right;\"><span class=\"s1\"><strong><br \/>\nPar La R\u00e9daction<\/strong>\u00a0<\/span><\/p>\n<p class=\"p1\"><span class=\"s1\">\u00a0<\/span><\/p>\n","protected":false},"excerpt":{"rendered":"<p>Le 22 f\u00e9vrier 2025, une initiative exceptionnelle a vu le jour sur l&rsquo;avenue Kwame N\u2019Krumah<\/p>\n","protected":false},"author":2,"featured_media":1552,"comment_status":"open","ping_status":"open","sticky":false,"template":"","format":"standard","meta":{"_et_pb_use_builder":"","_et_pb_old_content":"","_et_gb_content_width":"","footnotes":""},"categories":[5],"tags":[654,18,411,103,653],"class_list":["post-1551","post","type-post","status-publish","format-standard","has-post-thumbnail","hentry","category-societe","tag-avenue-kwame-nkrumah","tag-burkina-faso","tag-commune-de-ouagadougou","tag-ouagadougou","tag-rue-des-etoiles"],"yoast_head":"<!-- This site is optimized with the Yoast SEO plugin v27.5 - https:\/\/yoast.com\/product\/yoast-seo-wordpress\/ -->\n<title>Rue des Etoiles: Un hommage \u00e0 l\u2019h\u00e9ritage et \u00e0 la r\u00e9silience du Burkina Faso - Vox Sahel<\/title>\n<meta name=\"robots\" content=\"index, follow, max-snippet:-1, max-image-preview:large, max-video-preview:-1\" \/>\n<link rel=\"canonical\" href=\"https:\/\/voxsahel.com\/?p=1551\" \/>\n<meta property=\"og:locale\" content=\"fr_FR\" \/>\n<meta property=\"og:type\" content=\"article\" \/>\n<meta property=\"og:title\" content=\"Rue des Etoiles: Un hommage \u00e0 l\u2019h\u00e9ritage et \u00e0 la r\u00e9silience du Burkina Faso - Vox Sahel\" \/>\n<meta property=\"og:description\" content=\"Le 22 f\u00e9vrier 2025, une initiative exceptionnelle a vu le jour sur l&rsquo;avenue Kwame N\u2019Krumah\" \/>\n<meta property=\"og:url\" content=\"https:\/\/voxsahel.com\/?p=1551\" \/>\n<meta property=\"og:site_name\" content=\"Vox Sahel\" \/>\n<meta property=\"article:publisher\" content=\"https:\/\/www.facebook.com\/journal.voxsahel\" \/>\n<meta property=\"article:published_time\" content=\"2025-03-10T12:54:44+00:00\" \/>\n<meta property=\"og:image\" content=\"https:\/\/voxsahel.com\/wp-content\/uploads\/2025\/03\/IMG_3715.jpeg\" \/>\n\t<meta property=\"og:image:width\" content=\"393\" \/>\n\t<meta property=\"og:image:height\" content=\"314\" \/>\n\t<meta property=\"og:image:type\" content=\"image\/jpeg\" \/>\n<meta name=\"author\" content=\"Vox Sahel\" \/>\n<meta name=\"twitter:card\" content=\"summary_large_image\" \/>\n<meta name=\"twitter:label1\" content=\"\u00c9crit par\" \/>\n\t<meta name=\"twitter:data1\" content=\"Vox Sahel\" \/>\n\t<meta name=\"twitter:label2\" content=\"Dur\u00e9e de lecture estim\u00e9e\" \/>\n\t<meta name=\"twitter:data2\" content=\"3 minutes\" \/>\n<script type=\"application\/ld+json\" class=\"yoast-schema-graph\">{\"@context\":\"https:\\\/\\\/schema.org\",\"@graph\":[{\"@type\":\"Article\",\"@id\":\"https:\\\/\\\/voxsahel.com\\\/?p=1551#article\",\"isPartOf\":{\"@id\":\"https:\\\/\\\/voxsahel.com\\\/?p=1551\"},\"author\":{\"name\":\"Vox Sahel\",\"@id\":\"https:\\\/\\\/voxsahel.com\\\/#\\\/schema\\\/person\\\/b4043608248f8fa227cd760e7ff1e19e\"},\"headline\":\"Rue des Etoiles: Un hommage \u00e0 l\u2019h\u00e9ritage et \u00e0 la r\u00e9silience du Burkina Faso\",\"datePublished\":\"2025-03-10T12:54:44+00:00\",\"mainEntityOfPage\":{\"@id\":\"https:\\\/\\\/voxsahel.com\\\/?p=1551\"},\"wordCount\":479,\"commentCount\":0,\"publisher\":{\"@id\":\"https:\\\/\\\/voxsahel.com\\\/#organization\"},\"image\":{\"@id\":\"https:\\\/\\\/voxsahel.com\\\/?p=1551#primaryimage\"},\"thumbnailUrl\":\"https:\\\/\\\/voxsahel.com\\\/wp-content\\\/uploads\\\/2025\\\/03\\\/IMG_3715.jpeg\",\"keywords\":[\"Avenue Kwam\u00e9 N\u2019KRUMAH\",\"Burkina Faso\",\"Commune de Ouagadougou\",\"Ouagadougou\",\"Rue des \u00c9toiles\"],\"articleSection\":[\"SOCIETE\"],\"inLanguage\":\"fr-FR\",\"potentialAction\":[{\"@type\":\"CommentAction\",\"name\":\"Comment\",\"target\":[\"https:\\\/\\\/voxsahel.com\\\/?p=1551#respond\"]}]},{\"@type\":\"WebPage\",\"@id\":\"https:\\\/\\\/voxsahel.com\\\/?p=1551\",\"url\":\"https:\\\/\\\/voxsahel.com\\\/?p=1551\",\"name\":\"Rue des Etoiles: Un hommage \u00e0 l\u2019h\u00e9ritage et \u00e0 la r\u00e9silience du Burkina Faso - Vox Sahel\",\"isPartOf\":{\"@id\":\"https:\\\/\\\/voxsahel.com\\\/#website\"},\"primaryImageOfPage\":{\"@id\":\"https:\\\/\\\/voxsahel.com\\\/?p=1551#primaryimage\"},\"image\":{\"@id\":\"https:\\\/\\\/voxsahel.com\\\/?p=1551#primaryimage\"},\"thumbnailUrl\":\"https:\\\/\\\/voxsahel.com\\\/wp-content\\\/uploads\\\/2025\\\/03\\\/IMG_3715.jpeg\",\"datePublished\":\"2025-03-10T12:54:44+00:00\",\"breadcrumb\":{\"@id\":\"https:\\\/\\\/voxsahel.com\\\/?p=1551#breadcrumb\"},\"inLanguage\":\"fr-FR\",\"potentialAction\":[{\"@type\":\"ReadAction\",\"target\":[\"https:\\\/\\\/voxsahel.com\\\/?p=1551\"]}]},{\"@type\":\"ImageObject\",\"inLanguage\":\"fr-FR\",\"@id\":\"https:\\\/\\\/voxsahel.com\\\/?p=1551#primaryimage\",\"url\":\"https:\\\/\\\/voxsahel.com\\\/wp-content\\\/uploads\\\/2025\\\/03\\\/IMG_3715.jpeg\",\"contentUrl\":\"https:\\\/\\\/voxsahel.com\\\/wp-content\\\/uploads\\\/2025\\\/03\\\/IMG_3715.jpeg\",\"width\":393,\"height\":314},{\"@type\":\"BreadcrumbList\",\"@id\":\"https:\\\/\\\/voxsahel.com\\\/?p=1551#breadcrumb\",\"itemListElement\":[{\"@type\":\"ListItem\",\"position\":1,\"name\":\"Home\",\"item\":\"https:\\\/\\\/voxsahel.com\\\/\"},{\"@type\":\"ListItem\",\"position\":2,\"name\":\"Rue des Etoiles: Un hommage \u00e0 l\u2019h\u00e9ritage et \u00e0 la r\u00e9silience du Burkina Faso\"}]},{\"@type\":\"WebSite\",\"@id\":\"https:\\\/\\\/voxsahel.com\\\/#website\",\"url\":\"https:\\\/\\\/voxsahel.com\\\/\",\"name\":\"Vox Sahel\",\"description\":\"Informez-vous sur le Sahel en un clic\",\"publisher\":{\"@id\":\"https:\\\/\\\/voxsahel.com\\\/#organization\"},\"potentialAction\":[{\"@type\":\"SearchAction\",\"target\":{\"@type\":\"EntryPoint\",\"urlTemplate\":\"https:\\\/\\\/voxsahel.com\\\/?s={search_term_string}\"},\"query-input\":{\"@type\":\"PropertyValueSpecification\",\"valueRequired\":true,\"valueName\":\"search_term_string\"}}],\"inLanguage\":\"fr-FR\"},{\"@type\":\"Organization\",\"@id\":\"https:\\\/\\\/voxsahel.com\\\/#organization\",\"name\":\"Vox Sahel\",\"url\":\"https:\\\/\\\/voxsahel.com\\\/\",\"logo\":{\"@type\":\"ImageObject\",\"inLanguage\":\"fr-FR\",\"@id\":\"https:\\\/\\\/voxsahel.com\\\/#\\\/schema\\\/logo\\\/image\\\/\",\"url\":\"https:\\\/\\\/voxsahel.com\\\/wp-content\\\/uploads\\\/2024\\\/09\\\/Logo-Vox-Sahel.jpg\",\"contentUrl\":\"https:\\\/\\\/voxsahel.com\\\/wp-content\\\/uploads\\\/2024\\\/09\\\/Logo-Vox-Sahel.jpg\",\"width\":1181,\"height\":848,\"caption\":\"Vox Sahel\"},\"image\":{\"@id\":\"https:\\\/\\\/voxsahel.com\\\/#\\\/schema\\\/logo\\\/image\\\/\"},\"sameAs\":[\"https:\\\/\\\/www.facebook.com\\\/journal.voxsahel\"]},{\"@type\":\"Person\",\"@id\":\"https:\\\/\\\/voxsahel.com\\\/#\\\/schema\\\/person\\\/b4043608248f8fa227cd760e7ff1e19e\",\"name\":\"Vox Sahel\",\"image\":{\"@type\":\"ImageObject\",\"inLanguage\":\"fr-FR\",\"@id\":\"https:\\\/\\\/secure.gravatar.com\\\/avatar\\\/f70e7fa0cb9b29d4a7c5788d6eb2e9ab4d3135cbae1c9161810fdf77a8964699?s=96&d=mm&r=g\",\"url\":\"https:\\\/\\\/secure.gravatar.com\\\/avatar\\\/f70e7fa0cb9b29d4a7c5788d6eb2e9ab4d3135cbae1c9161810fdf77a8964699?s=96&d=mm&r=g\",\"contentUrl\":\"https:\\\/\\\/secure.gravatar.com\\\/avatar\\\/f70e7fa0cb9b29d4a7c5788d6eb2e9ab4d3135cbae1c9161810fdf77a8964699?s=96&d=mm&r=g\",\"caption\":\"Vox Sahel\"},\"sameAs\":[\"http:\\\/\\\/www.voxsahel.com\"],\"url\":\"https:\\\/\\\/voxsahel.com\\\/?author=2\"}]}<\/script>\n<!-- \/ Yoast SEO plugin. -->","yoast_head_json":{"title":"Rue des Etoiles: Un hommage \u00e0 l\u2019h\u00e9ritage et \u00e0 la r\u00e9silience du Burkina Faso - Vox Sahel","robots":{"index":"index","follow":"follow","max-snippet":"max-snippet:-1","max-image-preview":"max-image-preview:large","max-video-preview":"max-video-preview:-1"},"canonical":"https:\/\/voxsahel.com\/?p=1551","og_locale":"fr_FR","og_type":"article","og_title":"Rue des Etoiles: Un hommage \u00e0 l\u2019h\u00e9ritage et \u00e0 la r\u00e9silience du Burkina Faso - Vox Sahel","og_description":"Le 22 f\u00e9vrier 2025, une initiative exceptionnelle a vu le jour sur l&rsquo;avenue Kwame N\u2019Krumah","og_url":"https:\/\/voxsahel.com\/?p=1551","og_site_name":"Vox Sahel","article_publisher":"https:\/\/www.facebook.com\/journal.voxsahel","article_published_time":"2025-03-10T12:54:44+00:00","og_image":[{"width":393,"height":314,"url":"https:\/\/voxsahel.com\/wp-content\/uploads\/2025\/03\/IMG_3715.jpeg","type":"image\/jpeg"}],"author":"Vox Sahel","twitter_card":"summary_large_image","twitter_misc":{"\u00c9crit par":"Vox Sahel","Dur\u00e9e de lecture estim\u00e9e":"3 minutes"},"schema":{"@context":"https:\/\/schema.org","@graph":[{"@type":"Article","@id":"https:\/\/voxsahel.com\/?p=1551#article","isPartOf":{"@id":"https:\/\/voxsahel.com\/?p=1551"},"author":{"name":"Vox Sahel","@id":"https:\/\/voxsahel.com\/#\/schema\/person\/b4043608248f8fa227cd760e7ff1e19e"},"headline":"Rue des Etoiles: Un hommage \u00e0 l\u2019h\u00e9ritage et \u00e0 la r\u00e9silience du Burkina Faso","datePublished":"2025-03-10T12:54:44+00:00","mainEntityOfPage":{"@id":"https:\/\/voxsahel.com\/?p=1551"},"wordCount":479,"commentCount":0,"publisher":{"@id":"https:\/\/voxsahel.com\/#organization"},"image":{"@id":"https:\/\/voxsahel.com\/?p=1551#primaryimage"},"thumbnailUrl":"https:\/\/voxsahel.com\/wp-content\/uploads\/2025\/03\/IMG_3715.jpeg","keywords":["Avenue Kwam\u00e9 N\u2019KRUMAH","Burkina Faso","Commune de Ouagadougou","Ouagadougou","Rue des \u00c9toiles"],"articleSection":["SOCIETE"],"inLanguage":"fr-FR","potentialAction":[{"@type":"CommentAction","name":"Comment","target":["https:\/\/voxsahel.com\/?p=1551#respond"]}]},{"@type":"WebPage","@id":"https:\/\/voxsahel.com\/?p=1551","url":"https:\/\/voxsahel.com\/?p=1551","name":"Rue des Etoiles: Un hommage \u00e0 l\u2019h\u00e9ritage et \u00e0 la r\u00e9silience du Burkina Faso - Vox Sahel","isPartOf":{"@id":"https:\/\/voxsahel.com\/#website"},"primaryImageOfPage":{"@id":"https:\/\/voxsahel.com\/?p=1551#primaryimage"},"image":{"@id":"https:\/\/voxsahel.com\/?p=1551#primaryimage"},"thumbnailUrl":"https:\/\/voxsahel.com\/wp-content\/uploads\/2025\/03\/IMG_3715.jpeg","datePublished":"2025-03-10T12:54:44+00:00","breadcrumb":{"@id":"https:\/\/voxsahel.com\/?p=1551#breadcrumb"},"inLanguage":"fr-FR","potentialAction":[{"@type":"ReadAction","target":["https:\/\/voxsahel.com\/?p=1551"]}]},{"@type":"ImageObject","inLanguage":"fr-FR","@id":"https:\/\/voxsahel.com\/?p=1551#primaryimage","url":"https:\/\/voxsahel.com\/wp-content\/uploads\/2025\/03\/IMG_3715.jpeg","contentUrl":"https:\/\/voxsahel.com\/wp-content\/uploads\/2025\/03\/IMG_3715.jpeg","width":393,"height":314},{"@type":"BreadcrumbList","@id":"https:\/\/voxsahel.com\/?p=1551#breadcrumb","itemListElement":[{"@type":"ListItem","position":1,"name":"Home","item":"https:\/\/voxsahel.com\/"},{"@type":"ListItem","position":2,"name":"Rue des Etoiles: Un hommage \u00e0 l\u2019h\u00e9ritage et \u00e0 la r\u00e9silience du Burkina Faso"}]},{"@type":"WebSite","@id":"https:\/\/voxsahel.com\/#website","url":"https:\/\/voxsahel.com\/","name":"Vox Sahel","description":"Informez-vous sur le Sahel en un clic","publisher":{"@id":"https:\/\/voxsahel.com\/#organization"},"potentialAction":[{"@type":"SearchAction","target":{"@type":"EntryPoint","urlTemplate":"https:\/\/voxsahel.com\/?s={search_term_string}"},"query-input":{"@type":"PropertyValueSpecification","valueRequired":true,"valueName":"search_term_string"}}],"inLanguage":"fr-FR"},{"@type":"Organization","@id":"https:\/\/voxsahel.com\/#organization","name":"Vox Sahel","url":"https:\/\/voxsahel.com\/","logo":{"@type":"ImageObject","inLanguage":"fr-FR","@id":"https:\/\/voxsahel.com\/#\/schema\/logo\/image\/","url":"https:\/\/voxsahel.com\/wp-content\/uploads\/2024\/09\/Logo-Vox-Sahel.jpg","contentUrl":"https:\/\/voxsahel.com\/wp-content\/uploads\/2024\/09\/Logo-Vox-Sahel.jpg","width":1181,"height":848,"caption":"Vox Sahel"},"image":{"@id":"https:\/\/voxsahel.com\/#\/schema\/logo\/image\/"},"sameAs":["https:\/\/www.facebook.com\/journal.voxsahel"]},{"@type":"Person","@id":"https:\/\/voxsahel.com\/#\/schema\/person\/b4043608248f8fa227cd760e7ff1e19e","name":"Vox Sahel","image":{"@type":"ImageObject","inLanguage":"fr-FR","@id":"https:\/\/secure.gravatar.com\/avatar\/f70e7fa0cb9b29d4a7c5788d6eb2e9ab4d3135cbae1c9161810fdf77a8964699?s=96&d=mm&r=g","url":"https:\/\/secure.gravatar.com\/avatar\/f70e7fa0cb9b29d4a7c5788d6eb2e9ab4d3135cbae1c9161810fdf77a8964699?s=96&d=mm&r=g","contentUrl":"https:\/\/secure.gravatar.com\/avatar\/f70e7fa0cb9b29d4a7c5788d6eb2e9ab4d3135cbae1c9161810fdf77a8964699?s=96&d=mm&r=g","caption":"Vox Sahel"},"sameAs":["http:\/\/www.voxsahel.com"],"url":"https:\/\/voxsahel.com\/?author=2"}]}},"_links":{"self":[{"href":"https:\/\/voxsahel.com\/index.php?rest_route=\/wp\/v2\/posts\/1551","targetHints":{"allow":["GET"]}}],"collection":[{"href":"https:\/\/voxsahel.com\/index.php?rest_route=\/wp\/v2\/posts"}],"about":[{"href":"https:\/\/voxsahel.com\/index.php?rest_route=\/wp\/v2\/types\/post"}],"author":[{"embeddable":true,"href":"https:\/\/voxsahel.com\/index.php?rest_route=\/wp\/v2\/users\/2"}],"replies":[{"embeddable":true,"href":"https:\/\/voxsahel.com\/index.php?rest_route=%2Fwp%2Fv2%2Fcomments&post=1551"}],"version-history":[{"count":1,"href":"https:\/\/voxsahel.com\/index.php?rest_route=\/wp\/v2\/posts\/1551\/revisions"}],"predecessor-version":[{"id":1553,"href":"https:\/\/voxsahel.com\/index.php?rest_route=\/wp\/v2\/posts\/1551\/revisions\/1553"}],"wp:featuredmedia":[{"embeddable":true,"href":"https:\/\/voxsahel.com\/index.php?rest_route=\/wp\/v2\/media\/1552"}],"wp:attachment":[{"href":"https:\/\/voxsahel.com\/index.php?rest_route=%2Fwp%2Fv2%2Fmedia&parent=1551"}],"wp:term":[{"taxonomy":"category","embeddable":true,"href":"https:\/\/voxsahel.com\/index.php?rest_route=%2Fwp%2Fv2%2Fcategories&post=1551"},{"taxonomy":"post_tag","embeddable":true,"href":"https:\/\/voxsahel.com\/index.php?rest_route=%2Fwp%2Fv2%2Ftags&post=1551"}],"curies":[{"name":"wp","href":"https:\/\/api.w.org\/{rel}","templated":true}]}}