{"id":1532,"date":"2025-03-06T23:27:10","date_gmt":"2025-03-06T23:27:10","guid":{"rendered":"https:\/\/voxsahel.com\/?p=1532"},"modified":"2025-03-07T08:34:04","modified_gmt":"2025-03-07T08:34:04","slug":"burkina-faso-bras-de-fer-entre-la-douane-et-orange-burkina","status":"publish","type":"post","link":"https:\/\/voxsahel.com\/?p=1532","title":{"rendered":"Burkina Faso\u00a0: Bras de fer entre la douane et Orange Burkina"},"content":{"rendered":"<p>La Direction g\u00e9n\u00e9rale des douanes du Burkina Faso et la soci\u00e9t\u00e9 Orange Burkina sont engag\u00e9es dans un contentieux judiciaire d\u2019envergure, portant sur plusieurs infractions douani\u00e8res. L\u2019affaire, qui remonte \u00e0 une enqu\u00eate initi\u00e9e en 2016 contre l\u2019ex-Airtel Burkina, rachet\u00e9e par Orange Burkina, porte sur des milliards de FCFA de droits \u00e9lud\u00e9s et d\u2019amendes potentielles, Selon le m\u00e9dia d\u2019investigations Sirainfo.<\/p>\n<p><strong>Une enqu\u00eate aux r\u00e9v\u00e9lations accablantes<\/strong><\/p>\n<p>L\u2019enqu\u00eate douani\u00e8re vise des op\u00e9rations d\u2019importation r\u00e9alis\u00e9es entre 2001 et 2011 sous le r\u00e9gime douanier de faveur. Elle a r\u00e9v\u00e9l\u00e9, selon l\u2019administration douani\u00e8re, des \u00e9carts significatifs entre la valeur d\u00e9clar\u00e9e des \u00e9quipements et leur valeur comptable. Un cas embl\u00e9matique est la d\u00e9claration d\u2019\u00e9quipements \u00e0 12,3 milliards FCFA, alors que leur valeur r\u00e9elle s\u2019\u00e9l\u00e8verait \u00e0 58,8 milliards FCFA. La douane estime que des infractions telles que la fausse d\u00e9claration et la revente ill\u00e9gale d\u2019\u00e9quipements exon\u00e9r\u00e9s ont \u00e9t\u00e9 commises.<\/p>\n<p>Les conclusions de l\u2019enqu\u00eate ont abouti \u00e0 une r\u00e9clamation de 30 milliards FCFA de droits \u00e9lud\u00e9s et une amende potentielle de 238 milliards FCFA, portant l\u2019enjeu financier total \u00e0 pr\u00e8s de 268 milliards FCFA.<\/p>\n<p><strong>Une bataille judiciaire engag\u00e9e<\/strong><\/p>\n<p>Face \u00e0 ces accusations, Orange Burkina a choisi de contester les conclusions de l\u2019enqu\u00eate douani\u00e8re. Par la voix de son ancien directeur g\u00e9n\u00e9ral, Ben Cheick Haidara, la soci\u00e9t\u00e9 a avanc\u00e9 plusieurs arguments, notamment le respect des proc\u00e9dures de cession des \u00e9quipements et les diff\u00e9rences de valorisation entre les d\u00e9clarations douani\u00e8res et la comptabilit\u00e9 interne.<\/p>\n<p>Toutefois, en 2022, l\u2019affaire a pris une tournure judiciaire, Orange Burkina \u00e9tant assign\u00e9e devant le Tribunal de grande instance de Ouaga 1. Malgr\u00e9 plusieurs reports, l\u2019affaire a \u00e9t\u00e9 appel\u00e9e \u00e0 la barre le 6 f\u00e9vrier 2025, r\u00e9v\u00e9lant un nouvel \u00e9l\u00e9ment : la soci\u00e9t\u00e9 souhaite d\u00e9sormais explorer une solution transactionnelle.<\/p>\n<p><strong>Vers un r\u00e8glement \u00e0 l\u2019amiable ?<\/strong><\/p>\n<p>Lors de l\u2019audience du 6 f\u00e9vrier, les avocats d\u2019Orange Burkina ont manifest\u00e9 leur volont\u00e9 de n\u00e9gocier un r\u00e8glement \u00e0 l\u2019amiable. L\u2019Agent judiciaire de l\u2019\u00c9tat, Karfa Gnanou, a confirm\u00e9 avoir re\u00e7u une proposition en ce sens, ce qui laisse supposer une reconnaissance implicite des faits reproch\u00e9s.<\/p>\n<p>Toutefois, lors de l\u2019audience du 25 f\u00e9vrier dernier, aucun accord n\u2019avait encore \u00e9t\u00e9 trouv\u00e9 entre les parties. Le dossier reste donc en suspens, et l\u2019issue des n\u00e9gociations d\u00e9terminera si Orange Burkina devra s\u2019acquitter de l\u2019\u00e9norme amende r\u00e9clam\u00e9e ou si un compromis sera trouv\u00e9.<\/p>\n<p>Affaire \u00e0 suivre.<\/p>\n","protected":false},"excerpt":{"rendered":"<p>La Direction g\u00e9n\u00e9rale des douanes du Burkina Faso et la soci\u00e9t\u00e9 Orange Burkina sont engag\u00e9es<\/p>\n","protected":false},"author":2,"featured_media":1534,"comment_status":"open","ping_status":"open","sticky":false,"template":"","format":"standard","meta":{"_et_pb_use_builder":"","_et_pb_old_content":"","_et_gb_content_width":"","footnotes":""},"categories":[5],"tags":[18,142,146,381,370,648,310,649,446],"class_list":["post-1532","post","type-post","status-publish","format-standard","has-post-thumbnail","hentry","category-societe","tag-burkina-faso","tag-douane","tag-douanes-du-burkina-faso","tag-justice","tag-observatoire-pour-la-celerite-des-operations-douanieres-au-burkina-faso","tag-orange-burkina","tag-organisation-mondiale-des-douanes","tag-telecommunication","tag-telephonie"],"yoast_head":"<!-- This site is optimized with the Yoast SEO plugin v27.5 - https:\/\/yoast.com\/product\/yoast-seo-wordpress\/ -->\n<title>Burkina Faso\u00a0: Bras de fer entre la douane et Orange Burkina - Vox Sahel<\/title>\n<meta name=\"robots\" content=\"index, follow, max-snippet:-1, max-image-preview:large, max-video-preview:-1\" \/>\n<link rel=\"canonical\" href=\"https:\/\/voxsahel.com\/?p=1532\" \/>\n<meta property=\"og:locale\" content=\"fr_FR\" \/>\n<meta property=\"og:type\" content=\"article\" \/>\n<meta property=\"og:title\" content=\"Burkina Faso\u00a0: Bras de fer entre la douane et Orange Burkina - Vox Sahel\" \/>\n<meta property=\"og:description\" content=\"La Direction g\u00e9n\u00e9rale des douanes du Burkina Faso et la soci\u00e9t\u00e9 Orange Burkina sont engag\u00e9es\" \/>\n<meta property=\"og:url\" content=\"https:\/\/voxsahel.com\/?p=1532\" \/>\n<meta property=\"og:site_name\" content=\"Vox Sahel\" \/>\n<meta property=\"article:publisher\" content=\"https:\/\/www.facebook.com\/journal.voxsahel\" \/>\n<meta property=\"article:published_time\" content=\"2025-03-06T23:27:10+00:00\" \/>\n<meta property=\"article:modified_time\" content=\"2025-03-07T08:34:04+00:00\" \/>\n<meta property=\"og:image\" content=\"https:\/\/voxsahel.com\/wp-content\/uploads\/2025\/03\/IMG_2551.jpeg\" \/>\n\t<meta property=\"og:image:width\" content=\"2048\" \/>\n\t<meta property=\"og:image:height\" content=\"2048\" \/>\n\t<meta property=\"og:image:type\" content=\"image\/jpeg\" \/>\n<meta name=\"author\" content=\"Vox Sahel\" \/>\n<meta name=\"twitter:card\" content=\"summary_large_image\" \/>\n<meta name=\"twitter:label1\" content=\"\u00c9crit par\" \/>\n\t<meta name=\"twitter:data1\" content=\"Vox Sahel\" \/>\n\t<meta name=\"twitter:label2\" content=\"Dur\u00e9e de lecture estim\u00e9e\" \/>\n\t<meta name=\"twitter:data2\" content=\"3 minutes\" \/>\n<script type=\"application\/ld+json\" class=\"yoast-schema-graph\">{\"@context\":\"https:\\\/\\\/schema.org\",\"@graph\":[{\"@type\":\"Article\",\"@id\":\"https:\\\/\\\/voxsahel.com\\\/?p=1532#article\",\"isPartOf\":{\"@id\":\"https:\\\/\\\/voxsahel.com\\\/?p=1532\"},\"author\":{\"name\":\"Vox Sahel\",\"@id\":\"https:\\\/\\\/voxsahel.com\\\/#\\\/schema\\\/person\\\/b4043608248f8fa227cd760e7ff1e19e\"},\"headline\":\"Burkina Faso\u00a0: Bras de fer entre la douane et Orange Burkina\",\"datePublished\":\"2025-03-06T23:27:10+00:00\",\"dateModified\":\"2025-03-07T08:34:04+00:00\",\"mainEntityOfPage\":{\"@id\":\"https:\\\/\\\/voxsahel.com\\\/?p=1532\"},\"wordCount\":455,\"commentCount\":0,\"publisher\":{\"@id\":\"https:\\\/\\\/voxsahel.com\\\/#organization\"},\"image\":{\"@id\":\"https:\\\/\\\/voxsahel.com\\\/?p=1532#primaryimage\"},\"thumbnailUrl\":\"https:\\\/\\\/voxsahel.com\\\/wp-content\\\/uploads\\\/2025\\\/03\\\/IMG_2551.jpeg\",\"keywords\":[\"Burkina Faso\",\"Douane\",\"Douanes du Burkina Faso\",\"Justice\",\"Observatoire pour la c\u00e9l\u00e9rit\u00e9 des op\u00e9rations douani\u00e8res au Burkina Faso\",\"Orange Burkina\",\"Organisation mondiale des Douanes\",\"T\u00e9l\u00e9communication\",\"T\u00e9l\u00e9phonie\"],\"articleSection\":[\"SOCIETE\"],\"inLanguage\":\"fr-FR\",\"potentialAction\":[{\"@type\":\"CommentAction\",\"name\":\"Comment\",\"target\":[\"https:\\\/\\\/voxsahel.com\\\/?p=1532#respond\"]}]},{\"@type\":\"WebPage\",\"@id\":\"https:\\\/\\\/voxsahel.com\\\/?p=1532\",\"url\":\"https:\\\/\\\/voxsahel.com\\\/?p=1532\",\"name\":\"Burkina Faso\u00a0: Bras de fer entre la douane et Orange Burkina - Vox Sahel\",\"isPartOf\":{\"@id\":\"https:\\\/\\\/voxsahel.com\\\/#website\"},\"primaryImageOfPage\":{\"@id\":\"https:\\\/\\\/voxsahel.com\\\/?p=1532#primaryimage\"},\"image\":{\"@id\":\"https:\\\/\\\/voxsahel.com\\\/?p=1532#primaryimage\"},\"thumbnailUrl\":\"https:\\\/\\\/voxsahel.com\\\/wp-content\\\/uploads\\\/2025\\\/03\\\/IMG_2551.jpeg\",\"datePublished\":\"2025-03-06T23:27:10+00:00\",\"dateModified\":\"2025-03-07T08:34:04+00:00\",\"breadcrumb\":{\"@id\":\"https:\\\/\\\/voxsahel.com\\\/?p=1532#breadcrumb\"},\"inLanguage\":\"fr-FR\",\"potentialAction\":[{\"@type\":\"ReadAction\",\"target\":[\"https:\\\/\\\/voxsahel.com\\\/?p=1532\"]}]},{\"@type\":\"ImageObject\",\"inLanguage\":\"fr-FR\",\"@id\":\"https:\\\/\\\/voxsahel.com\\\/?p=1532#primaryimage\",\"url\":\"https:\\\/\\\/voxsahel.com\\\/wp-content\\\/uploads\\\/2025\\\/03\\\/IMG_2551.jpeg\",\"contentUrl\":\"https:\\\/\\\/voxsahel.com\\\/wp-content\\\/uploads\\\/2025\\\/03\\\/IMG_2551.jpeg\",\"width\":2048,\"height\":2048},{\"@type\":\"BreadcrumbList\",\"@id\":\"https:\\\/\\\/voxsahel.com\\\/?p=1532#breadcrumb\",\"itemListElement\":[{\"@type\":\"ListItem\",\"position\":1,\"name\":\"Home\",\"item\":\"https:\\\/\\\/voxsahel.com\\\/\"},{\"@type\":\"ListItem\",\"position\":2,\"name\":\"Burkina Faso\u00a0: Bras de fer entre la douane et Orange Burkina\"}]},{\"@type\":\"WebSite\",\"@id\":\"https:\\\/\\\/voxsahel.com\\\/#website\",\"url\":\"https:\\\/\\\/voxsahel.com\\\/\",\"name\":\"Vox Sahel\",\"description\":\"Informez-vous sur le Sahel en un clic\",\"publisher\":{\"@id\":\"https:\\\/\\\/voxsahel.com\\\/#organization\"},\"potentialAction\":[{\"@type\":\"SearchAction\",\"target\":{\"@type\":\"EntryPoint\",\"urlTemplate\":\"https:\\\/\\\/voxsahel.com\\\/?s={search_term_string}\"},\"query-input\":{\"@type\":\"PropertyValueSpecification\",\"valueRequired\":true,\"valueName\":\"search_term_string\"}}],\"inLanguage\":\"fr-FR\"},{\"@type\":\"Organization\",\"@id\":\"https:\\\/\\\/voxsahel.com\\\/#organization\",\"name\":\"Vox Sahel\",\"url\":\"https:\\\/\\\/voxsahel.com\\\/\",\"logo\":{\"@type\":\"ImageObject\",\"inLanguage\":\"fr-FR\",\"@id\":\"https:\\\/\\\/voxsahel.com\\\/#\\\/schema\\\/logo\\\/image\\\/\",\"url\":\"https:\\\/\\\/voxsahel.com\\\/wp-content\\\/uploads\\\/2024\\\/09\\\/Logo-Vox-Sahel.jpg\",\"contentUrl\":\"https:\\\/\\\/voxsahel.com\\\/wp-content\\\/uploads\\\/2024\\\/09\\\/Logo-Vox-Sahel.jpg\",\"width\":1181,\"height\":848,\"caption\":\"Vox Sahel\"},\"image\":{\"@id\":\"https:\\\/\\\/voxsahel.com\\\/#\\\/schema\\\/logo\\\/image\\\/\"},\"sameAs\":[\"https:\\\/\\\/www.facebook.com\\\/journal.voxsahel\"]},{\"@type\":\"Person\",\"@id\":\"https:\\\/\\\/voxsahel.com\\\/#\\\/schema\\\/person\\\/b4043608248f8fa227cd760e7ff1e19e\",\"name\":\"Vox Sahel\",\"image\":{\"@type\":\"ImageObject\",\"inLanguage\":\"fr-FR\",\"@id\":\"https:\\\/\\\/secure.gravatar.com\\\/avatar\\\/f70e7fa0cb9b29d4a7c5788d6eb2e9ab4d3135cbae1c9161810fdf77a8964699?s=96&d=mm&r=g\",\"url\":\"https:\\\/\\\/secure.gravatar.com\\\/avatar\\\/f70e7fa0cb9b29d4a7c5788d6eb2e9ab4d3135cbae1c9161810fdf77a8964699?s=96&d=mm&r=g\",\"contentUrl\":\"https:\\\/\\\/secure.gravatar.com\\\/avatar\\\/f70e7fa0cb9b29d4a7c5788d6eb2e9ab4d3135cbae1c9161810fdf77a8964699?s=96&d=mm&r=g\",\"caption\":\"Vox Sahel\"},\"sameAs\":[\"http:\\\/\\\/www.voxsahel.com\"],\"url\":\"https:\\\/\\\/voxsahel.com\\\/?author=2\"}]}<\/script>\n<!-- \/ Yoast SEO plugin. -->","yoast_head_json":{"title":"Burkina Faso\u00a0: Bras de fer entre la douane et Orange Burkina - Vox Sahel","robots":{"index":"index","follow":"follow","max-snippet":"max-snippet:-1","max-image-preview":"max-image-preview:large","max-video-preview":"max-video-preview:-1"},"canonical":"https:\/\/voxsahel.com\/?p=1532","og_locale":"fr_FR","og_type":"article","og_title":"Burkina Faso\u00a0: Bras de fer entre la douane et Orange Burkina - Vox Sahel","og_description":"La Direction g\u00e9n\u00e9rale des douanes du Burkina Faso et la soci\u00e9t\u00e9 Orange Burkina sont engag\u00e9es","og_url":"https:\/\/voxsahel.com\/?p=1532","og_site_name":"Vox Sahel","article_publisher":"https:\/\/www.facebook.com\/journal.voxsahel","article_published_time":"2025-03-06T23:27:10+00:00","article_modified_time":"2025-03-07T08:34:04+00:00","og_image":[{"width":2048,"height":2048,"url":"https:\/\/voxsahel.com\/wp-content\/uploads\/2025\/03\/IMG_2551.jpeg","type":"image\/jpeg"}],"author":"Vox Sahel","twitter_card":"summary_large_image","twitter_misc":{"\u00c9crit par":"Vox Sahel","Dur\u00e9e de lecture estim\u00e9e":"3 minutes"},"schema":{"@context":"https:\/\/schema.org","@graph":[{"@type":"Article","@id":"https:\/\/voxsahel.com\/?p=1532#article","isPartOf":{"@id":"https:\/\/voxsahel.com\/?p=1532"},"author":{"name":"Vox Sahel","@id":"https:\/\/voxsahel.com\/#\/schema\/person\/b4043608248f8fa227cd760e7ff1e19e"},"headline":"Burkina Faso\u00a0: Bras de fer entre la douane et Orange Burkina","datePublished":"2025-03-06T23:27:10+00:00","dateModified":"2025-03-07T08:34:04+00:00","mainEntityOfPage":{"@id":"https:\/\/voxsahel.com\/?p=1532"},"wordCount":455,"commentCount":0,"publisher":{"@id":"https:\/\/voxsahel.com\/#organization"},"image":{"@id":"https:\/\/voxsahel.com\/?p=1532#primaryimage"},"thumbnailUrl":"https:\/\/voxsahel.com\/wp-content\/uploads\/2025\/03\/IMG_2551.jpeg","keywords":["Burkina Faso","Douane","Douanes du Burkina Faso","Justice","Observatoire pour la c\u00e9l\u00e9rit\u00e9 des op\u00e9rations douani\u00e8res au Burkina Faso","Orange Burkina","Organisation mondiale des Douanes","T\u00e9l\u00e9communication","T\u00e9l\u00e9phonie"],"articleSection":["SOCIETE"],"inLanguage":"fr-FR","potentialAction":[{"@type":"CommentAction","name":"Comment","target":["https:\/\/voxsahel.com\/?p=1532#respond"]}]},{"@type":"WebPage","@id":"https:\/\/voxsahel.com\/?p=1532","url":"https:\/\/voxsahel.com\/?p=1532","name":"Burkina Faso\u00a0: Bras de fer entre la douane et Orange Burkina - Vox Sahel","isPartOf":{"@id":"https:\/\/voxsahel.com\/#website"},"primaryImageOfPage":{"@id":"https:\/\/voxsahel.com\/?p=1532#primaryimage"},"image":{"@id":"https:\/\/voxsahel.com\/?p=1532#primaryimage"},"thumbnailUrl":"https:\/\/voxsahel.com\/wp-content\/uploads\/2025\/03\/IMG_2551.jpeg","datePublished":"2025-03-06T23:27:10+00:00","dateModified":"2025-03-07T08:34:04+00:00","breadcrumb":{"@id":"https:\/\/voxsahel.com\/?p=1532#breadcrumb"},"inLanguage":"fr-FR","potentialAction":[{"@type":"ReadAction","target":["https:\/\/voxsahel.com\/?p=1532"]}]},{"@type":"ImageObject","inLanguage":"fr-FR","@id":"https:\/\/voxsahel.com\/?p=1532#primaryimage","url":"https:\/\/voxsahel.com\/wp-content\/uploads\/2025\/03\/IMG_2551.jpeg","contentUrl":"https:\/\/voxsahel.com\/wp-content\/uploads\/2025\/03\/IMG_2551.jpeg","width":2048,"height":2048},{"@type":"BreadcrumbList","@id":"https:\/\/voxsahel.com\/?p=1532#breadcrumb","itemListElement":[{"@type":"ListItem","position":1,"name":"Home","item":"https:\/\/voxsahel.com\/"},{"@type":"ListItem","position":2,"name":"Burkina Faso\u00a0: Bras de fer entre la douane et Orange Burkina"}]},{"@type":"WebSite","@id":"https:\/\/voxsahel.com\/#website","url":"https:\/\/voxsahel.com\/","name":"Vox Sahel","description":"Informez-vous sur le Sahel en un clic","publisher":{"@id":"https:\/\/voxsahel.com\/#organization"},"potentialAction":[{"@type":"SearchAction","target":{"@type":"EntryPoint","urlTemplate":"https:\/\/voxsahel.com\/?s={search_term_string}"},"query-input":{"@type":"PropertyValueSpecification","valueRequired":true,"valueName":"search_term_string"}}],"inLanguage":"fr-FR"},{"@type":"Organization","@id":"https:\/\/voxsahel.com\/#organization","name":"Vox Sahel","url":"https:\/\/voxsahel.com\/","logo":{"@type":"ImageObject","inLanguage":"fr-FR","@id":"https:\/\/voxsahel.com\/#\/schema\/logo\/image\/","url":"https:\/\/voxsahel.com\/wp-content\/uploads\/2024\/09\/Logo-Vox-Sahel.jpg","contentUrl":"https:\/\/voxsahel.com\/wp-content\/uploads\/2024\/09\/Logo-Vox-Sahel.jpg","width":1181,"height":848,"caption":"Vox Sahel"},"image":{"@id":"https:\/\/voxsahel.com\/#\/schema\/logo\/image\/"},"sameAs":["https:\/\/www.facebook.com\/journal.voxsahel"]},{"@type":"Person","@id":"https:\/\/voxsahel.com\/#\/schema\/person\/b4043608248f8fa227cd760e7ff1e19e","name":"Vox Sahel","image":{"@type":"ImageObject","inLanguage":"fr-FR","@id":"https:\/\/secure.gravatar.com\/avatar\/f70e7fa0cb9b29d4a7c5788d6eb2e9ab4d3135cbae1c9161810fdf77a8964699?s=96&d=mm&r=g","url":"https:\/\/secure.gravatar.com\/avatar\/f70e7fa0cb9b29d4a7c5788d6eb2e9ab4d3135cbae1c9161810fdf77a8964699?s=96&d=mm&r=g","contentUrl":"https:\/\/secure.gravatar.com\/avatar\/f70e7fa0cb9b29d4a7c5788d6eb2e9ab4d3135cbae1c9161810fdf77a8964699?s=96&d=mm&r=g","caption":"Vox Sahel"},"sameAs":["http:\/\/www.voxsahel.com"],"url":"https:\/\/voxsahel.com\/?author=2"}]}},"_links":{"self":[{"href":"https:\/\/voxsahel.com\/index.php?rest_route=\/wp\/v2\/posts\/1532","targetHints":{"allow":["GET"]}}],"collection":[{"href":"https:\/\/voxsahel.com\/index.php?rest_route=\/wp\/v2\/posts"}],"about":[{"href":"https:\/\/voxsahel.com\/index.php?rest_route=\/wp\/v2\/types\/post"}],"author":[{"embeddable":true,"href":"https:\/\/voxsahel.com\/index.php?rest_route=\/wp\/v2\/users\/2"}],"replies":[{"embeddable":true,"href":"https:\/\/voxsahel.com\/index.php?rest_route=%2Fwp%2Fv2%2Fcomments&post=1532"}],"version-history":[{"count":3,"href":"https:\/\/voxsahel.com\/index.php?rest_route=\/wp\/v2\/posts\/1532\/revisions"}],"predecessor-version":[{"id":1536,"href":"https:\/\/voxsahel.com\/index.php?rest_route=\/wp\/v2\/posts\/1532\/revisions\/1536"}],"wp:featuredmedia":[{"embeddable":true,"href":"https:\/\/voxsahel.com\/index.php?rest_route=\/wp\/v2\/media\/1534"}],"wp:attachment":[{"href":"https:\/\/voxsahel.com\/index.php?rest_route=%2Fwp%2Fv2%2Fmedia&parent=1532"}],"wp:term":[{"taxonomy":"category","embeddable":true,"href":"https:\/\/voxsahel.com\/index.php?rest_route=%2Fwp%2Fv2%2Fcategories&post=1532"},{"taxonomy":"post_tag","embeddable":true,"href":"https:\/\/voxsahel.com\/index.php?rest_route=%2Fwp%2Fv2%2Ftags&post=1532"}],"curies":[{"name":"wp","href":"https:\/\/api.w.org\/{rel}","templated":true}]}}