{"id":1529,"date":"2025-03-06T08:48:10","date_gmt":"2025-03-06T08:48:10","guid":{"rendered":"https:\/\/voxsahel.com\/?p=1529"},"modified":"2025-03-06T08:48:10","modified_gmt":"2025-03-06T08:48:10","slug":"burkina-faso-157-nouveaux-douaniers-pretent-serment-pour-servir-avec-integrite-et-loyaute","status":"publish","type":"post","link":"https:\/\/voxsahel.com\/?p=1529","title":{"rendered":"Burkina Faso : 157 nouveaux douaniers pr\u00eatent serment pour servir avec int\u00e9grit\u00e9 et loyaut\u00e9"},"content":{"rendered":"<p class=\"p1\"><span class=\"s1\">\ud835\udc02\ud835\udc1e \ud835\udc26\ud835\udc1e\ud835\udc2b\ud835\udc1c\ud835\udc2b\ud835\udc1e\ud835\udc1d\ud835\udc22 \ud835\udfce\ud835\udfd3 \ud835\udc26\ud835\udc1a\ud835\udc2b\ud835\udc2c \ud835\udfd0\ud835\udfce\ud835\udfd0\ud835\udfd3, s\u2019est tenue dans la salle d\u2019audience ATYRON du Tribunal de Grande Instance Ouaga I, la c\u00e9r\u00e9monie de prestation de serment de 157 nouveaux douaniers en pr\u00e9sence de la Pr\u00e9sidente de s\u00e9ance, des repr\u00e9sentants du minist\u00e8re de la Fonction publique, du Travail et de la Protection sociale, des repr\u00e9sentants de la Direction g\u00e9n\u00e9rale des douanes et des familles des imp\u00e9trants.<\/span><\/p>\n<p class=\"p1\"><span class=\"s1\">Ils sont au nombre de 157 dont 04 Inspecteurs, 06 Contr\u00f4leurs et 147 Assistants \u00e0 s\u2019engager officiellement \u00e0 exercer leurs missions avec int\u00e9grit\u00e9, diligence et loyaut\u00e9, conform\u00e9ment aux lois et r\u00e8glements en vigueur. Ainsi, en pronon\u00e7ant la formule sacramentelle devant le Tribunal, ces nouveaux fonctionnaires scellent leur engagement envers l\u2019\u00c9tat et la population burkinab\u00e8. Une c\u00e9r\u00e9monie solennelle qui marque une \u00e9tape essentielle dans leur carri\u00e8re.<\/span><\/p>\n<p class=\"p1\"><span class=\"s1\">La Pr\u00e9sidente de s\u00e9ance, magistrate de si\u00e8ge au Tribunal de Grande Instance Ouaga I<span class=\"Apple-converted-space\">\u00a0 <\/span>a saisi cette opportunit\u00e9 pour leur rappeler l\u2019importance du serment dans l\u2019exercice de la fonction douani\u00e8re tout en insistant sur les responsabilit\u00e9s qui leur incombent notamment en mati\u00e8re de lutte contre la fraude, de s\u00e9curisation des fronti\u00e8res et de mobilisation des recettes publiques.<\/span><\/p>\n<p class=\"p1\"><span class=\"s1\">Le Directeur du Personnel et de la logistique, le Colonel KY Hilaire, repr\u00e9sentant le Directeur g\u00e9n\u00e9ral des Douanes Adama ILBOUDO a salu\u00e9 l\u2019engagement des nouveaux agents et les a exhort\u00e9s \u00e0 faire preuve de rigueur et de professionnalisme dans l\u2019accomplissement de leurs missions. \u00ab Vous \u00eates d\u00e9sormais les gardiens des int\u00e9r\u00eats \u00e9conomiques et s\u00e9curitaires du pays. Ce serment n\u2019est pas une simple formalit\u00e9, mais un engagement \u00e0 d\u00e9fendre avec honneur et probit\u00e9 les valeurs de l\u2019administration douani\u00e8re \u00bb, a-t-il d\u00e9clar\u00e9.<\/span><\/p>\n<p class=\"p1\"><span class=\"s1\">Cette prestation de serment vient renforcer les rangs de la Douane burkinab\u00e8, dans un contexte marqu\u00e9 par la n\u00e9cessit\u00e9 d\u2019une surveillance accrue des \u00e9changes commerciaux et d\u2019un renforcement des dispositifs de contr\u00f4le aux fronti\u00e8res. Elle l\u2019expression de la volont\u00e9 du gouvernement de doter l\u2019administration douani\u00e8re de ressources humaines qualifi\u00e9es et engag\u00e9es pour relever les d\u00e9fis s\u00e9curitaires et \u00e9conomiques du pays.<\/span><\/p>\n<p class=\"p1\"><span class=\"s1\">La c\u00e9r\u00e9monie solennelle de prestation de serment a pris fin par des notes de satisfaction et de fiert\u00e9 avec la ferme volont\u00e9 des agents asserment\u00e9s<span class=\"Apple-converted-space\">\u00a0 <\/span>\u00e0 servir avec d\u00e9vouement la nation burkinab\u00e8.\u00a0<\/span><\/p>\n<p class=\"p1\"><span class=\"s1\">\ud835\udc0b\ud835\udc1a \ud835\udc03\ud835\udc28\ud835\udc2e\ud835\udc1a\ud835\udc27\ud835\udc1e : \ud835\udc07\ud835\udc28\ud835\udc27\ud835\udc27\ud835\udc1e\ud835\udc2e\ud835\udc2b-\ud835\udc03\ud835\udc1e\u0301\ud835\udc2f\ud835\udc28\ud835\udc2e\ud835\udc1e\ud835\udc26\ud835\udc1e\ud835\udc27\ud835\udc2d-\ud835\udc15\ud835\udc22\ud835\udc20\ud835\udc22\ud835\udc25\ud835\udc1a\ud835\udc27\ud835\udc1c\ud835\udc1e. <\/span><\/p>\n<p class=\"p1\"><span class=\"s1\">\ud835\udc12\ud835\udc02\ud835\udc11\ud835\udc0f-\ud835\udc03\ud835\udc06\ud835\udc03<\/span><\/p>\n","protected":false},"excerpt":{"rendered":"<p>\ud835\udc02\ud835\udc1e \ud835\udc26\ud835\udc1e\ud835\udc2b\ud835\udc1c\ud835\udc2b\ud835\udc1e\ud835\udc1d\ud835\udc22 \ud835\udfce\ud835\udfd3 \ud835\udc26\ud835\udc1a\ud835\udc2b\ud835\udc2c \ud835\udfd0\ud835\udfce\ud835\udfd0\ud835\udfd3, s\u2019est tenue dans la salle d\u2019audience ATYRON du Tribunal de<\/p>\n","protected":false},"author":2,"featured_media":1530,"comment_status":"open","ping_status":"open","sticky":false,"template":"","format":"standard","meta":{"_et_pb_use_builder":"","_et_pb_old_content":"","_et_gb_content_width":"","footnotes":""},"categories":[5],"tags":[18,142,146,381,370,310],"class_list":["post-1529","post","type-post","status-publish","format-standard","has-post-thumbnail","hentry","category-societe","tag-burkina-faso","tag-douane","tag-douanes-du-burkina-faso","tag-justice","tag-observatoire-pour-la-celerite-des-operations-douanieres-au-burkina-faso","tag-organisation-mondiale-des-douanes"],"yoast_head":"<!-- This site is optimized with the Yoast SEO plugin v27.5 - https:\/\/yoast.com\/product\/yoast-seo-wordpress\/ -->\n<title>Burkina Faso : 157 nouveaux douaniers pr\u00eatent serment pour servir avec int\u00e9grit\u00e9 et loyaut\u00e9 - Vox Sahel<\/title>\n<meta name=\"robots\" content=\"index, follow, max-snippet:-1, max-image-preview:large, max-video-preview:-1\" \/>\n<link rel=\"canonical\" href=\"https:\/\/voxsahel.com\/?p=1529\" \/>\n<meta property=\"og:locale\" content=\"fr_FR\" \/>\n<meta property=\"og:type\" content=\"article\" \/>\n<meta property=\"og:title\" content=\"Burkina Faso : 157 nouveaux douaniers pr\u00eatent serment pour servir avec int\u00e9grit\u00e9 et loyaut\u00e9 - Vox Sahel\" \/>\n<meta property=\"og:description\" content=\"\ud835\udc02\ud835\udc1e \ud835\udc26\ud835\udc1e\ud835\udc2b\ud835\udc1c\ud835\udc2b\ud835\udc1e\ud835\udc1d\ud835\udc22 \ud835\udfce\ud835\udfd3 \ud835\udc26\ud835\udc1a\ud835\udc2b\ud835\udc2c \ud835\udfd0\ud835\udfce\ud835\udfd0\ud835\udfd3, s\u2019est tenue dans la salle d\u2019audience ATYRON du Tribunal de\" \/>\n<meta property=\"og:url\" content=\"https:\/\/voxsahel.com\/?p=1529\" \/>\n<meta property=\"og:site_name\" content=\"Vox Sahel\" \/>\n<meta property=\"article:publisher\" content=\"https:\/\/www.facebook.com\/journal.voxsahel\" \/>\n<meta property=\"article:published_time\" content=\"2025-03-06T08:48:10+00:00\" \/>\n<meta property=\"og:image\" content=\"https:\/\/voxsahel.com\/wp-content\/uploads\/2025\/03\/IMG_2168.jpeg\" \/>\n\t<meta property=\"og:image:width\" content=\"1280\" \/>\n\t<meta property=\"og:image:height\" content=\"852\" \/>\n\t<meta property=\"og:image:type\" content=\"image\/jpeg\" \/>\n<meta name=\"author\" content=\"Vox Sahel\" \/>\n<meta name=\"twitter:card\" content=\"summary_large_image\" \/>\n<meta name=\"twitter:label1\" content=\"\u00c9crit par\" \/>\n\t<meta name=\"twitter:data1\" content=\"Vox Sahel\" \/>\n\t<meta name=\"twitter:label2\" content=\"Dur\u00e9e de lecture estim\u00e9e\" \/>\n\t<meta name=\"twitter:data2\" content=\"3 minutes\" \/>\n<script type=\"application\/ld+json\" class=\"yoast-schema-graph\">{\"@context\":\"https:\\\/\\\/schema.org\",\"@graph\":[{\"@type\":\"Article\",\"@id\":\"https:\\\/\\\/voxsahel.com\\\/?p=1529#article\",\"isPartOf\":{\"@id\":\"https:\\\/\\\/voxsahel.com\\\/?p=1529\"},\"author\":{\"name\":\"Vox Sahel\",\"@id\":\"https:\\\/\\\/voxsahel.com\\\/#\\\/schema\\\/person\\\/b4043608248f8fa227cd760e7ff1e19e\"},\"headline\":\"Burkina Faso : 157 nouveaux douaniers pr\u00eatent serment pour servir avec int\u00e9grit\u00e9 et loyaut\u00e9\",\"datePublished\":\"2025-03-06T08:48:10+00:00\",\"mainEntityOfPage\":{\"@id\":\"https:\\\/\\\/voxsahel.com\\\/?p=1529\"},\"wordCount\":422,\"commentCount\":0,\"publisher\":{\"@id\":\"https:\\\/\\\/voxsahel.com\\\/#organization\"},\"image\":{\"@id\":\"https:\\\/\\\/voxsahel.com\\\/?p=1529#primaryimage\"},\"thumbnailUrl\":\"https:\\\/\\\/voxsahel.com\\\/wp-content\\\/uploads\\\/2025\\\/03\\\/IMG_2168.jpeg\",\"keywords\":[\"Burkina Faso\",\"Douane\",\"Douanes du Burkina Faso\",\"Justice\",\"Observatoire pour la c\u00e9l\u00e9rit\u00e9 des op\u00e9rations douani\u00e8res au Burkina Faso\",\"Organisation mondiale des Douanes\"],\"articleSection\":[\"SOCIETE\"],\"inLanguage\":\"fr-FR\",\"potentialAction\":[{\"@type\":\"CommentAction\",\"name\":\"Comment\",\"target\":[\"https:\\\/\\\/voxsahel.com\\\/?p=1529#respond\"]}]},{\"@type\":\"WebPage\",\"@id\":\"https:\\\/\\\/voxsahel.com\\\/?p=1529\",\"url\":\"https:\\\/\\\/voxsahel.com\\\/?p=1529\",\"name\":\"Burkina Faso : 157 nouveaux douaniers pr\u00eatent serment pour servir avec int\u00e9grit\u00e9 et loyaut\u00e9 - Vox Sahel\",\"isPartOf\":{\"@id\":\"https:\\\/\\\/voxsahel.com\\\/#website\"},\"primaryImageOfPage\":{\"@id\":\"https:\\\/\\\/voxsahel.com\\\/?p=1529#primaryimage\"},\"image\":{\"@id\":\"https:\\\/\\\/voxsahel.com\\\/?p=1529#primaryimage\"},\"thumbnailUrl\":\"https:\\\/\\\/voxsahel.com\\\/wp-content\\\/uploads\\\/2025\\\/03\\\/IMG_2168.jpeg\",\"datePublished\":\"2025-03-06T08:48:10+00:00\",\"breadcrumb\":{\"@id\":\"https:\\\/\\\/voxsahel.com\\\/?p=1529#breadcrumb\"},\"inLanguage\":\"fr-FR\",\"potentialAction\":[{\"@type\":\"ReadAction\",\"target\":[\"https:\\\/\\\/voxsahel.com\\\/?p=1529\"]}]},{\"@type\":\"ImageObject\",\"inLanguage\":\"fr-FR\",\"@id\":\"https:\\\/\\\/voxsahel.com\\\/?p=1529#primaryimage\",\"url\":\"https:\\\/\\\/voxsahel.com\\\/wp-content\\\/uploads\\\/2025\\\/03\\\/IMG_2168.jpeg\",\"contentUrl\":\"https:\\\/\\\/voxsahel.com\\\/wp-content\\\/uploads\\\/2025\\\/03\\\/IMG_2168.jpeg\",\"width\":1280,\"height\":852},{\"@type\":\"BreadcrumbList\",\"@id\":\"https:\\\/\\\/voxsahel.com\\\/?p=1529#breadcrumb\",\"itemListElement\":[{\"@type\":\"ListItem\",\"position\":1,\"name\":\"Home\",\"item\":\"https:\\\/\\\/voxsahel.com\\\/\"},{\"@type\":\"ListItem\",\"position\":2,\"name\":\"Burkina Faso : 157 nouveaux douaniers pr\u00eatent serment pour servir avec int\u00e9grit\u00e9 et loyaut\u00e9\"}]},{\"@type\":\"WebSite\",\"@id\":\"https:\\\/\\\/voxsahel.com\\\/#website\",\"url\":\"https:\\\/\\\/voxsahel.com\\\/\",\"name\":\"Vox Sahel\",\"description\":\"Informez-vous sur le Sahel en un clic\",\"publisher\":{\"@id\":\"https:\\\/\\\/voxsahel.com\\\/#organization\"},\"potentialAction\":[{\"@type\":\"SearchAction\",\"target\":{\"@type\":\"EntryPoint\",\"urlTemplate\":\"https:\\\/\\\/voxsahel.com\\\/?s={search_term_string}\"},\"query-input\":{\"@type\":\"PropertyValueSpecification\",\"valueRequired\":true,\"valueName\":\"search_term_string\"}}],\"inLanguage\":\"fr-FR\"},{\"@type\":\"Organization\",\"@id\":\"https:\\\/\\\/voxsahel.com\\\/#organization\",\"name\":\"Vox Sahel\",\"url\":\"https:\\\/\\\/voxsahel.com\\\/\",\"logo\":{\"@type\":\"ImageObject\",\"inLanguage\":\"fr-FR\",\"@id\":\"https:\\\/\\\/voxsahel.com\\\/#\\\/schema\\\/logo\\\/image\\\/\",\"url\":\"https:\\\/\\\/voxsahel.com\\\/wp-content\\\/uploads\\\/2024\\\/09\\\/Logo-Vox-Sahel.jpg\",\"contentUrl\":\"https:\\\/\\\/voxsahel.com\\\/wp-content\\\/uploads\\\/2024\\\/09\\\/Logo-Vox-Sahel.jpg\",\"width\":1181,\"height\":848,\"caption\":\"Vox Sahel\"},\"image\":{\"@id\":\"https:\\\/\\\/voxsahel.com\\\/#\\\/schema\\\/logo\\\/image\\\/\"},\"sameAs\":[\"https:\\\/\\\/www.facebook.com\\\/journal.voxsahel\"]},{\"@type\":\"Person\",\"@id\":\"https:\\\/\\\/voxsahel.com\\\/#\\\/schema\\\/person\\\/b4043608248f8fa227cd760e7ff1e19e\",\"name\":\"Vox Sahel\",\"image\":{\"@type\":\"ImageObject\",\"inLanguage\":\"fr-FR\",\"@id\":\"https:\\\/\\\/secure.gravatar.com\\\/avatar\\\/f70e7fa0cb9b29d4a7c5788d6eb2e9ab4d3135cbae1c9161810fdf77a8964699?s=96&d=mm&r=g\",\"url\":\"https:\\\/\\\/secure.gravatar.com\\\/avatar\\\/f70e7fa0cb9b29d4a7c5788d6eb2e9ab4d3135cbae1c9161810fdf77a8964699?s=96&d=mm&r=g\",\"contentUrl\":\"https:\\\/\\\/secure.gravatar.com\\\/avatar\\\/f70e7fa0cb9b29d4a7c5788d6eb2e9ab4d3135cbae1c9161810fdf77a8964699?s=96&d=mm&r=g\",\"caption\":\"Vox Sahel\"},\"sameAs\":[\"http:\\\/\\\/www.voxsahel.com\"],\"url\":\"https:\\\/\\\/voxsahel.com\\\/?author=2\"}]}<\/script>\n<!-- \/ Yoast SEO plugin. -->","yoast_head_json":{"title":"Burkina Faso : 157 nouveaux douaniers pr\u00eatent serment pour servir avec int\u00e9grit\u00e9 et loyaut\u00e9 - Vox Sahel","robots":{"index":"index","follow":"follow","max-snippet":"max-snippet:-1","max-image-preview":"max-image-preview:large","max-video-preview":"max-video-preview:-1"},"canonical":"https:\/\/voxsahel.com\/?p=1529","og_locale":"fr_FR","og_type":"article","og_title":"Burkina Faso : 157 nouveaux douaniers pr\u00eatent serment pour servir avec int\u00e9grit\u00e9 et loyaut\u00e9 - Vox Sahel","og_description":"\ud835\udc02\ud835\udc1e \ud835\udc26\ud835\udc1e\ud835\udc2b\ud835\udc1c\ud835\udc2b\ud835\udc1e\ud835\udc1d\ud835\udc22 \ud835\udfce\ud835\udfd3 \ud835\udc26\ud835\udc1a\ud835\udc2b\ud835\udc2c \ud835\udfd0\ud835\udfce\ud835\udfd0\ud835\udfd3, s\u2019est tenue dans la salle d\u2019audience ATYRON du Tribunal de","og_url":"https:\/\/voxsahel.com\/?p=1529","og_site_name":"Vox Sahel","article_publisher":"https:\/\/www.facebook.com\/journal.voxsahel","article_published_time":"2025-03-06T08:48:10+00:00","og_image":[{"width":1280,"height":852,"url":"https:\/\/voxsahel.com\/wp-content\/uploads\/2025\/03\/IMG_2168.jpeg","type":"image\/jpeg"}],"author":"Vox Sahel","twitter_card":"summary_large_image","twitter_misc":{"\u00c9crit par":"Vox Sahel","Dur\u00e9e de lecture estim\u00e9e":"3 minutes"},"schema":{"@context":"https:\/\/schema.org","@graph":[{"@type":"Article","@id":"https:\/\/voxsahel.com\/?p=1529#article","isPartOf":{"@id":"https:\/\/voxsahel.com\/?p=1529"},"author":{"name":"Vox Sahel","@id":"https:\/\/voxsahel.com\/#\/schema\/person\/b4043608248f8fa227cd760e7ff1e19e"},"headline":"Burkina Faso : 157 nouveaux douaniers pr\u00eatent serment pour servir avec int\u00e9grit\u00e9 et loyaut\u00e9","datePublished":"2025-03-06T08:48:10+00:00","mainEntityOfPage":{"@id":"https:\/\/voxsahel.com\/?p=1529"},"wordCount":422,"commentCount":0,"publisher":{"@id":"https:\/\/voxsahel.com\/#organization"},"image":{"@id":"https:\/\/voxsahel.com\/?p=1529#primaryimage"},"thumbnailUrl":"https:\/\/voxsahel.com\/wp-content\/uploads\/2025\/03\/IMG_2168.jpeg","keywords":["Burkina Faso","Douane","Douanes du Burkina Faso","Justice","Observatoire pour la c\u00e9l\u00e9rit\u00e9 des op\u00e9rations douani\u00e8res au Burkina Faso","Organisation mondiale des Douanes"],"articleSection":["SOCIETE"],"inLanguage":"fr-FR","potentialAction":[{"@type":"CommentAction","name":"Comment","target":["https:\/\/voxsahel.com\/?p=1529#respond"]}]},{"@type":"WebPage","@id":"https:\/\/voxsahel.com\/?p=1529","url":"https:\/\/voxsahel.com\/?p=1529","name":"Burkina Faso : 157 nouveaux douaniers pr\u00eatent serment pour servir avec int\u00e9grit\u00e9 et loyaut\u00e9 - Vox Sahel","isPartOf":{"@id":"https:\/\/voxsahel.com\/#website"},"primaryImageOfPage":{"@id":"https:\/\/voxsahel.com\/?p=1529#primaryimage"},"image":{"@id":"https:\/\/voxsahel.com\/?p=1529#primaryimage"},"thumbnailUrl":"https:\/\/voxsahel.com\/wp-content\/uploads\/2025\/03\/IMG_2168.jpeg","datePublished":"2025-03-06T08:48:10+00:00","breadcrumb":{"@id":"https:\/\/voxsahel.com\/?p=1529#breadcrumb"},"inLanguage":"fr-FR","potentialAction":[{"@type":"ReadAction","target":["https:\/\/voxsahel.com\/?p=1529"]}]},{"@type":"ImageObject","inLanguage":"fr-FR","@id":"https:\/\/voxsahel.com\/?p=1529#primaryimage","url":"https:\/\/voxsahel.com\/wp-content\/uploads\/2025\/03\/IMG_2168.jpeg","contentUrl":"https:\/\/voxsahel.com\/wp-content\/uploads\/2025\/03\/IMG_2168.jpeg","width":1280,"height":852},{"@type":"BreadcrumbList","@id":"https:\/\/voxsahel.com\/?p=1529#breadcrumb","itemListElement":[{"@type":"ListItem","position":1,"name":"Home","item":"https:\/\/voxsahel.com\/"},{"@type":"ListItem","position":2,"name":"Burkina Faso : 157 nouveaux douaniers pr\u00eatent serment pour servir avec int\u00e9grit\u00e9 et loyaut\u00e9"}]},{"@type":"WebSite","@id":"https:\/\/voxsahel.com\/#website","url":"https:\/\/voxsahel.com\/","name":"Vox Sahel","description":"Informez-vous sur le Sahel en un clic","publisher":{"@id":"https:\/\/voxsahel.com\/#organization"},"potentialAction":[{"@type":"SearchAction","target":{"@type":"EntryPoint","urlTemplate":"https:\/\/voxsahel.com\/?s={search_term_string}"},"query-input":{"@type":"PropertyValueSpecification","valueRequired":true,"valueName":"search_term_string"}}],"inLanguage":"fr-FR"},{"@type":"Organization","@id":"https:\/\/voxsahel.com\/#organization","name":"Vox Sahel","url":"https:\/\/voxsahel.com\/","logo":{"@type":"ImageObject","inLanguage":"fr-FR","@id":"https:\/\/voxsahel.com\/#\/schema\/logo\/image\/","url":"https:\/\/voxsahel.com\/wp-content\/uploads\/2024\/09\/Logo-Vox-Sahel.jpg","contentUrl":"https:\/\/voxsahel.com\/wp-content\/uploads\/2024\/09\/Logo-Vox-Sahel.jpg","width":1181,"height":848,"caption":"Vox Sahel"},"image":{"@id":"https:\/\/voxsahel.com\/#\/schema\/logo\/image\/"},"sameAs":["https:\/\/www.facebook.com\/journal.voxsahel"]},{"@type":"Person","@id":"https:\/\/voxsahel.com\/#\/schema\/person\/b4043608248f8fa227cd760e7ff1e19e","name":"Vox Sahel","image":{"@type":"ImageObject","inLanguage":"fr-FR","@id":"https:\/\/secure.gravatar.com\/avatar\/f70e7fa0cb9b29d4a7c5788d6eb2e9ab4d3135cbae1c9161810fdf77a8964699?s=96&d=mm&r=g","url":"https:\/\/secure.gravatar.com\/avatar\/f70e7fa0cb9b29d4a7c5788d6eb2e9ab4d3135cbae1c9161810fdf77a8964699?s=96&d=mm&r=g","contentUrl":"https:\/\/secure.gravatar.com\/avatar\/f70e7fa0cb9b29d4a7c5788d6eb2e9ab4d3135cbae1c9161810fdf77a8964699?s=96&d=mm&r=g","caption":"Vox Sahel"},"sameAs":["http:\/\/www.voxsahel.com"],"url":"https:\/\/voxsahel.com\/?author=2"}]}},"_links":{"self":[{"href":"https:\/\/voxsahel.com\/index.php?rest_route=\/wp\/v2\/posts\/1529","targetHints":{"allow":["GET"]}}],"collection":[{"href":"https:\/\/voxsahel.com\/index.php?rest_route=\/wp\/v2\/posts"}],"about":[{"href":"https:\/\/voxsahel.com\/index.php?rest_route=\/wp\/v2\/types\/post"}],"author":[{"embeddable":true,"href":"https:\/\/voxsahel.com\/index.php?rest_route=\/wp\/v2\/users\/2"}],"replies":[{"embeddable":true,"href":"https:\/\/voxsahel.com\/index.php?rest_route=%2Fwp%2Fv2%2Fcomments&post=1529"}],"version-history":[{"count":2,"href":"https:\/\/voxsahel.com\/index.php?rest_route=\/wp\/v2\/posts\/1529\/revisions"}],"predecessor-version":[{"id":2382,"href":"https:\/\/voxsahel.com\/index.php?rest_route=\/wp\/v2\/posts\/1529\/revisions\/2382"}],"wp:featuredmedia":[{"embeddable":true,"href":"https:\/\/voxsahel.com\/index.php?rest_route=\/wp\/v2\/media\/1530"}],"wp:attachment":[{"href":"https:\/\/voxsahel.com\/index.php?rest_route=%2Fwp%2Fv2%2Fmedia&parent=1529"}],"wp:term":[{"taxonomy":"category","embeddable":true,"href":"https:\/\/voxsahel.com\/index.php?rest_route=%2Fwp%2Fv2%2Fcategories&post=1529"},{"taxonomy":"post_tag","embeddable":true,"href":"https:\/\/voxsahel.com\/index.php?rest_route=%2Fwp%2Fv2%2Ftags&post=1529"}],"curies":[{"name":"wp","href":"https:\/\/api.w.org\/{rel}","templated":true}]}}