{"id":152,"date":"2024-09-12T19:52:05","date_gmt":"2024-09-12T19:52:05","guid":{"rendered":"https:\/\/voxsahel.com\/?p=152"},"modified":"2024-09-12T19:52:05","modified_gmt":"2024-09-12T19:52:05","slug":"burkina-faso-lancement-de-la-plateforme-esiao-pour-le-17e-siao-a-ouagadougou","status":"publish","type":"post","link":"https:\/\/voxsahel.com\/?p=152","title":{"rendered":"Burkina Faso  : Lancement de la plateforme eSIAO pour le 17e SIAO \u00e0 Ouagadougou"},"content":{"rendered":"<div class=\"xdj266r x11i5rnm xat24cr x1mh8g0r x1vvkbs x126k92a\">\n<div dir=\"auto\">Le Minist\u00e8re de l&rsquo;Industrie, du Commerce et de l&rsquo;Artisanat (<span class=\"html-span xdj266r x11i5rnm xat24cr x1mh8g0r xexx8yu x4uap5 x18d9i69 xkhd6sd x1hl2dhg x16tdsg8 x1vvkbs\"><a class=\"x1i10hfl xjbqb8w x1ejq31n xd10rxx x1sy0etr x17r0tee x972fbf xcfux6l x1qhh985 xm0m39n x9f619 x1ypdohk xt0psk2 xe8uvvx xdj266r x11i5rnm xat24cr x1mh8g0r xexx8yu x4uap5 x18d9i69 xkhd6sd x16tdsg8 x1hl2dhg xggy1nq x1a2a7pz x1sur9pj xkrqix3 x1fey0fg xo1l8bm\" tabindex=\"0\" role=\"link\" href=\"https:\/\/www.facebook.com\/mcia.burkina?__cft__[0]=AZU8KTnHA-PzVPkNRmipRPLPyraJ9L10ktF65NG3n5rm0hFYrOR5H4zGgvUq0s-u-hWn-8QeofTYR5WzUO5T8MYkaq9VhP9uvCgl8ZJb7zxTzC6joqJ3MDz520oFkcCOLcCJvCEZa-4BF2JakGFRCVmCb8CGTnGxovZxglNggboiYGJF0j63ZvV4qU1c0pDbVfuq_k57zpCSi5tUtH-0C3Di&amp;__tn__=-]K-R\"><span class=\"xt0psk2\">Minist\u00e8re du D\u00e9veloppement industriel,du Commerce,de l&rsquo;Artisanat et des PME<\/span><\/a><\/span>) a officiellement lanc\u00e9 la plateforme digitale eSIAO \u00e0 Ouagadougou, \u00e0 l&rsquo;approche de la 17e \u00e9dition du <span class=\"html-span xdj266r x11i5rnm xat24cr x1mh8g0r xexx8yu x4uap5 x18d9i69 xkhd6sd x1hl2dhg x16tdsg8 x1vvkbs\"><a class=\"x1i10hfl xjbqb8w x1ejq31n xd10rxx x1sy0etr x17r0tee x972fbf xcfux6l x1qhh985 xm0m39n x9f619 x1ypdohk xt0psk2 xe8uvvx xdj266r x11i5rnm xat24cr x1mh8g0r xexx8yu x4uap5 x18d9i69 xkhd6sd x16tdsg8 x1hl2dhg xggy1nq x1a2a7pz x1sur9pj xkrqix3 x1fey0fg xo1l8bm\" tabindex=\"0\" role=\"link\" href=\"https:\/\/www.facebook.com\/SIAOVitrineArtisanat?__cft__[0]=AZU8KTnHA-PzVPkNRmipRPLPyraJ9L10ktF65NG3n5rm0hFYrOR5H4zGgvUq0s-u-hWn-8QeofTYR5WzUO5T8MYkaq9VhP9uvCgl8ZJb7zxTzC6joqJ3MDz520oFkcCOLcCJvCEZa-4BF2JakGFRCVmCb8CGTnGxovZxglNggboiYGJF0j63ZvV4qU1c0pDbVfuq_k57zpCSi5tUtH-0C3Di&amp;__tn__=-]K-R\"><span class=\"xt0psk2\">Salon International de l&rsquo;Artisanat de Ouagadougou &#8211; SIAO<\/span><\/a><\/span> , pr\u00e9vue du 25 octobre au 3 novembre 2024.<\/div>\n<div dir=\"auto\"><\/div>\n<\/div>\n<div class=\"x11i5rnm xat24cr x1mh8g0r x1vvkbs xtlvy1s x126k92a\">\n<div dir=\"auto\">Cette plateforme, pr\u00e9sent\u00e9e par le Secr\u00e9taire G\u00e9n\u00e9ral du minist\u00e8re, Oumarou BARRO, vise \u00e0 simplifier l\u2019acc\u00e8s des artisans, exposants et participants internationaux \u00e0 la r\u00e9servation, la location et le paiement en ligne des stands. Elle garantit \u00e9galement une s\u00e9curit\u00e9 accrue des paiements et une am\u00e9lioration des services, comparativement \u00e0 la version pr\u00e9c\u00e9dente qui montrait certaines limites.<\/div>\n<div dir=\"auto\"><\/div>\n<\/div>\n<div class=\"x11i5rnm xat24cr x1mh8g0r x1vvkbs xtlvy1s x126k92a\">\n<div dir=\"auto\">Le SIAO, lanc\u00e9 en 1984 en tant qu&rsquo;exposition-vente artisanale, a pris forme institutionnelle en 1990. C\u00e9l\u00e9br\u00e9 tous les deux ans, il attire la participation de nombreux pays africains, et se pr\u00e9sente comme une plateforme cl\u00e9 pour promouvoir l\u2019artisanat africain \u00e0 l&rsquo;\u00e9chelle internationale.<\/div>\n<div dir=\"auto\"><\/div>\n<\/div>\n<div class=\"x11i5rnm xat24cr x1mh8g0r x1vvkbs xtlvy1s x126k92a\">\n<div dir=\"auto\">La 17e \u00e9dition se tiendra sous le th\u00e8me \u00ab Artisanat africain, entrepreneuriat des jeunes et autonomisation \u00bb, un sujet pertinent pour encourager l&rsquo;insertion des jeunes dans le secteur de l&rsquo;artisanat. Le comit\u00e9 d\u2019organisation a \u00e9t\u00e9 install\u00e9 ce jeudi \u00e0 Ouagadougou pour superviser les pr\u00e9paratifs de cet \u00e9v\u00e9nement majeur.<\/div>\n<div dir=\"auto\"><\/div>\n<\/div>\n<div class=\"x11i5rnm xat24cr x1mh8g0r x1vvkbs xtlvy1s x126k92a\">\n<div dir=\"auto\">Le SIAO continue de renforcer son impact en offrant divers services, notamment la location de pavillons et du mat\u00e9riel d\u2019exposition, tout en jouant un r\u00f4le important dans le d\u00e9veloppement de l&rsquo;artisanat africain \u00e0 travers des audits, des conseils et des formations sp\u00e9cialis\u00e9es.<\/div>\n<div dir=\"auto\" style=\"text-align: right;\"><strong>Par Abdoul Aziz Porgo<\/strong><\/div>\n<\/div>\n","protected":false},"excerpt":{"rendered":"<p>Le Minist\u00e8re de l&rsquo;Industrie, du Commerce et de l&rsquo;Artisanat (Minist\u00e8re du D\u00e9veloppement industriel,du Commerce,de l&rsquo;Artisanat<\/p>\n","protected":false},"author":2,"featured_media":153,"comment_status":"open","ping_status":"open","sticky":false,"template":"","format":"standard","meta":{"_et_pb_use_builder":"","_et_pb_old_content":"","_et_gb_content_width":"","footnotes":""},"categories":[13],"tags":[68,18,65,66,67],"class_list":["post-152","post","type-post","status-publish","format-standard","has-post-thumbnail","hentry","category-culture","tag-artisanat","tag-burkina-faso","tag-culture","tag-salon-international-de-lartisanat-de-ouagadougou","tag-siao"],"yoast_head":"<!-- This site is optimized with the Yoast SEO plugin v27.5 - https:\/\/yoast.com\/product\/yoast-seo-wordpress\/ -->\n<title>Burkina Faso : Lancement de la plateforme eSIAO pour le 17e SIAO \u00e0 Ouagadougou - Vox Sahel<\/title>\n<meta name=\"robots\" content=\"index, follow, max-snippet:-1, max-image-preview:large, max-video-preview:-1\" \/>\n<link rel=\"canonical\" href=\"https:\/\/voxsahel.com\/?p=152\" \/>\n<meta property=\"og:locale\" content=\"fr_FR\" \/>\n<meta property=\"og:type\" content=\"article\" \/>\n<meta property=\"og:title\" content=\"Burkina Faso : Lancement de la plateforme eSIAO pour le 17e SIAO \u00e0 Ouagadougou - Vox Sahel\" \/>\n<meta property=\"og:description\" content=\"Le Minist\u00e8re de l&rsquo;Industrie, du Commerce et de l&rsquo;Artisanat (Minist\u00e8re du D\u00e9veloppement industriel,du Commerce,de l&rsquo;Artisanat\" \/>\n<meta property=\"og:url\" content=\"https:\/\/voxsahel.com\/?p=152\" \/>\n<meta property=\"og:site_name\" content=\"Vox Sahel\" \/>\n<meta property=\"article:publisher\" content=\"https:\/\/www.facebook.com\/journal.voxsahel\" \/>\n<meta property=\"article:published_time\" content=\"2024-09-12T19:52:05+00:00\" \/>\n<meta property=\"og:image\" content=\"https:\/\/voxsahel.com\/wp-content\/uploads\/2024\/09\/458301128_835585708695162_1887316253794371423_n.jpg\" \/>\n\t<meta property=\"og:image:width\" content=\"1600\" \/>\n\t<meta property=\"og:image:height\" content=\"1066\" \/>\n\t<meta property=\"og:image:type\" content=\"image\/jpeg\" \/>\n<meta name=\"author\" content=\"Vox Sahel\" \/>\n<meta name=\"twitter:card\" content=\"summary_large_image\" \/>\n<meta name=\"twitter:label1\" content=\"\u00c9crit par\" \/>\n\t<meta name=\"twitter:data1\" content=\"Vox Sahel\" \/>\n\t<meta name=\"twitter:label2\" content=\"Dur\u00e9e de lecture estim\u00e9e\" \/>\n\t<meta name=\"twitter:data2\" content=\"2 minutes\" \/>\n<script type=\"application\/ld+json\" class=\"yoast-schema-graph\">{\"@context\":\"https:\\\/\\\/schema.org\",\"@graph\":[{\"@type\":\"Article\",\"@id\":\"https:\\\/\\\/voxsahel.com\\\/?p=152#article\",\"isPartOf\":{\"@id\":\"https:\\\/\\\/voxsahel.com\\\/?p=152\"},\"author\":{\"name\":\"Vox Sahel\",\"@id\":\"https:\\\/\\\/voxsahel.com\\\/#\\\/schema\\\/person\\\/b4043608248f8fa227cd760e7ff1e19e\"},\"headline\":\"Burkina Faso : Lancement de la plateforme eSIAO pour le 17e SIAO \u00e0 Ouagadougou\",\"datePublished\":\"2024-09-12T19:52:05+00:00\",\"mainEntityOfPage\":{\"@id\":\"https:\\\/\\\/voxsahel.com\\\/?p=152\"},\"wordCount\":281,\"commentCount\":0,\"publisher\":{\"@id\":\"https:\\\/\\\/voxsahel.com\\\/#organization\"},\"image\":{\"@id\":\"https:\\\/\\\/voxsahel.com\\\/?p=152#primaryimage\"},\"thumbnailUrl\":\"https:\\\/\\\/voxsahel.com\\\/wp-content\\\/uploads\\\/2024\\\/09\\\/458301128_835585708695162_1887316253794371423_n.jpg\",\"keywords\":[\"Artisanat\",\"Burkina Faso\",\"Culture\",\"Salon International de l'Artisanat de Ouagadougou\",\"SIAO\"],\"articleSection\":[\"CULTURE\"],\"inLanguage\":\"fr-FR\",\"potentialAction\":[{\"@type\":\"CommentAction\",\"name\":\"Comment\",\"target\":[\"https:\\\/\\\/voxsahel.com\\\/?p=152#respond\"]}]},{\"@type\":\"WebPage\",\"@id\":\"https:\\\/\\\/voxsahel.com\\\/?p=152\",\"url\":\"https:\\\/\\\/voxsahel.com\\\/?p=152\",\"name\":\"Burkina Faso : Lancement de la plateforme eSIAO pour le 17e SIAO \u00e0 Ouagadougou - Vox Sahel\",\"isPartOf\":{\"@id\":\"https:\\\/\\\/voxsahel.com\\\/#website\"},\"primaryImageOfPage\":{\"@id\":\"https:\\\/\\\/voxsahel.com\\\/?p=152#primaryimage\"},\"image\":{\"@id\":\"https:\\\/\\\/voxsahel.com\\\/?p=152#primaryimage\"},\"thumbnailUrl\":\"https:\\\/\\\/voxsahel.com\\\/wp-content\\\/uploads\\\/2024\\\/09\\\/458301128_835585708695162_1887316253794371423_n.jpg\",\"datePublished\":\"2024-09-12T19:52:05+00:00\",\"breadcrumb\":{\"@id\":\"https:\\\/\\\/voxsahel.com\\\/?p=152#breadcrumb\"},\"inLanguage\":\"fr-FR\",\"potentialAction\":[{\"@type\":\"ReadAction\",\"target\":[\"https:\\\/\\\/voxsahel.com\\\/?p=152\"]}]},{\"@type\":\"ImageObject\",\"inLanguage\":\"fr-FR\",\"@id\":\"https:\\\/\\\/voxsahel.com\\\/?p=152#primaryimage\",\"url\":\"https:\\\/\\\/voxsahel.com\\\/wp-content\\\/uploads\\\/2024\\\/09\\\/458301128_835585708695162_1887316253794371423_n.jpg\",\"contentUrl\":\"https:\\\/\\\/voxsahel.com\\\/wp-content\\\/uploads\\\/2024\\\/09\\\/458301128_835585708695162_1887316253794371423_n.jpg\",\"width\":1600,\"height\":1066},{\"@type\":\"BreadcrumbList\",\"@id\":\"https:\\\/\\\/voxsahel.com\\\/?p=152#breadcrumb\",\"itemListElement\":[{\"@type\":\"ListItem\",\"position\":1,\"name\":\"Home\",\"item\":\"https:\\\/\\\/voxsahel.com\\\/\"},{\"@type\":\"ListItem\",\"position\":2,\"name\":\"Burkina Faso : Lancement de la plateforme eSIAO pour le 17e SIAO \u00e0 Ouagadougou\"}]},{\"@type\":\"WebSite\",\"@id\":\"https:\\\/\\\/voxsahel.com\\\/#website\",\"url\":\"https:\\\/\\\/voxsahel.com\\\/\",\"name\":\"Vox Sahel\",\"description\":\"Informez-vous sur le Sahel en un clic\",\"publisher\":{\"@id\":\"https:\\\/\\\/voxsahel.com\\\/#organization\"},\"potentialAction\":[{\"@type\":\"SearchAction\",\"target\":{\"@type\":\"EntryPoint\",\"urlTemplate\":\"https:\\\/\\\/voxsahel.com\\\/?s={search_term_string}\"},\"query-input\":{\"@type\":\"PropertyValueSpecification\",\"valueRequired\":true,\"valueName\":\"search_term_string\"}}],\"inLanguage\":\"fr-FR\"},{\"@type\":\"Organization\",\"@id\":\"https:\\\/\\\/voxsahel.com\\\/#organization\",\"name\":\"Vox Sahel\",\"url\":\"https:\\\/\\\/voxsahel.com\\\/\",\"logo\":{\"@type\":\"ImageObject\",\"inLanguage\":\"fr-FR\",\"@id\":\"https:\\\/\\\/voxsahel.com\\\/#\\\/schema\\\/logo\\\/image\\\/\",\"url\":\"https:\\\/\\\/voxsahel.com\\\/wp-content\\\/uploads\\\/2024\\\/09\\\/Logo-Vox-Sahel.jpg\",\"contentUrl\":\"https:\\\/\\\/voxsahel.com\\\/wp-content\\\/uploads\\\/2024\\\/09\\\/Logo-Vox-Sahel.jpg\",\"width\":1181,\"height\":848,\"caption\":\"Vox Sahel\"},\"image\":{\"@id\":\"https:\\\/\\\/voxsahel.com\\\/#\\\/schema\\\/logo\\\/image\\\/\"},\"sameAs\":[\"https:\\\/\\\/www.facebook.com\\\/journal.voxsahel\"]},{\"@type\":\"Person\",\"@id\":\"https:\\\/\\\/voxsahel.com\\\/#\\\/schema\\\/person\\\/b4043608248f8fa227cd760e7ff1e19e\",\"name\":\"Vox Sahel\",\"image\":{\"@type\":\"ImageObject\",\"inLanguage\":\"fr-FR\",\"@id\":\"https:\\\/\\\/secure.gravatar.com\\\/avatar\\\/f70e7fa0cb9b29d4a7c5788d6eb2e9ab4d3135cbae1c9161810fdf77a8964699?s=96&d=mm&r=g\",\"url\":\"https:\\\/\\\/secure.gravatar.com\\\/avatar\\\/f70e7fa0cb9b29d4a7c5788d6eb2e9ab4d3135cbae1c9161810fdf77a8964699?s=96&d=mm&r=g\",\"contentUrl\":\"https:\\\/\\\/secure.gravatar.com\\\/avatar\\\/f70e7fa0cb9b29d4a7c5788d6eb2e9ab4d3135cbae1c9161810fdf77a8964699?s=96&d=mm&r=g\",\"caption\":\"Vox Sahel\"},\"sameAs\":[\"http:\\\/\\\/www.voxsahel.com\"],\"url\":\"https:\\\/\\\/voxsahel.com\\\/?author=2\"}]}<\/script>\n<!-- \/ Yoast SEO plugin. -->","yoast_head_json":{"title":"Burkina Faso : Lancement de la plateforme eSIAO pour le 17e SIAO \u00e0 Ouagadougou - Vox Sahel","robots":{"index":"index","follow":"follow","max-snippet":"max-snippet:-1","max-image-preview":"max-image-preview:large","max-video-preview":"max-video-preview:-1"},"canonical":"https:\/\/voxsahel.com\/?p=152","og_locale":"fr_FR","og_type":"article","og_title":"Burkina Faso : Lancement de la plateforme eSIAO pour le 17e SIAO \u00e0 Ouagadougou - Vox Sahel","og_description":"Le Minist\u00e8re de l&rsquo;Industrie, du Commerce et de l&rsquo;Artisanat (Minist\u00e8re du D\u00e9veloppement industriel,du Commerce,de l&rsquo;Artisanat","og_url":"https:\/\/voxsahel.com\/?p=152","og_site_name":"Vox Sahel","article_publisher":"https:\/\/www.facebook.com\/journal.voxsahel","article_published_time":"2024-09-12T19:52:05+00:00","og_image":[{"width":1600,"height":1066,"url":"https:\/\/voxsahel.com\/wp-content\/uploads\/2024\/09\/458301128_835585708695162_1887316253794371423_n.jpg","type":"image\/jpeg"}],"author":"Vox Sahel","twitter_card":"summary_large_image","twitter_misc":{"\u00c9crit par":"Vox Sahel","Dur\u00e9e de lecture estim\u00e9e":"2 minutes"},"schema":{"@context":"https:\/\/schema.org","@graph":[{"@type":"Article","@id":"https:\/\/voxsahel.com\/?p=152#article","isPartOf":{"@id":"https:\/\/voxsahel.com\/?p=152"},"author":{"name":"Vox Sahel","@id":"https:\/\/voxsahel.com\/#\/schema\/person\/b4043608248f8fa227cd760e7ff1e19e"},"headline":"Burkina Faso : Lancement de la plateforme eSIAO pour le 17e SIAO \u00e0 Ouagadougou","datePublished":"2024-09-12T19:52:05+00:00","mainEntityOfPage":{"@id":"https:\/\/voxsahel.com\/?p=152"},"wordCount":281,"commentCount":0,"publisher":{"@id":"https:\/\/voxsahel.com\/#organization"},"image":{"@id":"https:\/\/voxsahel.com\/?p=152#primaryimage"},"thumbnailUrl":"https:\/\/voxsahel.com\/wp-content\/uploads\/2024\/09\/458301128_835585708695162_1887316253794371423_n.jpg","keywords":["Artisanat","Burkina Faso","Culture","Salon International de l'Artisanat de Ouagadougou","SIAO"],"articleSection":["CULTURE"],"inLanguage":"fr-FR","potentialAction":[{"@type":"CommentAction","name":"Comment","target":["https:\/\/voxsahel.com\/?p=152#respond"]}]},{"@type":"WebPage","@id":"https:\/\/voxsahel.com\/?p=152","url":"https:\/\/voxsahel.com\/?p=152","name":"Burkina Faso : Lancement de la plateforme eSIAO pour le 17e SIAO \u00e0 Ouagadougou - Vox Sahel","isPartOf":{"@id":"https:\/\/voxsahel.com\/#website"},"primaryImageOfPage":{"@id":"https:\/\/voxsahel.com\/?p=152#primaryimage"},"image":{"@id":"https:\/\/voxsahel.com\/?p=152#primaryimage"},"thumbnailUrl":"https:\/\/voxsahel.com\/wp-content\/uploads\/2024\/09\/458301128_835585708695162_1887316253794371423_n.jpg","datePublished":"2024-09-12T19:52:05+00:00","breadcrumb":{"@id":"https:\/\/voxsahel.com\/?p=152#breadcrumb"},"inLanguage":"fr-FR","potentialAction":[{"@type":"ReadAction","target":["https:\/\/voxsahel.com\/?p=152"]}]},{"@type":"ImageObject","inLanguage":"fr-FR","@id":"https:\/\/voxsahel.com\/?p=152#primaryimage","url":"https:\/\/voxsahel.com\/wp-content\/uploads\/2024\/09\/458301128_835585708695162_1887316253794371423_n.jpg","contentUrl":"https:\/\/voxsahel.com\/wp-content\/uploads\/2024\/09\/458301128_835585708695162_1887316253794371423_n.jpg","width":1600,"height":1066},{"@type":"BreadcrumbList","@id":"https:\/\/voxsahel.com\/?p=152#breadcrumb","itemListElement":[{"@type":"ListItem","position":1,"name":"Home","item":"https:\/\/voxsahel.com\/"},{"@type":"ListItem","position":2,"name":"Burkina Faso : Lancement de la plateforme eSIAO pour le 17e SIAO \u00e0 Ouagadougou"}]},{"@type":"WebSite","@id":"https:\/\/voxsahel.com\/#website","url":"https:\/\/voxsahel.com\/","name":"Vox Sahel","description":"Informez-vous sur le Sahel en un clic","publisher":{"@id":"https:\/\/voxsahel.com\/#organization"},"potentialAction":[{"@type":"SearchAction","target":{"@type":"EntryPoint","urlTemplate":"https:\/\/voxsahel.com\/?s={search_term_string}"},"query-input":{"@type":"PropertyValueSpecification","valueRequired":true,"valueName":"search_term_string"}}],"inLanguage":"fr-FR"},{"@type":"Organization","@id":"https:\/\/voxsahel.com\/#organization","name":"Vox Sahel","url":"https:\/\/voxsahel.com\/","logo":{"@type":"ImageObject","inLanguage":"fr-FR","@id":"https:\/\/voxsahel.com\/#\/schema\/logo\/image\/","url":"https:\/\/voxsahel.com\/wp-content\/uploads\/2024\/09\/Logo-Vox-Sahel.jpg","contentUrl":"https:\/\/voxsahel.com\/wp-content\/uploads\/2024\/09\/Logo-Vox-Sahel.jpg","width":1181,"height":848,"caption":"Vox Sahel"},"image":{"@id":"https:\/\/voxsahel.com\/#\/schema\/logo\/image\/"},"sameAs":["https:\/\/www.facebook.com\/journal.voxsahel"]},{"@type":"Person","@id":"https:\/\/voxsahel.com\/#\/schema\/person\/b4043608248f8fa227cd760e7ff1e19e","name":"Vox Sahel","image":{"@type":"ImageObject","inLanguage":"fr-FR","@id":"https:\/\/secure.gravatar.com\/avatar\/f70e7fa0cb9b29d4a7c5788d6eb2e9ab4d3135cbae1c9161810fdf77a8964699?s=96&d=mm&r=g","url":"https:\/\/secure.gravatar.com\/avatar\/f70e7fa0cb9b29d4a7c5788d6eb2e9ab4d3135cbae1c9161810fdf77a8964699?s=96&d=mm&r=g","contentUrl":"https:\/\/secure.gravatar.com\/avatar\/f70e7fa0cb9b29d4a7c5788d6eb2e9ab4d3135cbae1c9161810fdf77a8964699?s=96&d=mm&r=g","caption":"Vox Sahel"},"sameAs":["http:\/\/www.voxsahel.com"],"url":"https:\/\/voxsahel.com\/?author=2"}]}},"_links":{"self":[{"href":"https:\/\/voxsahel.com\/index.php?rest_route=\/wp\/v2\/posts\/152","targetHints":{"allow":["GET"]}}],"collection":[{"href":"https:\/\/voxsahel.com\/index.php?rest_route=\/wp\/v2\/posts"}],"about":[{"href":"https:\/\/voxsahel.com\/index.php?rest_route=\/wp\/v2\/types\/post"}],"author":[{"embeddable":true,"href":"https:\/\/voxsahel.com\/index.php?rest_route=\/wp\/v2\/users\/2"}],"replies":[{"embeddable":true,"href":"https:\/\/voxsahel.com\/index.php?rest_route=%2Fwp%2Fv2%2Fcomments&post=152"}],"version-history":[{"count":1,"href":"https:\/\/voxsahel.com\/index.php?rest_route=\/wp\/v2\/posts\/152\/revisions"}],"predecessor-version":[{"id":154,"href":"https:\/\/voxsahel.com\/index.php?rest_route=\/wp\/v2\/posts\/152\/revisions\/154"}],"wp:featuredmedia":[{"embeddable":true,"href":"https:\/\/voxsahel.com\/index.php?rest_route=\/wp\/v2\/media\/153"}],"wp:attachment":[{"href":"https:\/\/voxsahel.com\/index.php?rest_route=%2Fwp%2Fv2%2Fmedia&parent=152"}],"wp:term":[{"taxonomy":"category","embeddable":true,"href":"https:\/\/voxsahel.com\/index.php?rest_route=%2Fwp%2Fv2%2Fcategories&post=152"},{"taxonomy":"post_tag","embeddable":true,"href":"https:\/\/voxsahel.com\/index.php?rest_route=%2Fwp%2Fv2%2Ftags&post=152"}],"curies":[{"name":"wp","href":"https:\/\/api.w.org\/{rel}","templated":true}]}}